{"id":85,"date":"2021-03-08T15:31:12","date_gmt":"2021-03-08T18:31:12","guid":{"rendered":"http:\/\/maringapost.com.br\/talentoempauta\/?p=85"},"modified":"2021-03-08T15:38:12","modified_gmt":"2021-03-08T18:38:12","slug":"planejar-e-preciso","status":"publish","type":"post","link":"https:\/\/maringapost.com.br\/talentoempauta\/2021\/03\/08\/planejar-e-preciso\/","title":{"rendered":"Planejar \u00e9 preciso"},"content":{"rendered":"<p>H\u00e1 mais de cinco d\u00e9cadas frequento os ambientes corporativos. Gosto de conversar com os colaboradores de diferentes \u00e1reas, gestores, colegas de gest\u00e3o de pessoas em empresas de diferentes setores. Em minhas investidas dentro nas companhias, sempre bati na tecla de que fazer um bom planejamento estrat\u00e9gico, de projeto ou mesmo de a\u00e7\u00e3o, \u00e9 como fazer a funda\u00e7\u00e3o de um pr\u00e9dio na constru\u00e7\u00e3o civil &#8211; \u00e9 a base de sustenta\u00e7\u00e3o de tudo.<\/p>\n<p>Por\u00e9m, n\u00e3o pense que a vida \u00e9 f\u00e1cil. Nem sempre os l\u00edderes e os gestores do alto escal\u00e3o de uma corpora\u00e7\u00e3o aceitam esses argumentos. Parte ainda prefere insistir no \u201cvamos come\u00e7ar pelo \u2018final\u2019\u201d ou \u201cquando chegar o momento a gente v\u00ea no que d\u00e1 e adapta conforme a demanda\u201d.<\/p>\n<p>Pois bem, essa ideia n\u00e3o \u00e9 nenhum pouco esperta ou mesmo inteligente. Quando se tem um plano de a\u00e7\u00e3o bem modelado, voc\u00ea consegue abrir todo o projeto e visualiz\u00e1-lo no agora, em m\u00e9dio e longo prazos. \u00c9 poss\u00edvel simular cen\u00e1rios, prever recursos, treinar pessoas, deslocar equipes. \u00c9 poss\u00edvel saborear as conquistas em etapas.<\/p>\n<p>Al\u00e9m do mais, um plano bem delineado \u00e9 pass\u00edvel de adapta\u00e7\u00e3o dentro de uma margem de erro. Recuos e\/ou inser\u00e7\u00f5es podem ser feitos, mas nunca mudando a estrutura original, a base de sustenta\u00e7\u00e3o, que precisa estar centrada no alvo de onde se deseja chegar.<\/p>\n<p>Usando um exemplo real, peguemos o evidente problema que o Brasil est\u00e1 enfrentando na escassez de vacinas nos dias de hoje. Ou\u00e7o muitas pessoas apontarem que, devido \u00e0 demanda mundial, o Brasil n\u00e3o consegue comprar doses, n\u00e3o podendo avan\u00e7ar na imuniza\u00e7\u00e3o, que agora parece ser a \u00fanica alternativa para barrar o v\u00edrus, salvar vidas e recuperar a economia.<\/p>\n<p>Mas n\u00e3o \u00e9 bem assim. A falta de planejamento por parte das autoridades municipais, estaduais e federais est\u00e1 cobrando um pre\u00e7o alto. Um plano de imuniza\u00e7\u00e3o precisava ter sido tra\u00e7ado l\u00e1 atr\u00e1s, quando surgiu o v\u00edrus, antevendo que, em algum momento, vacinas e\/ou rem\u00e9dios chegariam. Em vez disso, parte das autoridades desacreditou nos imunizantes, achando que, quando houvesse algo no mercado, as farmac\u00eauticas iriam correr atr\u00e1s do pa\u00eds. Engano.<\/p>\n<p>Com isso, quem come\u00e7ou a correr atr\u00e1s do preju\u00edzo foi o Brasil. Neste intervalo de tempo, as poucas doses que chegam precisam ser distribu\u00eddas, legitimamente, para grupos priorit\u00e1rios. A falta de planejamento, mais uma vez, causou estresse: dentro dos grupos priorit\u00e1rios era necess\u00e1rio ter as prioridades. E foi um festival de erros de aplica\u00e7\u00e3o em pessoas que n\u00e3o atuam na linha de frente, que n\u00e3o teriam necessidade naquele momento frente a um idoso de idade avan\u00e7ada, com comorbidades etc.<\/p>\n<p>A falta de um plano bem delineado ainda causou o desperd\u00edcio das poucas doses em algumas regi\u00f5es do pa\u00eds, por n\u00e3o planejar o treinamento de profissionais. Some-se a isso ainda a aus\u00eancia do plano para a realiza\u00e7\u00e3o de uma ampla campanha em apoio \u00e0 ades\u00e3o da vacina, o que acabou resultando em desconfian\u00e7a de parte da popula\u00e7\u00e3o.<\/p>\n<p>O estresse foi geral em prefeituras, governos e, claro, na popula\u00e7\u00e3o atingida em sua sa\u00fade e em sua vida financeira. Tudo isso poderia ter sido minimizado se um plano estrat\u00e9gico fosse efetivamente constru\u00eddo com dedica\u00e7\u00e3o e primazia.<\/p>\n<p>Trago este exemplo porque ele \u00e9 n\u00edtido no Brasil de hoje, mas serve de alerta para todas as empresas. Planejar n\u00e3o \u00e9 desperdi\u00e7ar tempo. Planos fazem parte de bons projetos, do \u00eaxito de uma a\u00e7\u00e3o, do alcance de metas e objetivos. Um plano tem que ser entendido como o come\u00e7o, o meio e o fim de um projeto de sucesso nas empresas. Pensemos nisso!<\/p>\n<p>&nbsp;<\/p>\n","protected":false},"excerpt":{"rendered":"<p>H\u00e1 mais de cinco d\u00e9cadas frequento os ambientes corporativos. Gosto de conversar com os colaboradores de diferentes \u00e1reas, gestores, colegas de gest\u00e3o de pessoas em empresas de diferentes setores. Em minhas investidas dentro nas companhias, sempre bati na tecla de que fazer um bom planejamento estrat\u00e9gico, de projeto ou mesmo de a\u00e7\u00e3o, \u00e9 como fazer [&hellip;]<\/p>\n","protected":false},"author":11824,"featured_media":86,"comment_status":"closed","ping_status":"open","sticky":false,"template":"","format":"standard","meta":{"_exactmetrics_skip_tracking":false,"_exactmetrics_sitenote_active":false,"_exactmetrics_sitenote_note":"","_exactmetrics_sitenote_category":0,"footnotes":""},"categories":[4],"tags":[],"yoast_head":"<!-- This site is optimized with the Yoast SEO Premium plugin v22.7 (Yoast SEO v22.7) - https:\/\/yoast.com\/wordpress\/plugins\/seo\/ -->\n<title>Planejar \u00e9 preciso - Talento em Pauta<\/title>\n<meta name=\"robots\" content=\"index, follow, max-snippet:-1, max-image-preview:large, max-video-preview:-1\" \/>\n<link rel=\"canonical\" href=\"https:\/\/maringapost.com.br\/talentoempauta\/2021\/03\/08\/planejar-e-preciso\/\" \/>\n<meta property=\"og:locale\" content=\"pt_BR\" \/>\n<meta property=\"og:type\" content=\"article\" \/>\n<meta property=\"og:title\" content=\"Planejar \u00e9 preciso\" \/>\n<meta property=\"og:description\" content=\"H\u00e1 mais de cinco d\u00e9cadas frequento os ambientes corporativos. Gosto de conversar com os colaboradores de diferentes \u00e1reas, gestores, colegas de gest\u00e3o de pessoas em empresas de diferentes setores. Em minhas investidas dentro nas companhias, sempre bati na tecla de que fazer um bom planejamento estrat\u00e9gico, de projeto ou mesmo de a\u00e7\u00e3o, \u00e9 como fazer [&hellip;]\" \/>\n<meta property=\"og:url\" content=\"https:\/\/maringapost.com.br\/talentoempauta\/2021\/03\/08\/planejar-e-preciso\/\" \/>\n<meta property=\"og:site_name\" content=\"Talento em Pauta\" \/>\n<meta property=\"article:published_time\" content=\"2021-03-08T18:31:12+00:00\" \/>\n<meta property=\"article:modified_time\" content=\"2021-03-08T18:38:12+00:00\" \/>\n<meta property=\"og:image\" content=\"https:\/\/maringapost.com.br\/talentoempauta\/wp-content\/uploads\/sites\/28\/2021\/03\/shutterstock_378640771menor.jpg\" \/>\n\t<meta property=\"og:image:width\" content=\"1000\" \/>\n\t<meta property=\"og:image:height\" content=\"667\" \/>\n\t<meta property=\"og:image:type\" content=\"image\/jpeg\" \/>\n<meta name=\"author\" content=\"Bernt Entschev\" \/>\n<meta name=\"twitter:card\" content=\"summary_large_image\" \/>\n<meta name=\"twitter:label1\" content=\"Escrito por\" \/>\n\t<meta name=\"twitter:data1\" content=\"\" \/>\n\t<meta name=\"twitter:label2\" content=\"Est. tempo de leitura\" \/>\n\t<meta name=\"twitter:data2\" content=\"3 minutos\" \/>\n<script type=\"application\/ld+json\" class=\"yoast-schema-graph\">{\"@context\":\"https:\/\/schema.org\",\"@graph\":[{\"@type\":\"WebPage\",\"@id\":\"https:\/\/maringapost.com.br\/talentoempauta\/2021\/03\/08\/planejar-e-preciso\/\",\"url\":\"https:\/\/maringapost.com.br\/talentoempauta\/2021\/03\/08\/planejar-e-preciso\/\",\"name\":\"Planejar \u00e9 preciso - Talento em Pauta\",\"isPartOf\":{\"@id\":\"https:\/\/maringapost.com.br\/talentoempauta\/#website\"},\"primaryImageOfPage\":{\"@id\":\"https:\/\/maringapost.com.br\/talentoempauta\/2021\/03\/08\/planejar-e-preciso\/#primaryimage\"},\"image\":{\"@id\":\"https:\/\/maringapost.com.br\/talentoempauta\/2021\/03\/08\/planejar-e-preciso\/#primaryimage\"},\"thumbnailUrl\":\"https:\/\/maringapost.com.br\/talentoempauta\/wp-content\/uploads\/sites\/28\/2021\/03\/shutterstock_378640771menor.jpg\",\"datePublished\":\"2021-03-08T18:31:12+00:00\",\"dateModified\":\"2021-03-08T18:38:12+00:00\",\"author\":{\"@id\":\"https:\/\/maringapost.com.br\/talentoempauta\/#\/schema\/person\/4737ee7b405a8f104945e7a6aa6e1bfa\"},\"breadcrumb\":{\"@id\":\"https:\/\/maringapost.com.br\/talentoempauta\/2021\/03\/08\/planejar-e-preciso\/#breadcrumb\"},\"inLanguage\":\"pt-BR\",\"potentialAction\":[{\"@type\":\"ReadAction\",\"target\":[\"https:\/\/maringapost.com.br\/talentoempauta\/2021\/03\/08\/planejar-e-preciso\/\"]}]},{\"@type\":\"ImageObject\",\"inLanguage\":\"pt-BR\",\"@id\":\"https:\/\/maringapost.com.br\/talentoempauta\/2021\/03\/08\/planejar-e-preciso\/#primaryimage\",\"url\":\"https:\/\/maringapost.com.br\/talentoempauta\/wp-content\/uploads\/sites\/28\/2021\/03\/shutterstock_378640771menor.jpg\",\"contentUrl\":\"https:\/\/maringapost.com.br\/talentoempauta\/wp-content\/uploads\/sites\/28\/2021\/03\/shutterstock_378640771menor.jpg\",\"width\":1000,\"height\":667},{\"@type\":\"BreadcrumbList\",\"@id\":\"https:\/\/maringapost.com.br\/talentoempauta\/2021\/03\/08\/planejar-e-preciso\/#breadcrumb\",\"itemListElement\":[{\"@type\":\"ListItem\",\"position\":1,\"name\":\"In\u00edcio\",\"item\":\"https:\/\/maringapost.com.br\/talentoempauta\/\"},{\"@type\":\"ListItem\",\"position\":2,\"name\":\"Planejar \u00e9 preciso\"}]},{\"@type\":\"WebSite\",\"@id\":\"https:\/\/maringapost.com.br\/talentoempauta\/#website\",\"url\":\"https:\/\/maringapost.com.br\/talentoempauta\/\",\"name\":\"Talento em Pauta\",\"description\":\"S\u00f3 mais um site Maring\u00e1 Post\",\"potentialAction\":[{\"@type\":\"SearchAction\",\"target\":{\"@type\":\"EntryPoint\",\"urlTemplate\":\"https:\/\/maringapost.com.br\/talentoempauta\/?s={search_term_string}\"},\"query-input\":\"required name=search_term_string\"}],\"inLanguage\":\"pt-BR\"},{\"@type\":\"Person\",\"@id\":\"https:\/\/maringapost.com.br\/talentoempauta\/#\/schema\/person\/4737ee7b405a8f104945e7a6aa6e1bfa\",\"name\":\"Bernt Entschev\",\"image\":{\"@type\":\"ImageObject\",\"inLanguage\":\"pt-BR\",\"@id\":\"https:\/\/maringapost.com.br\/talentoempauta\/#\/schema\/person\/image\/\",\"url\":\"https:\/\/secure.gravatar.com\/avatar\/40689bd3a268c4719a44636e641ab15b?s=96&d=mm&r=g\",\"contentUrl\":\"https:\/\/secure.gravatar.com\/avatar\/40689bd3a268c4719a44636e641ab15b?s=96&d=mm&r=g\",\"caption\":\"Bernt Entschev\"},\"url\":\"https:\/\/maringapost.com.br\/talentoempauta\/author\/bernt\/\"}]}<\/script>\n<!-- \/ Yoast SEO Premium plugin. -->","yoast_head_json":{"title":"Planejar \u00e9 preciso - Talento em Pauta","robots":{"index":"index","follow":"follow","max-snippet":"max-snippet:-1","max-image-preview":"max-image-preview:large","max-video-preview":"max-video-preview:-1"},"canonical":"https:\/\/maringapost.com.br\/talentoempauta\/2021\/03\/08\/planejar-e-preciso\/","og_locale":"pt_BR","og_type":"article","og_title":"Planejar \u00e9 preciso","og_description":"H\u00e1 mais de cinco d\u00e9cadas frequento os ambientes corporativos. Gosto de conversar com os colaboradores de diferentes \u00e1reas, gestores, colegas de gest\u00e3o de pessoas em empresas de diferentes setores. Em minhas investidas dentro nas companhias, sempre bati na tecla de que fazer um bom planejamento estrat\u00e9gico, de projeto ou mesmo de a\u00e7\u00e3o, \u00e9 como fazer [&hellip;]","og_url":"https:\/\/maringapost.com.br\/talentoempauta\/2021\/03\/08\/planejar-e-preciso\/","og_site_name":"Talento em Pauta","article_published_time":"2021-03-08T18:31:12+00:00","article_modified_time":"2021-03-08T18:38:12+00:00","og_image":[{"width":1000,"height":667,"url":"https:\/\/maringapost.com.br\/talentoempauta\/wp-content\/uploads\/sites\/28\/2021\/03\/shutterstock_378640771menor.jpg","type":"image\/jpeg"}],"author":"Bernt Entschev","twitter_card":"summary_large_image","twitter_misc":{"Escrito por":false,"Est. tempo de leitura":"3 minutos"},"schema":{"@context":"https:\/\/schema.org","@graph":[{"@type":"WebPage","@id":"https:\/\/maringapost.com.br\/talentoempauta\/2021\/03\/08\/planejar-e-preciso\/","url":"https:\/\/maringapost.com.br\/talentoempauta\/2021\/03\/08\/planejar-e-preciso\/","name":"Planejar \u00e9 preciso - Talento em Pauta","isPartOf":{"@id":"https:\/\/maringapost.com.br\/talentoempauta\/#website"},"primaryImageOfPage":{"@id":"https:\/\/maringapost.com.br\/talentoempauta\/2021\/03\/08\/planejar-e-preciso\/#primaryimage"},"image":{"@id":"https:\/\/maringapost.com.br\/talentoempauta\/2021\/03\/08\/planejar-e-preciso\/#primaryimage"},"thumbnailUrl":"https:\/\/maringapost.com.br\/talentoempauta\/wp-content\/uploads\/sites\/28\/2021\/03\/shutterstock_378640771menor.jpg","datePublished":"2021-03-08T18:31:12+00:00","dateModified":"2021-03-08T18:38:12+00:00","author":{"@id":"https:\/\/maringapost.com.br\/talentoempauta\/#\/schema\/person\/4737ee7b405a8f104945e7a6aa6e1bfa"},"breadcrumb":{"@id":"https:\/\/maringapost.com.br\/talentoempauta\/2021\/03\/08\/planejar-e-preciso\/#breadcrumb"},"inLanguage":"pt-BR","potentialAction":[{"@type":"ReadAction","target":["https:\/\/maringapost.com.br\/talentoempauta\/2021\/03\/08\/planejar-e-preciso\/"]}]},{"@type":"ImageObject","inLanguage":"pt-BR","@id":"https:\/\/maringapost.com.br\/talentoempauta\/2021\/03\/08\/planejar-e-preciso\/#primaryimage","url":"https:\/\/maringapost.com.br\/talentoempauta\/wp-content\/uploads\/sites\/28\/2021\/03\/shutterstock_378640771menor.jpg","contentUrl":"https:\/\/maringapost.com.br\/talentoempauta\/wp-content\/uploads\/sites\/28\/2021\/03\/shutterstock_378640771menor.jpg","width":1000,"height":667},{"@type":"BreadcrumbList","@id":"https:\/\/maringapost.com.br\/talentoempauta\/2021\/03\/08\/planejar-e-preciso\/#breadcrumb","itemListElement":[{"@type":"ListItem","position":1,"name":"In\u00edcio","item":"https:\/\/maringapost.com.br\/talentoempauta\/"},{"@type":"ListItem","position":2,"name":"Planejar \u00e9 preciso"}]},{"@type":"WebSite","@id":"https:\/\/maringapost.com.br\/talentoempauta\/#website","url":"https:\/\/maringapost.com.br\/talentoempauta\/","name":"Talento em Pauta","description":"S\u00f3 mais um site Maring\u00e1 Post","potentialAction":[{"@type":"SearchAction","target":{"@type":"EntryPoint","urlTemplate":"https:\/\/maringapost.com.br\/talentoempauta\/?s={search_term_string}"},"query-input":"required name=search_term_string"}],"inLanguage":"pt-BR"},{"@type":"Person","@id":"https:\/\/maringapost.com.br\/talentoempauta\/#\/schema\/person\/4737ee7b405a8f104945e7a6aa6e1bfa","name":"Bernt Entschev","image":{"@type":"ImageObject","inLanguage":"pt-BR","@id":"https:\/\/maringapost.com.br\/talentoempauta\/#\/schema\/person\/image\/","url":"https:\/\/secure.gravatar.com\/avatar\/40689bd3a268c4719a44636e641ab15b?s=96&d=mm&r=g","contentUrl":"https:\/\/secure.gravatar.com\/avatar\/40689bd3a268c4719a44636e641ab15b?s=96&d=mm&r=g","caption":"Bernt Entschev"},"url":"https:\/\/maringapost.com.br\/talentoempauta\/author\/bernt\/"}]}},"_links":{"self":[{"href":"https:\/\/maringapost.com.br\/talentoempauta\/wp-json\/wp\/v2\/posts\/85"}],"collection":[{"href":"https:\/\/maringapost.com.br\/talentoempauta\/wp-json\/wp\/v2\/posts"}],"about":[{"href":"https:\/\/maringapost.com.br\/talentoempauta\/wp-json\/wp\/v2\/types\/post"}],"author":[{"embeddable":true,"href":"https:\/\/maringapost.com.br\/talentoempauta\/wp-json\/wp\/v2\/users\/11824"}],"replies":[{"embeddable":true,"href":"https:\/\/maringapost.com.br\/talentoempauta\/wp-json\/wp\/v2\/comments?post=85"}],"version-history":[{"count":2,"href":"https:\/\/maringapost.com.br\/talentoempauta\/wp-json\/wp\/v2\/posts\/85\/revisions"}],"predecessor-version":[{"id":89,"href":"https:\/\/maringapost.com.br\/talentoempauta\/wp-json\/wp\/v2\/posts\/85\/revisions\/89"}],"wp:featuredmedia":[{"embeddable":true,"href":"https:\/\/maringapost.com.br\/talentoempauta\/wp-json\/wp\/v2\/media\/86"}],"wp:attachment":[{"href":"https:\/\/maringapost.com.br\/talentoempauta\/wp-json\/wp\/v2\/media?parent=85"}],"wp:term":[{"taxonomy":"category","embeddable":true,"href":"https:\/\/maringapost.com.br\/talentoempauta\/wp-json\/wp\/v2\/categories?post=85"},{"taxonomy":"post_tag","embeddable":true,"href":"https:\/\/maringapost.com.br\/talentoempauta\/wp-json\/wp\/v2\/tags?post=85"}],"curies":[{"name":"wp","href":"https:\/\/api.w.org\/{rel}","templated":true}]}}