{"id":77,"date":"2021-02-22T09:48:42","date_gmt":"2021-02-22T12:48:42","guid":{"rendered":"http:\/\/maringapost.com.br\/talentoempauta\/?p=77"},"modified":"2021-02-22T09:48:42","modified_gmt":"2021-02-22T12:48:42","slug":"ha-um-ano-o-home-office-entrava-para-valer-no-mundo-corporativo","status":"publish","type":"post","link":"https:\/\/maringapost.com.br\/talentoempauta\/2021\/02\/22\/ha-um-ano-o-home-office-entrava-para-valer-no-mundo-corporativo\/","title":{"rendered":"H\u00e1 um ano o home office entrava para valer no mundo corporativo"},"content":{"rendered":"<p>\u00c9 hora de voltar a este assunto: home office. Estamos nos aproximando do primeiro ano de pandemia do coronav\u00edrus. Neste per\u00edodo o mercado de trabalho passou por transforma\u00e7\u00f5es expressivas e a for\u00e7a do trabalho a dist\u00e2ncia ganhou campo. Em meados de 2020, sinalizou-se para uma retomada de atividades presenciais dentro das organiza\u00e7\u00f5es, contudo o \u2018novo normal\u2019 exige in\u00fameros protocolos a serem seguidos.<\/p>\n<p>Com este cen\u00e1rio muitas empresas ainda mant\u00eam atividades \u2013 aquelas que s\u00e3o pass\u00edveis \u2013 de forma remota. E se voc\u00ea der uma busca na web ver\u00e1 a quantidade de organiza\u00e7\u00f5es que adotaram o modelo permanentemente ou que pretendem permanecer desta forma ao longo deste ano.<\/p>\n<p>Recente levantamento realizado pelo InfoJobs, empresa de tecnologia para recrutamentos, aponta que\u00a0a quantidade de vagas em home office cresceu em torno de 85% nas primeiras semanas de 2021, quando comparado ao mesmo per\u00edodo do ano passado. Ou seja, a tend\u00eancia vem se materializando e voc\u00ea precisa estar preparado para, eventualmente, vir a ocupar uma vaga neste modelo ou at\u00e9 permanecer desta forma na companhia a qual atua.<\/p>\n<p>Se essa \u00e9 a tendencia quero atualizar e relembrar algumas dicas de como se dar bem no trabalho remoto, visando ser mais produtivo e encarando a casa como uma extens\u00e3o do escrit\u00f3rio.<\/p>\n<p><strong>Relembrando<\/strong><\/p>\n<p>&#8211; Comece planejando a semana e o\u00a0dia de trabalho, buscando definir uma rotina di\u00e1ria daquilo que \u00e9 preciso fazer;<\/p>\n<p>&#8211; Prepare-se para ir ao trabalho. Evite o pijama, bermuda ou qualquer outra roupa que n\u00e3o seja do seu dia a dia, ou ao menos pr\u00f3ximo daquilo que voc\u00ea usa;<\/p>\n<p>&#8211; A rotina de higiene pessoal, barba, banho, cabelo. Tudo aquilo que voc\u00ea faz, continue a fazer. At\u00e9 porque, convenhamos, voc\u00ea pode vir a fazer um v\u00eddeo, conversar com clientes pelos aplicativos e n\u00e3o pode mostrar uma imagem de desleixo. Se isso ocorrer, seu trabalho pode soar desleixo da mesma forma;<\/p>\n<p>&#8211; Planeje intervalos a cada duas horas. Isso \u00e9 importante para arejar, recuperar as energias e tamb\u00e9m a capacidade de concentra\u00e7\u00e3o e criatividade;<\/p>\n<p>&#8211; Comece seu dia de trabalho sempre pelas tarefas mais complexas, pois na medida que o dia vai se desenrolando, seu ritmo vai diminuindo e se deixar para traz aquilo que j\u00e1 \u00e9 dif\u00edcil, ficar\u00e1 ainda mais \u00e1rduo ao final do expediente;<\/p>\n<p>&#8211; Cada casa \u00e9 uma casa, mas tente encontrar um espa\u00e7o que seja confort\u00e1vel para voc\u00ea, em que exista pouco barulho, boa luminosidade e bons m\u00f3veis ergonomicamente falando;<\/p>\n<p>&#8211; Combine os hor\u00e1rios com toda a fam\u00edlia e tenha muito foco naquilo que deseja produzir;<\/p>\n<p>&#8211; Ao entrar nas reuni\u00f5es, se \u00e9 v\u00eddeo, fa\u00e7a v\u00eddeo. Apare\u00e7a, essa \u00e9 a ideia. Evite tamb\u00e9m ficar fazendo outras tarefas e concentre na explana\u00e7\u00e3o do colega;<\/p>\n<p>&#8211; Cuidado com os grupos paralelos: evite ficar interagindo com grupos que n\u00e3o s\u00e3o da al\u00e7ada do trabalho. Esses grupos roubam a aten\u00e7\u00e3o e, consequentemente, sua produtividade;<\/p>\n<p>&#8211; Lembre-se ainda que a comunica\u00e7\u00e3o por aplicativo pode soar frio. Logo, cuidado com termos usados para fazer suas argumenta\u00e7\u00f5es. Podem soar indigestos e trazer ru\u00eddos no relacionamento.<\/p>\n<p>\u00d3tima semana a todos!<\/p>\n<p>&nbsp;<\/p>\n<p>&nbsp;<\/p>\n<p>&nbsp;<\/p>\n","protected":false},"excerpt":{"rendered":"<p>\u00c9 hora de voltar a este assunto: home office. Estamos nos aproximando do primeiro ano de pandemia do coronav\u00edrus. Neste per\u00edodo o mercado de trabalho passou por transforma\u00e7\u00f5es expressivas e a for\u00e7a do trabalho a dist\u00e2ncia ganhou campo. Em meados de 2020, sinalizou-se para uma retomada de atividades presenciais dentro das organiza\u00e7\u00f5es, contudo o \u2018novo [&hellip;]<\/p>\n","protected":false},"author":11824,"featured_media":78,"comment_status":"closed","ping_status":"open","sticky":false,"template":"","format":"standard","meta":{"_exactmetrics_skip_tracking":false,"_exactmetrics_sitenote_active":false,"_exactmetrics_sitenote_note":"","_exactmetrics_sitenote_category":0,"footnotes":""},"categories":[4],"tags":[],"yoast_head":"<!-- This site is optimized with the Yoast SEO Premium plugin v22.7 (Yoast SEO v22.7) - https:\/\/yoast.com\/wordpress\/plugins\/seo\/ -->\n<title>H\u00e1 um ano o home office entrava para valer no mundo corporativo - Talento em Pauta<\/title>\n<meta name=\"robots\" content=\"index, follow, max-snippet:-1, max-image-preview:large, max-video-preview:-1\" \/>\n<link rel=\"canonical\" href=\"https:\/\/maringapost.com.br\/talentoempauta\/2021\/02\/22\/ha-um-ano-o-home-office-entrava-para-valer-no-mundo-corporativo\/\" \/>\n<meta property=\"og:locale\" content=\"pt_BR\" \/>\n<meta property=\"og:type\" content=\"article\" \/>\n<meta property=\"og:title\" content=\"H\u00e1 um ano o home office entrava para valer no mundo corporativo\" \/>\n<meta property=\"og:description\" content=\"\u00c9 hora de voltar a este assunto: home office. Estamos nos aproximando do primeiro ano de pandemia do coronav\u00edrus. Neste per\u00edodo o mercado de trabalho passou por transforma\u00e7\u00f5es expressivas e a for\u00e7a do trabalho a dist\u00e2ncia ganhou campo. Em meados de 2020, sinalizou-se para uma retomada de atividades presenciais dentro das organiza\u00e7\u00f5es, contudo o \u2018novo [&hellip;]\" \/>\n<meta property=\"og:url\" content=\"https:\/\/maringapost.com.br\/talentoempauta\/2021\/02\/22\/ha-um-ano-o-home-office-entrava-para-valer-no-mundo-corporativo\/\" \/>\n<meta property=\"og:site_name\" content=\"Talento em Pauta\" \/>\n<meta property=\"article:published_time\" content=\"2021-02-22T12:48:42+00:00\" \/>\n<meta property=\"og:image\" content=\"https:\/\/maringapost.com.br\/talentoempauta\/wp-content\/uploads\/sites\/28\/2021\/02\/shutterstock_572636578red.jpg\" \/>\n\t<meta property=\"og:image:width\" content=\"1280\" \/>\n\t<meta property=\"og:image:height\" content=\"851\" \/>\n\t<meta property=\"og:image:type\" content=\"image\/jpeg\" \/>\n<meta name=\"author\" content=\"Bernt Entschev\" \/>\n<meta name=\"twitter:card\" content=\"summary_large_image\" \/>\n<meta name=\"twitter:label1\" content=\"Escrito por\" \/>\n\t<meta name=\"twitter:data1\" content=\"\" \/>\n\t<meta name=\"twitter:label2\" content=\"Est. tempo de leitura\" \/>\n\t<meta name=\"twitter:data2\" content=\"3 minutos\" \/>\n<script type=\"application\/ld+json\" class=\"yoast-schema-graph\">{\"@context\":\"https:\/\/schema.org\",\"@graph\":[{\"@type\":\"WebPage\",\"@id\":\"https:\/\/maringapost.com.br\/talentoempauta\/2021\/02\/22\/ha-um-ano-o-home-office-entrava-para-valer-no-mundo-corporativo\/\",\"url\":\"https:\/\/maringapost.com.br\/talentoempauta\/2021\/02\/22\/ha-um-ano-o-home-office-entrava-para-valer-no-mundo-corporativo\/\",\"name\":\"H\u00e1 um ano o home office entrava para valer no mundo corporativo - Talento em Pauta\",\"isPartOf\":{\"@id\":\"https:\/\/maringapost.com.br\/talentoempauta\/#website\"},\"primaryImageOfPage\":{\"@id\":\"https:\/\/maringapost.com.br\/talentoempauta\/2021\/02\/22\/ha-um-ano-o-home-office-entrava-para-valer-no-mundo-corporativo\/#primaryimage\"},\"image\":{\"@id\":\"https:\/\/maringapost.com.br\/talentoempauta\/2021\/02\/22\/ha-um-ano-o-home-office-entrava-para-valer-no-mundo-corporativo\/#primaryimage\"},\"thumbnailUrl\":\"https:\/\/maringapost.com.br\/talentoempauta\/wp-content\/uploads\/sites\/28\/2021\/02\/shutterstock_572636578red.jpg\",\"datePublished\":\"2021-02-22T12:48:42+00:00\",\"dateModified\":\"2021-02-22T12:48:42+00:00\",\"author\":{\"@id\":\"https:\/\/maringapost.com.br\/talentoempauta\/#\/schema\/person\/4737ee7b405a8f104945e7a6aa6e1bfa\"},\"breadcrumb\":{\"@id\":\"https:\/\/maringapost.com.br\/talentoempauta\/2021\/02\/22\/ha-um-ano-o-home-office-entrava-para-valer-no-mundo-corporativo\/#breadcrumb\"},\"inLanguage\":\"pt-BR\",\"potentialAction\":[{\"@type\":\"ReadAction\",\"target\":[\"https:\/\/maringapost.com.br\/talentoempauta\/2021\/02\/22\/ha-um-ano-o-home-office-entrava-para-valer-no-mundo-corporativo\/\"]}]},{\"@type\":\"ImageObject\",\"inLanguage\":\"pt-BR\",\"@id\":\"https:\/\/maringapost.com.br\/talentoempauta\/2021\/02\/22\/ha-um-ano-o-home-office-entrava-para-valer-no-mundo-corporativo\/#primaryimage\",\"url\":\"https:\/\/maringapost.com.br\/talentoempauta\/wp-content\/uploads\/sites\/28\/2021\/02\/shutterstock_572636578red.jpg\",\"contentUrl\":\"https:\/\/maringapost.com.br\/talentoempauta\/wp-content\/uploads\/sites\/28\/2021\/02\/shutterstock_572636578red.jpg\",\"width\":1280,\"height\":851},{\"@type\":\"BreadcrumbList\",\"@id\":\"https:\/\/maringapost.com.br\/talentoempauta\/2021\/02\/22\/ha-um-ano-o-home-office-entrava-para-valer-no-mundo-corporativo\/#breadcrumb\",\"itemListElement\":[{\"@type\":\"ListItem\",\"position\":1,\"name\":\"In\u00edcio\",\"item\":\"https:\/\/maringapost.com.br\/talentoempauta\/\"},{\"@type\":\"ListItem\",\"position\":2,\"name\":\"H\u00e1 um ano o home office entrava para valer no mundo corporativo\"}]},{\"@type\":\"WebSite\",\"@id\":\"https:\/\/maringapost.com.br\/talentoempauta\/#website\",\"url\":\"https:\/\/maringapost.com.br\/talentoempauta\/\",\"name\":\"Talento em Pauta\",\"description\":\"S\u00f3 mais um site Maring\u00e1 Post\",\"potentialAction\":[{\"@type\":\"SearchAction\",\"target\":{\"@type\":\"EntryPoint\",\"urlTemplate\":\"https:\/\/maringapost.com.br\/talentoempauta\/?s={search_term_string}\"},\"query-input\":\"required name=search_term_string\"}],\"inLanguage\":\"pt-BR\"},{\"@type\":\"Person\",\"@id\":\"https:\/\/maringapost.com.br\/talentoempauta\/#\/schema\/person\/4737ee7b405a8f104945e7a6aa6e1bfa\",\"name\":\"Bernt Entschev\",\"image\":{\"@type\":\"ImageObject\",\"inLanguage\":\"pt-BR\",\"@id\":\"https:\/\/maringapost.com.br\/talentoempauta\/#\/schema\/person\/image\/\",\"url\":\"https:\/\/secure.gravatar.com\/avatar\/40689bd3a268c4719a44636e641ab15b?s=96&d=mm&r=g\",\"contentUrl\":\"https:\/\/secure.gravatar.com\/avatar\/40689bd3a268c4719a44636e641ab15b?s=96&d=mm&r=g\",\"caption\":\"Bernt Entschev\"},\"url\":\"https:\/\/maringapost.com.br\/talentoempauta\/author\/bernt\/\"}]}<\/script>\n<!-- \/ Yoast SEO Premium plugin. -->","yoast_head_json":{"title":"H\u00e1 um ano o home office entrava para valer no mundo corporativo - Talento em Pauta","robots":{"index":"index","follow":"follow","max-snippet":"max-snippet:-1","max-image-preview":"max-image-preview:large","max-video-preview":"max-video-preview:-1"},"canonical":"https:\/\/maringapost.com.br\/talentoempauta\/2021\/02\/22\/ha-um-ano-o-home-office-entrava-para-valer-no-mundo-corporativo\/","og_locale":"pt_BR","og_type":"article","og_title":"H\u00e1 um ano o home office entrava para valer no mundo corporativo","og_description":"\u00c9 hora de voltar a este assunto: home office. Estamos nos aproximando do primeiro ano de pandemia do coronav\u00edrus. Neste per\u00edodo o mercado de trabalho passou por transforma\u00e7\u00f5es expressivas e a for\u00e7a do trabalho a dist\u00e2ncia ganhou campo. Em meados de 2020, sinalizou-se para uma retomada de atividades presenciais dentro das organiza\u00e7\u00f5es, contudo o \u2018novo [&hellip;]","og_url":"https:\/\/maringapost.com.br\/talentoempauta\/2021\/02\/22\/ha-um-ano-o-home-office-entrava-para-valer-no-mundo-corporativo\/","og_site_name":"Talento em Pauta","article_published_time":"2021-02-22T12:48:42+00:00","og_image":[{"width":1280,"height":851,"url":"https:\/\/maringapost.com.br\/talentoempauta\/wp-content\/uploads\/sites\/28\/2021\/02\/shutterstock_572636578red.jpg","type":"image\/jpeg"}],"author":"Bernt Entschev","twitter_card":"summary_large_image","twitter_misc":{"Escrito por":false,"Est. tempo de leitura":"3 minutos"},"schema":{"@context":"https:\/\/schema.org","@graph":[{"@type":"WebPage","@id":"https:\/\/maringapost.com.br\/talentoempauta\/2021\/02\/22\/ha-um-ano-o-home-office-entrava-para-valer-no-mundo-corporativo\/","url":"https:\/\/maringapost.com.br\/talentoempauta\/2021\/02\/22\/ha-um-ano-o-home-office-entrava-para-valer-no-mundo-corporativo\/","name":"H\u00e1 um ano o home office entrava para valer no mundo corporativo - Talento em Pauta","isPartOf":{"@id":"https:\/\/maringapost.com.br\/talentoempauta\/#website"},"primaryImageOfPage":{"@id":"https:\/\/maringapost.com.br\/talentoempauta\/2021\/02\/22\/ha-um-ano-o-home-office-entrava-para-valer-no-mundo-corporativo\/#primaryimage"},"image":{"@id":"https:\/\/maringapost.com.br\/talentoempauta\/2021\/02\/22\/ha-um-ano-o-home-office-entrava-para-valer-no-mundo-corporativo\/#primaryimage"},"thumbnailUrl":"https:\/\/maringapost.com.br\/talentoempauta\/wp-content\/uploads\/sites\/28\/2021\/02\/shutterstock_572636578red.jpg","datePublished":"2021-02-22T12:48:42+00:00","dateModified":"2021-02-22T12:48:42+00:00","author":{"@id":"https:\/\/maringapost.com.br\/talentoempauta\/#\/schema\/person\/4737ee7b405a8f104945e7a6aa6e1bfa"},"breadcrumb":{"@id":"https:\/\/maringapost.com.br\/talentoempauta\/2021\/02\/22\/ha-um-ano-o-home-office-entrava-para-valer-no-mundo-corporativo\/#breadcrumb"},"inLanguage":"pt-BR","potentialAction":[{"@type":"ReadAction","target":["https:\/\/maringapost.com.br\/talentoempauta\/2021\/02\/22\/ha-um-ano-o-home-office-entrava-para-valer-no-mundo-corporativo\/"]}]},{"@type":"ImageObject","inLanguage":"pt-BR","@id":"https:\/\/maringapost.com.br\/talentoempauta\/2021\/02\/22\/ha-um-ano-o-home-office-entrava-para-valer-no-mundo-corporativo\/#primaryimage","url":"https:\/\/maringapost.com.br\/talentoempauta\/wp-content\/uploads\/sites\/28\/2021\/02\/shutterstock_572636578red.jpg","contentUrl":"https:\/\/maringapost.com.br\/talentoempauta\/wp-content\/uploads\/sites\/28\/2021\/02\/shutterstock_572636578red.jpg","width":1280,"height":851},{"@type":"BreadcrumbList","@id":"https:\/\/maringapost.com.br\/talentoempauta\/2021\/02\/22\/ha-um-ano-o-home-office-entrava-para-valer-no-mundo-corporativo\/#breadcrumb","itemListElement":[{"@type":"ListItem","position":1,"name":"In\u00edcio","item":"https:\/\/maringapost.com.br\/talentoempauta\/"},{"@type":"ListItem","position":2,"name":"H\u00e1 um ano o home office entrava para valer no mundo corporativo"}]},{"@type":"WebSite","@id":"https:\/\/maringapost.com.br\/talentoempauta\/#website","url":"https:\/\/maringapost.com.br\/talentoempauta\/","name":"Talento em Pauta","description":"S\u00f3 mais um site Maring\u00e1 Post","potentialAction":[{"@type":"SearchAction","target":{"@type":"EntryPoint","urlTemplate":"https:\/\/maringapost.com.br\/talentoempauta\/?s={search_term_string}"},"query-input":"required name=search_term_string"}],"inLanguage":"pt-BR"},{"@type":"Person","@id":"https:\/\/maringapost.com.br\/talentoempauta\/#\/schema\/person\/4737ee7b405a8f104945e7a6aa6e1bfa","name":"Bernt Entschev","image":{"@type":"ImageObject","inLanguage":"pt-BR","@id":"https:\/\/maringapost.com.br\/talentoempauta\/#\/schema\/person\/image\/","url":"https:\/\/secure.gravatar.com\/avatar\/40689bd3a268c4719a44636e641ab15b?s=96&d=mm&r=g","contentUrl":"https:\/\/secure.gravatar.com\/avatar\/40689bd3a268c4719a44636e641ab15b?s=96&d=mm&r=g","caption":"Bernt Entschev"},"url":"https:\/\/maringapost.com.br\/talentoempauta\/author\/bernt\/"}]}},"_links":{"self":[{"href":"https:\/\/maringapost.com.br\/talentoempauta\/wp-json\/wp\/v2\/posts\/77"}],"collection":[{"href":"https:\/\/maringapost.com.br\/talentoempauta\/wp-json\/wp\/v2\/posts"}],"about":[{"href":"https:\/\/maringapost.com.br\/talentoempauta\/wp-json\/wp\/v2\/types\/post"}],"author":[{"embeddable":true,"href":"https:\/\/maringapost.com.br\/talentoempauta\/wp-json\/wp\/v2\/users\/11824"}],"replies":[{"embeddable":true,"href":"https:\/\/maringapost.com.br\/talentoempauta\/wp-json\/wp\/v2\/comments?post=77"}],"version-history":[{"count":1,"href":"https:\/\/maringapost.com.br\/talentoempauta\/wp-json\/wp\/v2\/posts\/77\/revisions"}],"predecessor-version":[{"id":79,"href":"https:\/\/maringapost.com.br\/talentoempauta\/wp-json\/wp\/v2\/posts\/77\/revisions\/79"}],"wp:featuredmedia":[{"embeddable":true,"href":"https:\/\/maringapost.com.br\/talentoempauta\/wp-json\/wp\/v2\/media\/78"}],"wp:attachment":[{"href":"https:\/\/maringapost.com.br\/talentoempauta\/wp-json\/wp\/v2\/media?parent=77"}],"wp:term":[{"taxonomy":"category","embeddable":true,"href":"https:\/\/maringapost.com.br\/talentoempauta\/wp-json\/wp\/v2\/categories?post=77"},{"taxonomy":"post_tag","embeddable":true,"href":"https:\/\/maringapost.com.br\/talentoempauta\/wp-json\/wp\/v2\/tags?post=77"}],"curies":[{"name":"wp","href":"https:\/\/api.w.org\/{rel}","templated":true}]}}