{"id":74,"date":"2021-02-15T10:48:31","date_gmt":"2021-02-15T13:48:31","guid":{"rendered":"http:\/\/maringapost.com.br\/talentoempauta\/?p=74"},"modified":"2021-02-15T10:48:31","modified_gmt":"2021-02-15T13:48:31","slug":"o-mundo-corporativo-almeja-a-vacinacao-em-massa","status":"publish","type":"post","link":"https:\/\/maringapost.com.br\/talentoempauta\/2021\/02\/15\/o-mundo-corporativo-almeja-a-vacinacao-em-massa\/","title":{"rendered":"O mundo corporativo almeja a vacina\u00e7\u00e3o em massa"},"content":{"rendered":"<p>Sou um septuagen\u00e1rio com muito orgulho por ter vivido ao longo das \u00faltimas sete d\u00e9cadas focado na qualidade de vida. Devo grande parte disso \u00e0 ci\u00eancia, que desenvolveu nesse per\u00edodo vacinas para in\u00fameras doen\u00e7as que a minha gera\u00e7\u00e3o enfrentou e ainda enfrenta. Por isso, acredito que este movimento hoje existente contra a vacina \u00e9 um \u2018golpe baixo com roupagem ideol\u00f3gica\u2019, ao trabalho de cientistas e um descr\u00e9dito a n\u00f3s pr\u00f3prios, seres humanos com capacidade infinita de cria\u00e7\u00e3o e resili\u00eancia.<\/p>\n<p>Al\u00e9m dos problemas sanit\u00e1rios que a Covid-19 traz, ela gera problemas econ\u00f4micos e sociais profundos e a longo prazo. E o mercado de trabalho, por \u00f3bvio, tamb\u00e9m \u00e9 afetado. Por isso, com o advento da vacina, todos precisamos estar aptos a receber a imuniza\u00e7\u00e3o.<\/p>\n<p>Este \u00e9 o momento de assumirmos nossa responsabilidade, de sermos mais espertos que o v\u00edrus, deixar a ideologia de lado e entender que a pandemia do coronavirus \u00e9 um problema de todos n\u00f3s: governos de todas as esferas, empresas de todos os portes, sociedade como um todo, da fam\u00edlia e um problema tamb\u00e9m individual. Todos, sem exce\u00e7\u00e3o, t\u00eam responsabilidade para o freio deste v\u00edrus, pois todos podem ser acometidos de forma negativa ou positiva, dependendo de a\u00e7\u00e3o de cada grupo ou pessoa.<\/p>\n<p>Desta forma, a vacina\u00e7\u00e3o precisa abranger o n\u00famero m\u00e1ximo de pessoas se quisermos efetivamente ter nosso \u2018normal\u2019 de volta. Recentemente, o Supremo Tribunal Federal (STF) disse que a vacina\u00e7\u00e3o contra a Covid-19 \u00e9 obrigat\u00f3ria visando um bem coletivo. Empresas, ao observarem a decis\u00e3o, se questionam: mas como obrigar uma pessoa a se vacinar se ela n\u00e3o quiser? A resposta vem do Minist\u00e9rio P\u00fablico do Trabalho (MPT), que divulgou um guia de recomenda\u00e7\u00f5es em que as companhias podem se basear. Vale a consulta.<\/p>\n<p>O fato \u00e9 que n\u00e3o h\u00e1 muitas novidades em rela\u00e7\u00e3o a outros planos de imuniza\u00e7\u00e3o. H\u00e1 hoje muitas restri\u00e7\u00f5es para pessoas que rejeitam outros tipos de vacinas. As empresas, obviamente, n\u00e3o podem obrigar ningu\u00e9m a se vacinar. Contudo, t\u00eam o papel de fazer uma comunica\u00e7\u00e3o eficiente de esclarecimento entre a equipe interna e, quando poss\u00edvel, at\u00e9 promovendo campanhas internas de vacina\u00e7\u00e3o quando as doses forem disponibilizadas em quantidade farta.<\/p>\n<p>O colaborador que mesmo assim se recusar pode at\u00e9 receber uma demiss\u00e3o por justa causa. N\u00e3o \u00e9 algo simples, mas pode. Por\u00e9m, sabe-se que quem se recusa a tomar uma dose para evitar uma doen\u00e7a t\u00e3o perigosa est\u00e1 pensando somente em si pr\u00f3prio e n\u00e3o no coletivo. O individualismo, hoje, \u00e9 uma caracter\u00edstica bastante recha\u00e7ada pelo mercado de trabalho. \u00c9 claro que, se a pessoa tiver alguma restri\u00e7\u00e3o \u00e0 vacina, obviamente, \u00e9 s\u00f3 apresentar um documento e tudo certo. Uma coisa \u00e9 n\u00e3o poder tomar, outra \u00e9 n\u00e3o tomar porque \u2018simplesmente o grupo do Whatspp da fam\u00edlia disse que n\u00e3o \u00e9 confi\u00e1vel\u2019. Isso fere a coletividade.<\/p>\n<p>As empresas est\u00e3o levando t\u00e3o a s\u00e9rio essa necessidade que j\u00e1 surgem movimentos para aquisi\u00e7\u00e3o de vacinas para campanhas internas, assim que isso for permitido. Um dos mais comentados nos \u00faltimos dias \u00e9 o liderado pela empres\u00e1ria Luiza Trajano, do Magazine Luiza. Trata-se de uma iniciativa ousada que extrapola os port\u00f5es das empresas e pretende vacinar todos os brasileiros contra a covid-19 at\u00e9 setembro de 2021. Batizada de Unidos pela Vacina, o projeto \u00e9 coordenado pelo grupo Mulheres do Brasil, liderado pela empres\u00e1ria e que tem hoje mais de 75 mil mulheres no Brasil e no mundo. Em uma conta na rede social Luiza afirma que o movimento quer ajudar a garantir que as vacinas cheguem a qualquer ponto do pa\u00eds, superando todo e qualquer obst\u00e1culo &#8211; e os empres\u00e1rios brasileiros podem contribuir para isso.<\/p>\n<p>Se voc\u00ea \u00e9 daqueles que acredita que vacina n\u00e3o salva vidas, que cai na arapuca de que tudo foi feito \u00e0s pressas sem pesquisas, que sua efic\u00e1cia \u00e9 duvidosa ou que tudo n\u00e3o passa de uma conspira\u00e7\u00e3o, fica uma dica: leia, releia, questione, pesquise, busque entender. Certamente isso vai lhe abrir a mente e voc\u00ea ter\u00e1 muito a contribuir com o mercado de trabalho e ajudar\u00e1 a levar seguran\u00e7a ao mundo corporativo. Pessoas que pensam no coletivo s\u00e3o bem-vindas em praticamente 99% das empresas. Pense nisso!<\/p>\n<p>&nbsp;<\/p>\n","protected":false},"excerpt":{"rendered":"<p>Sou um septuagen\u00e1rio com muito orgulho por ter vivido ao longo das \u00faltimas sete d\u00e9cadas focado na qualidade de vida. Devo grande parte disso \u00e0 ci\u00eancia, que desenvolveu nesse per\u00edodo vacinas para in\u00fameras doen\u00e7as que a minha gera\u00e7\u00e3o enfrentou e ainda enfrenta. Por isso, acredito que este movimento hoje existente contra a vacina \u00e9 um [&hellip;]<\/p>\n","protected":false},"author":11824,"featured_media":75,"comment_status":"closed","ping_status":"open","sticky":false,"template":"","format":"standard","meta":{"_exactmetrics_skip_tracking":false,"_exactmetrics_sitenote_active":false,"_exactmetrics_sitenote_note":"","_exactmetrics_sitenote_category":0,"footnotes":""},"categories":[4],"tags":[],"yoast_head":"<!-- This site is optimized with the Yoast SEO Premium plugin v22.7 (Yoast SEO v22.7) - https:\/\/yoast.com\/wordpress\/plugins\/seo\/ -->\n<title>O mundo corporativo almeja a vacina\u00e7\u00e3o em massa - Talento em Pauta<\/title>\n<meta name=\"robots\" content=\"index, follow, max-snippet:-1, max-image-preview:large, max-video-preview:-1\" \/>\n<link rel=\"canonical\" href=\"https:\/\/maringapost.com.br\/talentoempauta\/2021\/02\/15\/o-mundo-corporativo-almeja-a-vacinacao-em-massa\/\" \/>\n<meta property=\"og:locale\" content=\"pt_BR\" \/>\n<meta property=\"og:type\" content=\"article\" \/>\n<meta property=\"og:title\" content=\"O mundo corporativo almeja a vacina\u00e7\u00e3o em massa\" \/>\n<meta property=\"og:description\" content=\"Sou um septuagen\u00e1rio com muito orgulho por ter vivido ao longo das \u00faltimas sete d\u00e9cadas focado na qualidade de vida. Devo grande parte disso \u00e0 ci\u00eancia, que desenvolveu nesse per\u00edodo vacinas para in\u00fameras doen\u00e7as que a minha gera\u00e7\u00e3o enfrentou e ainda enfrenta. Por isso, acredito que este movimento hoje existente contra a vacina \u00e9 um [&hellip;]\" \/>\n<meta property=\"og:url\" content=\"https:\/\/maringapost.com.br\/talentoempauta\/2021\/02\/15\/o-mundo-corporativo-almeja-a-vacinacao-em-massa\/\" \/>\n<meta property=\"og:site_name\" content=\"Talento em Pauta\" \/>\n<meta property=\"article:published_time\" content=\"2021-02-15T13:48:31+00:00\" \/>\n<meta property=\"og:image\" content=\"https:\/\/maringapost.com.br\/talentoempauta\/wp-content\/uploads\/sites\/28\/2021\/02\/medico-reduzida.jpg\" \/>\n\t<meta property=\"og:image:width\" content=\"1000\" \/>\n\t<meta property=\"og:image:height\" content=\"667\" \/>\n\t<meta property=\"og:image:type\" content=\"image\/jpeg\" \/>\n<meta name=\"author\" content=\"Bernt Entschev\" \/>\n<meta name=\"twitter:card\" content=\"summary_large_image\" \/>\n<meta name=\"twitter:label1\" content=\"Escrito por\" \/>\n\t<meta name=\"twitter:data1\" content=\"\" \/>\n\t<meta name=\"twitter:label2\" content=\"Est. tempo de leitura\" \/>\n\t<meta name=\"twitter:data2\" content=\"3 minutos\" \/>\n<script type=\"application\/ld+json\" class=\"yoast-schema-graph\">{\"@context\":\"https:\/\/schema.org\",\"@graph\":[{\"@type\":\"WebPage\",\"@id\":\"https:\/\/maringapost.com.br\/talentoempauta\/2021\/02\/15\/o-mundo-corporativo-almeja-a-vacinacao-em-massa\/\",\"url\":\"https:\/\/maringapost.com.br\/talentoempauta\/2021\/02\/15\/o-mundo-corporativo-almeja-a-vacinacao-em-massa\/\",\"name\":\"O mundo corporativo almeja a vacina\u00e7\u00e3o em massa - Talento em Pauta\",\"isPartOf\":{\"@id\":\"https:\/\/maringapost.com.br\/talentoempauta\/#website\"},\"primaryImageOfPage\":{\"@id\":\"https:\/\/maringapost.com.br\/talentoempauta\/2021\/02\/15\/o-mundo-corporativo-almeja-a-vacinacao-em-massa\/#primaryimage\"},\"image\":{\"@id\":\"https:\/\/maringapost.com.br\/talentoempauta\/2021\/02\/15\/o-mundo-corporativo-almeja-a-vacinacao-em-massa\/#primaryimage\"},\"thumbnailUrl\":\"https:\/\/maringapost.com.br\/talentoempauta\/wp-content\/uploads\/sites\/28\/2021\/02\/medico-reduzida.jpg\",\"datePublished\":\"2021-02-15T13:48:31+00:00\",\"dateModified\":\"2021-02-15T13:48:31+00:00\",\"author\":{\"@id\":\"https:\/\/maringapost.com.br\/talentoempauta\/#\/schema\/person\/4737ee7b405a8f104945e7a6aa6e1bfa\"},\"breadcrumb\":{\"@id\":\"https:\/\/maringapost.com.br\/talentoempauta\/2021\/02\/15\/o-mundo-corporativo-almeja-a-vacinacao-em-massa\/#breadcrumb\"},\"inLanguage\":\"pt-BR\",\"potentialAction\":[{\"@type\":\"ReadAction\",\"target\":[\"https:\/\/maringapost.com.br\/talentoempauta\/2021\/02\/15\/o-mundo-corporativo-almeja-a-vacinacao-em-massa\/\"]}]},{\"@type\":\"ImageObject\",\"inLanguage\":\"pt-BR\",\"@id\":\"https:\/\/maringapost.com.br\/talentoempauta\/2021\/02\/15\/o-mundo-corporativo-almeja-a-vacinacao-em-massa\/#primaryimage\",\"url\":\"https:\/\/maringapost.com.br\/talentoempauta\/wp-content\/uploads\/sites\/28\/2021\/02\/medico-reduzida.jpg\",\"contentUrl\":\"https:\/\/maringapost.com.br\/talentoempauta\/wp-content\/uploads\/sites\/28\/2021\/02\/medico-reduzida.jpg\",\"width\":1000,\"height\":667},{\"@type\":\"BreadcrumbList\",\"@id\":\"https:\/\/maringapost.com.br\/talentoempauta\/2021\/02\/15\/o-mundo-corporativo-almeja-a-vacinacao-em-massa\/#breadcrumb\",\"itemListElement\":[{\"@type\":\"ListItem\",\"position\":1,\"name\":\"In\u00edcio\",\"item\":\"https:\/\/maringapost.com.br\/talentoempauta\/\"},{\"@type\":\"ListItem\",\"position\":2,\"name\":\"O mundo corporativo almeja a vacina\u00e7\u00e3o em massa\"}]},{\"@type\":\"WebSite\",\"@id\":\"https:\/\/maringapost.com.br\/talentoempauta\/#website\",\"url\":\"https:\/\/maringapost.com.br\/talentoempauta\/\",\"name\":\"Talento em Pauta\",\"description\":\"S\u00f3 mais um site Maring\u00e1 Post\",\"potentialAction\":[{\"@type\":\"SearchAction\",\"target\":{\"@type\":\"EntryPoint\",\"urlTemplate\":\"https:\/\/maringapost.com.br\/talentoempauta\/?s={search_term_string}\"},\"query-input\":\"required name=search_term_string\"}],\"inLanguage\":\"pt-BR\"},{\"@type\":\"Person\",\"@id\":\"https:\/\/maringapost.com.br\/talentoempauta\/#\/schema\/person\/4737ee7b405a8f104945e7a6aa6e1bfa\",\"name\":\"Bernt Entschev\",\"image\":{\"@type\":\"ImageObject\",\"inLanguage\":\"pt-BR\",\"@id\":\"https:\/\/maringapost.com.br\/talentoempauta\/#\/schema\/person\/image\/\",\"url\":\"https:\/\/secure.gravatar.com\/avatar\/40689bd3a268c4719a44636e641ab15b?s=96&d=mm&r=g\",\"contentUrl\":\"https:\/\/secure.gravatar.com\/avatar\/40689bd3a268c4719a44636e641ab15b?s=96&d=mm&r=g\",\"caption\":\"Bernt Entschev\"},\"url\":\"https:\/\/maringapost.com.br\/talentoempauta\/author\/bernt\/\"}]}<\/script>\n<!-- \/ Yoast SEO Premium plugin. -->","yoast_head_json":{"title":"O mundo corporativo almeja a vacina\u00e7\u00e3o em massa - Talento em Pauta","robots":{"index":"index","follow":"follow","max-snippet":"max-snippet:-1","max-image-preview":"max-image-preview:large","max-video-preview":"max-video-preview:-1"},"canonical":"https:\/\/maringapost.com.br\/talentoempauta\/2021\/02\/15\/o-mundo-corporativo-almeja-a-vacinacao-em-massa\/","og_locale":"pt_BR","og_type":"article","og_title":"O mundo corporativo almeja a vacina\u00e7\u00e3o em massa","og_description":"Sou um septuagen\u00e1rio com muito orgulho por ter vivido ao longo das \u00faltimas sete d\u00e9cadas focado na qualidade de vida. Devo grande parte disso \u00e0 ci\u00eancia, que desenvolveu nesse per\u00edodo vacinas para in\u00fameras doen\u00e7as que a minha gera\u00e7\u00e3o enfrentou e ainda enfrenta. Por isso, acredito que este movimento hoje existente contra a vacina \u00e9 um [&hellip;]","og_url":"https:\/\/maringapost.com.br\/talentoempauta\/2021\/02\/15\/o-mundo-corporativo-almeja-a-vacinacao-em-massa\/","og_site_name":"Talento em Pauta","article_published_time":"2021-02-15T13:48:31+00:00","og_image":[{"width":1000,"height":667,"url":"https:\/\/maringapost.com.br\/talentoempauta\/wp-content\/uploads\/sites\/28\/2021\/02\/medico-reduzida.jpg","type":"image\/jpeg"}],"author":"Bernt Entschev","twitter_card":"summary_large_image","twitter_misc":{"Escrito por":false,"Est. tempo de leitura":"3 minutos"},"schema":{"@context":"https:\/\/schema.org","@graph":[{"@type":"WebPage","@id":"https:\/\/maringapost.com.br\/talentoempauta\/2021\/02\/15\/o-mundo-corporativo-almeja-a-vacinacao-em-massa\/","url":"https:\/\/maringapost.com.br\/talentoempauta\/2021\/02\/15\/o-mundo-corporativo-almeja-a-vacinacao-em-massa\/","name":"O mundo corporativo almeja a vacina\u00e7\u00e3o em massa - Talento em Pauta","isPartOf":{"@id":"https:\/\/maringapost.com.br\/talentoempauta\/#website"},"primaryImageOfPage":{"@id":"https:\/\/maringapost.com.br\/talentoempauta\/2021\/02\/15\/o-mundo-corporativo-almeja-a-vacinacao-em-massa\/#primaryimage"},"image":{"@id":"https:\/\/maringapost.com.br\/talentoempauta\/2021\/02\/15\/o-mundo-corporativo-almeja-a-vacinacao-em-massa\/#primaryimage"},"thumbnailUrl":"https:\/\/maringapost.com.br\/talentoempauta\/wp-content\/uploads\/sites\/28\/2021\/02\/medico-reduzida.jpg","datePublished":"2021-02-15T13:48:31+00:00","dateModified":"2021-02-15T13:48:31+00:00","author":{"@id":"https:\/\/maringapost.com.br\/talentoempauta\/#\/schema\/person\/4737ee7b405a8f104945e7a6aa6e1bfa"},"breadcrumb":{"@id":"https:\/\/maringapost.com.br\/talentoempauta\/2021\/02\/15\/o-mundo-corporativo-almeja-a-vacinacao-em-massa\/#breadcrumb"},"inLanguage":"pt-BR","potentialAction":[{"@type":"ReadAction","target":["https:\/\/maringapost.com.br\/talentoempauta\/2021\/02\/15\/o-mundo-corporativo-almeja-a-vacinacao-em-massa\/"]}]},{"@type":"ImageObject","inLanguage":"pt-BR","@id":"https:\/\/maringapost.com.br\/talentoempauta\/2021\/02\/15\/o-mundo-corporativo-almeja-a-vacinacao-em-massa\/#primaryimage","url":"https:\/\/maringapost.com.br\/talentoempauta\/wp-content\/uploads\/sites\/28\/2021\/02\/medico-reduzida.jpg","contentUrl":"https:\/\/maringapost.com.br\/talentoempauta\/wp-content\/uploads\/sites\/28\/2021\/02\/medico-reduzida.jpg","width":1000,"height":667},{"@type":"BreadcrumbList","@id":"https:\/\/maringapost.com.br\/talentoempauta\/2021\/02\/15\/o-mundo-corporativo-almeja-a-vacinacao-em-massa\/#breadcrumb","itemListElement":[{"@type":"ListItem","position":1,"name":"In\u00edcio","item":"https:\/\/maringapost.com.br\/talentoempauta\/"},{"@type":"ListItem","position":2,"name":"O mundo corporativo almeja a vacina\u00e7\u00e3o em massa"}]},{"@type":"WebSite","@id":"https:\/\/maringapost.com.br\/talentoempauta\/#website","url":"https:\/\/maringapost.com.br\/talentoempauta\/","name":"Talento em Pauta","description":"S\u00f3 mais um site Maring\u00e1 Post","potentialAction":[{"@type":"SearchAction","target":{"@type":"EntryPoint","urlTemplate":"https:\/\/maringapost.com.br\/talentoempauta\/?s={search_term_string}"},"query-input":"required name=search_term_string"}],"inLanguage":"pt-BR"},{"@type":"Person","@id":"https:\/\/maringapost.com.br\/talentoempauta\/#\/schema\/person\/4737ee7b405a8f104945e7a6aa6e1bfa","name":"Bernt Entschev","image":{"@type":"ImageObject","inLanguage":"pt-BR","@id":"https:\/\/maringapost.com.br\/talentoempauta\/#\/schema\/person\/image\/","url":"https:\/\/secure.gravatar.com\/avatar\/40689bd3a268c4719a44636e641ab15b?s=96&d=mm&r=g","contentUrl":"https:\/\/secure.gravatar.com\/avatar\/40689bd3a268c4719a44636e641ab15b?s=96&d=mm&r=g","caption":"Bernt Entschev"},"url":"https:\/\/maringapost.com.br\/talentoempauta\/author\/bernt\/"}]}},"_links":{"self":[{"href":"https:\/\/maringapost.com.br\/talentoempauta\/wp-json\/wp\/v2\/posts\/74"}],"collection":[{"href":"https:\/\/maringapost.com.br\/talentoempauta\/wp-json\/wp\/v2\/posts"}],"about":[{"href":"https:\/\/maringapost.com.br\/talentoempauta\/wp-json\/wp\/v2\/types\/post"}],"author":[{"embeddable":true,"href":"https:\/\/maringapost.com.br\/talentoempauta\/wp-json\/wp\/v2\/users\/11824"}],"replies":[{"embeddable":true,"href":"https:\/\/maringapost.com.br\/talentoempauta\/wp-json\/wp\/v2\/comments?post=74"}],"version-history":[{"count":1,"href":"https:\/\/maringapost.com.br\/talentoempauta\/wp-json\/wp\/v2\/posts\/74\/revisions"}],"predecessor-version":[{"id":76,"href":"https:\/\/maringapost.com.br\/talentoempauta\/wp-json\/wp\/v2\/posts\/74\/revisions\/76"}],"wp:featuredmedia":[{"embeddable":true,"href":"https:\/\/maringapost.com.br\/talentoempauta\/wp-json\/wp\/v2\/media\/75"}],"wp:attachment":[{"href":"https:\/\/maringapost.com.br\/talentoempauta\/wp-json\/wp\/v2\/media?parent=74"}],"wp:term":[{"taxonomy":"category","embeddable":true,"href":"https:\/\/maringapost.com.br\/talentoempauta\/wp-json\/wp\/v2\/categories?post=74"},{"taxonomy":"post_tag","embeddable":true,"href":"https:\/\/maringapost.com.br\/talentoempauta\/wp-json\/wp\/v2\/tags?post=74"}],"curies":[{"name":"wp","href":"https:\/\/api.w.org\/{rel}","templated":true}]}}