{"id":68,"date":"2021-02-08T11:47:39","date_gmt":"2021-02-08T14:47:39","guid":{"rendered":"http:\/\/maringapost.com.br\/talentoempauta\/?p=68"},"modified":"2021-02-08T11:47:39","modified_gmt":"2021-02-08T14:47:39","slug":"educacao-e-mercado-de-trabalho","status":"publish","type":"post","link":"https:\/\/maringapost.com.br\/talentoempauta\/2021\/02\/08\/educacao-e-mercado-de-trabalho\/","title":{"rendered":"Educa\u00e7\u00e3o e mercado de trabalho"},"content":{"rendered":"<p>Nos \u00faltimos tempos tenho conversando muito com colegas especialistas em carreiras e desenvolvimento pessoal. Todos s\u00e3o un\u00e2nimes quando o assunto \u00e9 \u2018Educa\u00e7\u00e3o e mercado de Trabalho\u201d. Esses profissionais concordam entre si que o conhecimento e o aperfei\u00e7oamento em \u00e1reas como tecnologia, finan\u00e7as e sa\u00fade ser\u00e3o um grande diferencial para quem pretende dar uma guinada na \u00e1rea profissional em 2021.<\/p>\n<p>Durante a pandemia, essas \u00e1reas v\u00eam exigindo bastante aten\u00e7\u00e3o das empresas, as quais carecem de colaboradores mais preparados para assumir demandas desta natureza. Profissionais que buscarem por essa atualiza\u00e7\u00e3o ter\u00e3o melhores oportunidades de trabalho e\/ou enfrentar\u00e3o um menor tempo para recoloca\u00e7\u00e3o no mercado.<\/p>\n<p>A exig\u00eancia corporativa tamb\u00e9m fez institui\u00e7\u00f5es de ensino a repensarem seus portf\u00f3lios. A Est\u00e1cio Curitiba, por exemplo, divulgou recentemente que o Grupo em todo o Brasil, reformulou a oferta de cursos de especializa\u00e7\u00e3o para dar suporte assertivo aos profissionais que buscam recoloca\u00e7\u00e3o profissional ou mesmo dar um upgrade no curr\u00edculo neste momento em que o mercado come\u00e7a a se reaquecer.<\/p>\n<p>A institui\u00e7\u00e3o afirma que esses cursos t\u00eam um foco bem definido e ajuda a elevar o potencial de trabalho dos alunos, fazendo com que eles se tornem profissionais mais valorizados pelas empresas. Para isso, lan\u00e7ou um cat\u00e1logo com 160 novas op\u00e7\u00f5es de cursos e reformulou outros j\u00e1 existentes. Quem est\u00e1 \u00e0 procura destas atualiza\u00e7\u00f5es vai se deparar com nomes ainda pouco familiares, mas que vai dar o tom ao longo de 2021. Entre esses est\u00e3o Educa\u00e7\u00e3o 4.0; Big Data, Analytics Aplicados aos Neg\u00f3cios; Ferramentas para Gest\u00e3o de Dados, Gastronomia Vegetariana e Vegana; Gest\u00e3o na Ciberseguran\u00e7a Empresarial entre outros entram na grade das institui\u00e7\u00f5es para atender o novo momento do mercado.<\/p>\n<p>A dica \u00e9 o profissional buscar focar nas \u00e1reas demandadas pelas empresas e fazer a escolha por cursos que se encaixem com o seu perfil. Ainda: buscar por institui\u00e7\u00f5es de renome que possam dar o suporte no aperfei\u00e7oamento e claro, investir parte do tempo para focar nos estudos. Quanto antes voc\u00ea finalizar a grade, antes estar\u00e1 preparado. Ent\u00e3o, m\u00e3os \u00e0 obra. Busque saber mais sobre essa tend\u00eancia e se coloque em destaque na vitrine do mercado de trabalho. Bons estudos!<\/p>\n","protected":false},"excerpt":{"rendered":"<p>Nos \u00faltimos tempos tenho conversando muito com colegas especialistas em carreiras e desenvolvimento pessoal. Todos s\u00e3o un\u00e2nimes quando o assunto \u00e9 \u2018Educa\u00e7\u00e3o e mercado de Trabalho\u201d. Esses profissionais concordam entre si que o conhecimento e o aperfei\u00e7oamento em \u00e1reas como tecnologia, finan\u00e7as e sa\u00fade ser\u00e3o um grande diferencial para quem pretende dar uma guinada na [&hellip;]<\/p>\n","protected":false},"author":11824,"featured_media":66,"comment_status":"closed","ping_status":"open","sticky":false,"template":"","format":"standard","meta":{"_exactmetrics_skip_tracking":false,"_exactmetrics_sitenote_active":false,"_exactmetrics_sitenote_note":"","_exactmetrics_sitenote_category":0,"footnotes":""},"categories":[4],"tags":[],"yoast_head":"<!-- This site is optimized with the Yoast SEO Premium plugin v22.7 (Yoast SEO v22.7) - https:\/\/yoast.com\/wordpress\/plugins\/seo\/ -->\n<title>Educa\u00e7\u00e3o e mercado de trabalho - Talento em Pauta<\/title>\n<meta name=\"robots\" content=\"index, follow, max-snippet:-1, max-image-preview:large, max-video-preview:-1\" \/>\n<link rel=\"canonical\" href=\"https:\/\/maringapost.com.br\/talentoempauta\/2021\/02\/08\/educacao-e-mercado-de-trabalho\/\" \/>\n<meta property=\"og:locale\" content=\"pt_BR\" \/>\n<meta property=\"og:type\" content=\"article\" \/>\n<meta property=\"og:title\" content=\"Educa\u00e7\u00e3o e mercado de trabalho\" \/>\n<meta property=\"og:description\" content=\"Nos \u00faltimos tempos tenho conversando muito com colegas especialistas em carreiras e desenvolvimento pessoal. Todos s\u00e3o un\u00e2nimes quando o assunto \u00e9 \u2018Educa\u00e7\u00e3o e mercado de Trabalho\u201d. Esses profissionais concordam entre si que o conhecimento e o aperfei\u00e7oamento em \u00e1reas como tecnologia, finan\u00e7as e sa\u00fade ser\u00e3o um grande diferencial para quem pretende dar uma guinada na [&hellip;]\" \/>\n<meta property=\"og:url\" content=\"https:\/\/maringapost.com.br\/talentoempauta\/2021\/02\/08\/educacao-e-mercado-de-trabalho\/\" \/>\n<meta property=\"og:site_name\" content=\"Talento em Pauta\" \/>\n<meta property=\"article:published_time\" content=\"2021-02-08T14:47:39+00:00\" \/>\n<meta property=\"og:image\" content=\"https:\/\/maringapost.com.br\/talentoempauta\/wp-content\/uploads\/sites\/28\/2021\/02\/shutterstock_118462969red.jpg\" \/>\n\t<meta property=\"og:image:width\" content=\"529\" \/>\n\t<meta property=\"og:image:height\" content=\"375\" \/>\n\t<meta property=\"og:image:type\" content=\"image\/jpeg\" \/>\n<meta name=\"author\" content=\"Bernt Entschev\" \/>\n<meta name=\"twitter:card\" content=\"summary_large_image\" \/>\n<meta name=\"twitter:label1\" content=\"Escrito por\" \/>\n\t<meta name=\"twitter:data1\" content=\"\" \/>\n\t<meta name=\"twitter:label2\" content=\"Est. tempo de leitura\" \/>\n\t<meta name=\"twitter:data2\" content=\"2 minutos\" \/>\n<script type=\"application\/ld+json\" class=\"yoast-schema-graph\">{\"@context\":\"https:\/\/schema.org\",\"@graph\":[{\"@type\":\"WebPage\",\"@id\":\"https:\/\/maringapost.com.br\/talentoempauta\/2021\/02\/08\/educacao-e-mercado-de-trabalho\/\",\"url\":\"https:\/\/maringapost.com.br\/talentoempauta\/2021\/02\/08\/educacao-e-mercado-de-trabalho\/\",\"name\":\"Educa\u00e7\u00e3o e mercado de trabalho - Talento em Pauta\",\"isPartOf\":{\"@id\":\"https:\/\/maringapost.com.br\/talentoempauta\/#website\"},\"primaryImageOfPage\":{\"@id\":\"https:\/\/maringapost.com.br\/talentoempauta\/2021\/02\/08\/educacao-e-mercado-de-trabalho\/#primaryimage\"},\"image\":{\"@id\":\"https:\/\/maringapost.com.br\/talentoempauta\/2021\/02\/08\/educacao-e-mercado-de-trabalho\/#primaryimage\"},\"thumbnailUrl\":\"https:\/\/maringapost.com.br\/talentoempauta\/wp-content\/uploads\/sites\/28\/2021\/02\/shutterstock_118462969red.jpg\",\"datePublished\":\"2021-02-08T14:47:39+00:00\",\"dateModified\":\"2021-02-08T14:47:39+00:00\",\"author\":{\"@id\":\"https:\/\/maringapost.com.br\/talentoempauta\/#\/schema\/person\/4737ee7b405a8f104945e7a6aa6e1bfa\"},\"breadcrumb\":{\"@id\":\"https:\/\/maringapost.com.br\/talentoempauta\/2021\/02\/08\/educacao-e-mercado-de-trabalho\/#breadcrumb\"},\"inLanguage\":\"pt-BR\",\"potentialAction\":[{\"@type\":\"ReadAction\",\"target\":[\"https:\/\/maringapost.com.br\/talentoempauta\/2021\/02\/08\/educacao-e-mercado-de-trabalho\/\"]}]},{\"@type\":\"ImageObject\",\"inLanguage\":\"pt-BR\",\"@id\":\"https:\/\/maringapost.com.br\/talentoempauta\/2021\/02\/08\/educacao-e-mercado-de-trabalho\/#primaryimage\",\"url\":\"https:\/\/maringapost.com.br\/talentoempauta\/wp-content\/uploads\/sites\/28\/2021\/02\/shutterstock_118462969red.jpg\",\"contentUrl\":\"https:\/\/maringapost.com.br\/talentoempauta\/wp-content\/uploads\/sites\/28\/2021\/02\/shutterstock_118462969red.jpg\",\"width\":529,\"height\":375},{\"@type\":\"BreadcrumbList\",\"@id\":\"https:\/\/maringapost.com.br\/talentoempauta\/2021\/02\/08\/educacao-e-mercado-de-trabalho\/#breadcrumb\",\"itemListElement\":[{\"@type\":\"ListItem\",\"position\":1,\"name\":\"In\u00edcio\",\"item\":\"https:\/\/maringapost.com.br\/talentoempauta\/\"},{\"@type\":\"ListItem\",\"position\":2,\"name\":\"Educa\u00e7\u00e3o e mercado de trabalho\"}]},{\"@type\":\"WebSite\",\"@id\":\"https:\/\/maringapost.com.br\/talentoempauta\/#website\",\"url\":\"https:\/\/maringapost.com.br\/talentoempauta\/\",\"name\":\"Talento em Pauta\",\"description\":\"S\u00f3 mais um site Maring\u00e1 Post\",\"potentialAction\":[{\"@type\":\"SearchAction\",\"target\":{\"@type\":\"EntryPoint\",\"urlTemplate\":\"https:\/\/maringapost.com.br\/talentoempauta\/?s={search_term_string}\"},\"query-input\":\"required name=search_term_string\"}],\"inLanguage\":\"pt-BR\"},{\"@type\":\"Person\",\"@id\":\"https:\/\/maringapost.com.br\/talentoempauta\/#\/schema\/person\/4737ee7b405a8f104945e7a6aa6e1bfa\",\"name\":\"Bernt Entschev\",\"image\":{\"@type\":\"ImageObject\",\"inLanguage\":\"pt-BR\",\"@id\":\"https:\/\/maringapost.com.br\/talentoempauta\/#\/schema\/person\/image\/\",\"url\":\"https:\/\/secure.gravatar.com\/avatar\/40689bd3a268c4719a44636e641ab15b?s=96&d=mm&r=g\",\"contentUrl\":\"https:\/\/secure.gravatar.com\/avatar\/40689bd3a268c4719a44636e641ab15b?s=96&d=mm&r=g\",\"caption\":\"Bernt Entschev\"},\"url\":\"https:\/\/maringapost.com.br\/talentoempauta\/author\/bernt\/\"}]}<\/script>\n<!-- \/ Yoast SEO Premium plugin. -->","yoast_head_json":{"title":"Educa\u00e7\u00e3o e mercado de trabalho - Talento em Pauta","robots":{"index":"index","follow":"follow","max-snippet":"max-snippet:-1","max-image-preview":"max-image-preview:large","max-video-preview":"max-video-preview:-1"},"canonical":"https:\/\/maringapost.com.br\/talentoempauta\/2021\/02\/08\/educacao-e-mercado-de-trabalho\/","og_locale":"pt_BR","og_type":"article","og_title":"Educa\u00e7\u00e3o e mercado de trabalho","og_description":"Nos \u00faltimos tempos tenho conversando muito com colegas especialistas em carreiras e desenvolvimento pessoal. Todos s\u00e3o un\u00e2nimes quando o assunto \u00e9 \u2018Educa\u00e7\u00e3o e mercado de Trabalho\u201d. Esses profissionais concordam entre si que o conhecimento e o aperfei\u00e7oamento em \u00e1reas como tecnologia, finan\u00e7as e sa\u00fade ser\u00e3o um grande diferencial para quem pretende dar uma guinada na [&hellip;]","og_url":"https:\/\/maringapost.com.br\/talentoempauta\/2021\/02\/08\/educacao-e-mercado-de-trabalho\/","og_site_name":"Talento em Pauta","article_published_time":"2021-02-08T14:47:39+00:00","og_image":[{"width":529,"height":375,"url":"https:\/\/maringapost.com.br\/talentoempauta\/wp-content\/uploads\/sites\/28\/2021\/02\/shutterstock_118462969red.jpg","type":"image\/jpeg"}],"author":"Bernt Entschev","twitter_card":"summary_large_image","twitter_misc":{"Escrito por":false,"Est. tempo de leitura":"2 minutos"},"schema":{"@context":"https:\/\/schema.org","@graph":[{"@type":"WebPage","@id":"https:\/\/maringapost.com.br\/talentoempauta\/2021\/02\/08\/educacao-e-mercado-de-trabalho\/","url":"https:\/\/maringapost.com.br\/talentoempauta\/2021\/02\/08\/educacao-e-mercado-de-trabalho\/","name":"Educa\u00e7\u00e3o e mercado de trabalho - Talento em Pauta","isPartOf":{"@id":"https:\/\/maringapost.com.br\/talentoempauta\/#website"},"primaryImageOfPage":{"@id":"https:\/\/maringapost.com.br\/talentoempauta\/2021\/02\/08\/educacao-e-mercado-de-trabalho\/#primaryimage"},"image":{"@id":"https:\/\/maringapost.com.br\/talentoempauta\/2021\/02\/08\/educacao-e-mercado-de-trabalho\/#primaryimage"},"thumbnailUrl":"https:\/\/maringapost.com.br\/talentoempauta\/wp-content\/uploads\/sites\/28\/2021\/02\/shutterstock_118462969red.jpg","datePublished":"2021-02-08T14:47:39+00:00","dateModified":"2021-02-08T14:47:39+00:00","author":{"@id":"https:\/\/maringapost.com.br\/talentoempauta\/#\/schema\/person\/4737ee7b405a8f104945e7a6aa6e1bfa"},"breadcrumb":{"@id":"https:\/\/maringapost.com.br\/talentoempauta\/2021\/02\/08\/educacao-e-mercado-de-trabalho\/#breadcrumb"},"inLanguage":"pt-BR","potentialAction":[{"@type":"ReadAction","target":["https:\/\/maringapost.com.br\/talentoempauta\/2021\/02\/08\/educacao-e-mercado-de-trabalho\/"]}]},{"@type":"ImageObject","inLanguage":"pt-BR","@id":"https:\/\/maringapost.com.br\/talentoempauta\/2021\/02\/08\/educacao-e-mercado-de-trabalho\/#primaryimage","url":"https:\/\/maringapost.com.br\/talentoempauta\/wp-content\/uploads\/sites\/28\/2021\/02\/shutterstock_118462969red.jpg","contentUrl":"https:\/\/maringapost.com.br\/talentoempauta\/wp-content\/uploads\/sites\/28\/2021\/02\/shutterstock_118462969red.jpg","width":529,"height":375},{"@type":"BreadcrumbList","@id":"https:\/\/maringapost.com.br\/talentoempauta\/2021\/02\/08\/educacao-e-mercado-de-trabalho\/#breadcrumb","itemListElement":[{"@type":"ListItem","position":1,"name":"In\u00edcio","item":"https:\/\/maringapost.com.br\/talentoempauta\/"},{"@type":"ListItem","position":2,"name":"Educa\u00e7\u00e3o e mercado de trabalho"}]},{"@type":"WebSite","@id":"https:\/\/maringapost.com.br\/talentoempauta\/#website","url":"https:\/\/maringapost.com.br\/talentoempauta\/","name":"Talento em Pauta","description":"S\u00f3 mais um site Maring\u00e1 Post","potentialAction":[{"@type":"SearchAction","target":{"@type":"EntryPoint","urlTemplate":"https:\/\/maringapost.com.br\/talentoempauta\/?s={search_term_string}"},"query-input":"required name=search_term_string"}],"inLanguage":"pt-BR"},{"@type":"Person","@id":"https:\/\/maringapost.com.br\/talentoempauta\/#\/schema\/person\/4737ee7b405a8f104945e7a6aa6e1bfa","name":"Bernt Entschev","image":{"@type":"ImageObject","inLanguage":"pt-BR","@id":"https:\/\/maringapost.com.br\/talentoempauta\/#\/schema\/person\/image\/","url":"https:\/\/secure.gravatar.com\/avatar\/40689bd3a268c4719a44636e641ab15b?s=96&d=mm&r=g","contentUrl":"https:\/\/secure.gravatar.com\/avatar\/40689bd3a268c4719a44636e641ab15b?s=96&d=mm&r=g","caption":"Bernt Entschev"},"url":"https:\/\/maringapost.com.br\/talentoempauta\/author\/bernt\/"}]}},"_links":{"self":[{"href":"https:\/\/maringapost.com.br\/talentoempauta\/wp-json\/wp\/v2\/posts\/68"}],"collection":[{"href":"https:\/\/maringapost.com.br\/talentoempauta\/wp-json\/wp\/v2\/posts"}],"about":[{"href":"https:\/\/maringapost.com.br\/talentoempauta\/wp-json\/wp\/v2\/types\/post"}],"author":[{"embeddable":true,"href":"https:\/\/maringapost.com.br\/talentoempauta\/wp-json\/wp\/v2\/users\/11824"}],"replies":[{"embeddable":true,"href":"https:\/\/maringapost.com.br\/talentoempauta\/wp-json\/wp\/v2\/comments?post=68"}],"version-history":[{"count":1,"href":"https:\/\/maringapost.com.br\/talentoempauta\/wp-json\/wp\/v2\/posts\/68\/revisions"}],"predecessor-version":[{"id":69,"href":"https:\/\/maringapost.com.br\/talentoempauta\/wp-json\/wp\/v2\/posts\/68\/revisions\/69"}],"wp:featuredmedia":[{"embeddable":true,"href":"https:\/\/maringapost.com.br\/talentoempauta\/wp-json\/wp\/v2\/media\/66"}],"wp:attachment":[{"href":"https:\/\/maringapost.com.br\/talentoempauta\/wp-json\/wp\/v2\/media?parent=68"}],"wp:term":[{"taxonomy":"category","embeddable":true,"href":"https:\/\/maringapost.com.br\/talentoempauta\/wp-json\/wp\/v2\/categories?post=68"},{"taxonomy":"post_tag","embeddable":true,"href":"https:\/\/maringapost.com.br\/talentoempauta\/wp-json\/wp\/v2\/tags?post=68"}],"curies":[{"name":"wp","href":"https:\/\/api.w.org\/{rel}","templated":true}]}}