{"id":58,"date":"2021-01-25T09:19:59","date_gmt":"2021-01-25T12:19:59","guid":{"rendered":"http:\/\/maringapost.com.br\/talentoempauta\/?p=58"},"modified":"2021-01-25T09:19:59","modified_gmt":"2021-01-25T12:19:59","slug":"fura-filas-e-o-mercado-de-trabalho","status":"publish","type":"post","link":"https:\/\/maringapost.com.br\/talentoempauta\/2021\/01\/25\/fura-filas-e-o-mercado-de-trabalho\/","title":{"rendered":"Fura-filas e o mercado de trabalho"},"content":{"rendered":"<p>As not\u00edcias de que as vacinas come\u00e7aram a ser aplicadas em brasileiros de Norte a Sul do Brasil nesta segunda quinzena de janeiro foi recebida com alento pela grande maioria das pessoas. De fato, a imuniza\u00e7\u00e3o representa a vida, renova esperan\u00e7a e carrega uma perspectiva para um cen\u00e1rio econ\u00f4mico melhor, com mais oportunidades para o mercado de trabalho, que hoje t\u00eam 14 milh\u00f5es de desempregados em nosso pa\u00eds.<\/p>\n<p>Contudo, as doses nem mesmo aterrissaram e come\u00e7aram pipocar not\u00edcias e imagens pelas redes sociais de pessoas sendo imunizadas,\u00a0 mesmo n\u00e3o tendo o direito neste momento,\u00a0 os chamados, fura-filas. Triste constata\u00e7\u00e3o. Vemos que al\u00e9m de todas as mazelas que a Covid-19 trouxe, muita gente ainda n\u00e3o aprendeu a reconhecer o pr\u00f3ximo, a valorizar o trabalho do outro e a deixar de olhar no seu pr\u00f3prio umbigo como centro das aten\u00e7\u00f5es e do mundo.<\/p>\n<p>Embora pontuais, \u00e9 claro, dois fatos me chamaram a aten\u00e7\u00e3o neste contexto: primeiro foi de profissionais da \u00e1rea de sa\u00fade vacinados pouqu\u00edssimo tempo depois de terem assinado o contrato de trabalho e por serem de fam\u00edlias abastadas de nossa sociedade. A justificativa \u00e9 que iriam trabalhar tamb\u00e9m na linha de frente. A outra foi tamb\u00e9m de um representante de uma prefeitura do interior do Brasil o qual, ao longo do processo de concep\u00e7\u00e3o da vacina fez de um tudo para tirar o cr\u00e9dito dos estudos que os cientistas estavam realizando, ao que tudo indica por quest\u00f5es pol\u00edticas ou ideol\u00f3gicas.<\/p>\n<p>Mas Bernt, o que isso tem a haver com o mercado de trabalho? Tudo! A come\u00e7ar pela coer\u00eancia daquilo que voc\u00ea diz e faz, seja na rede social, seja no seu c\u00edrculo de amizade, na cidade em que voc\u00ea reside. N\u00e3o d\u00e1 para ser uma pessoa com v\u00e1rias faces, que muda de rosto conforme o sabor dos acontecimentos. Isso se chama falsidade, \u00e9 fake e demonstra o quanto a pessoa n\u00e3o se importa com o todo, mas somente consigo mesma. Logo, o mercado de trabalho est\u00e1 cada vez mais atento a esse perfil de profissionais em suas equipes.<\/p>\n<p>As redes sociais t\u00eam ajudado muito as empresas a deletar e a peneirar pessoas que se comportam desta forma. Outro perfil que tem tido repudio no mercado \u00e9 o cara sem respeito. Voc\u00ea n\u00e3o pode, por exemplo, querer entrar em uma empresa, organiza\u00e7\u00e3o, ou em uma institui\u00e7\u00e3o de sa\u00fade, e furar a fila seja l\u00e1 para o que for. Por mais que algu\u00e9m lhe ofere\u00e7a algo que eventualmente possa ser de seu direito, primeiro analise, pergunte a si mesmo se algu\u00e9m que j\u00e1 est\u00e1 h\u00e1 mais tempo naquela empresa, que j\u00e1 caminhou o bastante e que merece aquilo j\u00e1 foi contemplado, como \u00e9 o caso expl\u00edcito da vacina. Tem gente trabalhando a fio h\u00e1 11 meses sem ver a fam\u00edlia, com medo de levar o v\u00edrus para casa. Ser\u00e1 que n\u00e3o seria essa a pessoa a ser vacinada antes?<\/p>\n<p>Logo, isso vale para todos n\u00f3s que estamos no mercado. Tenhamos sensibilidade ou semancol.<\/p>\n<p>Minha dica: procure sempre exercitar a cidadania, a coer\u00eancia e transpar\u00eancia. Seja a mesma pessoa no seu curr\u00edculo, na sua rede social e na vida com amigos e no trabalho. O mundo precisa de todos os perfis, pois todos somos complementares, e h\u00e1 espa\u00e7o para todos n\u00f3s. N\u00e3o precisamos sair mentindo ou inventando ou furando filas. Se, eventualmente, lhe for apresentado uma oportunidade de burlar esse conceito, recuse, privilegiando a autenticidade. Com certeza, pessoas que agem com essa transpar\u00eancia ter\u00e3o \u00eaxito e felicidade no mercado de trabalho.<\/p>\n<p>&nbsp;<\/p>\n<p>&nbsp;<\/p>\n<p>&nbsp;<\/p>\n","protected":false},"excerpt":{"rendered":"<p>As not\u00edcias de que as vacinas come\u00e7aram a ser aplicadas em brasileiros de Norte a Sul do Brasil nesta segunda quinzena de janeiro foi recebida com alento pela grande maioria das pessoas. De fato, a imuniza\u00e7\u00e3o representa a vida, renova esperan\u00e7a e carrega uma perspectiva para um cen\u00e1rio econ\u00f4mico melhor, com mais oportunidades para o [&hellip;]<\/p>\n","protected":false},"author":11824,"featured_media":59,"comment_status":"closed","ping_status":"open","sticky":false,"template":"","format":"standard","meta":{"_exactmetrics_skip_tracking":false,"_exactmetrics_sitenote_active":false,"_exactmetrics_sitenote_note":"","_exactmetrics_sitenote_category":0,"footnotes":""},"categories":[4],"tags":[],"yoast_head":"<!-- This site is optimized with the Yoast SEO Premium plugin v22.7 (Yoast SEO v22.7) - https:\/\/yoast.com\/wordpress\/plugins\/seo\/ -->\n<title>Fura-filas e o mercado de trabalho - Talento em Pauta<\/title>\n<meta name=\"robots\" content=\"index, follow, max-snippet:-1, max-image-preview:large, max-video-preview:-1\" \/>\n<link rel=\"canonical\" href=\"https:\/\/maringapost.com.br\/talentoempauta\/2021\/01\/25\/fura-filas-e-o-mercado-de-trabalho\/\" \/>\n<meta property=\"og:locale\" content=\"pt_BR\" \/>\n<meta property=\"og:type\" content=\"article\" \/>\n<meta property=\"og:title\" content=\"Fura-filas e o mercado de trabalho\" \/>\n<meta property=\"og:description\" content=\"As not\u00edcias de que as vacinas come\u00e7aram a ser aplicadas em brasileiros de Norte a Sul do Brasil nesta segunda quinzena de janeiro foi recebida com alento pela grande maioria das pessoas. De fato, a imuniza\u00e7\u00e3o representa a vida, renova esperan\u00e7a e carrega uma perspectiva para um cen\u00e1rio econ\u00f4mico melhor, com mais oportunidades para o [&hellip;]\" \/>\n<meta property=\"og:url\" content=\"https:\/\/maringapost.com.br\/talentoempauta\/2021\/01\/25\/fura-filas-e-o-mercado-de-trabalho\/\" \/>\n<meta property=\"og:site_name\" content=\"Talento em Pauta\" \/>\n<meta property=\"article:published_time\" content=\"2021-01-25T12:19:59+00:00\" \/>\n<meta property=\"og:image\" content=\"https:\/\/maringapost.com.br\/talentoempauta\/wp-content\/uploads\/sites\/28\/2021\/01\/pequena.jpg\" \/>\n\t<meta property=\"og:image:width\" content=\"1000\" \/>\n\t<meta property=\"og:image:height\" content=\"714\" \/>\n\t<meta property=\"og:image:type\" content=\"image\/jpeg\" \/>\n<meta name=\"author\" content=\"Bernt Entschev\" \/>\n<meta name=\"twitter:card\" content=\"summary_large_image\" \/>\n<meta name=\"twitter:label1\" content=\"Escrito por\" \/>\n\t<meta name=\"twitter:data1\" content=\"\" \/>\n\t<meta name=\"twitter:label2\" content=\"Est. tempo de leitura\" \/>\n\t<meta name=\"twitter:data2\" content=\"3 minutos\" \/>\n<script type=\"application\/ld+json\" class=\"yoast-schema-graph\">{\"@context\":\"https:\/\/schema.org\",\"@graph\":[{\"@type\":\"WebPage\",\"@id\":\"https:\/\/maringapost.com.br\/talentoempauta\/2021\/01\/25\/fura-filas-e-o-mercado-de-trabalho\/\",\"url\":\"https:\/\/maringapost.com.br\/talentoempauta\/2021\/01\/25\/fura-filas-e-o-mercado-de-trabalho\/\",\"name\":\"Fura-filas e o mercado de trabalho - Talento em Pauta\",\"isPartOf\":{\"@id\":\"https:\/\/maringapost.com.br\/talentoempauta\/#website\"},\"primaryImageOfPage\":{\"@id\":\"https:\/\/maringapost.com.br\/talentoempauta\/2021\/01\/25\/fura-filas-e-o-mercado-de-trabalho\/#primaryimage\"},\"image\":{\"@id\":\"https:\/\/maringapost.com.br\/talentoempauta\/2021\/01\/25\/fura-filas-e-o-mercado-de-trabalho\/#primaryimage\"},\"thumbnailUrl\":\"https:\/\/maringapost.com.br\/talentoempauta\/wp-content\/uploads\/sites\/28\/2021\/01\/pequena.jpg\",\"datePublished\":\"2021-01-25T12:19:59+00:00\",\"dateModified\":\"2021-01-25T12:19:59+00:00\",\"author\":{\"@id\":\"https:\/\/maringapost.com.br\/talentoempauta\/#\/schema\/person\/4737ee7b405a8f104945e7a6aa6e1bfa\"},\"breadcrumb\":{\"@id\":\"https:\/\/maringapost.com.br\/talentoempauta\/2021\/01\/25\/fura-filas-e-o-mercado-de-trabalho\/#breadcrumb\"},\"inLanguage\":\"pt-BR\",\"potentialAction\":[{\"@type\":\"ReadAction\",\"target\":[\"https:\/\/maringapost.com.br\/talentoempauta\/2021\/01\/25\/fura-filas-e-o-mercado-de-trabalho\/\"]}]},{\"@type\":\"ImageObject\",\"inLanguage\":\"pt-BR\",\"@id\":\"https:\/\/maringapost.com.br\/talentoempauta\/2021\/01\/25\/fura-filas-e-o-mercado-de-trabalho\/#primaryimage\",\"url\":\"https:\/\/maringapost.com.br\/talentoempauta\/wp-content\/uploads\/sites\/28\/2021\/01\/pequena.jpg\",\"contentUrl\":\"https:\/\/maringapost.com.br\/talentoempauta\/wp-content\/uploads\/sites\/28\/2021\/01\/pequena.jpg\",\"width\":1000,\"height\":714},{\"@type\":\"BreadcrumbList\",\"@id\":\"https:\/\/maringapost.com.br\/talentoempauta\/2021\/01\/25\/fura-filas-e-o-mercado-de-trabalho\/#breadcrumb\",\"itemListElement\":[{\"@type\":\"ListItem\",\"position\":1,\"name\":\"In\u00edcio\",\"item\":\"https:\/\/maringapost.com.br\/talentoempauta\/\"},{\"@type\":\"ListItem\",\"position\":2,\"name\":\"Fura-filas e o mercado de trabalho\"}]},{\"@type\":\"WebSite\",\"@id\":\"https:\/\/maringapost.com.br\/talentoempauta\/#website\",\"url\":\"https:\/\/maringapost.com.br\/talentoempauta\/\",\"name\":\"Talento em Pauta\",\"description\":\"S\u00f3 mais um site Maring\u00e1 Post\",\"potentialAction\":[{\"@type\":\"SearchAction\",\"target\":{\"@type\":\"EntryPoint\",\"urlTemplate\":\"https:\/\/maringapost.com.br\/talentoempauta\/?s={search_term_string}\"},\"query-input\":\"required name=search_term_string\"}],\"inLanguage\":\"pt-BR\"},{\"@type\":\"Person\",\"@id\":\"https:\/\/maringapost.com.br\/talentoempauta\/#\/schema\/person\/4737ee7b405a8f104945e7a6aa6e1bfa\",\"name\":\"Bernt Entschev\",\"image\":{\"@type\":\"ImageObject\",\"inLanguage\":\"pt-BR\",\"@id\":\"https:\/\/maringapost.com.br\/talentoempauta\/#\/schema\/person\/image\/\",\"url\":\"https:\/\/secure.gravatar.com\/avatar\/40689bd3a268c4719a44636e641ab15b?s=96&d=mm&r=g\",\"contentUrl\":\"https:\/\/secure.gravatar.com\/avatar\/40689bd3a268c4719a44636e641ab15b?s=96&d=mm&r=g\",\"caption\":\"Bernt Entschev\"},\"url\":\"https:\/\/maringapost.com.br\/talentoempauta\/author\/bernt\/\"}]}<\/script>\n<!-- \/ Yoast SEO Premium plugin. -->","yoast_head_json":{"title":"Fura-filas e o mercado de trabalho - Talento em Pauta","robots":{"index":"index","follow":"follow","max-snippet":"max-snippet:-1","max-image-preview":"max-image-preview:large","max-video-preview":"max-video-preview:-1"},"canonical":"https:\/\/maringapost.com.br\/talentoempauta\/2021\/01\/25\/fura-filas-e-o-mercado-de-trabalho\/","og_locale":"pt_BR","og_type":"article","og_title":"Fura-filas e o mercado de trabalho","og_description":"As not\u00edcias de que as vacinas come\u00e7aram a ser aplicadas em brasileiros de Norte a Sul do Brasil nesta segunda quinzena de janeiro foi recebida com alento pela grande maioria das pessoas. De fato, a imuniza\u00e7\u00e3o representa a vida, renova esperan\u00e7a e carrega uma perspectiva para um cen\u00e1rio econ\u00f4mico melhor, com mais oportunidades para o [&hellip;]","og_url":"https:\/\/maringapost.com.br\/talentoempauta\/2021\/01\/25\/fura-filas-e-o-mercado-de-trabalho\/","og_site_name":"Talento em Pauta","article_published_time":"2021-01-25T12:19:59+00:00","og_image":[{"width":1000,"height":714,"url":"https:\/\/maringapost.com.br\/talentoempauta\/wp-content\/uploads\/sites\/28\/2021\/01\/pequena.jpg","type":"image\/jpeg"}],"author":"Bernt Entschev","twitter_card":"summary_large_image","twitter_misc":{"Escrito por":false,"Est. tempo de leitura":"3 minutos"},"schema":{"@context":"https:\/\/schema.org","@graph":[{"@type":"WebPage","@id":"https:\/\/maringapost.com.br\/talentoempauta\/2021\/01\/25\/fura-filas-e-o-mercado-de-trabalho\/","url":"https:\/\/maringapost.com.br\/talentoempauta\/2021\/01\/25\/fura-filas-e-o-mercado-de-trabalho\/","name":"Fura-filas e o mercado de trabalho - Talento em Pauta","isPartOf":{"@id":"https:\/\/maringapost.com.br\/talentoempauta\/#website"},"primaryImageOfPage":{"@id":"https:\/\/maringapost.com.br\/talentoempauta\/2021\/01\/25\/fura-filas-e-o-mercado-de-trabalho\/#primaryimage"},"image":{"@id":"https:\/\/maringapost.com.br\/talentoempauta\/2021\/01\/25\/fura-filas-e-o-mercado-de-trabalho\/#primaryimage"},"thumbnailUrl":"https:\/\/maringapost.com.br\/talentoempauta\/wp-content\/uploads\/sites\/28\/2021\/01\/pequena.jpg","datePublished":"2021-01-25T12:19:59+00:00","dateModified":"2021-01-25T12:19:59+00:00","author":{"@id":"https:\/\/maringapost.com.br\/talentoempauta\/#\/schema\/person\/4737ee7b405a8f104945e7a6aa6e1bfa"},"breadcrumb":{"@id":"https:\/\/maringapost.com.br\/talentoempauta\/2021\/01\/25\/fura-filas-e-o-mercado-de-trabalho\/#breadcrumb"},"inLanguage":"pt-BR","potentialAction":[{"@type":"ReadAction","target":["https:\/\/maringapost.com.br\/talentoempauta\/2021\/01\/25\/fura-filas-e-o-mercado-de-trabalho\/"]}]},{"@type":"ImageObject","inLanguage":"pt-BR","@id":"https:\/\/maringapost.com.br\/talentoempauta\/2021\/01\/25\/fura-filas-e-o-mercado-de-trabalho\/#primaryimage","url":"https:\/\/maringapost.com.br\/talentoempauta\/wp-content\/uploads\/sites\/28\/2021\/01\/pequena.jpg","contentUrl":"https:\/\/maringapost.com.br\/talentoempauta\/wp-content\/uploads\/sites\/28\/2021\/01\/pequena.jpg","width":1000,"height":714},{"@type":"BreadcrumbList","@id":"https:\/\/maringapost.com.br\/talentoempauta\/2021\/01\/25\/fura-filas-e-o-mercado-de-trabalho\/#breadcrumb","itemListElement":[{"@type":"ListItem","position":1,"name":"In\u00edcio","item":"https:\/\/maringapost.com.br\/talentoempauta\/"},{"@type":"ListItem","position":2,"name":"Fura-filas e o mercado de trabalho"}]},{"@type":"WebSite","@id":"https:\/\/maringapost.com.br\/talentoempauta\/#website","url":"https:\/\/maringapost.com.br\/talentoempauta\/","name":"Talento em Pauta","description":"S\u00f3 mais um site Maring\u00e1 Post","potentialAction":[{"@type":"SearchAction","target":{"@type":"EntryPoint","urlTemplate":"https:\/\/maringapost.com.br\/talentoempauta\/?s={search_term_string}"},"query-input":"required name=search_term_string"}],"inLanguage":"pt-BR"},{"@type":"Person","@id":"https:\/\/maringapost.com.br\/talentoempauta\/#\/schema\/person\/4737ee7b405a8f104945e7a6aa6e1bfa","name":"Bernt Entschev","image":{"@type":"ImageObject","inLanguage":"pt-BR","@id":"https:\/\/maringapost.com.br\/talentoempauta\/#\/schema\/person\/image\/","url":"https:\/\/secure.gravatar.com\/avatar\/40689bd3a268c4719a44636e641ab15b?s=96&d=mm&r=g","contentUrl":"https:\/\/secure.gravatar.com\/avatar\/40689bd3a268c4719a44636e641ab15b?s=96&d=mm&r=g","caption":"Bernt Entschev"},"url":"https:\/\/maringapost.com.br\/talentoempauta\/author\/bernt\/"}]}},"_links":{"self":[{"href":"https:\/\/maringapost.com.br\/talentoempauta\/wp-json\/wp\/v2\/posts\/58"}],"collection":[{"href":"https:\/\/maringapost.com.br\/talentoempauta\/wp-json\/wp\/v2\/posts"}],"about":[{"href":"https:\/\/maringapost.com.br\/talentoempauta\/wp-json\/wp\/v2\/types\/post"}],"author":[{"embeddable":true,"href":"https:\/\/maringapost.com.br\/talentoempauta\/wp-json\/wp\/v2\/users\/11824"}],"replies":[{"embeddable":true,"href":"https:\/\/maringapost.com.br\/talentoempauta\/wp-json\/wp\/v2\/comments?post=58"}],"version-history":[{"count":1,"href":"https:\/\/maringapost.com.br\/talentoempauta\/wp-json\/wp\/v2\/posts\/58\/revisions"}],"predecessor-version":[{"id":60,"href":"https:\/\/maringapost.com.br\/talentoempauta\/wp-json\/wp\/v2\/posts\/58\/revisions\/60"}],"wp:featuredmedia":[{"embeddable":true,"href":"https:\/\/maringapost.com.br\/talentoempauta\/wp-json\/wp\/v2\/media\/59"}],"wp:attachment":[{"href":"https:\/\/maringapost.com.br\/talentoempauta\/wp-json\/wp\/v2\/media?parent=58"}],"wp:term":[{"taxonomy":"category","embeddable":true,"href":"https:\/\/maringapost.com.br\/talentoempauta\/wp-json\/wp\/v2\/categories?post=58"},{"taxonomy":"post_tag","embeddable":true,"href":"https:\/\/maringapost.com.br\/talentoempauta\/wp-json\/wp\/v2\/tags?post=58"}],"curies":[{"name":"wp","href":"https:\/\/api.w.org\/{rel}","templated":true}]}}