{"id":40,"date":"2021-01-12T17:51:33","date_gmt":"2021-01-12T20:51:33","guid":{"rendered":"http:\/\/maringapost.com.br\/talentoempauta\/?p=40"},"modified":"2021-01-13T11:41:50","modified_gmt":"2021-01-13T14:41:50","slug":"educacao-digital","status":"publish","type":"post","link":"https:\/\/maringapost.com.br\/talentoempauta\/2021\/01\/12\/educacao-digital\/","title":{"rendered":"Educa\u00e7\u00e3o Digital"},"content":{"rendered":"<p>Muitos de voc\u00eas, certamente, conhecem algu\u00e9m que esteja procurando uma vaga no mercado de trabalho, ou que esteja pleiteando mudar de ramo ou de empresa. Bom, in\u00edcio de ano \u00e9 sempre um per\u00edodo para termos este tipo de conversa.<\/p>\n<p>Atravessamos um momento turbulento no mercado de trabalho em 2020. Iniciamos 2021 com uma perspectiva melhor em rela\u00e7\u00e3o a contrata\u00e7\u00f5es formais, contudo n\u00e3o alivia a press\u00e3o dos 14 milh\u00f5es de pessoas que buscam uma nova oportunidade em todo o pa\u00eds. Para se diferenciar neste mar de gente com o mesmo objetivo, a conquista de uma vaga, voc\u00ea precisa ter estrat\u00e9gias inteligentes.<\/p>\n<p>Por isso, o curr\u00edculo, \u00e9 o seu \u2018cart\u00e3o de visitas\u2019. Ent\u00e3o, precisa estar atraente e atualizado. Mas, para este in\u00edcio de 2021 tenho dado uma dica valiosa para as pessoas que me procuram para saber o que inserir como de diferencial neste documento.<\/p>\n<p>O primeiro ponto a se levar em considera\u00e7\u00e3o \u00e9: qual tem sido a necessidade das empresas em praticamente todas as \u00e1reas nos \u00faltimos meses em rela\u00e7\u00e3o ao perfil das pessoas de suas equipes? Posso afirmar que, al\u00e9m de uma s\u00f3lida forma\u00e7\u00e3o t\u00e9cnica, ganhar\u00e1 pontos candidatos que apresentarem afinidade com ferramentas de comunica\u00e7\u00e3o online. Ou seja, 2020 foi o ano das lives, das reuni\u00f5es virtuais, do <em>upload, dowload,<\/em> dos aplicativos financeiros, dos treinamentos virtuais. Nada de extraordin\u00e1rio, tudo j\u00e1 estava \u00e0 disposi\u00e7\u00e3o, mas subutilizado.<\/p>\n<p>Essas ferramentas vieram para ficar. N\u00e3o ser\u00e3o exatamente 100% utilizadas para as atividades, n\u00e3o acredito nisto. Mas, certamente v\u00e3o estar lado a lado do relacionamento presencial.<\/p>\n<p>O que quero dizer com isso \u00e9:\u00a0 se voc\u00ea tem essa afinidade, se ao longo do ano procurou utilizar dessas ferramentas, se atualizou, n\u00e3o tenha d\u00favidas: abra um espa\u00e7o no seu curr\u00edculo e coloque essa informa\u00e7\u00e3o. Em uma eventual entrevista, procure deixar evidente isto ao entrevistador. Se ele n\u00e3o lhe perguntar, naquele momento da conversa em que \u00e9 aberta a suas considera\u00e7\u00f5es finais, diga que voc\u00ea tamb\u00e9m pode agregar com seus conhecimentos e afinidade. Para este cen\u00e1rio que vivemos isso pode ser um diferencial significativo.<\/p>\n<p>E,\u00a0 caso voc\u00ea ainda n\u00e3o tenha se atentado a este fato, procure se atualizar, come\u00e7ando estudar e a usar ferramentas j\u00e1 populares de intera\u00e7\u00e3o. Em pouco tempo estar\u00e1 craque e tamb\u00e9m poder\u00e1 colocar em seu curr\u00edculo. Pode soar como \u00f3bvio ou at\u00e9 mesmo algo \u2018natural\u2019. Mas, tenho visto muitos curr\u00edculos bons e que teriam potencial para seguir adiante na sele\u00e7\u00e3o serem descartados porque justamente falta essa lapida\u00e7\u00e3o, mencionando como se encontra a educa\u00e7\u00e3o digital do candidato. Pense nisso e aproveite o come\u00e7o de ano para atualizar seu curr\u00edculo e conquistar o seu lugar no mercado de trabalho<\/p>\n","protected":false},"excerpt":{"rendered":"<p>Muitos de voc\u00eas, certamente, conhecem algu\u00e9m que esteja procurando uma vaga no mercado de trabalho, ou que esteja pleiteando mudar de ramo ou de empresa. Bom, in\u00edcio de ano \u00e9 sempre um per\u00edodo para termos este tipo de conversa. Atravessamos um momento turbulento no mercado de trabalho em 2020. Iniciamos 2021 com uma perspectiva melhor [&hellip;]<\/p>\n","protected":false},"author":11801,"featured_media":41,"comment_status":"closed","ping_status":"open","sticky":false,"template":"","format":"standard","meta":{"_exactmetrics_skip_tracking":false,"_exactmetrics_sitenote_active":false,"_exactmetrics_sitenote_note":"","_exactmetrics_sitenote_category":0,"footnotes":""},"categories":[4,1],"tags":[],"yoast_head":"<!-- This site is optimized with the Yoast SEO Premium plugin v22.7 (Yoast SEO v22.7) - https:\/\/yoast.com\/wordpress\/plugins\/seo\/ -->\n<title>Educa\u00e7\u00e3o Digital - Talento em Pauta<\/title>\n<meta name=\"robots\" content=\"index, follow, max-snippet:-1, max-image-preview:large, max-video-preview:-1\" \/>\n<link rel=\"canonical\" href=\"https:\/\/maringapost.com.br\/talentoempauta\/2021\/01\/12\/educacao-digital\/\" \/>\n<meta property=\"og:locale\" content=\"pt_BR\" \/>\n<meta property=\"og:type\" content=\"article\" \/>\n<meta property=\"og:title\" content=\"Educa\u00e7\u00e3o Digital\" \/>\n<meta property=\"og:description\" content=\"Muitos de voc\u00eas, certamente, conhecem algu\u00e9m que esteja procurando uma vaga no mercado de trabalho, ou que esteja pleiteando mudar de ramo ou de empresa. Bom, in\u00edcio de ano \u00e9 sempre um per\u00edodo para termos este tipo de conversa. Atravessamos um momento turbulento no mercado de trabalho em 2020. Iniciamos 2021 com uma perspectiva melhor [&hellip;]\" \/>\n<meta property=\"og:url\" content=\"https:\/\/maringapost.com.br\/talentoempauta\/2021\/01\/12\/educacao-digital\/\" \/>\n<meta property=\"og:site_name\" content=\"Talento em Pauta\" \/>\n<meta property=\"article:published_time\" content=\"2021-01-12T20:51:33+00:00\" \/>\n<meta property=\"article:modified_time\" content=\"2021-01-13T14:41:50+00:00\" \/>\n<meta property=\"og:image\" content=\"https:\/\/maringapost.com.br\/talentoempauta\/wp-content\/uploads\/sites\/28\/2021\/01\/shutterstock_456309676.jpg\" \/>\n\t<meta property=\"og:image:width\" content=\"1000\" \/>\n\t<meta property=\"og:image:height\" content=\"563\" \/>\n\t<meta property=\"og:image:type\" content=\"image\/jpeg\" \/>\n<meta name=\"author\" content=\"Bernt Entschev\" \/>\n<meta name=\"twitter:card\" content=\"summary_large_image\" \/>\n<meta name=\"twitter:label1\" content=\"Escrito por\" \/>\n\t<meta name=\"twitter:data1\" content=\"\" \/>\n\t<meta name=\"twitter:label2\" content=\"Est. tempo de leitura\" \/>\n\t<meta name=\"twitter:data2\" content=\"2 minutos\" \/>\n<script type=\"application\/ld+json\" class=\"yoast-schema-graph\">{\"@context\":\"https:\/\/schema.org\",\"@graph\":[{\"@type\":\"WebPage\",\"@id\":\"https:\/\/maringapost.com.br\/talentoempauta\/2021\/01\/12\/educacao-digital\/\",\"url\":\"https:\/\/maringapost.com.br\/talentoempauta\/2021\/01\/12\/educacao-digital\/\",\"name\":\"Educa\u00e7\u00e3o Digital - Talento em Pauta\",\"isPartOf\":{\"@id\":\"https:\/\/maringapost.com.br\/talentoempauta\/#website\"},\"primaryImageOfPage\":{\"@id\":\"https:\/\/maringapost.com.br\/talentoempauta\/2021\/01\/12\/educacao-digital\/#primaryimage\"},\"image\":{\"@id\":\"https:\/\/maringapost.com.br\/talentoempauta\/2021\/01\/12\/educacao-digital\/#primaryimage\"},\"thumbnailUrl\":\"https:\/\/maringapost.com.br\/talentoempauta\/wp-content\/uploads\/sites\/28\/2021\/01\/shutterstock_456309676.jpg\",\"datePublished\":\"2021-01-12T20:51:33+00:00\",\"dateModified\":\"2021-01-13T14:41:50+00:00\",\"author\":{\"@id\":\"https:\/\/maringapost.com.br\/talentoempauta\/#\/schema\/person\/b26f1e7e7d0ad4c84be1ca001a740e98\"},\"breadcrumb\":{\"@id\":\"https:\/\/maringapost.com.br\/talentoempauta\/2021\/01\/12\/educacao-digital\/#breadcrumb\"},\"inLanguage\":\"pt-BR\",\"potentialAction\":[{\"@type\":\"ReadAction\",\"target\":[\"https:\/\/maringapost.com.br\/talentoempauta\/2021\/01\/12\/educacao-digital\/\"]}]},{\"@type\":\"ImageObject\",\"inLanguage\":\"pt-BR\",\"@id\":\"https:\/\/maringapost.com.br\/talentoempauta\/2021\/01\/12\/educacao-digital\/#primaryimage\",\"url\":\"https:\/\/maringapost.com.br\/talentoempauta\/wp-content\/uploads\/sites\/28\/2021\/01\/shutterstock_456309676.jpg\",\"contentUrl\":\"https:\/\/maringapost.com.br\/talentoempauta\/wp-content\/uploads\/sites\/28\/2021\/01\/shutterstock_456309676.jpg\",\"width\":1000,\"height\":563},{\"@type\":\"BreadcrumbList\",\"@id\":\"https:\/\/maringapost.com.br\/talentoempauta\/2021\/01\/12\/educacao-digital\/#breadcrumb\",\"itemListElement\":[{\"@type\":\"ListItem\",\"position\":1,\"name\":\"In\u00edcio\",\"item\":\"https:\/\/maringapost.com.br\/talentoempauta\/\"},{\"@type\":\"ListItem\",\"position\":2,\"name\":\"Educa\u00e7\u00e3o Digital\"}]},{\"@type\":\"WebSite\",\"@id\":\"https:\/\/maringapost.com.br\/talentoempauta\/#website\",\"url\":\"https:\/\/maringapost.com.br\/talentoempauta\/\",\"name\":\"Talento em Pauta\",\"description\":\"S\u00f3 mais um site Maring\u00e1 Post\",\"potentialAction\":[{\"@type\":\"SearchAction\",\"target\":{\"@type\":\"EntryPoint\",\"urlTemplate\":\"https:\/\/maringapost.com.br\/talentoempauta\/?s={search_term_string}\"},\"query-input\":\"required name=search_term_string\"}],\"inLanguage\":\"pt-BR\"},{\"@type\":\"Person\",\"@id\":\"https:\/\/maringapost.com.br\/talentoempauta\/#\/schema\/person\/b26f1e7e7d0ad4c84be1ca001a740e98\",\"name\":\"Bernt Entschev\",\"image\":{\"@type\":\"ImageObject\",\"inLanguage\":\"pt-BR\",\"@id\":\"https:\/\/maringapost.com.br\/talentoempauta\/#\/schema\/person\/image\/\",\"url\":\"https:\/\/secure.gravatar.com\/avatar\/b8f51c869f1439d0dc425f04d38ddbbe?s=96&d=mm&r=g\",\"contentUrl\":\"https:\/\/secure.gravatar.com\/avatar\/b8f51c869f1439d0dc425f04d38ddbbe?s=96&d=mm&r=g\",\"caption\":\"Bernt Entschev\"},\"description\":\"Consultor de carreira e fundador da De Bernt, trabalha na \u00e1rea de Executive Search h\u00e1 mais de 30 anos. Ocupou diversas posi\u00e7\u00f5es executivas na Souza Cruz, al\u00e9m de ter sido CEO e membro do Board da Manasa. J\u00e1 foi eleito o 4\u00ba Melhor Headhunter do Brasil pelo Canal RH. Autor dos livros \u201cExecutivos, Alfaces &amp; Morangos\u201d e \u201cTalento em Pauta \u2013 Como reger melhor sua carreira\u201d. Bernt agora se dedica como consultor, palestrante e conselheiro das institui\u00e7\u00f5es AMCHAM, AHK, ABRH e IBEF.\",\"sameAs\":[\"https:\/\/www.linkedin.com\/in\/berntentschev\/\"],\"url\":\"https:\/\/maringapost.com.br\/talentoempauta\/author\/marceloelias\/\"}]}<\/script>\n<!-- \/ Yoast SEO Premium plugin. -->","yoast_head_json":{"title":"Educa\u00e7\u00e3o Digital - Talento em Pauta","robots":{"index":"index","follow":"follow","max-snippet":"max-snippet:-1","max-image-preview":"max-image-preview:large","max-video-preview":"max-video-preview:-1"},"canonical":"https:\/\/maringapost.com.br\/talentoempauta\/2021\/01\/12\/educacao-digital\/","og_locale":"pt_BR","og_type":"article","og_title":"Educa\u00e7\u00e3o Digital","og_description":"Muitos de voc\u00eas, certamente, conhecem algu\u00e9m que esteja procurando uma vaga no mercado de trabalho, ou que esteja pleiteando mudar de ramo ou de empresa. Bom, in\u00edcio de ano \u00e9 sempre um per\u00edodo para termos este tipo de conversa. Atravessamos um momento turbulento no mercado de trabalho em 2020. Iniciamos 2021 com uma perspectiva melhor [&hellip;]","og_url":"https:\/\/maringapost.com.br\/talentoempauta\/2021\/01\/12\/educacao-digital\/","og_site_name":"Talento em Pauta","article_published_time":"2021-01-12T20:51:33+00:00","article_modified_time":"2021-01-13T14:41:50+00:00","og_image":[{"width":1000,"height":563,"url":"https:\/\/maringapost.com.br\/talentoempauta\/wp-content\/uploads\/sites\/28\/2021\/01\/shutterstock_456309676.jpg","type":"image\/jpeg"}],"author":"Bernt Entschev","twitter_card":"summary_large_image","twitter_misc":{"Escrito por":false,"Est. tempo de leitura":"2 minutos"},"schema":{"@context":"https:\/\/schema.org","@graph":[{"@type":"WebPage","@id":"https:\/\/maringapost.com.br\/talentoempauta\/2021\/01\/12\/educacao-digital\/","url":"https:\/\/maringapost.com.br\/talentoempauta\/2021\/01\/12\/educacao-digital\/","name":"Educa\u00e7\u00e3o Digital - Talento em Pauta","isPartOf":{"@id":"https:\/\/maringapost.com.br\/talentoempauta\/#website"},"primaryImageOfPage":{"@id":"https:\/\/maringapost.com.br\/talentoempauta\/2021\/01\/12\/educacao-digital\/#primaryimage"},"image":{"@id":"https:\/\/maringapost.com.br\/talentoempauta\/2021\/01\/12\/educacao-digital\/#primaryimage"},"thumbnailUrl":"https:\/\/maringapost.com.br\/talentoempauta\/wp-content\/uploads\/sites\/28\/2021\/01\/shutterstock_456309676.jpg","datePublished":"2021-01-12T20:51:33+00:00","dateModified":"2021-01-13T14:41:50+00:00","author":{"@id":"https:\/\/maringapost.com.br\/talentoempauta\/#\/schema\/person\/b26f1e7e7d0ad4c84be1ca001a740e98"},"breadcrumb":{"@id":"https:\/\/maringapost.com.br\/talentoempauta\/2021\/01\/12\/educacao-digital\/#breadcrumb"},"inLanguage":"pt-BR","potentialAction":[{"@type":"ReadAction","target":["https:\/\/maringapost.com.br\/talentoempauta\/2021\/01\/12\/educacao-digital\/"]}]},{"@type":"ImageObject","inLanguage":"pt-BR","@id":"https:\/\/maringapost.com.br\/talentoempauta\/2021\/01\/12\/educacao-digital\/#primaryimage","url":"https:\/\/maringapost.com.br\/talentoempauta\/wp-content\/uploads\/sites\/28\/2021\/01\/shutterstock_456309676.jpg","contentUrl":"https:\/\/maringapost.com.br\/talentoempauta\/wp-content\/uploads\/sites\/28\/2021\/01\/shutterstock_456309676.jpg","width":1000,"height":563},{"@type":"BreadcrumbList","@id":"https:\/\/maringapost.com.br\/talentoempauta\/2021\/01\/12\/educacao-digital\/#breadcrumb","itemListElement":[{"@type":"ListItem","position":1,"name":"In\u00edcio","item":"https:\/\/maringapost.com.br\/talentoempauta\/"},{"@type":"ListItem","position":2,"name":"Educa\u00e7\u00e3o Digital"}]},{"@type":"WebSite","@id":"https:\/\/maringapost.com.br\/talentoempauta\/#website","url":"https:\/\/maringapost.com.br\/talentoempauta\/","name":"Talento em Pauta","description":"S\u00f3 mais um site Maring\u00e1 Post","potentialAction":[{"@type":"SearchAction","target":{"@type":"EntryPoint","urlTemplate":"https:\/\/maringapost.com.br\/talentoempauta\/?s={search_term_string}"},"query-input":"required name=search_term_string"}],"inLanguage":"pt-BR"},{"@type":"Person","@id":"https:\/\/maringapost.com.br\/talentoempauta\/#\/schema\/person\/b26f1e7e7d0ad4c84be1ca001a740e98","name":"Bernt Entschev","image":{"@type":"ImageObject","inLanguage":"pt-BR","@id":"https:\/\/maringapost.com.br\/talentoempauta\/#\/schema\/person\/image\/","url":"https:\/\/secure.gravatar.com\/avatar\/b8f51c869f1439d0dc425f04d38ddbbe?s=96&d=mm&r=g","contentUrl":"https:\/\/secure.gravatar.com\/avatar\/b8f51c869f1439d0dc425f04d38ddbbe?s=96&d=mm&r=g","caption":"Bernt Entschev"},"description":"Consultor de carreira e fundador da De Bernt, trabalha na \u00e1rea de Executive Search h\u00e1 mais de 30 anos. Ocupou diversas posi\u00e7\u00f5es executivas na Souza Cruz, al\u00e9m de ter sido CEO e membro do Board da Manasa. J\u00e1 foi eleito o 4\u00ba Melhor Headhunter do Brasil pelo Canal RH. Autor dos livros \u201cExecutivos, Alfaces &amp; Morangos\u201d e \u201cTalento em Pauta \u2013 Como reger melhor sua carreira\u201d. Bernt agora se dedica como consultor, palestrante e conselheiro das institui\u00e7\u00f5es AMCHAM, AHK, ABRH e IBEF.","sameAs":["https:\/\/www.linkedin.com\/in\/berntentschev\/"],"url":"https:\/\/maringapost.com.br\/talentoempauta\/author\/marceloelias\/"}]}},"_links":{"self":[{"href":"https:\/\/maringapost.com.br\/talentoempauta\/wp-json\/wp\/v2\/posts\/40"}],"collection":[{"href":"https:\/\/maringapost.com.br\/talentoempauta\/wp-json\/wp\/v2\/posts"}],"about":[{"href":"https:\/\/maringapost.com.br\/talentoempauta\/wp-json\/wp\/v2\/types\/post"}],"author":[{"embeddable":true,"href":"https:\/\/maringapost.com.br\/talentoempauta\/wp-json\/wp\/v2\/users\/11801"}],"replies":[{"embeddable":true,"href":"https:\/\/maringapost.com.br\/talentoempauta\/wp-json\/wp\/v2\/comments?post=40"}],"version-history":[{"count":2,"href":"https:\/\/maringapost.com.br\/talentoempauta\/wp-json\/wp\/v2\/posts\/40\/revisions"}],"predecessor-version":[{"id":46,"href":"https:\/\/maringapost.com.br\/talentoempauta\/wp-json\/wp\/v2\/posts\/40\/revisions\/46"}],"wp:featuredmedia":[{"embeddable":true,"href":"https:\/\/maringapost.com.br\/talentoempauta\/wp-json\/wp\/v2\/media\/41"}],"wp:attachment":[{"href":"https:\/\/maringapost.com.br\/talentoempauta\/wp-json\/wp\/v2\/media?parent=40"}],"wp:term":[{"taxonomy":"category","embeddable":true,"href":"https:\/\/maringapost.com.br\/talentoempauta\/wp-json\/wp\/v2\/categories?post=40"},{"taxonomy":"post_tag","embeddable":true,"href":"https:\/\/maringapost.com.br\/talentoempauta\/wp-json\/wp\/v2\/tags?post=40"}],"curies":[{"name":"wp","href":"https:\/\/api.w.org\/{rel}","templated":true}]}}