{"id":117,"date":"2021-06-07T16:05:19","date_gmt":"2021-06-07T19:05:19","guid":{"rendered":"http:\/\/maringapost.com.br\/talentoempauta\/?p=117"},"modified":"2021-06-07T16:05:19","modified_gmt":"2021-06-07T19:05:19","slug":"educacao-corporativa-em-meio-a-pandemia","status":"publish","type":"post","link":"https:\/\/maringapost.com.br\/talentoempauta\/2021\/06\/07\/educacao-corporativa-em-meio-a-pandemia\/","title":{"rendered":"Educa\u00e7\u00e3o corporativa em meio \u00e0 pandemia"},"content":{"rendered":"<p>Conversando com l\u00edderes empresariais e gestores de diferentes \u00e1reas, tenho percebido que alguns assuntos acabam sendo convergentes, mesmo estando esses profissionais a milhares de quil\u00f4metros de dist\u00e2ncia ou sequer conhecendo um ao outro. De um ano para c\u00e1, as empresas t\u00eam sentido dificuldade para realizar a atualiza\u00e7\u00e3o de suas equipes, que em muitos casos ocorrem ainda em programas com formato presencial.<\/p>\n<p>A pandemia acabou por limitar esse processo de atualiza\u00e7\u00e3o e as empresas j\u00e1 sentem essa aus\u00eancia da educa\u00e7\u00e3o continuada. E isso se explica, em tese, pelo conhecimento aplic\u00e1vel ser vol\u00e1til, atualmente. O que aprendemos hoje acaba ficando velho muito rapidamente. Da\u00ed a necessidade de programas sequenciais de atualiza\u00e7\u00e3o de colaboradores, que tamb\u00e9m s\u00e3o uma resposta para a sensa\u00e7\u00e3o de que as equipes come\u00e7am a ficar desatualizadas.<\/p>\n<p>O bom \u00e9 que existe uma sa\u00edda plaus\u00edvel para tudo. Tenho discutido muito com esses gestores a necessidade de se implantar, conforme a necessidade e o apetite de cada empresa, os modelos de cursos e treinamentos a dist\u00e2ncia que, na minha opini\u00e3o, s\u00e3o t\u00e3o eficazes quanto os presenciais.<\/p>\n<p>Hoje a sigla EAD (Educa\u00e7\u00e3o a Dist\u00e2ncia) j\u00e1 faz parte de nosso vocabul\u00e1rio. Isto porque a evolu\u00e7\u00e3o tecnol\u00f3gica que vivemos permitiu que os cursos nesta modalidade evolu\u00edssem, na quest\u00e3o de transmiss\u00e3o, \u00e1udio e v\u00eddeo. Logo, realizar uma especializa\u00e7\u00e3o utilizando esse recurso ficou pr\u00e1tico, f\u00e1cil e a um custo acess\u00edvel, quando comparado ao m\u00e9todo tradicional.<\/p>\n<p>A \u00fanica exig\u00eancia dos colaboradores \u00e9 que o aluno seja mais dedicado e esteja disposto a aprender sobre o que est\u00e1 sendo abordado, para que se tenha um aproveitamento satisfat\u00f3rio. N\u00e3o deixa de ser diferente do m\u00e9todo presencial, pois um aluno bom ser\u00e1 bom em sala de aula f\u00edsica ou remota.<\/p>\n<p>O mundo corporativo precisa abrir os olhos para esse grande fil\u00e3o de mercado que evoluiu tecnologicamente. Vivendo isso na pr\u00e1tica,\u00a0 ver\u00e1 que a efic\u00e1cia deste m\u00e9todo \u00e9 muito boa. Al\u00e9m disso, o custo pode ser menor quando comparado a outros m\u00e9todos. O aproveitamento \u00e9 incentivado, uma vez que as aulas podem ser feitas a qualquer hora. E se o colaborador perder conte\u00fado, pode fazer a reposi\u00e7\u00e3o quando desejar, a partir de qualquer lugar, situa\u00e7\u00e3o restrita quando se contrata m\u00f3dulos presenciais.<\/p>\n<p>Outro benef\u00edcio \u00e9 a log\u00edstica. Quando se fala em curso presencial e fora da empresa, perde-se tempo no tr\u00e2nsito para chegar aos locais das aulas, por exemplo. Ao final de um curso de EAD, as horas economizadas com deslocamento podem ser um b\u00f4nus de incentivo para o estudo e aproveitamento do aluno.<\/p>\n<p>Logo, a dica \u00e9: transforme essa sua preocupa\u00e7\u00e3o com a educa\u00e7\u00e3o do colaborador em oportunidades. Acione seus profissionais de recursos humanos, crie uma agenda com as lideran\u00e7as e busque alternativas poss\u00edveis dentro do EAD. Voc\u00ea vai se surpreender com os resultados.<\/p>\n<p>&nbsp;<\/p>\n","protected":false},"excerpt":{"rendered":"<p>Conversando com l\u00edderes empresariais e gestores de diferentes \u00e1reas, tenho percebido que alguns assuntos acabam sendo convergentes, mesmo estando esses profissionais a milhares de quil\u00f4metros de dist\u00e2ncia ou sequer conhecendo um ao outro. De um ano para c\u00e1, as empresas t\u00eam sentido dificuldade para realizar a atualiza\u00e7\u00e3o de suas equipes, que em muitos casos ocorrem [&hellip;]<\/p>\n","protected":false},"author":11824,"featured_media":118,"comment_status":"closed","ping_status":"open","sticky":false,"template":"","format":"standard","meta":{"_exactmetrics_skip_tracking":false,"_exactmetrics_sitenote_active":false,"_exactmetrics_sitenote_note":"","_exactmetrics_sitenote_category":0,"footnotes":""},"categories":[4],"tags":[],"yoast_head":"<!-- This site is optimized with the Yoast SEO Premium plugin v22.7 (Yoast SEO v22.7) - https:\/\/yoast.com\/wordpress\/plugins\/seo\/ -->\n<title>Educa\u00e7\u00e3o corporativa em meio \u00e0 pandemia - Talento em Pauta<\/title>\n<meta name=\"robots\" content=\"index, follow, max-snippet:-1, max-image-preview:large, max-video-preview:-1\" \/>\n<link rel=\"canonical\" href=\"https:\/\/maringapost.com.br\/talentoempauta\/2021\/06\/07\/educacao-corporativa-em-meio-a-pandemia\/\" \/>\n<meta property=\"og:locale\" content=\"pt_BR\" \/>\n<meta property=\"og:type\" content=\"article\" \/>\n<meta property=\"og:title\" content=\"Educa\u00e7\u00e3o corporativa em meio \u00e0 pandemia\" \/>\n<meta property=\"og:description\" content=\"Conversando com l\u00edderes empresariais e gestores de diferentes \u00e1reas, tenho percebido que alguns assuntos acabam sendo convergentes, mesmo estando esses profissionais a milhares de quil\u00f4metros de dist\u00e2ncia ou sequer conhecendo um ao outro. De um ano para c\u00e1, as empresas t\u00eam sentido dificuldade para realizar a atualiza\u00e7\u00e3o de suas equipes, que em muitos casos ocorrem [&hellip;]\" \/>\n<meta property=\"og:url\" content=\"https:\/\/maringapost.com.br\/talentoempauta\/2021\/06\/07\/educacao-corporativa-em-meio-a-pandemia\/\" \/>\n<meta property=\"og:site_name\" content=\"Talento em Pauta\" \/>\n<meta property=\"article:published_time\" content=\"2021-06-07T19:05:19+00:00\" \/>\n<meta property=\"og:image\" content=\"https:\/\/maringapost.com.br\/talentoempauta\/wp-content\/uploads\/sites\/28\/2021\/06\/moca-trabalhando-reduzido.jpg\" \/>\n\t<meta property=\"og:image:width\" content=\"994\" \/>\n\t<meta property=\"og:image:height\" content=\"663\" \/>\n\t<meta property=\"og:image:type\" content=\"image\/jpeg\" \/>\n<meta name=\"author\" content=\"Bernt Entschev\" \/>\n<meta name=\"twitter:card\" content=\"summary_large_image\" \/>\n<meta name=\"twitter:label1\" content=\"Escrito por\" \/>\n\t<meta name=\"twitter:data1\" content=\"\" \/>\n\t<meta name=\"twitter:label2\" content=\"Est. tempo de leitura\" \/>\n\t<meta name=\"twitter:data2\" content=\"2 minutos\" \/>\n<script type=\"application\/ld+json\" class=\"yoast-schema-graph\">{\"@context\":\"https:\/\/schema.org\",\"@graph\":[{\"@type\":\"WebPage\",\"@id\":\"https:\/\/maringapost.com.br\/talentoempauta\/2021\/06\/07\/educacao-corporativa-em-meio-a-pandemia\/\",\"url\":\"https:\/\/maringapost.com.br\/talentoempauta\/2021\/06\/07\/educacao-corporativa-em-meio-a-pandemia\/\",\"name\":\"Educa\u00e7\u00e3o corporativa em meio \u00e0 pandemia - Talento em Pauta\",\"isPartOf\":{\"@id\":\"https:\/\/maringapost.com.br\/talentoempauta\/#website\"},\"primaryImageOfPage\":{\"@id\":\"https:\/\/maringapost.com.br\/talentoempauta\/2021\/06\/07\/educacao-corporativa-em-meio-a-pandemia\/#primaryimage\"},\"image\":{\"@id\":\"https:\/\/maringapost.com.br\/talentoempauta\/2021\/06\/07\/educacao-corporativa-em-meio-a-pandemia\/#primaryimage\"},\"thumbnailUrl\":\"https:\/\/maringapost.com.br\/talentoempauta\/wp-content\/uploads\/sites\/28\/2021\/06\/moca-trabalhando-reduzido.jpg\",\"datePublished\":\"2021-06-07T19:05:19+00:00\",\"dateModified\":\"2021-06-07T19:05:19+00:00\",\"author\":{\"@id\":\"https:\/\/maringapost.com.br\/talentoempauta\/#\/schema\/person\/4737ee7b405a8f104945e7a6aa6e1bfa\"},\"breadcrumb\":{\"@id\":\"https:\/\/maringapost.com.br\/talentoempauta\/2021\/06\/07\/educacao-corporativa-em-meio-a-pandemia\/#breadcrumb\"},\"inLanguage\":\"pt-BR\",\"potentialAction\":[{\"@type\":\"ReadAction\",\"target\":[\"https:\/\/maringapost.com.br\/talentoempauta\/2021\/06\/07\/educacao-corporativa-em-meio-a-pandemia\/\"]}]},{\"@type\":\"ImageObject\",\"inLanguage\":\"pt-BR\",\"@id\":\"https:\/\/maringapost.com.br\/talentoempauta\/2021\/06\/07\/educacao-corporativa-em-meio-a-pandemia\/#primaryimage\",\"url\":\"https:\/\/maringapost.com.br\/talentoempauta\/wp-content\/uploads\/sites\/28\/2021\/06\/moca-trabalhando-reduzido.jpg\",\"contentUrl\":\"https:\/\/maringapost.com.br\/talentoempauta\/wp-content\/uploads\/sites\/28\/2021\/06\/moca-trabalhando-reduzido.jpg\",\"width\":994,\"height\":663},{\"@type\":\"BreadcrumbList\",\"@id\":\"https:\/\/maringapost.com.br\/talentoempauta\/2021\/06\/07\/educacao-corporativa-em-meio-a-pandemia\/#breadcrumb\",\"itemListElement\":[{\"@type\":\"ListItem\",\"position\":1,\"name\":\"In\u00edcio\",\"item\":\"https:\/\/maringapost.com.br\/talentoempauta\/\"},{\"@type\":\"ListItem\",\"position\":2,\"name\":\"Educa\u00e7\u00e3o corporativa em meio \u00e0 pandemia\"}]},{\"@type\":\"WebSite\",\"@id\":\"https:\/\/maringapost.com.br\/talentoempauta\/#website\",\"url\":\"https:\/\/maringapost.com.br\/talentoempauta\/\",\"name\":\"Talento em Pauta\",\"description\":\"S\u00f3 mais um site Maring\u00e1 Post\",\"potentialAction\":[{\"@type\":\"SearchAction\",\"target\":{\"@type\":\"EntryPoint\",\"urlTemplate\":\"https:\/\/maringapost.com.br\/talentoempauta\/?s={search_term_string}\"},\"query-input\":\"required name=search_term_string\"}],\"inLanguage\":\"pt-BR\"},{\"@type\":\"Person\",\"@id\":\"https:\/\/maringapost.com.br\/talentoempauta\/#\/schema\/person\/4737ee7b405a8f104945e7a6aa6e1bfa\",\"name\":\"Bernt Entschev\",\"image\":{\"@type\":\"ImageObject\",\"inLanguage\":\"pt-BR\",\"@id\":\"https:\/\/maringapost.com.br\/talentoempauta\/#\/schema\/person\/image\/\",\"url\":\"https:\/\/secure.gravatar.com\/avatar\/40689bd3a268c4719a44636e641ab15b?s=96&d=mm&r=g\",\"contentUrl\":\"https:\/\/secure.gravatar.com\/avatar\/40689bd3a268c4719a44636e641ab15b?s=96&d=mm&r=g\",\"caption\":\"Bernt Entschev\"},\"url\":\"https:\/\/maringapost.com.br\/talentoempauta\/author\/bernt\/\"}]}<\/script>\n<!-- \/ Yoast SEO Premium plugin. -->","yoast_head_json":{"title":"Educa\u00e7\u00e3o corporativa em meio \u00e0 pandemia - Talento em Pauta","robots":{"index":"index","follow":"follow","max-snippet":"max-snippet:-1","max-image-preview":"max-image-preview:large","max-video-preview":"max-video-preview:-1"},"canonical":"https:\/\/maringapost.com.br\/talentoempauta\/2021\/06\/07\/educacao-corporativa-em-meio-a-pandemia\/","og_locale":"pt_BR","og_type":"article","og_title":"Educa\u00e7\u00e3o corporativa em meio \u00e0 pandemia","og_description":"Conversando com l\u00edderes empresariais e gestores de diferentes \u00e1reas, tenho percebido que alguns assuntos acabam sendo convergentes, mesmo estando esses profissionais a milhares de quil\u00f4metros de dist\u00e2ncia ou sequer conhecendo um ao outro. De um ano para c\u00e1, as empresas t\u00eam sentido dificuldade para realizar a atualiza\u00e7\u00e3o de suas equipes, que em muitos casos ocorrem [&hellip;]","og_url":"https:\/\/maringapost.com.br\/talentoempauta\/2021\/06\/07\/educacao-corporativa-em-meio-a-pandemia\/","og_site_name":"Talento em Pauta","article_published_time":"2021-06-07T19:05:19+00:00","og_image":[{"width":994,"height":663,"url":"https:\/\/maringapost.com.br\/talentoempauta\/wp-content\/uploads\/sites\/28\/2021\/06\/moca-trabalhando-reduzido.jpg","type":"image\/jpeg"}],"author":"Bernt Entschev","twitter_card":"summary_large_image","twitter_misc":{"Escrito por":false,"Est. tempo de leitura":"2 minutos"},"schema":{"@context":"https:\/\/schema.org","@graph":[{"@type":"WebPage","@id":"https:\/\/maringapost.com.br\/talentoempauta\/2021\/06\/07\/educacao-corporativa-em-meio-a-pandemia\/","url":"https:\/\/maringapost.com.br\/talentoempauta\/2021\/06\/07\/educacao-corporativa-em-meio-a-pandemia\/","name":"Educa\u00e7\u00e3o corporativa em meio \u00e0 pandemia - Talento em Pauta","isPartOf":{"@id":"https:\/\/maringapost.com.br\/talentoempauta\/#website"},"primaryImageOfPage":{"@id":"https:\/\/maringapost.com.br\/talentoempauta\/2021\/06\/07\/educacao-corporativa-em-meio-a-pandemia\/#primaryimage"},"image":{"@id":"https:\/\/maringapost.com.br\/talentoempauta\/2021\/06\/07\/educacao-corporativa-em-meio-a-pandemia\/#primaryimage"},"thumbnailUrl":"https:\/\/maringapost.com.br\/talentoempauta\/wp-content\/uploads\/sites\/28\/2021\/06\/moca-trabalhando-reduzido.jpg","datePublished":"2021-06-07T19:05:19+00:00","dateModified":"2021-06-07T19:05:19+00:00","author":{"@id":"https:\/\/maringapost.com.br\/talentoempauta\/#\/schema\/person\/4737ee7b405a8f104945e7a6aa6e1bfa"},"breadcrumb":{"@id":"https:\/\/maringapost.com.br\/talentoempauta\/2021\/06\/07\/educacao-corporativa-em-meio-a-pandemia\/#breadcrumb"},"inLanguage":"pt-BR","potentialAction":[{"@type":"ReadAction","target":["https:\/\/maringapost.com.br\/talentoempauta\/2021\/06\/07\/educacao-corporativa-em-meio-a-pandemia\/"]}]},{"@type":"ImageObject","inLanguage":"pt-BR","@id":"https:\/\/maringapost.com.br\/talentoempauta\/2021\/06\/07\/educacao-corporativa-em-meio-a-pandemia\/#primaryimage","url":"https:\/\/maringapost.com.br\/talentoempauta\/wp-content\/uploads\/sites\/28\/2021\/06\/moca-trabalhando-reduzido.jpg","contentUrl":"https:\/\/maringapost.com.br\/talentoempauta\/wp-content\/uploads\/sites\/28\/2021\/06\/moca-trabalhando-reduzido.jpg","width":994,"height":663},{"@type":"BreadcrumbList","@id":"https:\/\/maringapost.com.br\/talentoempauta\/2021\/06\/07\/educacao-corporativa-em-meio-a-pandemia\/#breadcrumb","itemListElement":[{"@type":"ListItem","position":1,"name":"In\u00edcio","item":"https:\/\/maringapost.com.br\/talentoempauta\/"},{"@type":"ListItem","position":2,"name":"Educa\u00e7\u00e3o corporativa em meio \u00e0 pandemia"}]},{"@type":"WebSite","@id":"https:\/\/maringapost.com.br\/talentoempauta\/#website","url":"https:\/\/maringapost.com.br\/talentoempauta\/","name":"Talento em Pauta","description":"S\u00f3 mais um site Maring\u00e1 Post","potentialAction":[{"@type":"SearchAction","target":{"@type":"EntryPoint","urlTemplate":"https:\/\/maringapost.com.br\/talentoempauta\/?s={search_term_string}"},"query-input":"required name=search_term_string"}],"inLanguage":"pt-BR"},{"@type":"Person","@id":"https:\/\/maringapost.com.br\/talentoempauta\/#\/schema\/person\/4737ee7b405a8f104945e7a6aa6e1bfa","name":"Bernt Entschev","image":{"@type":"ImageObject","inLanguage":"pt-BR","@id":"https:\/\/maringapost.com.br\/talentoempauta\/#\/schema\/person\/image\/","url":"https:\/\/secure.gravatar.com\/avatar\/40689bd3a268c4719a44636e641ab15b?s=96&d=mm&r=g","contentUrl":"https:\/\/secure.gravatar.com\/avatar\/40689bd3a268c4719a44636e641ab15b?s=96&d=mm&r=g","caption":"Bernt Entschev"},"url":"https:\/\/maringapost.com.br\/talentoempauta\/author\/bernt\/"}]}},"_links":{"self":[{"href":"https:\/\/maringapost.com.br\/talentoempauta\/wp-json\/wp\/v2\/posts\/117"}],"collection":[{"href":"https:\/\/maringapost.com.br\/talentoempauta\/wp-json\/wp\/v2\/posts"}],"about":[{"href":"https:\/\/maringapost.com.br\/talentoempauta\/wp-json\/wp\/v2\/types\/post"}],"author":[{"embeddable":true,"href":"https:\/\/maringapost.com.br\/talentoempauta\/wp-json\/wp\/v2\/users\/11824"}],"replies":[{"embeddable":true,"href":"https:\/\/maringapost.com.br\/talentoempauta\/wp-json\/wp\/v2\/comments?post=117"}],"version-history":[{"count":1,"href":"https:\/\/maringapost.com.br\/talentoempauta\/wp-json\/wp\/v2\/posts\/117\/revisions"}],"predecessor-version":[{"id":119,"href":"https:\/\/maringapost.com.br\/talentoempauta\/wp-json\/wp\/v2\/posts\/117\/revisions\/119"}],"wp:featuredmedia":[{"embeddable":true,"href":"https:\/\/maringapost.com.br\/talentoempauta\/wp-json\/wp\/v2\/media\/118"}],"wp:attachment":[{"href":"https:\/\/maringapost.com.br\/talentoempauta\/wp-json\/wp\/v2\/media?parent=117"}],"wp:term":[{"taxonomy":"category","embeddable":true,"href":"https:\/\/maringapost.com.br\/talentoempauta\/wp-json\/wp\/v2\/categories?post=117"},{"taxonomy":"post_tag","embeddable":true,"href":"https:\/\/maringapost.com.br\/talentoempauta\/wp-json\/wp\/v2\/tags?post=117"}],"curies":[{"name":"wp","href":"https:\/\/api.w.org\/{rel}","templated":true}]}}