{"id":114,"date":"2021-05-28T16:52:01","date_gmt":"2021-05-28T19:52:01","guid":{"rendered":"http:\/\/maringapost.com.br\/talentoempauta\/?p=114"},"modified":"2021-05-28T16:52:01","modified_gmt":"2021-05-28T19:52:01","slug":"os-desafios-do-trabalho-no-modelo-hibrido","status":"publish","type":"post","link":"https:\/\/maringapost.com.br\/talentoempauta\/2021\/05\/28\/os-desafios-do-trabalho-no-modelo-hibrido\/","title":{"rendered":"Os desafios do trabalho no modelo h\u00edbrido"},"content":{"rendered":"<p>Com o advento das vacinas contra o coronav\u00edrus, a luz no fim do t\u00fanel que aponta dias melhores parece estar cada vez mais forte. Embora no Brasil ainda se deva levar um tempo a mais para sentirmos os raios da liberdade, essa guinada para o p\u00f3s-pandemia j\u00e1 tem reflexos no mercado de trabalho.<\/p>\n<p>Depois de experimentarem um modelo em home office de forma for\u00e7ada, as empresas come\u00e7am a se preparar para a volta presencial de suas equipes. Por\u00e9m, muitas delas desejam manter alguns dos aprendizados colhidos durante o isolamento social. Essas companhias t\u00eam optado por modelos h\u00edbridos de trabalho, na qual a jornada do colaborador tende a ser parte em casa, ou a dist\u00e2ncia, e parte dela presencial.<\/p>\n<p>Por\u00e9m, os modelos ainda n\u00e3o est\u00e3o totalmente formatados e parecem gerar ainda desconforto entre empresas, l\u00edderes e liderados. Sinto informar que n\u00e3o existe uma f\u00f3rmula m\u00e1gica, ou uma receita na qual voc\u00ea coloca os ingredientes na medida certa e se tem um delicioso bolo para saborear.<\/p>\n<p>Empresas inteligentes v\u00e3o buscar os pontos fortes de cada um dos modelos e traz\u00ea-los para dentro da sua realidade. Por isso, minha dica para esse novo momento que se apresenta \u00e9: voc\u00ea, empres\u00e1rio, destine tempo para formatar uma pol\u00edtica sobre o modelo h\u00edbrido que deseja implantar. Documente isso, mas se permita fazer inser\u00e7\u00f5es ou retirar estrat\u00e9gias quando necess\u00e1rio. Tenha em mente a produtividade e a satisfa\u00e7\u00e3o das equipes. Feito isso, divida com seus l\u00edderes exaustivamente.<\/p>\n<p>\u00c0 lideran\u00e7a cabe um ponto bastante crucial para o sucesso deste modelo: n\u00e3o deixe a desconfian\u00e7a atrapalhar o novo formato. Pactue resultados, deixe claro o que se espera do colaborador enquanto se estiver longe da estrutura f\u00edsica da companhia. Lembre-se de que o maior legado do trabalho em home office, deixado pela pandemia, \u00e9 justamente a possibilidade de produzir mais. Ent\u00e3o quais atividades s\u00e3o pass\u00edveis de ser fazer fora da estrutura f\u00edsica e quais os servi\u00e7os que devem ser entregues enquanto se estiver em casa?<\/p>\n<p>E para colaboradores, estando nesta situa\u00e7\u00e3o, foque no equil\u00edbrio entre a vida pessoal e dom\u00e9stica e as atividades de comprometimento com o trabalho. A flexibilidade em sua posi\u00e7\u00e3o n\u00e3o \u00e9 sin\u00f4nimo de horas a menos de trabalho, mas sim horas em menor quantidade no local de trabalho.<\/p>\n<p>Desta forma, combine com seu chefe as entregas, deixo-o a par do que est\u00e1 se executando e mostre a ele que aquilo que foi pactuado est\u00e1 sendo entregue, por vezes at\u00e9 com um grau a mais.<\/p>\n<p>Logo vemos que a equa\u00e7\u00e3o do trabalho h\u00edbrido tem in\u00fameras vari\u00e1veis. Est\u00e1 nas m\u00e3os de empresas, lideran\u00e7as e colaboradores a miss\u00e3o de encontrar o \u2018x\u2019 da quest\u00e3o.<\/p>\n<p>&nbsp;<\/p>\n<p>&nbsp;<\/p>\n<p>&nbsp;<\/p>\n","protected":false},"excerpt":{"rendered":"<p>Com o advento das vacinas contra o coronav\u00edrus, a luz no fim do t\u00fanel que aponta dias melhores parece estar cada vez mais forte. Embora no Brasil ainda se deva levar um tempo a mais para sentirmos os raios da liberdade, essa guinada para o p\u00f3s-pandemia j\u00e1 tem reflexos no mercado de trabalho. Depois de [&hellip;]<\/p>\n","protected":false},"author":11824,"featured_media":115,"comment_status":"closed","ping_status":"open","sticky":false,"template":"","format":"standard","meta":{"_exactmetrics_skip_tracking":false,"_exactmetrics_sitenote_active":false,"_exactmetrics_sitenote_note":"","_exactmetrics_sitenote_category":0,"footnotes":""},"categories":[4],"tags":[],"yoast_head":"<!-- This site is optimized with the Yoast SEO Premium plugin v22.7 (Yoast SEO v22.7) - https:\/\/yoast.com\/wordpress\/plugins\/seo\/ -->\n<title>Os desafios do trabalho no modelo h\u00edbrido - Talento em Pauta<\/title>\n<meta name=\"robots\" content=\"index, follow, max-snippet:-1, max-image-preview:large, max-video-preview:-1\" \/>\n<link rel=\"canonical\" href=\"https:\/\/maringapost.com.br\/talentoempauta\/2021\/05\/28\/os-desafios-do-trabalho-no-modelo-hibrido\/\" \/>\n<meta property=\"og:locale\" content=\"pt_BR\" \/>\n<meta property=\"og:type\" content=\"article\" \/>\n<meta property=\"og:title\" content=\"Os desafios do trabalho no modelo h\u00edbrido\" \/>\n<meta property=\"og:description\" content=\"Com o advento das vacinas contra o coronav\u00edrus, a luz no fim do t\u00fanel que aponta dias melhores parece estar cada vez mais forte. Embora no Brasil ainda se deva levar um tempo a mais para sentirmos os raios da liberdade, essa guinada para o p\u00f3s-pandemia j\u00e1 tem reflexos no mercado de trabalho. Depois de [&hellip;]\" \/>\n<meta property=\"og:url\" content=\"https:\/\/maringapost.com.br\/talentoempauta\/2021\/05\/28\/os-desafios-do-trabalho-no-modelo-hibrido\/\" \/>\n<meta property=\"og:site_name\" content=\"Talento em Pauta\" \/>\n<meta property=\"article:published_time\" content=\"2021-05-28T19:52:01+00:00\" \/>\n<meta property=\"og:image\" content=\"https:\/\/maringapost.com.br\/talentoempauta\/wp-content\/uploads\/sites\/28\/2021\/05\/shutterstock_534008512-reduzido.jpg\" \/>\n\t<meta property=\"og:image:width\" content=\"702\" \/>\n\t<meta property=\"og:image:height\" content=\"329\" \/>\n\t<meta property=\"og:image:type\" content=\"image\/jpeg\" \/>\n<meta name=\"author\" content=\"Bernt Entschev\" \/>\n<meta name=\"twitter:card\" content=\"summary_large_image\" \/>\n<meta name=\"twitter:label1\" content=\"Escrito por\" \/>\n\t<meta name=\"twitter:data1\" content=\"\" \/>\n\t<meta name=\"twitter:label2\" content=\"Est. tempo de leitura\" \/>\n\t<meta name=\"twitter:data2\" content=\"2 minutos\" \/>\n<script type=\"application\/ld+json\" class=\"yoast-schema-graph\">{\"@context\":\"https:\/\/schema.org\",\"@graph\":[{\"@type\":\"WebPage\",\"@id\":\"https:\/\/maringapost.com.br\/talentoempauta\/2021\/05\/28\/os-desafios-do-trabalho-no-modelo-hibrido\/\",\"url\":\"https:\/\/maringapost.com.br\/talentoempauta\/2021\/05\/28\/os-desafios-do-trabalho-no-modelo-hibrido\/\",\"name\":\"Os desafios do trabalho no modelo h\u00edbrido - Talento em Pauta\",\"isPartOf\":{\"@id\":\"https:\/\/maringapost.com.br\/talentoempauta\/#website\"},\"primaryImageOfPage\":{\"@id\":\"https:\/\/maringapost.com.br\/talentoempauta\/2021\/05\/28\/os-desafios-do-trabalho-no-modelo-hibrido\/#primaryimage\"},\"image\":{\"@id\":\"https:\/\/maringapost.com.br\/talentoempauta\/2021\/05\/28\/os-desafios-do-trabalho-no-modelo-hibrido\/#primaryimage\"},\"thumbnailUrl\":\"https:\/\/maringapost.com.br\/talentoempauta\/wp-content\/uploads\/sites\/28\/2021\/05\/shutterstock_534008512-reduzido.jpg\",\"datePublished\":\"2021-05-28T19:52:01+00:00\",\"dateModified\":\"2021-05-28T19:52:01+00:00\",\"author\":{\"@id\":\"https:\/\/maringapost.com.br\/talentoempauta\/#\/schema\/person\/4737ee7b405a8f104945e7a6aa6e1bfa\"},\"breadcrumb\":{\"@id\":\"https:\/\/maringapost.com.br\/talentoempauta\/2021\/05\/28\/os-desafios-do-trabalho-no-modelo-hibrido\/#breadcrumb\"},\"inLanguage\":\"pt-BR\",\"potentialAction\":[{\"@type\":\"ReadAction\",\"target\":[\"https:\/\/maringapost.com.br\/talentoempauta\/2021\/05\/28\/os-desafios-do-trabalho-no-modelo-hibrido\/\"]}]},{\"@type\":\"ImageObject\",\"inLanguage\":\"pt-BR\",\"@id\":\"https:\/\/maringapost.com.br\/talentoempauta\/2021\/05\/28\/os-desafios-do-trabalho-no-modelo-hibrido\/#primaryimage\",\"url\":\"https:\/\/maringapost.com.br\/talentoempauta\/wp-content\/uploads\/sites\/28\/2021\/05\/shutterstock_534008512-reduzido.jpg\",\"contentUrl\":\"https:\/\/maringapost.com.br\/talentoempauta\/wp-content\/uploads\/sites\/28\/2021\/05\/shutterstock_534008512-reduzido.jpg\",\"width\":702,\"height\":329},{\"@type\":\"BreadcrumbList\",\"@id\":\"https:\/\/maringapost.com.br\/talentoempauta\/2021\/05\/28\/os-desafios-do-trabalho-no-modelo-hibrido\/#breadcrumb\",\"itemListElement\":[{\"@type\":\"ListItem\",\"position\":1,\"name\":\"In\u00edcio\",\"item\":\"https:\/\/maringapost.com.br\/talentoempauta\/\"},{\"@type\":\"ListItem\",\"position\":2,\"name\":\"Os desafios do trabalho no modelo h\u00edbrido\"}]},{\"@type\":\"WebSite\",\"@id\":\"https:\/\/maringapost.com.br\/talentoempauta\/#website\",\"url\":\"https:\/\/maringapost.com.br\/talentoempauta\/\",\"name\":\"Talento em Pauta\",\"description\":\"S\u00f3 mais um site Maring\u00e1 Post\",\"potentialAction\":[{\"@type\":\"SearchAction\",\"target\":{\"@type\":\"EntryPoint\",\"urlTemplate\":\"https:\/\/maringapost.com.br\/talentoempauta\/?s={search_term_string}\"},\"query-input\":\"required name=search_term_string\"}],\"inLanguage\":\"pt-BR\"},{\"@type\":\"Person\",\"@id\":\"https:\/\/maringapost.com.br\/talentoempauta\/#\/schema\/person\/4737ee7b405a8f104945e7a6aa6e1bfa\",\"name\":\"Bernt Entschev\",\"image\":{\"@type\":\"ImageObject\",\"inLanguage\":\"pt-BR\",\"@id\":\"https:\/\/maringapost.com.br\/talentoempauta\/#\/schema\/person\/image\/\",\"url\":\"https:\/\/secure.gravatar.com\/avatar\/40689bd3a268c4719a44636e641ab15b?s=96&d=mm&r=g\",\"contentUrl\":\"https:\/\/secure.gravatar.com\/avatar\/40689bd3a268c4719a44636e641ab15b?s=96&d=mm&r=g\",\"caption\":\"Bernt Entschev\"},\"url\":\"https:\/\/maringapost.com.br\/talentoempauta\/author\/bernt\/\"}]}<\/script>\n<!-- \/ Yoast SEO Premium plugin. -->","yoast_head_json":{"title":"Os desafios do trabalho no modelo h\u00edbrido - Talento em Pauta","robots":{"index":"index","follow":"follow","max-snippet":"max-snippet:-1","max-image-preview":"max-image-preview:large","max-video-preview":"max-video-preview:-1"},"canonical":"https:\/\/maringapost.com.br\/talentoempauta\/2021\/05\/28\/os-desafios-do-trabalho-no-modelo-hibrido\/","og_locale":"pt_BR","og_type":"article","og_title":"Os desafios do trabalho no modelo h\u00edbrido","og_description":"Com o advento das vacinas contra o coronav\u00edrus, a luz no fim do t\u00fanel que aponta dias melhores parece estar cada vez mais forte. Embora no Brasil ainda se deva levar um tempo a mais para sentirmos os raios da liberdade, essa guinada para o p\u00f3s-pandemia j\u00e1 tem reflexos no mercado de trabalho. Depois de [&hellip;]","og_url":"https:\/\/maringapost.com.br\/talentoempauta\/2021\/05\/28\/os-desafios-do-trabalho-no-modelo-hibrido\/","og_site_name":"Talento em Pauta","article_published_time":"2021-05-28T19:52:01+00:00","og_image":[{"width":702,"height":329,"url":"https:\/\/maringapost.com.br\/talentoempauta\/wp-content\/uploads\/sites\/28\/2021\/05\/shutterstock_534008512-reduzido.jpg","type":"image\/jpeg"}],"author":"Bernt Entschev","twitter_card":"summary_large_image","twitter_misc":{"Escrito por":false,"Est. tempo de leitura":"2 minutos"},"schema":{"@context":"https:\/\/schema.org","@graph":[{"@type":"WebPage","@id":"https:\/\/maringapost.com.br\/talentoempauta\/2021\/05\/28\/os-desafios-do-trabalho-no-modelo-hibrido\/","url":"https:\/\/maringapost.com.br\/talentoempauta\/2021\/05\/28\/os-desafios-do-trabalho-no-modelo-hibrido\/","name":"Os desafios do trabalho no modelo h\u00edbrido - Talento em Pauta","isPartOf":{"@id":"https:\/\/maringapost.com.br\/talentoempauta\/#website"},"primaryImageOfPage":{"@id":"https:\/\/maringapost.com.br\/talentoempauta\/2021\/05\/28\/os-desafios-do-trabalho-no-modelo-hibrido\/#primaryimage"},"image":{"@id":"https:\/\/maringapost.com.br\/talentoempauta\/2021\/05\/28\/os-desafios-do-trabalho-no-modelo-hibrido\/#primaryimage"},"thumbnailUrl":"https:\/\/maringapost.com.br\/talentoempauta\/wp-content\/uploads\/sites\/28\/2021\/05\/shutterstock_534008512-reduzido.jpg","datePublished":"2021-05-28T19:52:01+00:00","dateModified":"2021-05-28T19:52:01+00:00","author":{"@id":"https:\/\/maringapost.com.br\/talentoempauta\/#\/schema\/person\/4737ee7b405a8f104945e7a6aa6e1bfa"},"breadcrumb":{"@id":"https:\/\/maringapost.com.br\/talentoempauta\/2021\/05\/28\/os-desafios-do-trabalho-no-modelo-hibrido\/#breadcrumb"},"inLanguage":"pt-BR","potentialAction":[{"@type":"ReadAction","target":["https:\/\/maringapost.com.br\/talentoempauta\/2021\/05\/28\/os-desafios-do-trabalho-no-modelo-hibrido\/"]}]},{"@type":"ImageObject","inLanguage":"pt-BR","@id":"https:\/\/maringapost.com.br\/talentoempauta\/2021\/05\/28\/os-desafios-do-trabalho-no-modelo-hibrido\/#primaryimage","url":"https:\/\/maringapost.com.br\/talentoempauta\/wp-content\/uploads\/sites\/28\/2021\/05\/shutterstock_534008512-reduzido.jpg","contentUrl":"https:\/\/maringapost.com.br\/talentoempauta\/wp-content\/uploads\/sites\/28\/2021\/05\/shutterstock_534008512-reduzido.jpg","width":702,"height":329},{"@type":"BreadcrumbList","@id":"https:\/\/maringapost.com.br\/talentoempauta\/2021\/05\/28\/os-desafios-do-trabalho-no-modelo-hibrido\/#breadcrumb","itemListElement":[{"@type":"ListItem","position":1,"name":"In\u00edcio","item":"https:\/\/maringapost.com.br\/talentoempauta\/"},{"@type":"ListItem","position":2,"name":"Os desafios do trabalho no modelo h\u00edbrido"}]},{"@type":"WebSite","@id":"https:\/\/maringapost.com.br\/talentoempauta\/#website","url":"https:\/\/maringapost.com.br\/talentoempauta\/","name":"Talento em Pauta","description":"S\u00f3 mais um site Maring\u00e1 Post","potentialAction":[{"@type":"SearchAction","target":{"@type":"EntryPoint","urlTemplate":"https:\/\/maringapost.com.br\/talentoempauta\/?s={search_term_string}"},"query-input":"required name=search_term_string"}],"inLanguage":"pt-BR"},{"@type":"Person","@id":"https:\/\/maringapost.com.br\/talentoempauta\/#\/schema\/person\/4737ee7b405a8f104945e7a6aa6e1bfa","name":"Bernt Entschev","image":{"@type":"ImageObject","inLanguage":"pt-BR","@id":"https:\/\/maringapost.com.br\/talentoempauta\/#\/schema\/person\/image\/","url":"https:\/\/secure.gravatar.com\/avatar\/40689bd3a268c4719a44636e641ab15b?s=96&d=mm&r=g","contentUrl":"https:\/\/secure.gravatar.com\/avatar\/40689bd3a268c4719a44636e641ab15b?s=96&d=mm&r=g","caption":"Bernt Entschev"},"url":"https:\/\/maringapost.com.br\/talentoempauta\/author\/bernt\/"}]}},"_links":{"self":[{"href":"https:\/\/maringapost.com.br\/talentoempauta\/wp-json\/wp\/v2\/posts\/114"}],"collection":[{"href":"https:\/\/maringapost.com.br\/talentoempauta\/wp-json\/wp\/v2\/posts"}],"about":[{"href":"https:\/\/maringapost.com.br\/talentoempauta\/wp-json\/wp\/v2\/types\/post"}],"author":[{"embeddable":true,"href":"https:\/\/maringapost.com.br\/talentoempauta\/wp-json\/wp\/v2\/users\/11824"}],"replies":[{"embeddable":true,"href":"https:\/\/maringapost.com.br\/talentoempauta\/wp-json\/wp\/v2\/comments?post=114"}],"version-history":[{"count":1,"href":"https:\/\/maringapost.com.br\/talentoempauta\/wp-json\/wp\/v2\/posts\/114\/revisions"}],"predecessor-version":[{"id":116,"href":"https:\/\/maringapost.com.br\/talentoempauta\/wp-json\/wp\/v2\/posts\/114\/revisions\/116"}],"wp:featuredmedia":[{"embeddable":true,"href":"https:\/\/maringapost.com.br\/talentoempauta\/wp-json\/wp\/v2\/media\/115"}],"wp:attachment":[{"href":"https:\/\/maringapost.com.br\/talentoempauta\/wp-json\/wp\/v2\/media?parent=114"}],"wp:term":[{"taxonomy":"category","embeddable":true,"href":"https:\/\/maringapost.com.br\/talentoempauta\/wp-json\/wp\/v2\/categories?post=114"},{"taxonomy":"post_tag","embeddable":true,"href":"https:\/\/maringapost.com.br\/talentoempauta\/wp-json\/wp\/v2\/tags?post=114"}],"curies":[{"name":"wp","href":"https:\/\/api.w.org\/{rel}","templated":true}]}}