{"id":111,"date":"2021-05-21T14:44:32","date_gmt":"2021-05-21T17:44:32","guid":{"rendered":"http:\/\/maringapost.com.br\/talentoempauta\/?p=111"},"modified":"2021-05-21T14:44:32","modified_gmt":"2021-05-21T17:44:32","slug":"ansiedade-e-tema-contemporaneo-dentro-das-empresas","status":"publish","type":"post","link":"https:\/\/maringapost.com.br\/talentoempauta\/2021\/05\/21\/ansiedade-e-tema-contemporaneo-dentro-das-empresas\/","title":{"rendered":"Ansiedade \u00e9 tema contempor\u00e2neo dentro das empresas"},"content":{"rendered":"<p>Gestores da \u00e1rea de recursos humanos, bem como lideran\u00e7as em diferentes n\u00edveis, necessitam lidar com desafios contempor\u00e2neos. Esta \u00e9, ali\u00e1s, uma prerrogativa para quem est\u00e1 \u00e0 frente desses postos. Com o advento da pandemia, diria eu que um dos pontos que \u00e9 preciso ficar atento junto \u00e0 equipe, nos dias de hoje, \u00e9 a presen\u00e7a da ansiedade na vida das pessoas.<\/p>\n<p>Recentemente li um artigo que traz dados bastante preocupantes em rela\u00e7\u00e3o ao tema. Segundo informa\u00e7\u00f5es divulgadas pela Organiza\u00e7\u00e3o Mundial da Sa\u00fade (OMS), existe uma estimativa de que o transtorno de ansiedade atinja diariamente mais de 70% dos colaboradores de uma empresa.<\/p>\n<p>Quem j\u00e1 identificou por si s\u00f3 que sofre de ansiedade sabe o quanto \u00e9 dif\u00edcil lidar com o transtorno. Os reflexos s\u00e3o muitos, tanto na vida pessoal quanto na profissional. E \u00e9 claro que isso tende a impactar no rendimento, produtividade e at\u00e9 na qualidade do trabalho desenvolvido.<\/p>\n<p>Se temos um tema delicado em m\u00e3os, ent\u00e3o, fica o alerta \u00e0s empresas para que comecem a jogar luz sobre este assunto: como est\u00e1 a sa\u00fade mental de sua equipe, principalmente neste per\u00edodo de pandemia? Soma-se a isso o fato de que em algumas companhias o trabalho segue sendo realizado a dist\u00e2ncia, o que dificulta mais a identifica\u00e7\u00e3o do problema. Cabe aos profissionais de recursos humanos ajudarem a buscar essas respostas, bem como sugerirem um caminho a ser trilhado conforme a cultura da empresa.<\/p>\n<p>Encontrada a linha mestra, \u00e9 momento de formar gestores para que tamb\u00e9m consigam identificar casos em suas equipes e a orient\u00e1-las na forma de agir &#8211; lembrando que a pr\u00f3pria lideran\u00e7a n\u00e3o est\u00e1 livre de sofrer deste mal.<\/p>\n<p>Dependendo do grau que se identifique a ansiedade ou o transtorno mental de colaboradores, o ideal \u00e9 ter o apoio de profissionais especializados neste assunto. Eles poder\u00e3o ajudar as pessoas de forma t\u00e9cnica, pautada na sa\u00fade. Por\u00e9m, outros programas internos tamb\u00e9m podem contribuir para incentivar as pessoas a se automonitorarem e a se perceberem envoltas em ansiedade.<\/p>\n<p>Esse \u00e9 um tema contempor\u00e2neo que deve estar na agenda de todas as empresas que valorizam suas equipes. Pessoas saud\u00e1veis trabalham mais felizes e vibram com os resultados junto a suas equipes e companhias. Pense nisso!<\/p>\n","protected":false},"excerpt":{"rendered":"<p>Gestores da \u00e1rea de recursos humanos, bem como lideran\u00e7as em diferentes n\u00edveis, necessitam lidar com desafios contempor\u00e2neos. Esta \u00e9, ali\u00e1s, uma prerrogativa para quem est\u00e1 \u00e0 frente desses postos. Com o advento da pandemia, diria eu que um dos pontos que \u00e9 preciso ficar atento junto \u00e0 equipe, nos dias de hoje, \u00e9 a presen\u00e7a [&hellip;]<\/p>\n","protected":false},"author":11824,"featured_media":112,"comment_status":"closed","ping_status":"open","sticky":false,"template":"","format":"standard","meta":{"_exactmetrics_skip_tracking":false,"_exactmetrics_sitenote_active":false,"_exactmetrics_sitenote_note":"","_exactmetrics_sitenote_category":0,"footnotes":""},"categories":[4],"tags":[],"yoast_head":"<!-- This site is optimized with the Yoast SEO Premium plugin v22.7 (Yoast SEO v22.7) - https:\/\/yoast.com\/wordpress\/plugins\/seo\/ -->\n<title>Ansiedade \u00e9 tema contempor\u00e2neo dentro das empresas - Talento em Pauta<\/title>\n<meta name=\"robots\" content=\"index, follow, max-snippet:-1, max-image-preview:large, max-video-preview:-1\" \/>\n<link rel=\"canonical\" href=\"https:\/\/maringapost.com.br\/talentoempauta\/2021\/05\/21\/ansiedade-e-tema-contemporaneo-dentro-das-empresas\/\" \/>\n<meta property=\"og:locale\" content=\"pt_BR\" \/>\n<meta property=\"og:type\" content=\"article\" \/>\n<meta property=\"og:title\" content=\"Ansiedade \u00e9 tema contempor\u00e2neo dentro das empresas\" \/>\n<meta property=\"og:description\" content=\"Gestores da \u00e1rea de recursos humanos, bem como lideran\u00e7as em diferentes n\u00edveis, necessitam lidar com desafios contempor\u00e2neos. Esta \u00e9, ali\u00e1s, uma prerrogativa para quem est\u00e1 \u00e0 frente desses postos. Com o advento da pandemia, diria eu que um dos pontos que \u00e9 preciso ficar atento junto \u00e0 equipe, nos dias de hoje, \u00e9 a presen\u00e7a [&hellip;]\" \/>\n<meta property=\"og:url\" content=\"https:\/\/maringapost.com.br\/talentoempauta\/2021\/05\/21\/ansiedade-e-tema-contemporaneo-dentro-das-empresas\/\" \/>\n<meta property=\"og:site_name\" content=\"Talento em Pauta\" \/>\n<meta property=\"article:published_time\" content=\"2021-05-21T17:44:32+00:00\" \/>\n<meta property=\"og:image\" content=\"https:\/\/maringapost.com.br\/talentoempauta\/wp-content\/uploads\/sites\/28\/2021\/05\/ansiedade-1.jpg\" \/>\n\t<meta property=\"og:image:width\" content=\"625\" \/>\n\t<meta property=\"og:image:height\" content=\"352\" \/>\n\t<meta property=\"og:image:type\" content=\"image\/jpeg\" \/>\n<meta name=\"author\" content=\"Bernt Entschev\" \/>\n<meta name=\"twitter:card\" content=\"summary_large_image\" \/>\n<meta name=\"twitter:label1\" content=\"Escrito por\" \/>\n\t<meta name=\"twitter:data1\" content=\"\" \/>\n\t<meta name=\"twitter:label2\" content=\"Est. tempo de leitura\" \/>\n\t<meta name=\"twitter:data2\" content=\"2 minutos\" \/>\n<script type=\"application\/ld+json\" class=\"yoast-schema-graph\">{\"@context\":\"https:\/\/schema.org\",\"@graph\":[{\"@type\":\"WebPage\",\"@id\":\"https:\/\/maringapost.com.br\/talentoempauta\/2021\/05\/21\/ansiedade-e-tema-contemporaneo-dentro-das-empresas\/\",\"url\":\"https:\/\/maringapost.com.br\/talentoempauta\/2021\/05\/21\/ansiedade-e-tema-contemporaneo-dentro-das-empresas\/\",\"name\":\"Ansiedade \u00e9 tema contempor\u00e2neo dentro das empresas - Talento em Pauta\",\"isPartOf\":{\"@id\":\"https:\/\/maringapost.com.br\/talentoempauta\/#website\"},\"primaryImageOfPage\":{\"@id\":\"https:\/\/maringapost.com.br\/talentoempauta\/2021\/05\/21\/ansiedade-e-tema-contemporaneo-dentro-das-empresas\/#primaryimage\"},\"image\":{\"@id\":\"https:\/\/maringapost.com.br\/talentoempauta\/2021\/05\/21\/ansiedade-e-tema-contemporaneo-dentro-das-empresas\/#primaryimage\"},\"thumbnailUrl\":\"https:\/\/maringapost.com.br\/talentoempauta\/wp-content\/uploads\/sites\/28\/2021\/05\/ansiedade-1.jpg\",\"datePublished\":\"2021-05-21T17:44:32+00:00\",\"dateModified\":\"2021-05-21T17:44:32+00:00\",\"author\":{\"@id\":\"https:\/\/maringapost.com.br\/talentoempauta\/#\/schema\/person\/4737ee7b405a8f104945e7a6aa6e1bfa\"},\"breadcrumb\":{\"@id\":\"https:\/\/maringapost.com.br\/talentoempauta\/2021\/05\/21\/ansiedade-e-tema-contemporaneo-dentro-das-empresas\/#breadcrumb\"},\"inLanguage\":\"pt-BR\",\"potentialAction\":[{\"@type\":\"ReadAction\",\"target\":[\"https:\/\/maringapost.com.br\/talentoempauta\/2021\/05\/21\/ansiedade-e-tema-contemporaneo-dentro-das-empresas\/\"]}]},{\"@type\":\"ImageObject\",\"inLanguage\":\"pt-BR\",\"@id\":\"https:\/\/maringapost.com.br\/talentoempauta\/2021\/05\/21\/ansiedade-e-tema-contemporaneo-dentro-das-empresas\/#primaryimage\",\"url\":\"https:\/\/maringapost.com.br\/talentoempauta\/wp-content\/uploads\/sites\/28\/2021\/05\/ansiedade-1.jpg\",\"contentUrl\":\"https:\/\/maringapost.com.br\/talentoempauta\/wp-content\/uploads\/sites\/28\/2021\/05\/ansiedade-1.jpg\",\"width\":625,\"height\":352},{\"@type\":\"BreadcrumbList\",\"@id\":\"https:\/\/maringapost.com.br\/talentoempauta\/2021\/05\/21\/ansiedade-e-tema-contemporaneo-dentro-das-empresas\/#breadcrumb\",\"itemListElement\":[{\"@type\":\"ListItem\",\"position\":1,\"name\":\"In\u00edcio\",\"item\":\"https:\/\/maringapost.com.br\/talentoempauta\/\"},{\"@type\":\"ListItem\",\"position\":2,\"name\":\"Ansiedade \u00e9 tema contempor\u00e2neo dentro das empresas\"}]},{\"@type\":\"WebSite\",\"@id\":\"https:\/\/maringapost.com.br\/talentoempauta\/#website\",\"url\":\"https:\/\/maringapost.com.br\/talentoempauta\/\",\"name\":\"Talento em Pauta\",\"description\":\"S\u00f3 mais um site Maring\u00e1 Post\",\"potentialAction\":[{\"@type\":\"SearchAction\",\"target\":{\"@type\":\"EntryPoint\",\"urlTemplate\":\"https:\/\/maringapost.com.br\/talentoempauta\/?s={search_term_string}\"},\"query-input\":\"required name=search_term_string\"}],\"inLanguage\":\"pt-BR\"},{\"@type\":\"Person\",\"@id\":\"https:\/\/maringapost.com.br\/talentoempauta\/#\/schema\/person\/4737ee7b405a8f104945e7a6aa6e1bfa\",\"name\":\"Bernt Entschev\",\"image\":{\"@type\":\"ImageObject\",\"inLanguage\":\"pt-BR\",\"@id\":\"https:\/\/maringapost.com.br\/talentoempauta\/#\/schema\/person\/image\/\",\"url\":\"https:\/\/secure.gravatar.com\/avatar\/40689bd3a268c4719a44636e641ab15b?s=96&d=mm&r=g\",\"contentUrl\":\"https:\/\/secure.gravatar.com\/avatar\/40689bd3a268c4719a44636e641ab15b?s=96&d=mm&r=g\",\"caption\":\"Bernt Entschev\"},\"url\":\"https:\/\/maringapost.com.br\/talentoempauta\/author\/bernt\/\"}]}<\/script>\n<!-- \/ Yoast SEO Premium plugin. -->","yoast_head_json":{"title":"Ansiedade \u00e9 tema contempor\u00e2neo dentro das empresas - Talento em Pauta","robots":{"index":"index","follow":"follow","max-snippet":"max-snippet:-1","max-image-preview":"max-image-preview:large","max-video-preview":"max-video-preview:-1"},"canonical":"https:\/\/maringapost.com.br\/talentoempauta\/2021\/05\/21\/ansiedade-e-tema-contemporaneo-dentro-das-empresas\/","og_locale":"pt_BR","og_type":"article","og_title":"Ansiedade \u00e9 tema contempor\u00e2neo dentro das empresas","og_description":"Gestores da \u00e1rea de recursos humanos, bem como lideran\u00e7as em diferentes n\u00edveis, necessitam lidar com desafios contempor\u00e2neos. Esta \u00e9, ali\u00e1s, uma prerrogativa para quem est\u00e1 \u00e0 frente desses postos. Com o advento da pandemia, diria eu que um dos pontos que \u00e9 preciso ficar atento junto \u00e0 equipe, nos dias de hoje, \u00e9 a presen\u00e7a [&hellip;]","og_url":"https:\/\/maringapost.com.br\/talentoempauta\/2021\/05\/21\/ansiedade-e-tema-contemporaneo-dentro-das-empresas\/","og_site_name":"Talento em Pauta","article_published_time":"2021-05-21T17:44:32+00:00","og_image":[{"width":625,"height":352,"url":"https:\/\/maringapost.com.br\/talentoempauta\/wp-content\/uploads\/sites\/28\/2021\/05\/ansiedade-1.jpg","type":"image\/jpeg"}],"author":"Bernt Entschev","twitter_card":"summary_large_image","twitter_misc":{"Escrito por":false,"Est. tempo de leitura":"2 minutos"},"schema":{"@context":"https:\/\/schema.org","@graph":[{"@type":"WebPage","@id":"https:\/\/maringapost.com.br\/talentoempauta\/2021\/05\/21\/ansiedade-e-tema-contemporaneo-dentro-das-empresas\/","url":"https:\/\/maringapost.com.br\/talentoempauta\/2021\/05\/21\/ansiedade-e-tema-contemporaneo-dentro-das-empresas\/","name":"Ansiedade \u00e9 tema contempor\u00e2neo dentro das empresas - Talento em Pauta","isPartOf":{"@id":"https:\/\/maringapost.com.br\/talentoempauta\/#website"},"primaryImageOfPage":{"@id":"https:\/\/maringapost.com.br\/talentoempauta\/2021\/05\/21\/ansiedade-e-tema-contemporaneo-dentro-das-empresas\/#primaryimage"},"image":{"@id":"https:\/\/maringapost.com.br\/talentoempauta\/2021\/05\/21\/ansiedade-e-tema-contemporaneo-dentro-das-empresas\/#primaryimage"},"thumbnailUrl":"https:\/\/maringapost.com.br\/talentoempauta\/wp-content\/uploads\/sites\/28\/2021\/05\/ansiedade-1.jpg","datePublished":"2021-05-21T17:44:32+00:00","dateModified":"2021-05-21T17:44:32+00:00","author":{"@id":"https:\/\/maringapost.com.br\/talentoempauta\/#\/schema\/person\/4737ee7b405a8f104945e7a6aa6e1bfa"},"breadcrumb":{"@id":"https:\/\/maringapost.com.br\/talentoempauta\/2021\/05\/21\/ansiedade-e-tema-contemporaneo-dentro-das-empresas\/#breadcrumb"},"inLanguage":"pt-BR","potentialAction":[{"@type":"ReadAction","target":["https:\/\/maringapost.com.br\/talentoempauta\/2021\/05\/21\/ansiedade-e-tema-contemporaneo-dentro-das-empresas\/"]}]},{"@type":"ImageObject","inLanguage":"pt-BR","@id":"https:\/\/maringapost.com.br\/talentoempauta\/2021\/05\/21\/ansiedade-e-tema-contemporaneo-dentro-das-empresas\/#primaryimage","url":"https:\/\/maringapost.com.br\/talentoempauta\/wp-content\/uploads\/sites\/28\/2021\/05\/ansiedade-1.jpg","contentUrl":"https:\/\/maringapost.com.br\/talentoempauta\/wp-content\/uploads\/sites\/28\/2021\/05\/ansiedade-1.jpg","width":625,"height":352},{"@type":"BreadcrumbList","@id":"https:\/\/maringapost.com.br\/talentoempauta\/2021\/05\/21\/ansiedade-e-tema-contemporaneo-dentro-das-empresas\/#breadcrumb","itemListElement":[{"@type":"ListItem","position":1,"name":"In\u00edcio","item":"https:\/\/maringapost.com.br\/talentoempauta\/"},{"@type":"ListItem","position":2,"name":"Ansiedade \u00e9 tema contempor\u00e2neo dentro das empresas"}]},{"@type":"WebSite","@id":"https:\/\/maringapost.com.br\/talentoempauta\/#website","url":"https:\/\/maringapost.com.br\/talentoempauta\/","name":"Talento em Pauta","description":"S\u00f3 mais um site Maring\u00e1 Post","potentialAction":[{"@type":"SearchAction","target":{"@type":"EntryPoint","urlTemplate":"https:\/\/maringapost.com.br\/talentoempauta\/?s={search_term_string}"},"query-input":"required name=search_term_string"}],"inLanguage":"pt-BR"},{"@type":"Person","@id":"https:\/\/maringapost.com.br\/talentoempauta\/#\/schema\/person\/4737ee7b405a8f104945e7a6aa6e1bfa","name":"Bernt Entschev","image":{"@type":"ImageObject","inLanguage":"pt-BR","@id":"https:\/\/maringapost.com.br\/talentoempauta\/#\/schema\/person\/image\/","url":"https:\/\/secure.gravatar.com\/avatar\/40689bd3a268c4719a44636e641ab15b?s=96&d=mm&r=g","contentUrl":"https:\/\/secure.gravatar.com\/avatar\/40689bd3a268c4719a44636e641ab15b?s=96&d=mm&r=g","caption":"Bernt Entschev"},"url":"https:\/\/maringapost.com.br\/talentoempauta\/author\/bernt\/"}]}},"_links":{"self":[{"href":"https:\/\/maringapost.com.br\/talentoempauta\/wp-json\/wp\/v2\/posts\/111"}],"collection":[{"href":"https:\/\/maringapost.com.br\/talentoempauta\/wp-json\/wp\/v2\/posts"}],"about":[{"href":"https:\/\/maringapost.com.br\/talentoempauta\/wp-json\/wp\/v2\/types\/post"}],"author":[{"embeddable":true,"href":"https:\/\/maringapost.com.br\/talentoempauta\/wp-json\/wp\/v2\/users\/11824"}],"replies":[{"embeddable":true,"href":"https:\/\/maringapost.com.br\/talentoempauta\/wp-json\/wp\/v2\/comments?post=111"}],"version-history":[{"count":1,"href":"https:\/\/maringapost.com.br\/talentoempauta\/wp-json\/wp\/v2\/posts\/111\/revisions"}],"predecessor-version":[{"id":113,"href":"https:\/\/maringapost.com.br\/talentoempauta\/wp-json\/wp\/v2\/posts\/111\/revisions\/113"}],"wp:featuredmedia":[{"embeddable":true,"href":"https:\/\/maringapost.com.br\/talentoempauta\/wp-json\/wp\/v2\/media\/112"}],"wp:attachment":[{"href":"https:\/\/maringapost.com.br\/talentoempauta\/wp-json\/wp\/v2\/media?parent=111"}],"wp:term":[{"taxonomy":"category","embeddable":true,"href":"https:\/\/maringapost.com.br\/talentoempauta\/wp-json\/wp\/v2\/categories?post=111"},{"taxonomy":"post_tag","embeddable":true,"href":"https:\/\/maringapost.com.br\/talentoempauta\/wp-json\/wp\/v2\/tags?post=111"}],"curies":[{"name":"wp","href":"https:\/\/api.w.org\/{rel}","templated":true}]}}