{"id":108,"date":"2021-05-07T14:30:16","date_gmt":"2021-05-07T17:30:16","guid":{"rendered":"http:\/\/maringapost.com.br\/talentoempauta\/?p=108"},"modified":"2021-05-07T14:30:16","modified_gmt":"2021-05-07T17:30:16","slug":"sustentabilidade-e-o-mundo-empresarial","status":"publish","type":"post","link":"https:\/\/maringapost.com.br\/talentoempauta\/2021\/05\/07\/sustentabilidade-e-o-mundo-empresarial\/","title":{"rendered":"Sustentabilidade e o mundo empresarial"},"content":{"rendered":"<p>A minha conversa com voc\u00ea, hoje, leitor \u00e9 sobre sustentabilidade. Embora o senso comum n\u00e3o deixe transparecer, o mundo tem se voltado cada vez mais para este tema. As empresas, de modo geral, s\u00e3o as grandes respons\u00e1veis por essa guinada, pois geralmente s\u00e3o as ideias que germinam dentro dessas estruturas que, depois, viram refer\u00eancia para o mercado, pa\u00edses, estados e munic\u00edpios.<\/p>\n<p>Por isso, chamo a aten\u00e7\u00e3o para voc\u00ea que busca oportunidades no mercado: a \u00e1rea de sustentabilidade corporativa crescer\u00e1 bastante nos pr\u00f3ximos anos. S\u00e3o atividades que aparecem em v\u00e1rias vertentes, desde a quest\u00e3o de acompanhamento de legisla\u00e7\u00e3o, da aplica\u00e7\u00e3o do conceito dentro das companhias, como tamb\u00e9m na disponibiliza\u00e7\u00e3o de produtos e servi\u00e7os com conceito sustent\u00e1vel.<\/p>\n<p>Tenho tido contato com empresas que despontam nesta linha. Elas s\u00e3o de diferentes tamanhos e segmentos. A quest\u00e3o da sustentabilidade come\u00e7a primeiramente no entendimento do conceito. Se a empresa compreende, ela passa isso para seu p\u00fablico interno como valor, sensibiliza fornecedores e clientes e materializa na oferta de seus produtos e servi\u00e7os.<\/p>\n<p>Um dos exemplos que tive contato recente \u00e9 o da Colorfix, empresa do segmento industrial, que atua na transforma\u00e7\u00e3o do pl\u00e1stico, oferecendo concentrados de cor e\/ou aditivos. S\u00e3o mais de 60 mil delas em seu cat\u00e1logo. Recentemente essa companhia, que fica na regi\u00e3o de Curitiba, lan\u00e7ou para o mercado uma linha espec\u00edfica voltada \u00e0 sustentabilidade, batizada de Revora &#8211; do anagrama &#8220;\u00e1rvore&#8221;.<\/p>\n<p>A ideia do Revora \u00e9 trabalhar uma economia circular, ou seja, envolvendo todas as fases industriais necess\u00e1rias at\u00e9 que determinado produto chegue ao consumidor final, podendo ser descartado adequadamente quando n\u00e3o mais usado. Resumindo, n\u00e3o se trata somente de um produto ou servi\u00e7o sustent\u00e1vel, mas de pensar em toda a cadeia, envolvendo os diferentes p\u00fablicos de relacionamento.<\/p>\n<p>O entendimento da sustentabilidade como algo que vai contribuir para um mundo melhor l\u00e1 na frente e como algo que hoje faz parte dos neg\u00f3cios j\u00e1 \u00e9 sacramentado no planejamento de in\u00fameras empresas brasileiras.<\/p>\n<p>Por isso, a voc\u00ea que busca oportunidades no mercado, olhe com aten\u00e7\u00e3o para este segmento. Coloque uma lupa, busque entender esse vasto campo e, principalmente, pense como suas atividades hoje podem contribuir com a sustentabilidade empresarial.<\/p>\n<p>Se exercitado isso, tenha certeza de que voc\u00ea ter\u00e1 um \u00f3timo desempenho em sua pr\u00f3xima entrevista de emprego. Boa sorte!<\/p>\n","protected":false},"excerpt":{"rendered":"<p>A minha conversa com voc\u00ea, hoje, leitor \u00e9 sobre sustentabilidade. Embora o senso comum n\u00e3o deixe transparecer, o mundo tem se voltado cada vez mais para este tema. As empresas, de modo geral, s\u00e3o as grandes respons\u00e1veis por essa guinada, pois geralmente s\u00e3o as ideias que germinam dentro dessas estruturas que, depois, viram refer\u00eancia para [&hellip;]<\/p>\n","protected":false},"author":11824,"featured_media":109,"comment_status":"closed","ping_status":"open","sticky":false,"template":"","format":"standard","meta":{"_exactmetrics_skip_tracking":false,"_exactmetrics_sitenote_active":false,"_exactmetrics_sitenote_note":"","_exactmetrics_sitenote_category":0,"footnotes":""},"categories":[4],"tags":[],"yoast_head":"<!-- This site is optimized with the Yoast SEO Premium plugin v22.7 (Yoast SEO v22.7) - https:\/\/yoast.com\/wordpress\/plugins\/seo\/ -->\n<title>Sustentabilidade e o mundo empresarial - Talento em Pauta<\/title>\n<meta name=\"robots\" content=\"index, follow, max-snippet:-1, max-image-preview:large, max-video-preview:-1\" \/>\n<link rel=\"canonical\" href=\"https:\/\/maringapost.com.br\/talentoempauta\/2021\/05\/07\/sustentabilidade-e-o-mundo-empresarial\/\" \/>\n<meta property=\"og:locale\" content=\"pt_BR\" \/>\n<meta property=\"og:type\" content=\"article\" \/>\n<meta property=\"og:title\" content=\"Sustentabilidade e o mundo empresarial\" \/>\n<meta property=\"og:description\" content=\"A minha conversa com voc\u00ea, hoje, leitor \u00e9 sobre sustentabilidade. Embora o senso comum n\u00e3o deixe transparecer, o mundo tem se voltado cada vez mais para este tema. As empresas, de modo geral, s\u00e3o as grandes respons\u00e1veis por essa guinada, pois geralmente s\u00e3o as ideias que germinam dentro dessas estruturas que, depois, viram refer\u00eancia para [&hellip;]\" \/>\n<meta property=\"og:url\" content=\"https:\/\/maringapost.com.br\/talentoempauta\/2021\/05\/07\/sustentabilidade-e-o-mundo-empresarial\/\" \/>\n<meta property=\"og:site_name\" content=\"Talento em Pauta\" \/>\n<meta property=\"article:published_time\" content=\"2021-05-07T17:30:16+00:00\" \/>\n<meta property=\"og:image\" content=\"https:\/\/maringapost.com.br\/talentoempauta\/wp-content\/uploads\/sites\/28\/2021\/05\/sustentabilidade.jpg\" \/>\n\t<meta property=\"og:image:width\" content=\"1280\" \/>\n\t<meta property=\"og:image:height\" content=\"663\" \/>\n\t<meta property=\"og:image:type\" content=\"image\/jpeg\" \/>\n<meta name=\"author\" content=\"Bernt Entschev\" \/>\n<meta name=\"twitter:card\" content=\"summary_large_image\" \/>\n<meta name=\"twitter:label1\" content=\"Escrito por\" \/>\n\t<meta name=\"twitter:data1\" content=\"\" \/>\n\t<meta name=\"twitter:label2\" content=\"Est. tempo de leitura\" \/>\n\t<meta name=\"twitter:data2\" content=\"2 minutos\" \/>\n<script type=\"application\/ld+json\" class=\"yoast-schema-graph\">{\"@context\":\"https:\/\/schema.org\",\"@graph\":[{\"@type\":\"WebPage\",\"@id\":\"https:\/\/maringapost.com.br\/talentoempauta\/2021\/05\/07\/sustentabilidade-e-o-mundo-empresarial\/\",\"url\":\"https:\/\/maringapost.com.br\/talentoempauta\/2021\/05\/07\/sustentabilidade-e-o-mundo-empresarial\/\",\"name\":\"Sustentabilidade e o mundo empresarial - Talento em Pauta\",\"isPartOf\":{\"@id\":\"https:\/\/maringapost.com.br\/talentoempauta\/#website\"},\"primaryImageOfPage\":{\"@id\":\"https:\/\/maringapost.com.br\/talentoempauta\/2021\/05\/07\/sustentabilidade-e-o-mundo-empresarial\/#primaryimage\"},\"image\":{\"@id\":\"https:\/\/maringapost.com.br\/talentoempauta\/2021\/05\/07\/sustentabilidade-e-o-mundo-empresarial\/#primaryimage\"},\"thumbnailUrl\":\"https:\/\/maringapost.com.br\/talentoempauta\/wp-content\/uploads\/sites\/28\/2021\/05\/sustentabilidade.jpg\",\"datePublished\":\"2021-05-07T17:30:16+00:00\",\"dateModified\":\"2021-05-07T17:30:16+00:00\",\"author\":{\"@id\":\"https:\/\/maringapost.com.br\/talentoempauta\/#\/schema\/person\/4737ee7b405a8f104945e7a6aa6e1bfa\"},\"breadcrumb\":{\"@id\":\"https:\/\/maringapost.com.br\/talentoempauta\/2021\/05\/07\/sustentabilidade-e-o-mundo-empresarial\/#breadcrumb\"},\"inLanguage\":\"pt-BR\",\"potentialAction\":[{\"@type\":\"ReadAction\",\"target\":[\"https:\/\/maringapost.com.br\/talentoempauta\/2021\/05\/07\/sustentabilidade-e-o-mundo-empresarial\/\"]}]},{\"@type\":\"ImageObject\",\"inLanguage\":\"pt-BR\",\"@id\":\"https:\/\/maringapost.com.br\/talentoempauta\/2021\/05\/07\/sustentabilidade-e-o-mundo-empresarial\/#primaryimage\",\"url\":\"https:\/\/maringapost.com.br\/talentoempauta\/wp-content\/uploads\/sites\/28\/2021\/05\/sustentabilidade.jpg\",\"contentUrl\":\"https:\/\/maringapost.com.br\/talentoempauta\/wp-content\/uploads\/sites\/28\/2021\/05\/sustentabilidade.jpg\",\"width\":1280,\"height\":663},{\"@type\":\"BreadcrumbList\",\"@id\":\"https:\/\/maringapost.com.br\/talentoempauta\/2021\/05\/07\/sustentabilidade-e-o-mundo-empresarial\/#breadcrumb\",\"itemListElement\":[{\"@type\":\"ListItem\",\"position\":1,\"name\":\"In\u00edcio\",\"item\":\"https:\/\/maringapost.com.br\/talentoempauta\/\"},{\"@type\":\"ListItem\",\"position\":2,\"name\":\"Sustentabilidade e o mundo empresarial\"}]},{\"@type\":\"WebSite\",\"@id\":\"https:\/\/maringapost.com.br\/talentoempauta\/#website\",\"url\":\"https:\/\/maringapost.com.br\/talentoempauta\/\",\"name\":\"Talento em Pauta\",\"description\":\"S\u00f3 mais um site Maring\u00e1 Post\",\"potentialAction\":[{\"@type\":\"SearchAction\",\"target\":{\"@type\":\"EntryPoint\",\"urlTemplate\":\"https:\/\/maringapost.com.br\/talentoempauta\/?s={search_term_string}\"},\"query-input\":\"required name=search_term_string\"}],\"inLanguage\":\"pt-BR\"},{\"@type\":\"Person\",\"@id\":\"https:\/\/maringapost.com.br\/talentoempauta\/#\/schema\/person\/4737ee7b405a8f104945e7a6aa6e1bfa\",\"name\":\"Bernt Entschev\",\"image\":{\"@type\":\"ImageObject\",\"inLanguage\":\"pt-BR\",\"@id\":\"https:\/\/maringapost.com.br\/talentoempauta\/#\/schema\/person\/image\/\",\"url\":\"https:\/\/secure.gravatar.com\/avatar\/40689bd3a268c4719a44636e641ab15b?s=96&d=mm&r=g\",\"contentUrl\":\"https:\/\/secure.gravatar.com\/avatar\/40689bd3a268c4719a44636e641ab15b?s=96&d=mm&r=g\",\"caption\":\"Bernt Entschev\"},\"url\":\"https:\/\/maringapost.com.br\/talentoempauta\/author\/bernt\/\"}]}<\/script>\n<!-- \/ Yoast SEO Premium plugin. -->","yoast_head_json":{"title":"Sustentabilidade e o mundo empresarial - Talento em Pauta","robots":{"index":"index","follow":"follow","max-snippet":"max-snippet:-1","max-image-preview":"max-image-preview:large","max-video-preview":"max-video-preview:-1"},"canonical":"https:\/\/maringapost.com.br\/talentoempauta\/2021\/05\/07\/sustentabilidade-e-o-mundo-empresarial\/","og_locale":"pt_BR","og_type":"article","og_title":"Sustentabilidade e o mundo empresarial","og_description":"A minha conversa com voc\u00ea, hoje, leitor \u00e9 sobre sustentabilidade. Embora o senso comum n\u00e3o deixe transparecer, o mundo tem se voltado cada vez mais para este tema. As empresas, de modo geral, s\u00e3o as grandes respons\u00e1veis por essa guinada, pois geralmente s\u00e3o as ideias que germinam dentro dessas estruturas que, depois, viram refer\u00eancia para [&hellip;]","og_url":"https:\/\/maringapost.com.br\/talentoempauta\/2021\/05\/07\/sustentabilidade-e-o-mundo-empresarial\/","og_site_name":"Talento em Pauta","article_published_time":"2021-05-07T17:30:16+00:00","og_image":[{"width":1280,"height":663,"url":"https:\/\/maringapost.com.br\/talentoempauta\/wp-content\/uploads\/sites\/28\/2021\/05\/sustentabilidade.jpg","type":"image\/jpeg"}],"author":"Bernt Entschev","twitter_card":"summary_large_image","twitter_misc":{"Escrito por":false,"Est. tempo de leitura":"2 minutos"},"schema":{"@context":"https:\/\/schema.org","@graph":[{"@type":"WebPage","@id":"https:\/\/maringapost.com.br\/talentoempauta\/2021\/05\/07\/sustentabilidade-e-o-mundo-empresarial\/","url":"https:\/\/maringapost.com.br\/talentoempauta\/2021\/05\/07\/sustentabilidade-e-o-mundo-empresarial\/","name":"Sustentabilidade e o mundo empresarial - Talento em Pauta","isPartOf":{"@id":"https:\/\/maringapost.com.br\/talentoempauta\/#website"},"primaryImageOfPage":{"@id":"https:\/\/maringapost.com.br\/talentoempauta\/2021\/05\/07\/sustentabilidade-e-o-mundo-empresarial\/#primaryimage"},"image":{"@id":"https:\/\/maringapost.com.br\/talentoempauta\/2021\/05\/07\/sustentabilidade-e-o-mundo-empresarial\/#primaryimage"},"thumbnailUrl":"https:\/\/maringapost.com.br\/talentoempauta\/wp-content\/uploads\/sites\/28\/2021\/05\/sustentabilidade.jpg","datePublished":"2021-05-07T17:30:16+00:00","dateModified":"2021-05-07T17:30:16+00:00","author":{"@id":"https:\/\/maringapost.com.br\/talentoempauta\/#\/schema\/person\/4737ee7b405a8f104945e7a6aa6e1bfa"},"breadcrumb":{"@id":"https:\/\/maringapost.com.br\/talentoempauta\/2021\/05\/07\/sustentabilidade-e-o-mundo-empresarial\/#breadcrumb"},"inLanguage":"pt-BR","potentialAction":[{"@type":"ReadAction","target":["https:\/\/maringapost.com.br\/talentoempauta\/2021\/05\/07\/sustentabilidade-e-o-mundo-empresarial\/"]}]},{"@type":"ImageObject","inLanguage":"pt-BR","@id":"https:\/\/maringapost.com.br\/talentoempauta\/2021\/05\/07\/sustentabilidade-e-o-mundo-empresarial\/#primaryimage","url":"https:\/\/maringapost.com.br\/talentoempauta\/wp-content\/uploads\/sites\/28\/2021\/05\/sustentabilidade.jpg","contentUrl":"https:\/\/maringapost.com.br\/talentoempauta\/wp-content\/uploads\/sites\/28\/2021\/05\/sustentabilidade.jpg","width":1280,"height":663},{"@type":"BreadcrumbList","@id":"https:\/\/maringapost.com.br\/talentoempauta\/2021\/05\/07\/sustentabilidade-e-o-mundo-empresarial\/#breadcrumb","itemListElement":[{"@type":"ListItem","position":1,"name":"In\u00edcio","item":"https:\/\/maringapost.com.br\/talentoempauta\/"},{"@type":"ListItem","position":2,"name":"Sustentabilidade e o mundo empresarial"}]},{"@type":"WebSite","@id":"https:\/\/maringapost.com.br\/talentoempauta\/#website","url":"https:\/\/maringapost.com.br\/talentoempauta\/","name":"Talento em Pauta","description":"S\u00f3 mais um site Maring\u00e1 Post","potentialAction":[{"@type":"SearchAction","target":{"@type":"EntryPoint","urlTemplate":"https:\/\/maringapost.com.br\/talentoempauta\/?s={search_term_string}"},"query-input":"required name=search_term_string"}],"inLanguage":"pt-BR"},{"@type":"Person","@id":"https:\/\/maringapost.com.br\/talentoempauta\/#\/schema\/person\/4737ee7b405a8f104945e7a6aa6e1bfa","name":"Bernt Entschev","image":{"@type":"ImageObject","inLanguage":"pt-BR","@id":"https:\/\/maringapost.com.br\/talentoempauta\/#\/schema\/person\/image\/","url":"https:\/\/secure.gravatar.com\/avatar\/40689bd3a268c4719a44636e641ab15b?s=96&d=mm&r=g","contentUrl":"https:\/\/secure.gravatar.com\/avatar\/40689bd3a268c4719a44636e641ab15b?s=96&d=mm&r=g","caption":"Bernt Entschev"},"url":"https:\/\/maringapost.com.br\/talentoempauta\/author\/bernt\/"}]}},"_links":{"self":[{"href":"https:\/\/maringapost.com.br\/talentoempauta\/wp-json\/wp\/v2\/posts\/108"}],"collection":[{"href":"https:\/\/maringapost.com.br\/talentoempauta\/wp-json\/wp\/v2\/posts"}],"about":[{"href":"https:\/\/maringapost.com.br\/talentoempauta\/wp-json\/wp\/v2\/types\/post"}],"author":[{"embeddable":true,"href":"https:\/\/maringapost.com.br\/talentoempauta\/wp-json\/wp\/v2\/users\/11824"}],"replies":[{"embeddable":true,"href":"https:\/\/maringapost.com.br\/talentoempauta\/wp-json\/wp\/v2\/comments?post=108"}],"version-history":[{"count":1,"href":"https:\/\/maringapost.com.br\/talentoempauta\/wp-json\/wp\/v2\/posts\/108\/revisions"}],"predecessor-version":[{"id":110,"href":"https:\/\/maringapost.com.br\/talentoempauta\/wp-json\/wp\/v2\/posts\/108\/revisions\/110"}],"wp:featuredmedia":[{"embeddable":true,"href":"https:\/\/maringapost.com.br\/talentoempauta\/wp-json\/wp\/v2\/media\/109"}],"wp:attachment":[{"href":"https:\/\/maringapost.com.br\/talentoempauta\/wp-json\/wp\/v2\/media?parent=108"}],"wp:term":[{"taxonomy":"category","embeddable":true,"href":"https:\/\/maringapost.com.br\/talentoempauta\/wp-json\/wp\/v2\/categories?post=108"},{"taxonomy":"post_tag","embeddable":true,"href":"https:\/\/maringapost.com.br\/talentoempauta\/wp-json\/wp\/v2\/tags?post=108"}],"curies":[{"name":"wp","href":"https:\/\/api.w.org\/{rel}","templated":true}]}}