{"id":61319,"date":"2024-09-30T07:22:18","date_gmt":"2024-09-30T10:22:18","guid":{"rendered":"https:\/\/maringapost.com.br\/orlandogonzalez\/?p=61319"},"modified":"2024-09-30T07:22:19","modified_gmt":"2024-09-30T10:22:19","slug":"maringa-inter-vence-vitoria-por-3-a-1","status":"publish","type":"post","link":"https:\/\/maringapost.com.br\/orlandogonzalez\/2024\/09\/30\/maringa-inter-vence-vitoria-por-3-a-1\/","title":{"rendered":"MARING\u00c1 &#8211; Inter vence Vit\u00f3ria por 3 a 1"},"content":{"rendered":"\n<p>O maior p\u00fablico registrado no Beira-Rio desde a nossa volta para casa fez a diferen\u00e7a! Com o apoio de mais de 38 mil colorados e coloradas,&nbsp;o Clube do Povo bateu o Vit\u00f3ria por 3 a 1, no domingo (29\/09),&nbsp;em partida da 28\u00aa rodada do Brasileir\u00e3o. O resultado, conquistado com um gol de Alan Patrick e dois de Wesley, leva o Inter \u00e0 s\u00e9tima posi\u00e7\u00e3o na tabela, com 45 pontos.<\/p>\n\n\n\n<p>No pr\u00f3ximo s\u00e1bado (05\/10),&nbsp;o Colorado voltar\u00e1 a campo na Neo Qu\u00edmica Arena, \u00e0s 19h, contra o Corinthians.&nbsp;V\u00e1lida pela 29\u00aa rodada do Brasileir\u00e3o, a partida \u00e9 a \u00faltima com data definida no calend\u00e1rio alvirrubro. Depois desse confronto, a agenda do futebol brasileira ser\u00e1 interrompida em virtude da Data FIFA, e o retorno do Clube do Povo a campo ocorrer\u00e1 no Gre-Nal 443, que ser\u00e1 disputado com mando de campo do Inter.<\/p>\n\n\n\n<p>Intelig\u00eancia recompensada com gol nos acr\u00e9scimos<\/p>\n\n\n\n<p>Exatos&nbsp;38.654 colorados e coloradas estabeleceram, neste domingo, o maior p\u00fablico registrado no Beira-Rio desde o retorno do Inter para casa. Lotado, o Gigante tomou grande susto aos cinco minutos, quando Carlos Eduardo, em condi\u00e7\u00e3o irregular, foi lan\u00e7ado nas costas da zaga vermelha e finalizou na sa\u00edda de Rochet. Indicado no campo, o impedimento foi confirmado pelo VAR e sucedido por \u00f3tima chance do Clube do Povo. Aos 15, Fernando aproveitou escanteio batido por Alan Patrick, atacou as costas do goleiro e mandou um testa\u00e7o no travess\u00e3o. Quase o primeiro!<\/p>\n\n\n\n<p>Envolvido na luta contra o rebaixamento,&nbsp;o Vit\u00f3ria n\u00e3o oferecia vida f\u00e1cil para o Inter. Retra\u00eddo no campo de defesa, o advers\u00e1rio frequentemente posicionava seus 10 jogadores de linha em frente \u00e0 pr\u00f3pria \u00e1rea. Ao mesmo tempo, os visitantes demonstravam qualidade para fugir da press\u00e3o p\u00f3s-perda do ataque colorado, sem falar nas doses generosas de cera e antijogo que tamb\u00e9m fizeram parte da estrat\u00e9gia da equipe treinada por Thiago Carpini.<\/p>\n\n\n\n<p>Precisando dos tr\u00eas pontos para&nbsp;dar sequ\u00eancia \u00e0 luta pelas primeiras posi\u00e7\u00f5es do pa\u00eds, o Colorado voltou a assustar aos Respons\u00e1vel por cobrar a penalidade, Alan Patrick deixou que Lucas Arcanjo escolhesse o canto. Ao perceber que o rival se projetava para o lado direito, o capit\u00e3o colorado bateu s\u00e9rio e rasteiro, no meio do gol,&nbsp;e partiu para o abra\u00e7o pela quarta vez nos \u00faltimos cinco jogos.&nbsp;Paciencioso para, mesmo com as dificuldades impostas pelo advers\u00e1rio, n\u00e3o abrir m\u00e3o do plano que havia tra\u00e7ado para o jogo, o Inter inaugurava o placar: 1 a 0.21. Acionado por bonito toque de calcanhar de Fernando, Thiago Maia surgiu dentro da \u00e1rea baiana e finalizou de canhota. No \u00faltimo instante, a zaga bloqueou. Minutos mais tarde, Gabriel Carvalho antecipou corte da marca\u00e7\u00e3o visitante, acelerou pelo corredor esquerdo de ataque e bateu forte. Sem rebote, Lucas Arcanjo fez a defesa.<\/p>\n\n\n\n<p>\u00c0s v\u00e9speras do intervalo, Filipe Machado tentou surpreender Rochet com cobran\u00e7a fechada de escanteio. Atento, o pared\u00e3o uruguaio fez a defesa sem rebote. J\u00e1 nos acr\u00e9scimos,&nbsp;Alan Patrick percebeu infiltra\u00e7\u00e3o de Bruno Gomes e lan\u00e7ou o lateral, que aplicou um corte de letra em Carlos Eduardo para invadir a \u00e1rea. Atrasado, o marcador apostou no carrinho para conseguir o desarme. No lugar da bola, acertou apenas o camisas 15 do Clube do Povo.<\/p>\n\n\n\n<p>Respons\u00e1vel por cobrar a penalidade, Alan Patrick deixou que Lucas Arcanjo escolhesse o canto. Ao perceber que o rival se projetava para o lado direito, o capit\u00e3o colorado bateu s\u00e9rio e rasteiro, no meio do gol,&nbsp;e partiu para o abra\u00e7o pela quarta vez nos \u00faltimos cinco jogos.&nbsp;Paciencioso para, mesmo com as dificuldades impostas pelo advers\u00e1rio, n\u00e3o abrir m\u00e3o do plano que havia tra\u00e7ado para o jogo, o Inter inaugurava o placar: 1 a 0.<\/p>\n\n\n\n<p>Dois gols de Wesley, tr\u00eas pontos para o Inter<\/p>\n\n\n\n<p>O recome\u00e7o de partida n\u00e3o poderia ser melhor para o Inter.&nbsp;Aos cinco minutos, Thiago Maia recebeu de Enner Valencia, fez o contorno em dire\u00e7\u00e3o ao corredor esquerdo e encontrou Wesley no meio-espa\u00e7o entre lateral e zagueiro. Perfeito, o dom\u00ednio garantiu vantagem para o atacante contra o primeiro marcador. Depois, o camisa 21, j\u00e1 de frente para a \u00e1rea, fintou Neris, acelerou em dire\u00e7\u00e3o ao goleiro e, de trivela, assinou a pintura.&nbsp;Gola\u00e7o!<\/p>\n\n\n\n<p>O&nbsp;Vit\u00f3ria foi r\u00e1pido para reagir \u00e0 desvantagem de 2 a 0.&nbsp;Willian Oliveira, aos oito, assustou de cabe\u00e7a, mas Rochet espalmou. Tamb\u00e9m pelo alto, Wagner Leonardo desviou falta cobrada por Lucas Esteves e descontou para os visitantes. Dois minutos depois, aos 14, Matheuzinho teve oportunidade para empatar, mas seu chute, rasteiro, foi defendido em dois tempos pelo pared\u00e3o colorado.<\/p>\n\n\n\n<p>A resposta do Inter chegou com Valencia. Aos 15 minutos, ele recebeu cruzamento de Gabriel Carvalho e arriscou de voleio. Forte, o arremate tinha endere\u00e7o, mas explodiu nas costas de Neris. Ato cont\u00ednuo,&nbsp;Roger promoveu as duas primeiras trocas no Clube do Povo: os Brunos Tabata e Henrique substitu\u00edram Gabriel Carvalho e Thiago Maia. No Vit\u00f3ria, que j\u00e1 havia mudado no intervalo, Everaldo tamb\u00e9m entrou, sacando Carlos Eduardo.<\/p>\n\n\n\n<p>Entre os minutos 20 e 23, o Vit\u00f3ria criou suas melhores situa\u00e7\u00f5es para empatar. Primeiro, Alerrandro teve liberdade para o cabeceio, mas buscou o contrap\u00e9 de Rochet e viu a bola sair assoviando o poste. Depois, Everaldo recebeu de Gustavo Mosquito e arriscou pela quina esquerda da \u00e1rea alvirrubra. Rasteiro, o chute foi espalmado pelo arqueiro do Clube do Povo. Roger, ent\u00e3o, voltou a mudar.<\/p>\n\n\n\n<p>R\u00f4mulo e Alario entraram nas vagas de Fernando e Valencia, renovando o f\u00f4lego e ampliando a estatura da equipe colorada. Superada a euforia por seu gol, o Vit\u00f3ria n\u00e3o conseguiu manter o mesmo volume no ataque. Com liberdade para contragolpear, o Inter at\u00e9 armou escapes de perigo, mas n\u00e3o a ponto de incomodar Arcanjo. O contexto, desta forma, sugeria que o 2 a 1 seria mantido at\u00e9 o apito final, mas&nbsp;foi ent\u00e3o que Alan Patrick e Wesley voltaram \u00e0 cena.&nbsp;<\/p>\n\n\n\n<p>Ap\u00f3s corte malsucedido de Wagner Leonardo, Alario garantiu o rebote para o Inter e, aos 46 minutos do segundo tempo, visou a Alan Patrick. Rasteiro, o passe do argentino foi desviado por Willian Oliveira, mas n\u00e3o teve seu destino final modificado. No giro, o capit\u00e3o colorado driblou C\u00e1ceres e Arcanjo e ganhou espa\u00e7o para servir Wesley. Livre na pequena \u00e1rea, o goleador completou para o gol aberto e decretou a vit\u00f3ria ga\u00facha:&nbsp;Clube do Povo 3 a 1!&nbsp;<\/p>\n\n\n\n<p>(Texto: Inter. Foto: Ricardo Duarte\/Inter)<\/p>\n","protected":false},"excerpt":{"rendered":"<p>O maior p\u00fablico registrado no Beira-Rio desde a nossa volta para casa fez a diferen\u00e7a! Com o apoio de mais de 38 mil colorados e coloradas,&nbsp;o Clube do Povo bateu o Vit\u00f3ria por 3 a 1, no domingo (29\/09),&nbsp;em partida da 28\u00aa rodada do Brasileir\u00e3o. O resultado, conquistado com um gol de Alan Patrick e [&hellip;]<\/p>\n","protected":false},"author":6307,"featured_media":61320,"comment_status":"open","ping_status":"open","sticky":false,"template":"","format":"standard","meta":{"_exactmetrics_skip_tracking":false,"_exactmetrics_sitenote_active":false,"_exactmetrics_sitenote_note":"","_exactmetrics_sitenote_category":0,"footnotes":""},"categories":[5083],"tags":[14598,47],"yoast_head":"<!-- This site is optimized with the Yoast SEO Premium plugin v22.7 (Yoast SEO v22.7) - https:\/\/yoast.com\/wordpress\/plugins\/seo\/ -->\n<title>MARING\u00c1 - Inter vence Vit\u00f3ria por 3 a 1 - Orlando Gonzalez<\/title>\n<meta name=\"robots\" content=\"index, follow, max-snippet:-1, max-image-preview:large, max-video-preview:-1\" \/>\n<link rel=\"canonical\" href=\"https:\/\/maringapost.com.br\/orlandogonzalez\/2024\/09\/30\/maringa-inter-vence-vitoria-por-3-a-1\/\" \/>\n<meta property=\"og:locale\" content=\"pt_BR\" \/>\n<meta property=\"og:type\" content=\"article\" \/>\n<meta property=\"og:title\" content=\"MARING\u00c1 - Inter vence Vit\u00f3ria por 3 a 1\" \/>\n<meta property=\"og:description\" content=\"O maior p\u00fablico registrado no Beira-Rio desde a nossa volta para casa fez a diferen\u00e7a! Com o apoio de mais de 38 mil colorados e coloradas,&nbsp;o Clube do Povo bateu o Vit\u00f3ria por 3 a 1, no domingo (29\/09),&nbsp;em partida da 28\u00aa rodada do Brasileir\u00e3o. O resultado, conquistado com um gol de Alan Patrick e [&hellip;]\" \/>\n<meta property=\"og:url\" content=\"https:\/\/maringapost.com.br\/orlandogonzalez\/2024\/09\/30\/maringa-inter-vence-vitoria-por-3-a-1\/\" \/>\n<meta property=\"og:site_name\" content=\"Orlando Gonzalez\" \/>\n<meta property=\"article:author\" content=\"https:\/\/www.facebook.com\/profile.php?id=100011095815065\" \/>\n<meta property=\"article:published_time\" content=\"2024-09-30T10:22:18+00:00\" \/>\n<meta property=\"article:modified_time\" content=\"2024-09-30T10:22:19+00:00\" \/>\n<meta property=\"og:image\" content=\"https:\/\/maringapost.com.br\/orlandogonzalez\/wp-content\/uploads\/sites\/17\/2024\/09\/interganha33.jpg\" \/>\n\t<meta property=\"og:image:width\" content=\"1152\" \/>\n\t<meta property=\"og:image:height\" content=\"768\" \/>\n\t<meta property=\"og:image:type\" content=\"image\/jpeg\" \/>\n<meta name=\"author\" content=\"Orlando Gonzalez\" \/>\n<meta name=\"twitter:card\" content=\"summary_large_image\" \/>\n<meta name=\"twitter:creator\" content=\"@gonzalezorlando\" \/>\n<meta name=\"twitter:label1\" content=\"Escrito por\" \/>\n\t<meta name=\"twitter:data1\" content=\"\" \/>\n\t<meta name=\"twitter:label2\" content=\"Est. tempo de leitura\" \/>\n\t<meta name=\"twitter:data2\" content=\"6 minutos\" \/>\n<script type=\"application\/ld+json\" class=\"yoast-schema-graph\">{\"@context\":\"https:\/\/schema.org\",\"@graph\":[{\"@type\":\"WebPage\",\"@id\":\"https:\/\/maringapost.com.br\/orlandogonzalez\/2024\/09\/30\/maringa-inter-vence-vitoria-por-3-a-1\/\",\"url\":\"https:\/\/maringapost.com.br\/orlandogonzalez\/2024\/09\/30\/maringa-inter-vence-vitoria-por-3-a-1\/\",\"name\":\"MARING\u00c1 - Inter vence Vit\u00f3ria por 3 a 1 - Orlando Gonzalez\",\"isPartOf\":{\"@id\":\"https:\/\/maringapost.com.br\/orlandogonzalez\/#website\"},\"primaryImageOfPage\":{\"@id\":\"https:\/\/maringapost.com.br\/orlandogonzalez\/2024\/09\/30\/maringa-inter-vence-vitoria-por-3-a-1\/#primaryimage\"},\"image\":{\"@id\":\"https:\/\/maringapost.com.br\/orlandogonzalez\/2024\/09\/30\/maringa-inter-vence-vitoria-por-3-a-1\/#primaryimage\"},\"thumbnailUrl\":\"https:\/\/maringapost.com.br\/orlandogonzalez\/wp-content\/uploads\/sites\/17\/2024\/09\/interganha33.jpg\",\"datePublished\":\"2024-09-30T10:22:18+00:00\",\"dateModified\":\"2024-09-30T10:22:19+00:00\",\"author\":{\"@id\":\"https:\/\/maringapost.com.br\/orlandogonzalez\/#\/schema\/person\/5cbe6257d08edea6afc9ebaa613b0633\"},\"inLanguage\":\"pt-BR\",\"potentialAction\":[{\"@type\":\"ReadAction\",\"target\":[\"https:\/\/maringapost.com.br\/orlandogonzalez\/2024\/09\/30\/maringa-inter-vence-vitoria-por-3-a-1\/\"]}]},{\"@type\":\"ImageObject\",\"inLanguage\":\"pt-BR\",\"@id\":\"https:\/\/maringapost.com.br\/orlandogonzalez\/2024\/09\/30\/maringa-inter-vence-vitoria-por-3-a-1\/#primaryimage\",\"url\":\"https:\/\/maringapost.com.br\/orlandogonzalez\/wp-content\/uploads\/sites\/17\/2024\/09\/interganha33.jpg\",\"contentUrl\":\"https:\/\/maringapost.com.br\/orlandogonzalez\/wp-content\/uploads\/sites\/17\/2024\/09\/interganha33.jpg\",\"width\":1152,\"height\":768},{\"@type\":\"WebSite\",\"@id\":\"https:\/\/maringapost.com.br\/orlandogonzalez\/#website\",\"url\":\"https:\/\/maringapost.com.br\/orlandogonzalez\/\",\"name\":\"Orlando Gonzalez\",\"description\":\"Destaca o esporte de Maring\u00e1! Destaca o esporte do Paran\u00e1! Destaca o esporte do Brasil!\",\"potentialAction\":[{\"@type\":\"SearchAction\",\"target\":{\"@type\":\"EntryPoint\",\"urlTemplate\":\"https:\/\/maringapost.com.br\/orlandogonzalez\/?s={search_term_string}\"},\"query-input\":\"required name=search_term_string\"}],\"inLanguage\":\"pt-BR\"},{\"@type\":\"Person\",\"@id\":\"https:\/\/maringapost.com.br\/orlandogonzalez\/#\/schema\/person\/5cbe6257d08edea6afc9ebaa613b0633\",\"name\":\"Orlando Gonzalez\",\"image\":{\"@type\":\"ImageObject\",\"inLanguage\":\"pt-BR\",\"@id\":\"https:\/\/maringapost.com.br\/orlandogonzalez\/#\/schema\/person\/image\/\",\"url\":\"https:\/\/secure.gravatar.com\/avatar\/ecef9d1c9afe5ebdafadde8369065ba5?s=96&d=mm&r=g\",\"contentUrl\":\"https:\/\/secure.gravatar.com\/avatar\/ecef9d1c9afe5ebdafadde8369065ba5?s=96&d=mm&r=g\",\"caption\":\"Orlando Gonzalez\"},\"description\":\"H\u00e1 29 anos na cobertura do esporte de Maring\u00e1. Plant\u00e3o e narrador esportivo. Presta\u00e7\u00e3o de assessoria de imprensa esportiva, cobertura e transmiss\u00f5es ao vivo de eventos esportivos. E-mail: orlandogonzalez.assessoria@gmail.com WhatsApp: (44) 9 9126-6119\",\"sameAs\":[\"http:\/\/www.radiomaringa.com.br\/\",\"https:\/\/www.facebook.com\/profile.php?id=100011095815065\",\"https:\/\/www.instagram.com\/orlandomgonzalez\/\",\"https:\/\/br.pinterest.com\/ogonzalez0530\/\",\"https:\/\/x.com\/gonzalezorlando\",\"https:\/\/www.youtube.com\/channel\/UCvFpl55btth8wjnKiSS1ibA\",\"https:\/\/radiomaringaweb.tumblr.com\/\"],\"url\":\"https:\/\/maringapost.com.br\/orlandogonzalez\/author\/orlando\/\"}]}<\/script>\n<!-- \/ Yoast SEO Premium plugin. -->","yoast_head_json":{"title":"MARING\u00c1 - Inter vence Vit\u00f3ria por 3 a 1 - Orlando Gonzalez","robots":{"index":"index","follow":"follow","max-snippet":"max-snippet:-1","max-image-preview":"max-image-preview:large","max-video-preview":"max-video-preview:-1"},"canonical":"https:\/\/maringapost.com.br\/orlandogonzalez\/2024\/09\/30\/maringa-inter-vence-vitoria-por-3-a-1\/","og_locale":"pt_BR","og_type":"article","og_title":"MARING\u00c1 - Inter vence Vit\u00f3ria por 3 a 1","og_description":"O maior p\u00fablico registrado no Beira-Rio desde a nossa volta para casa fez a diferen\u00e7a! Com o apoio de mais de 38 mil colorados e coloradas,&nbsp;o Clube do Povo bateu o Vit\u00f3ria por 3 a 1, no domingo (29\/09),&nbsp;em partida da 28\u00aa rodada do Brasileir\u00e3o. O resultado, conquistado com um gol de Alan Patrick e [&hellip;]","og_url":"https:\/\/maringapost.com.br\/orlandogonzalez\/2024\/09\/30\/maringa-inter-vence-vitoria-por-3-a-1\/","og_site_name":"Orlando Gonzalez","article_author":"https:\/\/www.facebook.com\/profile.php?id=100011095815065","article_published_time":"2024-09-30T10:22:18+00:00","article_modified_time":"2024-09-30T10:22:19+00:00","og_image":[{"width":1152,"height":768,"url":"https:\/\/maringapost.com.br\/orlandogonzalez\/wp-content\/uploads\/sites\/17\/2024\/09\/interganha33.jpg","type":"image\/jpeg"}],"author":"Orlando Gonzalez","twitter_card":"summary_large_image","twitter_creator":"@gonzalezorlando","twitter_misc":{"Escrito por":false,"Est. tempo de leitura":"6 minutos"},"schema":{"@context":"https:\/\/schema.org","@graph":[{"@type":"WebPage","@id":"https:\/\/maringapost.com.br\/orlandogonzalez\/2024\/09\/30\/maringa-inter-vence-vitoria-por-3-a-1\/","url":"https:\/\/maringapost.com.br\/orlandogonzalez\/2024\/09\/30\/maringa-inter-vence-vitoria-por-3-a-1\/","name":"MARING\u00c1 - Inter vence Vit\u00f3ria por 3 a 1 - Orlando Gonzalez","isPartOf":{"@id":"https:\/\/maringapost.com.br\/orlandogonzalez\/#website"},"primaryImageOfPage":{"@id":"https:\/\/maringapost.com.br\/orlandogonzalez\/2024\/09\/30\/maringa-inter-vence-vitoria-por-3-a-1\/#primaryimage"},"image":{"@id":"https:\/\/maringapost.com.br\/orlandogonzalez\/2024\/09\/30\/maringa-inter-vence-vitoria-por-3-a-1\/#primaryimage"},"thumbnailUrl":"https:\/\/maringapost.com.br\/orlandogonzalez\/wp-content\/uploads\/sites\/17\/2024\/09\/interganha33.jpg","datePublished":"2024-09-30T10:22:18+00:00","dateModified":"2024-09-30T10:22:19+00:00","author":{"@id":"https:\/\/maringapost.com.br\/orlandogonzalez\/#\/schema\/person\/5cbe6257d08edea6afc9ebaa613b0633"},"inLanguage":"pt-BR","potentialAction":[{"@type":"ReadAction","target":["https:\/\/maringapost.com.br\/orlandogonzalez\/2024\/09\/30\/maringa-inter-vence-vitoria-por-3-a-1\/"]}]},{"@type":"ImageObject","inLanguage":"pt-BR","@id":"https:\/\/maringapost.com.br\/orlandogonzalez\/2024\/09\/30\/maringa-inter-vence-vitoria-por-3-a-1\/#primaryimage","url":"https:\/\/maringapost.com.br\/orlandogonzalez\/wp-content\/uploads\/sites\/17\/2024\/09\/interganha33.jpg","contentUrl":"https:\/\/maringapost.com.br\/orlandogonzalez\/wp-content\/uploads\/sites\/17\/2024\/09\/interganha33.jpg","width":1152,"height":768},{"@type":"WebSite","@id":"https:\/\/maringapost.com.br\/orlandogonzalez\/#website","url":"https:\/\/maringapost.com.br\/orlandogonzalez\/","name":"Orlando Gonzalez","description":"Destaca o esporte de Maring\u00e1! Destaca o esporte do Paran\u00e1! Destaca o esporte do Brasil!","potentialAction":[{"@type":"SearchAction","target":{"@type":"EntryPoint","urlTemplate":"https:\/\/maringapost.com.br\/orlandogonzalez\/?s={search_term_string}"},"query-input":"required name=search_term_string"}],"inLanguage":"pt-BR"},{"@type":"Person","@id":"https:\/\/maringapost.com.br\/orlandogonzalez\/#\/schema\/person\/5cbe6257d08edea6afc9ebaa613b0633","name":"Orlando Gonzalez","image":{"@type":"ImageObject","inLanguage":"pt-BR","@id":"https:\/\/maringapost.com.br\/orlandogonzalez\/#\/schema\/person\/image\/","url":"https:\/\/secure.gravatar.com\/avatar\/ecef9d1c9afe5ebdafadde8369065ba5?s=96&d=mm&r=g","contentUrl":"https:\/\/secure.gravatar.com\/avatar\/ecef9d1c9afe5ebdafadde8369065ba5?s=96&d=mm&r=g","caption":"Orlando Gonzalez"},"description":"H\u00e1 29 anos na cobertura do esporte de Maring\u00e1. Plant\u00e3o e narrador esportivo. Presta\u00e7\u00e3o de assessoria de imprensa esportiva, cobertura e transmiss\u00f5es ao vivo de eventos esportivos. E-mail: orlandogonzalez.assessoria@gmail.com WhatsApp: (44) 9 9126-6119","sameAs":["http:\/\/www.radiomaringa.com.br\/","https:\/\/www.facebook.com\/profile.php?id=100011095815065","https:\/\/www.instagram.com\/orlandomgonzalez\/","https:\/\/br.pinterest.com\/ogonzalez0530\/","https:\/\/x.com\/gonzalezorlando","https:\/\/www.youtube.com\/channel\/UCvFpl55btth8wjnKiSS1ibA","https:\/\/radiomaringaweb.tumblr.com\/"],"url":"https:\/\/maringapost.com.br\/orlandogonzalez\/author\/orlando\/"}]}},"_links":{"self":[{"href":"https:\/\/maringapost.com.br\/orlandogonzalez\/wp-json\/wp\/v2\/posts\/61319"}],"collection":[{"href":"https:\/\/maringapost.com.br\/orlandogonzalez\/wp-json\/wp\/v2\/posts"}],"about":[{"href":"https:\/\/maringapost.com.br\/orlandogonzalez\/wp-json\/wp\/v2\/types\/post"}],"author":[{"embeddable":true,"href":"https:\/\/maringapost.com.br\/orlandogonzalez\/wp-json\/wp\/v2\/users\/6307"}],"replies":[{"embeddable":true,"href":"https:\/\/maringapost.com.br\/orlandogonzalez\/wp-json\/wp\/v2\/comments?post=61319"}],"version-history":[{"count":1,"href":"https:\/\/maringapost.com.br\/orlandogonzalez\/wp-json\/wp\/v2\/posts\/61319\/revisions"}],"predecessor-version":[{"id":61321,"href":"https:\/\/maringapost.com.br\/orlandogonzalez\/wp-json\/wp\/v2\/posts\/61319\/revisions\/61321"}],"wp:featuredmedia":[{"embeddable":true,"href":"https:\/\/maringapost.com.br\/orlandogonzalez\/wp-json\/wp\/v2\/media\/61320"}],"wp:attachment":[{"href":"https:\/\/maringapost.com.br\/orlandogonzalez\/wp-json\/wp\/v2\/media?parent=61319"}],"wp:term":[{"taxonomy":"category","embeddable":true,"href":"https:\/\/maringapost.com.br\/orlandogonzalez\/wp-json\/wp\/v2\/categories?post=61319"},{"taxonomy":"post_tag","embeddable":true,"href":"https:\/\/maringapost.com.br\/orlandogonzalez\/wp-json\/wp\/v2\/tags?post=61319"}],"curies":[{"name":"wp","href":"https:\/\/api.w.org\/{rel}","templated":true}]}}