{"id":60350,"date":"2024-07-01T23:41:18","date_gmt":"2024-07-02T02:41:18","guid":{"rendered":"https:\/\/maringapost.com.br\/orlandogonzalez\/?p=60350"},"modified":"2024-07-02T00:01:23","modified_gmt":"2024-07-02T03:01:23","slug":"maringa-fluminense-contrata-tecnico-mano-menezes","status":"publish","type":"post","link":"https:\/\/maringapost.com.br\/orlandogonzalez\/2024\/07\/01\/maringa-fluminense-contrata-tecnico-mano-menezes\/","title":{"rendered":"MARING\u00c1 &#8211; Fluminense contrata t\u00e9cnico Mano Menezes"},"content":{"rendered":"\n<p>O ga\u00facho Mano Menezes, de 62 anos, \u00e9 o novo t\u00e9cnico do Fluminense, \u00faltimo colocado do Campeonato Brasileiro, com apenas seis pontos em 13 partidas. Pela primeira vez no comando do Tricolor carioca, Mano Menezes seguir\u00e1 \u00e0 frente do time at\u00e9 o fim deste ano, segundo o pr\u00f3prio clube informou na tarde desta segunda-feira (1\u00ba). O treinador substituir\u00e1 Fernando Diniz, demitido na semana passada.<img decoding=\"async\" src=\"https:\/\/agenciabrasil.ebc.com.br\/ebc.png?id=1602223&amp;o=node\"><img decoding=\"async\" src=\"https:\/\/agenciabrasil.ebc.com.br\/ebc.gif?id=1602223&amp;o=node\"><\/p>\n\n\n\n<p>O novo t\u00e9cnico se apresentar\u00e1 ao time nesta ter\u00e7a (2) no Centro de Treinamento (CT) Carlos Castilho, na zona oeste do Rio, onde comandar\u00e1 a prepara\u00e7\u00e3o da equipe. A estreia de Mano est\u00e1 prevista para a pr\u00f3xima quinta (4), no embate do Flu contra o Internacional, no Maracan\u00e3, pela 14\u00aa rodada do Brasileir\u00e3o.<\/p>\n\n\n\n<p>O \u00faltimo trabalho de Mano Menezes foi no Corinthians, que o demitiu em fevereiro. Ex-t\u00e9cnico da sele\u00e7\u00e3o brasileira (de 2010 a 2012) &nbsp;Menezes tem no curr\u00edculo tr\u00eas t\u00edtulos da Copa do Brasil: o primeiro com o Corinthians (2008) e dois com o Cruzeiro (2017 e 2018). Tamb\u00e9m conquistou dois Campeonatos Ga\u00facho, um Paulista, e um Mineiro.<\/p>\n\n\n\n<p>(Texto: Ag\u00eancia Brasil. Foto: Fluminense)<\/p>\n","protected":false},"excerpt":{"rendered":"<p>O ga\u00facho Mano Menezes, de 62 anos, \u00e9 o novo t\u00e9cnico do Fluminense, \u00faltimo colocado do Campeonato Brasileiro, com apenas seis pontos em 13 partidas. Pela primeira vez no comando do Tricolor carioca, Mano Menezes seguir\u00e1 \u00e0 frente do time at\u00e9 o fim deste ano, segundo o pr\u00f3prio clube informou na tarde desta segunda-feira (1\u00ba). [&hellip;]<\/p>\n","protected":false},"author":6307,"featured_media":60354,"comment_status":"open","ping_status":"open","sticky":false,"template":"","format":"standard","meta":{"_exactmetrics_skip_tracking":false,"_exactmetrics_sitenote_active":false,"_exactmetrics_sitenote_note":"","_exactmetrics_sitenote_category":0,"footnotes":""},"categories":[5083],"tags":[15190,11084,5831,47],"yoast_head":"<!-- This site is optimized with the Yoast SEO Premium plugin v22.7 (Yoast SEO v22.7) - https:\/\/yoast.com\/wordpress\/plugins\/seo\/ -->\n<title>MARING\u00c1 - Fluminense contrata t\u00e9cnico Mano Menezes - Orlando Gonzalez<\/title>\n<meta name=\"robots\" content=\"index, follow, max-snippet:-1, max-image-preview:large, max-video-preview:-1\" \/>\n<link rel=\"canonical\" href=\"https:\/\/maringapost.com.br\/orlandogonzalez\/2024\/07\/01\/maringa-fluminense-contrata-tecnico-mano-menezes\/\" \/>\n<meta property=\"og:locale\" content=\"pt_BR\" \/>\n<meta property=\"og:type\" content=\"article\" \/>\n<meta property=\"og:title\" content=\"MARING\u00c1 - Fluminense contrata t\u00e9cnico Mano Menezes\" \/>\n<meta property=\"og:description\" content=\"O ga\u00facho Mano Menezes, de 62 anos, \u00e9 o novo t\u00e9cnico do Fluminense, \u00faltimo colocado do Campeonato Brasileiro, com apenas seis pontos em 13 partidas. Pela primeira vez no comando do Tricolor carioca, Mano Menezes seguir\u00e1 \u00e0 frente do time at\u00e9 o fim deste ano, segundo o pr\u00f3prio clube informou na tarde desta segunda-feira (1\u00ba). [&hellip;]\" \/>\n<meta property=\"og:url\" content=\"https:\/\/maringapost.com.br\/orlandogonzalez\/2024\/07\/01\/maringa-fluminense-contrata-tecnico-mano-menezes\/\" \/>\n<meta property=\"og:site_name\" content=\"Orlando Gonzalez\" \/>\n<meta property=\"article:author\" content=\"https:\/\/www.facebook.com\/profile.php?id=100011095815065\" \/>\n<meta property=\"article:published_time\" content=\"2024-07-02T02:41:18+00:00\" \/>\n<meta property=\"article:modified_time\" content=\"2024-07-02T03:01:23+00:00\" \/>\n<meta property=\"og:image\" content=\"https:\/\/maringapost.com.br\/orlandogonzalez\/wp-content\/uploads\/sites\/17\/2024\/07\/mano.jpeg\" \/>\n\t<meta property=\"og:image:width\" content=\"1280\" \/>\n\t<meta property=\"og:image:height\" content=\"720\" \/>\n\t<meta property=\"og:image:type\" content=\"image\/jpeg\" \/>\n<meta name=\"author\" content=\"Orlando Gonzalez\" \/>\n<meta name=\"twitter:card\" content=\"summary_large_image\" \/>\n<meta name=\"twitter:creator\" content=\"@gonzalezorlando\" \/>\n<meta name=\"twitter:label1\" content=\"Escrito por\" \/>\n\t<meta name=\"twitter:data1\" content=\"\" \/>\n\t<meta name=\"twitter:label2\" content=\"Est. tempo de leitura\" \/>\n\t<meta name=\"twitter:data2\" content=\"2 minutos\" \/>\n<script type=\"application\/ld+json\" class=\"yoast-schema-graph\">{\"@context\":\"https:\/\/schema.org\",\"@graph\":[{\"@type\":\"WebPage\",\"@id\":\"https:\/\/maringapost.com.br\/orlandogonzalez\/2024\/07\/01\/maringa-fluminense-contrata-tecnico-mano-menezes\/\",\"url\":\"https:\/\/maringapost.com.br\/orlandogonzalez\/2024\/07\/01\/maringa-fluminense-contrata-tecnico-mano-menezes\/\",\"name\":\"MARING\u00c1 - Fluminense contrata t\u00e9cnico Mano Menezes - Orlando Gonzalez\",\"isPartOf\":{\"@id\":\"https:\/\/maringapost.com.br\/orlandogonzalez\/#website\"},\"primaryImageOfPage\":{\"@id\":\"https:\/\/maringapost.com.br\/orlandogonzalez\/2024\/07\/01\/maringa-fluminense-contrata-tecnico-mano-menezes\/#primaryimage\"},\"image\":{\"@id\":\"https:\/\/maringapost.com.br\/orlandogonzalez\/2024\/07\/01\/maringa-fluminense-contrata-tecnico-mano-menezes\/#primaryimage\"},\"thumbnailUrl\":\"https:\/\/maringapost.com.br\/orlandogonzalez\/wp-content\/uploads\/sites\/17\/2024\/07\/mano.jpeg\",\"datePublished\":\"2024-07-02T02:41:18+00:00\",\"dateModified\":\"2024-07-02T03:01:23+00:00\",\"author\":{\"@id\":\"https:\/\/maringapost.com.br\/orlandogonzalez\/#\/schema\/person\/5cbe6257d08edea6afc9ebaa613b0633\"},\"inLanguage\":\"pt-BR\",\"potentialAction\":[{\"@type\":\"ReadAction\",\"target\":[\"https:\/\/maringapost.com.br\/orlandogonzalez\/2024\/07\/01\/maringa-fluminense-contrata-tecnico-mano-menezes\/\"]}]},{\"@type\":\"ImageObject\",\"inLanguage\":\"pt-BR\",\"@id\":\"https:\/\/maringapost.com.br\/orlandogonzalez\/2024\/07\/01\/maringa-fluminense-contrata-tecnico-mano-menezes\/#primaryimage\",\"url\":\"https:\/\/maringapost.com.br\/orlandogonzalez\/wp-content\/uploads\/sites\/17\/2024\/07\/mano.jpeg\",\"contentUrl\":\"https:\/\/maringapost.com.br\/orlandogonzalez\/wp-content\/uploads\/sites\/17\/2024\/07\/mano.jpeg\",\"width\":1280,\"height\":720},{\"@type\":\"WebSite\",\"@id\":\"https:\/\/maringapost.com.br\/orlandogonzalez\/#website\",\"url\":\"https:\/\/maringapost.com.br\/orlandogonzalez\/\",\"name\":\"Orlando Gonzalez\",\"description\":\"Destaca o esporte de Maring\u00e1! Destaca o esporte do Paran\u00e1! Destaca o esporte do Brasil!\",\"potentialAction\":[{\"@type\":\"SearchAction\",\"target\":{\"@type\":\"EntryPoint\",\"urlTemplate\":\"https:\/\/maringapost.com.br\/orlandogonzalez\/?s={search_term_string}\"},\"query-input\":\"required name=search_term_string\"}],\"inLanguage\":\"pt-BR\"},{\"@type\":\"Person\",\"@id\":\"https:\/\/maringapost.com.br\/orlandogonzalez\/#\/schema\/person\/5cbe6257d08edea6afc9ebaa613b0633\",\"name\":\"Orlando Gonzalez\",\"image\":{\"@type\":\"ImageObject\",\"inLanguage\":\"pt-BR\",\"@id\":\"https:\/\/maringapost.com.br\/orlandogonzalez\/#\/schema\/person\/image\/\",\"url\":\"https:\/\/secure.gravatar.com\/avatar\/ecef9d1c9afe5ebdafadde8369065ba5?s=96&d=mm&r=g\",\"contentUrl\":\"https:\/\/secure.gravatar.com\/avatar\/ecef9d1c9afe5ebdafadde8369065ba5?s=96&d=mm&r=g\",\"caption\":\"Orlando Gonzalez\"},\"description\":\"H\u00e1 29 anos na cobertura do esporte de Maring\u00e1. Plant\u00e3o e narrador esportivo. Presta\u00e7\u00e3o de assessoria de imprensa esportiva, cobertura e transmiss\u00f5es ao vivo de eventos esportivos. E-mail: orlandogonzalez.assessoria@gmail.com WhatsApp: (44) 9 9126-6119\",\"sameAs\":[\"http:\/\/www.radiomaringa.com.br\/\",\"https:\/\/www.facebook.com\/profile.php?id=100011095815065\",\"https:\/\/www.instagram.com\/orlandomgonzalez\/\",\"https:\/\/br.pinterest.com\/ogonzalez0530\/\",\"https:\/\/x.com\/gonzalezorlando\",\"https:\/\/www.youtube.com\/channel\/UCvFpl55btth8wjnKiSS1ibA\",\"https:\/\/radiomaringaweb.tumblr.com\/\"],\"url\":\"https:\/\/maringapost.com.br\/orlandogonzalez\/author\/orlando\/\"}]}<\/script>\n<!-- \/ Yoast SEO Premium plugin. -->","yoast_head_json":{"title":"MARING\u00c1 - Fluminense contrata t\u00e9cnico Mano Menezes - Orlando Gonzalez","robots":{"index":"index","follow":"follow","max-snippet":"max-snippet:-1","max-image-preview":"max-image-preview:large","max-video-preview":"max-video-preview:-1"},"canonical":"https:\/\/maringapost.com.br\/orlandogonzalez\/2024\/07\/01\/maringa-fluminense-contrata-tecnico-mano-menezes\/","og_locale":"pt_BR","og_type":"article","og_title":"MARING\u00c1 - Fluminense contrata t\u00e9cnico Mano Menezes","og_description":"O ga\u00facho Mano Menezes, de 62 anos, \u00e9 o novo t\u00e9cnico do Fluminense, \u00faltimo colocado do Campeonato Brasileiro, com apenas seis pontos em 13 partidas. Pela primeira vez no comando do Tricolor carioca, Mano Menezes seguir\u00e1 \u00e0 frente do time at\u00e9 o fim deste ano, segundo o pr\u00f3prio clube informou na tarde desta segunda-feira (1\u00ba). [&hellip;]","og_url":"https:\/\/maringapost.com.br\/orlandogonzalez\/2024\/07\/01\/maringa-fluminense-contrata-tecnico-mano-menezes\/","og_site_name":"Orlando Gonzalez","article_author":"https:\/\/www.facebook.com\/profile.php?id=100011095815065","article_published_time":"2024-07-02T02:41:18+00:00","article_modified_time":"2024-07-02T03:01:23+00:00","og_image":[{"width":1280,"height":720,"url":"https:\/\/maringapost.com.br\/orlandogonzalez\/wp-content\/uploads\/sites\/17\/2024\/07\/mano.jpeg","type":"image\/jpeg"}],"author":"Orlando Gonzalez","twitter_card":"summary_large_image","twitter_creator":"@gonzalezorlando","twitter_misc":{"Escrito por":false,"Est. tempo de leitura":"2 minutos"},"schema":{"@context":"https:\/\/schema.org","@graph":[{"@type":"WebPage","@id":"https:\/\/maringapost.com.br\/orlandogonzalez\/2024\/07\/01\/maringa-fluminense-contrata-tecnico-mano-menezes\/","url":"https:\/\/maringapost.com.br\/orlandogonzalez\/2024\/07\/01\/maringa-fluminense-contrata-tecnico-mano-menezes\/","name":"MARING\u00c1 - Fluminense contrata t\u00e9cnico Mano Menezes - Orlando Gonzalez","isPartOf":{"@id":"https:\/\/maringapost.com.br\/orlandogonzalez\/#website"},"primaryImageOfPage":{"@id":"https:\/\/maringapost.com.br\/orlandogonzalez\/2024\/07\/01\/maringa-fluminense-contrata-tecnico-mano-menezes\/#primaryimage"},"image":{"@id":"https:\/\/maringapost.com.br\/orlandogonzalez\/2024\/07\/01\/maringa-fluminense-contrata-tecnico-mano-menezes\/#primaryimage"},"thumbnailUrl":"https:\/\/maringapost.com.br\/orlandogonzalez\/wp-content\/uploads\/sites\/17\/2024\/07\/mano.jpeg","datePublished":"2024-07-02T02:41:18+00:00","dateModified":"2024-07-02T03:01:23+00:00","author":{"@id":"https:\/\/maringapost.com.br\/orlandogonzalez\/#\/schema\/person\/5cbe6257d08edea6afc9ebaa613b0633"},"inLanguage":"pt-BR","potentialAction":[{"@type":"ReadAction","target":["https:\/\/maringapost.com.br\/orlandogonzalez\/2024\/07\/01\/maringa-fluminense-contrata-tecnico-mano-menezes\/"]}]},{"@type":"ImageObject","inLanguage":"pt-BR","@id":"https:\/\/maringapost.com.br\/orlandogonzalez\/2024\/07\/01\/maringa-fluminense-contrata-tecnico-mano-menezes\/#primaryimage","url":"https:\/\/maringapost.com.br\/orlandogonzalez\/wp-content\/uploads\/sites\/17\/2024\/07\/mano.jpeg","contentUrl":"https:\/\/maringapost.com.br\/orlandogonzalez\/wp-content\/uploads\/sites\/17\/2024\/07\/mano.jpeg","width":1280,"height":720},{"@type":"WebSite","@id":"https:\/\/maringapost.com.br\/orlandogonzalez\/#website","url":"https:\/\/maringapost.com.br\/orlandogonzalez\/","name":"Orlando Gonzalez","description":"Destaca o esporte de Maring\u00e1! Destaca o esporte do Paran\u00e1! Destaca o esporte do Brasil!","potentialAction":[{"@type":"SearchAction","target":{"@type":"EntryPoint","urlTemplate":"https:\/\/maringapost.com.br\/orlandogonzalez\/?s={search_term_string}"},"query-input":"required name=search_term_string"}],"inLanguage":"pt-BR"},{"@type":"Person","@id":"https:\/\/maringapost.com.br\/orlandogonzalez\/#\/schema\/person\/5cbe6257d08edea6afc9ebaa613b0633","name":"Orlando Gonzalez","image":{"@type":"ImageObject","inLanguage":"pt-BR","@id":"https:\/\/maringapost.com.br\/orlandogonzalez\/#\/schema\/person\/image\/","url":"https:\/\/secure.gravatar.com\/avatar\/ecef9d1c9afe5ebdafadde8369065ba5?s=96&d=mm&r=g","contentUrl":"https:\/\/secure.gravatar.com\/avatar\/ecef9d1c9afe5ebdafadde8369065ba5?s=96&d=mm&r=g","caption":"Orlando Gonzalez"},"description":"H\u00e1 29 anos na cobertura do esporte de Maring\u00e1. Plant\u00e3o e narrador esportivo. Presta\u00e7\u00e3o de assessoria de imprensa esportiva, cobertura e transmiss\u00f5es ao vivo de eventos esportivos. E-mail: orlandogonzalez.assessoria@gmail.com WhatsApp: (44) 9 9126-6119","sameAs":["http:\/\/www.radiomaringa.com.br\/","https:\/\/www.facebook.com\/profile.php?id=100011095815065","https:\/\/www.instagram.com\/orlandomgonzalez\/","https:\/\/br.pinterest.com\/ogonzalez0530\/","https:\/\/x.com\/gonzalezorlando","https:\/\/www.youtube.com\/channel\/UCvFpl55btth8wjnKiSS1ibA","https:\/\/radiomaringaweb.tumblr.com\/"],"url":"https:\/\/maringapost.com.br\/orlandogonzalez\/author\/orlando\/"}]}},"_links":{"self":[{"href":"https:\/\/maringapost.com.br\/orlandogonzalez\/wp-json\/wp\/v2\/posts\/60350"}],"collection":[{"href":"https:\/\/maringapost.com.br\/orlandogonzalez\/wp-json\/wp\/v2\/posts"}],"about":[{"href":"https:\/\/maringapost.com.br\/orlandogonzalez\/wp-json\/wp\/v2\/types\/post"}],"author":[{"embeddable":true,"href":"https:\/\/maringapost.com.br\/orlandogonzalez\/wp-json\/wp\/v2\/users\/6307"}],"replies":[{"embeddable":true,"href":"https:\/\/maringapost.com.br\/orlandogonzalez\/wp-json\/wp\/v2\/comments?post=60350"}],"version-history":[{"count":1,"href":"https:\/\/maringapost.com.br\/orlandogonzalez\/wp-json\/wp\/v2\/posts\/60350\/revisions"}],"predecessor-version":[{"id":60352,"href":"https:\/\/maringapost.com.br\/orlandogonzalez\/wp-json\/wp\/v2\/posts\/60350\/revisions\/60352"}],"wp:featuredmedia":[{"embeddable":true,"href":"https:\/\/maringapost.com.br\/orlandogonzalez\/wp-json\/wp\/v2\/media\/60354"}],"wp:attachment":[{"href":"https:\/\/maringapost.com.br\/orlandogonzalez\/wp-json\/wp\/v2\/media?parent=60350"}],"wp:term":[{"taxonomy":"category","embeddable":true,"href":"https:\/\/maringapost.com.br\/orlandogonzalez\/wp-json\/wp\/v2\/categories?post=60350"},{"taxonomy":"post_tag","embeddable":true,"href":"https:\/\/maringapost.com.br\/orlandogonzalez\/wp-json\/wp\/v2\/tags?post=60350"}],"curies":[{"name":"wp","href":"https:\/\/api.w.org\/{rel}","templated":true}]}}