{"id":58739,"date":"2024-02-17T00:15:02","date_gmt":"2024-02-17T03:15:02","guid":{"rendered":"https:\/\/maringapost.com.br\/orlandogonzalez\/?p=58739"},"modified":"2024-02-17T00:15:02","modified_gmt":"2024-02-17T03:15:02","slug":"maringa-fim-de-semana-tem-esporte-piscina-e-diversao-nas-dez-regionais-de-curitiba","status":"publish","type":"post","link":"https:\/\/maringapost.com.br\/orlandogonzalez\/2024\/02\/17\/maringa-fim-de-semana-tem-esporte-piscina-e-diversao-nas-dez-regionais-de-curitiba\/","title":{"rendered":"MARING\u00c1 &#8211; Fim de semana tem esporte, piscina e divers\u00e3o nas dez regionais de Curitiba"},"content":{"rendered":"<p style=\"margin: 20px 0px;font-family: roboto-regular, Arial, Helvetica, sans-serif;padding: 0px;border: 0px;font-size: 19.125px;vertical-align: baseline;color: #2d2d2d;background-color: #f4f7f6\"><span style=\"font-size: 24px\">Neste fim de semana, a\u00a0<a style=\"color: #008b3c;background-color: transparent;cursor: pointer;margin: 0px;padding: 0px;border: 0px;vertical-align: baseline;font-size: 1.125rem !important\" href=\"https:\/\/www.curitiba.pr.gov.br\/conteudo\/estrutura\/110\">Secretaria Municipal do Esporte, Lazer e Juventude (<\/a><a style=\"color: #008b3c;background-color: transparent;cursor: pointer;margin: 0px;padding: 0px;border: 0px;vertical-align: baseline;font-size: 1.125rem !important\" href=\"https:\/\/www.curitiba.pr.gov.br\/conteudo\/estrutura\/110\" target=\"_self\" rel=\"noopener\">Smelj<\/a>)\u00a0oferece mais uma programa\u00e7\u00e3o repleta de atividades gratuitas. Al\u00e9m do programa\u00a0<a style=\"color: #008b3c;background-color: transparent;cursor: pointer;margin: 0px;padding: 0px;border: 0px;vertical-align: baseline;font-size: 1.125rem !important\" href=\"https:\/\/www.curitiba.pr.gov.br\/servicos\/viva-o-sabado-piscinas-aquecidas-esportes-lazer\/916\" target=\"_self\" rel=\"noopener\">Viva o S\u00e1bado<\/a>, que oferece atividades nas piscinas e equipamentos municipais, est\u00e1 de volta o\u00a0<a style=\"color: #008b3c;background-color: transparent;cursor: pointer;margin: 0px;padding: 0px;border: 0px;vertical-align: baseline;font-size: 1.125rem !important\" href=\"https:\/\/www.curitiba.pr.gov.br\/conteudo\/lazer-curitiba\/3371\" target=\"_self\" rel=\"noopener\">Lazer no Parque<\/a>, com divers\u00e3o em \u00e1reas verdes da cidade.<\/span><\/p>\n<h3 style=\"margin: 0px;font-weight: normal;line-height: 1.2;font-size: 1.625rem;font-family: roboto-bold;padding: 0px;border: 0px;vertical-align: baseline;color: #1e1e1e;background-color: #f4f7f6\"><span style=\"font-size: 24px\">Viva o S\u00e1bado<\/span><\/h3>\n<p style=\"margin: 20px 0px;font-family: roboto-regular, Arial, Helvetica, sans-serif;padding: 0px;border: 0px;font-size: 19.125px;vertical-align: baseline;color: #2d2d2d;background-color: #f4f7f6\"><span style=\"font-size: 24px\">S\u00e1bado \u00e9 dia para aproveitar\u00a0as piscinas da Prefeitura que\u00a0estar\u00e3o abertas para o programa\u00a0<a style=\"color: #008b3c;background-color: transparent;cursor: pointer;margin: 0px;padding: 0px;border: 0px;vertical-align: baseline;font-size: 1.125rem !important\" href=\"https:\/\/www.curitiba.pr.gov.br\/servicos\/viva-o-sabado-piscinas-aquecidas-esportes-lazer\/916\" target=\"_self\" rel=\"noopener\">Viva o S\u00e1bado<\/a>. De gra\u00e7a, os curitibanos podem brincar nas piscinas ou nas atividades f\u00edsicas e estrutura dispon\u00edveis em unidades da Prefeitura. As piscinas estar\u00e3o dispon\u00edveis, das 13h30 \u00e0s 17h15, no\u00a0<a style=\"color: #008b3c;background-color: transparent;cursor: pointer;margin: 0px;padding: 0px;border: 0px;vertical-align: baseline;font-size: 1.125rem !important\" href=\"https:\/\/www.curitiba.pr.gov.br\/locais\/clube-da-gente-bairro-novo\/17\">Clube da Gente Bairro Novo<\/a>,\u00a0<a style=\"color: #008b3c;background-color: transparent;cursor: pointer;margin: 0px;padding: 0px;border: 0px;vertical-align: baseline;font-size: 1.125rem !important\" href=\"https:\/\/www.curitiba.pr.gov.br\/locais\/centro-da-juventude-eucaliptos\/997\" target=\"_self\" rel=\"noopener\">Centro da Juventude Eucaliptos<\/a>,\u00a0<a style=\"color: #008b3c;background-color: transparent;cursor: pointer;margin: 0px;padding: 0px;border: 0px;vertical-align: baseline;font-size: 1.125rem !important\" href=\"https:\/\/www.curitiba.pr.gov.br\/locais\/centro-da-juventude-audi-uniao\/1423\">Centro da Juventude Audi Uni\u00e3o<\/a>,\u00a0<a style=\"color: #008b3c;background-color: transparent;cursor: pointer;margin: 0px;padding: 0px;border: 0px;vertical-align: baseline;font-size: 1.125rem !important\" href=\"https:\/\/www.curitiba.pr.gov.br\/locais\/clube-da-gente-santa-felicidade\/2552\">Clube da Gente Santa Felicidade<\/a>,\u00a0<a style=\"color: #008b3c;background-color: transparent;cursor: pointer;margin: 0px;padding: 0px;border: 0px;vertical-align: baseline;font-size: 1.125rem !important\" href=\"https:\/\/www.curitiba.pr.gov.br\/locais\/clube-da-gente-boa-vista\/2551\">Clube da Gente Boa Vista<\/a>,\u00a0<a style=\"color: #008b3c;background-color: transparent;cursor: pointer;margin: 0px;padding: 0px;border: 0px;vertical-align: baseline;font-size: 1.125rem !important\" href=\"https:\/\/www.curitiba.pr.gov.br\/locais\/clube-da-gente-tatuquara\/1624\">Clube da Gente Tatuquara<\/a>\u00a0e no\u00a0<a style=\"color: #008b3c;background-color: transparent;cursor: pointer;margin: 0px;padding: 0px;border: 0px;vertical-align: baseline;font-size: 1.125rem !important\" href=\"https:\/\/www.curitiba.pr.gov.br\/locais\/centro-de-esporte-e-lazer-dirceu-graeser\/1149\" target=\"_self\" rel=\"noopener\">Centro de Esporte e Lazer Dirceu Graeser<\/a>.\u00a0<\/span><\/p>\n<ul style=\"margin: 0px;font-family: roboto-regular, Arial, Helvetica, sans-serif;padding: 0px;border: 0px;font-size: 19.125px;vertical-align: baseline;color: #2d2d2d;background-color: #f4f7f6\">\n<li style=\"margin: 0px 0px 0px 50px;padding: 0px;border: 0px;vertical-align: baseline;font-size: 1.125rem !important\"><span style=\"font-size: 24px\"><a style=\"color: #008b3c;background-color: transparent;cursor: pointer;margin: 0px;padding: 0px;border: 0px;vertical-align: baseline;font-size: 1.125rem !important\" href=\"https:\/\/guia.curitiba.pr.gov.br\/Evento\/Listar\/?pesquisa=Viva+o+S%C3%A1bado\">Garanta uma vaga AQUI<\/a><\/span><\/li>\n<\/ul>\n<h3 style=\"margin: 0px;font-weight: normal;line-height: 1.2;font-size: 1.625rem;font-family: roboto-bold;padding: 0px;border: 0px;vertical-align: baseline;color: #1e1e1e;background-color: #f4f7f6\"><span style=\"font-size: 24px\">\u00a0<\/span><\/h3>\n<h3 style=\"margin: 0px;font-weight: normal;line-height: 1.2;font-size: 1.625rem;font-family: roboto-bold;padding: 0px;border: 0px;vertical-align: baseline;color: #1e1e1e;background-color: #f4f7f6\"><span style=\"font-size: 24px\">Atividades nas regionais<\/span><\/h3>\n<p style=\"margin: 20px 0px;font-family: roboto-regular, Arial, Helvetica, sans-serif;padding: 0px;border: 0px;font-size: 19.125px;vertical-align: baseline;color: #2d2d2d;background-color: #f4f7f6\"><span style=\"margin: 0px;padding: 0px;border: 0px;vertical-align: baseline;font-family: roboto-bold !important;font-size: 24px\">S\u00e1bado (17\/2)<\/span><br style=\"margin: 0px;padding: 0px;font-size: 1.125rem !important\" \/><span style=\"font-size: 24px\"><a style=\"color: #008b3c;background-color: transparent;cursor: pointer;margin: 0px;padding: 0px;border: 0px;vertical-align: baseline;font-size: 1.125rem !important\" href=\"https:\/\/www.curitiba.pr.gov.br\/conteudo\/matriz-administracao-regional\/87\">Regional Matriz<\/a><\/span><br style=\"margin: 0px;padding: 0px;font-size: 1.125rem !important\" \/><span style=\"font-size: 24px\">No s\u00e1bado, das 9h \u00e0s 13h, haver\u00e1 o\u00a0<a style=\"color: #008b3c;background-color: transparent;cursor: pointer;margin: 0px;padding: 0px;border: 0px;vertical-align: baseline;font-size: 1.125rem !important\" href=\"https:\/\/guia.curitiba.pr.gov.br\/evento\/lazer-curitiba---lazer-na-xv\/1135\">Lazer na\u00a0Rua XV<\/a>, com atividades l\u00fadicas que promovem a intera\u00e7\u00e3o entre todas as idades. As a\u00e7\u00f5es estar\u00e3o concentradas no trecho entre a Pra\u00e7a Os\u00f3rio e a Alameda Dr. Muricy.<\/span><\/p>\n<p style=\"margin: 20px 0px;font-family: roboto-regular, Arial, Helvetica, sans-serif;padding: 0px;border: 0px;font-size: 19.125px;vertical-align: baseline;color: #2d2d2d;background-color: #f4f7f6\"><span style=\"font-size: 24px\"><a style=\"color: #008b3c;background-color: transparent;cursor: pointer;margin: 0px;padding: 0px;border: 0px;vertical-align: baseline;font-size: 1.125rem !important\" href=\"https:\/\/www.curitiba.pr.gov.br\/conteudo\/cajuru-administracao-regional\/84\">Regional Cajuru<\/a><\/span><br style=\"margin: 0px;padding: 0px;font-size: 1.125rem !important\" \/><span style=\"font-size: 24px\">Das 14h \u00e0s 16h, no\u00a0<a style=\"color: #008b3c;background-color: transparent;cursor: pointer;margin: 0px;padding: 0px;border: 0px;vertical-align: baseline;font-size: 1.125rem !important\" href=\"https:\/\/www.curitiba.pr.gov.br\/conteudo\/parque-olimpico-do-cajuru\/3303\">Parque Ol\u00edmpico do Cajuru<\/a>, haver\u00e1 aulas de BMX do\u00a0<a style=\"color: #008b3c;background-color: transparent;cursor: pointer;margin: 0px;padding: 0px;border: 0px;vertical-align: baseline;font-size: 1.125rem !important\" href=\"https:\/\/www.curitiba.pr.gov.br\/conteudo\/iniciacao-esportiva\/157\">Programa\u00a0E+E=10<\/a>\u00a0para crian\u00e7as e adolescentes de 5 a 17 anos matriculados no\u00a0portal\u00a0<a style=\"color: #008b3c;background-color: transparent;cursor: pointer;margin: 0px;padding: 0px;border: 0px;vertical-align: baseline;font-size: 1.125rem !important\" href=\"https:\/\/curitibaemmovimento.curitiba.pr.gov.br\/\">curitibaemmovimento<\/a>.<\/span><\/p>\n<p style=\"margin: 20px 0px;font-family: roboto-regular, Arial, Helvetica, sans-serif;padding: 0px;border: 0px;font-size: 19.125px;vertical-align: baseline;color: #2d2d2d;background-color: #f4f7f6\"><span style=\"font-size: 24px\">Das 13h \u00e0s 14h, o hor\u00e1rio \u00e9 voltado \u00e0 experimenta\u00e7\u00e3o da pista pelas pessoas sem experi\u00eancia no esporte. \u00c9 permitida a pr\u00e1tica com bicicleta e equipamentos pr\u00f3prios, desde que sejam aprovados pelo professor antes. O professor instruir\u00e1 a parte da pista em que a pr\u00e1tica ser\u00e1 permitida. N\u00e3o h\u00e1 empr\u00e9stimo de bicicletas e materiais neste hor\u00e1rio. N\u00e3o necessita inscri\u00e7\u00e3o pr\u00e9via.<\/span><\/p>\n<p style=\"margin: 20px 0px;font-family: roboto-regular, Arial, Helvetica, sans-serif;padding: 0px;border: 0px;font-size: 19.125px;vertical-align: baseline;color: #2d2d2d;background-color: #f4f7f6\"><span style=\"font-size: 24px\">Das 16h \u00e0s 18h a pista \u00e9 liberada para treinamentos de pilotos com experi\u00eancia na modalidade, com supervis\u00e3o de um professor da\u00a0<a style=\"color: #008b3c;background-color: transparent;cursor: pointer;margin: 0px;padding: 0px;border: 0px;vertical-align: baseline;font-size: 1.125rem !important\" href=\"https:\/\/www.curitiba.pr.gov.br\/conteudo\/estrutura\/110\" target=\"_self\" rel=\"noopener\">Smel<\/a>. \u00c9 obrigat\u00f3rio o uso de capacete fechado, cal\u00e7a, camiseta manga longa, cal\u00e7ados e luvas fechados. Cada pessoa deve levar sua garrafa de \u00e1gua.<\/span><\/p>\n<p style=\"margin: 20px 0px;font-family: roboto-regular, Arial, Helvetica, sans-serif;padding: 0px;border: 0px;font-size: 19.125px;vertical-align: baseline;color: #2d2d2d;background-color: #f4f7f6\"><span style=\"font-size: 24px\">Tamb\u00e9m na Regional Cajuru, o\u00a0<a style=\"color: #008b3c;background-color: transparent;cursor: pointer;margin: 0px;padding: 0px;border: 0px;vertical-align: baseline;font-size: 1.125rem !important\" href=\"https:\/\/www.curitiba.pr.gov.br\/locais\/centro-da-juventude-audi-uniao\/1423\">Centro da Juventude Audi\/Uni\u00e3o\u00a0<\/a>(Rua Jo\u00e3o Henrique Hoffmann, 125 \u2013 Uberaba) vai ficar aberto das 7h30 \u00e0s 12h30\u00a0com o Cejuv em A\u00e7\u00e3o.<\/span><\/p>\n<p style=\"margin: 20px 0px;font-family: roboto-regular, Arial, Helvetica, sans-serif;padding: 0px;border: 0px;font-size: 19.125px;vertical-align: baseline;color: #2d2d2d;background-color: #f4f7f6\"><span style=\"font-size: 24px\">Haver\u00e1 empr\u00e9stimo das quadras para atividades esportivas, atendimento do Raia Livre &#8211; programa com objetivo de expandir o atendimento aos adultos que passaram pelo curso de nata\u00e7\u00e3o nos espa\u00e7os da Prefeitura &#8211; e aulas de hidrogin\u00e1stica.<\/span><\/p>\n<p style=\"margin: 20px 0px;font-family: roboto-regular, Arial, Helvetica, sans-serif;padding: 0px;border: 0px;font-size: 19.125px;vertical-align: baseline;color: #2d2d2d;background-color: #f4f7f6\"><span style=\"font-size: 24px\"><a style=\"color: #008b3c;background-color: transparent;cursor: pointer;margin: 0px;padding: 0px;border: 0px;vertical-align: baseline;font-size: 1.125rem !important\" href=\"https:\/\/www.curitiba.pr.gov.br\/conteudo\/boqueirao-administracao-regional\/83\">Regional Boqueir\u00e3o<\/a><\/span><br style=\"margin: 0px;padding: 0px;font-size: 1.125rem !important\" \/><span style=\"font-size: 24px\">O\u00a0<a style=\"color: #008b3c;background-color: transparent;cursor: pointer;margin: 0px;padding: 0px;border: 0px;vertical-align: baseline;font-size: 1.125rem !important\" href=\"https:\/\/www.curitiba.pr.gov.br\/locais\/centro-de-esporte-e-lazer-xaxim-vereador-joao-derosso\/1493\" target=\"_self\" rel=\"noopener\">CEL Vereador Jo\u00e3o Derosso<\/a>\u00a0(Rua Ana Lopos Canet, 4, Xaxim) e o\u00a0<a style=\"color: #008b3c;background-color: transparent;cursor: pointer;margin: 0px;padding: 0px;border: 0px;vertical-align: baseline;font-size: 1.125rem !important\" href=\"https:\/\/www.curitiba.pr.gov.br\/locais\/centro-da-juventude-eucaliptos\/997\" target=\"_self\" rel=\"noopener\">Centro da Juventude Eucaliptos<\/a>\u00a0(Rua Pastor Ant\u00f4nio Polito, 2.200, Alto Boqueir\u00e3o) estar\u00e3o abertos para a comunidade, com empr\u00e9stimo de materiais esportivos, quadra poliesportiva, oferta de atividades recreativas, como jogos gigantes, perna de pau, mesa de pingue-pongue, t\u00eanis de campo e\u00a0voleibol. As atividades come\u00e7am \u00e0s 8h e v\u00e3o at\u00e9 as 17h.<\/span><\/p>\n<p style=\"margin: 20px 0px;font-family: roboto-regular, Arial, Helvetica, sans-serif;padding: 0px;border: 0px;font-size: 19.125px;vertical-align: baseline;color: #2d2d2d;background-color: #f4f7f6\"><span style=\"margin: 0px;padding: 0px;border: 0px;vertical-align: baseline;font-family: roboto-bold !important;font-size: 24px\">Domingo (18\/2)<\/span><br style=\"margin: 0px;padding: 0px;font-size: 1.125rem !important\" \/><span style=\"font-size: 24px\"><a style=\"color: #008b3c;background-color: transparent;cursor: pointer;margin: 0px;padding: 0px;border: 0px;vertical-align: baseline;font-size: 1.125rem !important\" href=\"https:\/\/www.curitiba.pr.gov.br\/conteudo\/matriz-administracao-regional\/87\">Regional Matriz<\/a><\/span><br style=\"margin: 0px;padding: 0px;font-size: 1.125rem !important\" \/><span style=\"font-size: 24px\">Nas\u00a0Arcadas do S\u00e3o Francisco\u00a0tem o\u00a0<a style=\"color: #008b3c;background-color: transparent;cursor: pointer;margin: 0px;padding: 0px;border: 0px;vertical-align: baseline;font-size: 1.125rem !important\" href=\"https:\/\/guia.curitiba.pr.gov.br\/evento\/lazer-curitiba---lazer-nas-arcadas\/1136\" target=\"_blank\" rel=\"noopener noreferrer\">Lazer nas Arcadas<\/a>, ao lado da\u00a0<a style=\"color: #008b3c;background-color: transparent;cursor: pointer;margin: 0px;padding: 0px;border: 0px;vertical-align: baseline;font-size: 1.125rem !important\" href=\"https:\/\/feiradolargo.curitiba.pr.gov.br\/\" target=\"_blank\" rel=\"noopener noreferrer\">Feira do Largo da Ordem<\/a>, das 9h \u00e0s 13h,\u00a0para todas as idades, com orienta\u00e7\u00e3o dos profissionais da\u00a0<a style=\"color: #008b3c;background-color: transparent;cursor: pointer;margin: 0px;padding: 0px;border: 0px;vertical-align: baseline;font-size: 1.125rem !important\" href=\"https:\/\/www.curitiba.pr.gov.br\/conteudo\/estrutura\/110\" target=\"_self\" rel=\"noopener\">SMELJ<\/a>.<\/span><\/p>\n<p style=\"margin: 20px 0px;font-family: roboto-regular, Arial, Helvetica, sans-serif;padding: 0px;border: 0px;font-size: 19.125px;vertical-align: baseline;color: #2d2d2d;background-color: #f4f7f6\"><span style=\"font-size: 24px\"><a style=\"color: #008b3c;background-color: transparent;cursor: pointer;margin: 0px;padding: 0px;border: 0px;vertical-align: baseline;font-size: 1.125rem !important\" href=\"https:\/\/www.curitiba.pr.gov.br\/conteudo\/cajuru-administracao-regional\/84\">Regional Cajuru<\/a><\/span><br style=\"margin: 0px;padding: 0px;font-size: 1.125rem !important\" \/><span style=\"font-size: 24px\">Das 8h \u00e0s 13h, o hor\u00e1rio \u00e9 voltado para a experimenta\u00e7\u00e3o de BMX na pista pelas pessoas sem experi\u00eancia no esporte. \u00c9 permitida a pr\u00e1tica com bicicleta e equipamentos pr\u00f3prios, desde que sejam aprovados pelo professor antes da pr\u00e1tica. O professor instruir\u00e1 a parte da pista em que a pr\u00e1tica ser\u00e1 permitida. N\u00e3o h\u00e1 empr\u00e9stimo de bicicletas e materiais neste hor\u00e1rio. N\u00e3o necessita inscri\u00e7\u00e3o pr\u00e9via.<\/span><\/p>\n<p style=\"margin: 20px 0px;font-family: roboto-regular, Arial, Helvetica, sans-serif;padding: 0px;border: 0px;font-size: 19.125px;vertical-align: baseline;color: #2d2d2d;background-color: #f4f7f6\"><span style=\"font-size: 24px\"><a style=\"color: #008b3c;background-color: transparent;cursor: pointer;margin: 0px;padding: 0px;border: 0px;vertical-align: baseline;font-size: 1.125rem !important\" href=\"https:\/\/www.curitiba.pr.gov.br\/conteudo\/lazer-curitiba\/3371\" target=\"_self\" rel=\"noopener\">Lazer no Parque<\/a><\/span><br style=\"margin: 0px;padding: 0px;font-size: 1.125rem !important\" \/><span style=\"font-size: 24px\">Das 14h \u00e0s 18h de domingo (18\/02), a divers\u00e3o ser\u00e1 em seis\u00a0pontos de Curitiba: no\u00a0<a style=\"color: #008b3c;background-color: transparent;cursor: pointer;margin: 0px;padding: 0px;border: 0px;vertical-align: baseline;font-size: 1.125rem !important\" href=\"https:\/\/www.curitiba.pr.gov.br\/conteudo\/parque-barigui-de-curitiba\/292\" target=\"_self\" rel=\"noopener\">Parque Barigui<\/a>,\u00a0<a style=\"color: #008b3c;background-color: transparent;cursor: pointer;margin: 0px;padding: 0px;border: 0px;vertical-align: baseline;font-size: 1.125rem !important\" href=\"https:\/\/www.curitiba.pr.gov.br\/conteudo\/parque-municipal-atuba\/288\" target=\"_self\" rel=\"noopener\">Parque Atuba<\/a>,\u00a0<a style=\"color: #008b3c;background-color: transparent;cursor: pointer;margin: 0px;padding: 0px;border: 0px;vertical-align: baseline;font-size: 1.125rem !important\" href=\"https:\/\/www.curitiba.pr.gov.br\/conteudo\/parque-municipal-lago-azul\/3321\" target=\"_self\" rel=\"noopener\">Parque Lago Azul<\/a>,\u00a0<a style=\"color: #008b3c;background-color: transparent;cursor: pointer;margin: 0px;padding: 0px;border: 0px;vertical-align: baseline;font-size: 1.125rem !important\" href=\"https:\/\/www.curitiba.pr.gov.br\/conteudo\/parque-municipal-nautico-de-curitiba\/3304\" target=\"_self\" rel=\"noopener\">Parque N\u00e1utico<\/a>,\u00a0<a style=\"color: #008b3c;background-color: transparent;cursor: pointer;margin: 0px;padding: 0px;border: 0px;vertical-align: baseline;font-size: 1.125rem !important\" href=\"https:\/\/www.curitiba.pr.gov.br\/conteudo\/parque-linear-ybere\/3430\" target=\"_self\" rel=\"noopener\">Parque Linear Yber\u00ea<\/a>,\u00a0<a style=\"color: #008b3c;background-color: transparent;cursor: pointer;margin: 0px;padding: 0px;border: 0px;vertical-align: baseline;font-size: 1.125rem !important\" href=\"https:\/\/www.curitiba.pr.gov.br\/conteudo\/parque-municipal-dos-tropeiros-universidade-livre-do-professor\/312\" target=\"_self\" rel=\"noopener\">Parque dos Tropeiros<\/a>.<\/span><\/p>\n<p style=\"margin: 20px 0px;font-family: roboto-regular, Arial, Helvetica, sans-serif;padding: 0px;border: 0px;font-size: 19.125px;vertical-align: baseline;color: #2d2d2d;background-color: #f4f7f6\"><span style=\"font-size: 24px\">No Barigui, as atividades ser\u00e3o no gramado ao lado do Sal\u00e3o de Atos. No\u00a0<a style=\"color: #008b3c;background-color: transparent;cursor: pointer;margin: 0px;padding: 0px;border: 0px;vertical-align: baseline;font-size: 1.125rem !important\" href=\"https:\/\/www.curitiba.pr.gov.br\/conteudo\/parque-municipal-nautico-de-curitiba\/3304\" target=\"_self\" rel=\"noopener\">Parque N\u00e1utico<\/a>, v\u00e3o se concentrar ao lado da Academia ao Ar Livre. No\u00a0<a style=\"color: #008b3c;background-color: transparent;cursor: pointer;margin: 0px;padding: 0px;border: 0px;vertical-align: baseline;font-size: 1.125rem !important\" href=\"https:\/\/www.curitiba.pr.gov.br\/conteudo\/parque-municipal-atuba\/288\" target=\"_self\" rel=\"noopener\">Parque Atuba<\/a>, no espa\u00e7o ao lado da Guarda Municipal. No Lago Azul, no campo de futebol. No Parque Linear\u00a0Yber\u00ea, as atividades ser\u00e3o feitas pr\u00f3ximo da pista de skate e das quadras de areia.\u00a0No Tropeiros, as brincadeiras se concentrar\u00e3o pr\u00f3ximo ao palco.<\/span><\/p>\n<p style=\"margin: 20px 0px;font-family: roboto-regular, Arial, Helvetica, sans-serif;padding: 0px;border: 0px;font-size: 19.125px;vertical-align: baseline;color: #2d2d2d;background-color: #f4f7f6\"><span style=\"font-size: 24px\">Entre as op\u00e7\u00f5es para divers\u00e3o das fam\u00edlias haver\u00e1 cama el\u00e1stica, jogos de tabuleiro gigante (dama, trilha e jogo da velha), mesas de pingue-pongue, pinturinha no papel kraft, circuito infantil de habilidades em bicicletas, entre outras atividades.<\/span><\/p>\n<p style=\"margin: 20px 0px;font-family: roboto-regular, Arial, Helvetica, sans-serif;padding: 0px;border: 0px;font-size: 19.125px;vertical-align: baseline;color: #2d2d2d;background-color: #f4f7f6\"><span style=\"font-size: 24px\"><em style=\"margin: 0px;padding: 0px;border: 0px;vertical-align: baseline;font-size: 1.125rem !important\">As atividades esportivas, f\u00edsicas e de lazer da Prefeitura fazem parte da pol\u00edtica p\u00fablica\u00a0Curitiba\u00a0Viva Bem, uma das principais agendas da gest\u00e3o do prefeito Rafael Greca, assim como a mobilidade urbana, sustentabilidade, empreendedorismo de impacto, cultura da inova\u00e7\u00e3o como processo social\u00a0e\u00a0cidade educadora. A import\u00e2ncia da\u00a0sa\u00fade e bem-estar para os curitibanos motivou a Prefeitura a mobilizar todas as \u00e1reas da gest\u00e3o p\u00fablica, que est\u00e3o ampliando as a\u00e7\u00f5es\u00a0de forma conjunta\u00a0atrav\u00e9s do\u00a0<a style=\"color: #008b3c;background-color: transparent;cursor: pointer;margin: 0px;padding: 0px;border: 0px;vertical-align: baseline;font-size: 1.125rem !important\" href=\"https:\/\/vivabem.curitiba.pr.gov.br\/\" target=\"_self\" rel=\"noopener\">Curitiba Viva Bem<\/a>.<\/em><\/span><\/p>\n<p style=\"margin: 20px 0px;font-family: roboto-regular, Arial, Helvetica, sans-serif;padding: 0px;border: 0px;font-size: 19.125px;vertical-align: baseline;color: #2d2d2d;background-color: #f4f7f6\"><span style=\"font-size: 24px\"><em style=\"margin: 0px;padding: 0px;border: 0px;vertical-align: baseline;font-size: 1.125rem !important\">(Fonte: SMCS PMC)<\/em><\/span><\/p>\n","protected":false},"excerpt":{"rendered":"<p>Neste fim de semana, a\u00a0Secretaria Municipal do Esporte, Lazer e Juventude (Smelj)\u00a0oferece mais uma programa\u00e7\u00e3o repleta de atividades gratuitas. Al\u00e9m do programa\u00a0Viva o S\u00e1bado, que oferece atividades nas piscinas e equipamentos municipais, est\u00e1 de volta o\u00a0Lazer no Parque, com divers\u00e3o em \u00e1reas verdes da cidade. Viva o S\u00e1bado S\u00e1bado \u00e9 dia para aproveitar\u00a0as piscinas da [&hellip;]<\/p>\n","protected":false},"author":6307,"featured_media":58740,"comment_status":"open","ping_status":"open","sticky":false,"template":"","format":"standard","meta":{"_exactmetrics_skip_tracking":false,"_exactmetrics_sitenote_active":false,"_exactmetrics_sitenote_note":"","_exactmetrics_sitenote_category":0,"footnotes":""},"categories":[4538],"tags":[1068],"yoast_head":"<!-- This site is optimized with the Yoast SEO Premium plugin v22.7 (Yoast SEO v22.7) - https:\/\/yoast.com\/wordpress\/plugins\/seo\/ -->\n<title>MARING\u00c1 - Fim de semana tem esporte, piscina e divers\u00e3o nas dez regionais de Curitiba - Orlando Gonzalez<\/title>\n<meta name=\"robots\" content=\"index, follow, max-snippet:-1, max-image-preview:large, max-video-preview:-1\" \/>\n<link rel=\"canonical\" href=\"https:\/\/maringapost.com.br\/orlandogonzalez\/2024\/02\/17\/maringa-fim-de-semana-tem-esporte-piscina-e-diversao-nas-dez-regionais-de-curitiba\/\" \/>\n<meta property=\"og:locale\" content=\"pt_BR\" \/>\n<meta property=\"og:type\" content=\"article\" \/>\n<meta property=\"og:title\" content=\"MARING\u00c1 - Fim de semana tem esporte, piscina e divers\u00e3o nas dez regionais de Curitiba\" \/>\n<meta property=\"og:description\" content=\"Neste fim de semana, a\u00a0Secretaria Municipal do Esporte, Lazer e Juventude (Smelj)\u00a0oferece mais uma programa\u00e7\u00e3o repleta de atividades gratuitas. Al\u00e9m do programa\u00a0Viva o S\u00e1bado, que oferece atividades nas piscinas e equipamentos municipais, est\u00e1 de volta o\u00a0Lazer no Parque, com divers\u00e3o em \u00e1reas verdes da cidade. Viva o S\u00e1bado S\u00e1bado \u00e9 dia para aproveitar\u00a0as piscinas da [&hellip;]\" \/>\n<meta property=\"og:url\" content=\"https:\/\/maringapost.com.br\/orlandogonzalez\/2024\/02\/17\/maringa-fim-de-semana-tem-esporte-piscina-e-diversao-nas-dez-regionais-de-curitiba\/\" \/>\n<meta property=\"og:site_name\" content=\"Orlando Gonzalez\" \/>\n<meta property=\"article:author\" content=\"https:\/\/www.facebook.com\/profile.php?id=100011095815065\" \/>\n<meta property=\"article:published_time\" content=\"2024-02-17T03:15:02+00:00\" \/>\n<meta property=\"og:image\" content=\"https:\/\/maringapost.com.br\/orlandogonzalez\/wp-content\/uploads\/sites\/17\/2024\/02\/esportecapital.jpg\" \/>\n\t<meta property=\"og:image:width\" content=\"690\" \/>\n\t<meta property=\"og:image:height\" content=\"388\" \/>\n\t<meta property=\"og:image:type\" content=\"image\/jpeg\" \/>\n<meta name=\"author\" content=\"Orlando Gonzalez\" \/>\n<meta name=\"twitter:card\" content=\"summary_large_image\" \/>\n<meta name=\"twitter:creator\" content=\"@gonzalezorlando\" \/>\n<meta name=\"twitter:label1\" content=\"Escrito por\" \/>\n\t<meta name=\"twitter:data1\" content=\"\" \/>\n\t<meta name=\"twitter:label2\" content=\"Est. tempo de leitura\" \/>\n\t<meta name=\"twitter:data2\" content=\"5 minutos\" \/>\n<script type=\"application\/ld+json\" class=\"yoast-schema-graph\">{\"@context\":\"https:\/\/schema.org\",\"@graph\":[{\"@type\":\"WebPage\",\"@id\":\"https:\/\/maringapost.com.br\/orlandogonzalez\/2024\/02\/17\/maringa-fim-de-semana-tem-esporte-piscina-e-diversao-nas-dez-regionais-de-curitiba\/\",\"url\":\"https:\/\/maringapost.com.br\/orlandogonzalez\/2024\/02\/17\/maringa-fim-de-semana-tem-esporte-piscina-e-diversao-nas-dez-regionais-de-curitiba\/\",\"name\":\"MARING\u00c1 - Fim de semana tem esporte, piscina e divers\u00e3o nas dez regionais de Curitiba - Orlando Gonzalez\",\"isPartOf\":{\"@id\":\"https:\/\/maringapost.com.br\/orlandogonzalez\/#website\"},\"primaryImageOfPage\":{\"@id\":\"https:\/\/maringapost.com.br\/orlandogonzalez\/2024\/02\/17\/maringa-fim-de-semana-tem-esporte-piscina-e-diversao-nas-dez-regionais-de-curitiba\/#primaryimage\"},\"image\":{\"@id\":\"https:\/\/maringapost.com.br\/orlandogonzalez\/2024\/02\/17\/maringa-fim-de-semana-tem-esporte-piscina-e-diversao-nas-dez-regionais-de-curitiba\/#primaryimage\"},\"thumbnailUrl\":\"https:\/\/maringapost.com.br\/orlandogonzalez\/wp-content\/uploads\/sites\/17\/2024\/02\/esportecapital.jpg\",\"datePublished\":\"2024-02-17T03:15:02+00:00\",\"dateModified\":\"2024-02-17T03:15:02+00:00\",\"author\":{\"@id\":\"https:\/\/maringapost.com.br\/orlandogonzalez\/#\/schema\/person\/5cbe6257d08edea6afc9ebaa613b0633\"},\"inLanguage\":\"pt-BR\",\"potentialAction\":[{\"@type\":\"ReadAction\",\"target\":[\"https:\/\/maringapost.com.br\/orlandogonzalez\/2024\/02\/17\/maringa-fim-de-semana-tem-esporte-piscina-e-diversao-nas-dez-regionais-de-curitiba\/\"]}]},{\"@type\":\"ImageObject\",\"inLanguage\":\"pt-BR\",\"@id\":\"https:\/\/maringapost.com.br\/orlandogonzalez\/2024\/02\/17\/maringa-fim-de-semana-tem-esporte-piscina-e-diversao-nas-dez-regionais-de-curitiba\/#primaryimage\",\"url\":\"https:\/\/maringapost.com.br\/orlandogonzalez\/wp-content\/uploads\/sites\/17\/2024\/02\/esportecapital.jpg\",\"contentUrl\":\"https:\/\/maringapost.com.br\/orlandogonzalez\/wp-content\/uploads\/sites\/17\/2024\/02\/esportecapital.jpg\",\"width\":690,\"height\":388},{\"@type\":\"WebSite\",\"@id\":\"https:\/\/maringapost.com.br\/orlandogonzalez\/#website\",\"url\":\"https:\/\/maringapost.com.br\/orlandogonzalez\/\",\"name\":\"Orlando Gonzalez\",\"description\":\"Destaca o esporte de Maring\u00e1! Destaca o esporte do Paran\u00e1! Destaca o esporte do Brasil!\",\"potentialAction\":[{\"@type\":\"SearchAction\",\"target\":{\"@type\":\"EntryPoint\",\"urlTemplate\":\"https:\/\/maringapost.com.br\/orlandogonzalez\/?s={search_term_string}\"},\"query-input\":\"required name=search_term_string\"}],\"inLanguage\":\"pt-BR\"},{\"@type\":\"Person\",\"@id\":\"https:\/\/maringapost.com.br\/orlandogonzalez\/#\/schema\/person\/5cbe6257d08edea6afc9ebaa613b0633\",\"name\":\"Orlando Gonzalez\",\"image\":{\"@type\":\"ImageObject\",\"inLanguage\":\"pt-BR\",\"@id\":\"https:\/\/maringapost.com.br\/orlandogonzalez\/#\/schema\/person\/image\/\",\"url\":\"https:\/\/secure.gravatar.com\/avatar\/ecef9d1c9afe5ebdafadde8369065ba5?s=96&d=mm&r=g\",\"contentUrl\":\"https:\/\/secure.gravatar.com\/avatar\/ecef9d1c9afe5ebdafadde8369065ba5?s=96&d=mm&r=g\",\"caption\":\"Orlando Gonzalez\"},\"description\":\"H\u00e1 29 anos na cobertura do esporte de Maring\u00e1. Plant\u00e3o e narrador esportivo. Presta\u00e7\u00e3o de assessoria de imprensa esportiva, cobertura e transmiss\u00f5es ao vivo de eventos esportivos. E-mail: orlandogonzalez.assessoria@gmail.com WhatsApp: (44) 9 9126-6119\",\"sameAs\":[\"http:\/\/www.radiomaringa.com.br\/\",\"https:\/\/www.facebook.com\/profile.php?id=100011095815065\",\"https:\/\/www.instagram.com\/orlandomgonzalez\/\",\"https:\/\/br.pinterest.com\/ogonzalez0530\/\",\"https:\/\/x.com\/gonzalezorlando\",\"https:\/\/www.youtube.com\/channel\/UCvFpl55btth8wjnKiSS1ibA\",\"https:\/\/radiomaringaweb.tumblr.com\/\"],\"url\":\"https:\/\/maringapost.com.br\/orlandogonzalez\/author\/orlando\/\"}]}<\/script>\n<!-- \/ Yoast SEO Premium plugin. -->","yoast_head_json":{"title":"MARING\u00c1 - Fim de semana tem esporte, piscina e divers\u00e3o nas dez regionais de Curitiba - Orlando Gonzalez","robots":{"index":"index","follow":"follow","max-snippet":"max-snippet:-1","max-image-preview":"max-image-preview:large","max-video-preview":"max-video-preview:-1"},"canonical":"https:\/\/maringapost.com.br\/orlandogonzalez\/2024\/02\/17\/maringa-fim-de-semana-tem-esporte-piscina-e-diversao-nas-dez-regionais-de-curitiba\/","og_locale":"pt_BR","og_type":"article","og_title":"MARING\u00c1 - Fim de semana tem esporte, piscina e divers\u00e3o nas dez regionais de Curitiba","og_description":"Neste fim de semana, a\u00a0Secretaria Municipal do Esporte, Lazer e Juventude (Smelj)\u00a0oferece mais uma programa\u00e7\u00e3o repleta de atividades gratuitas. Al\u00e9m do programa\u00a0Viva o S\u00e1bado, que oferece atividades nas piscinas e equipamentos municipais, est\u00e1 de volta o\u00a0Lazer no Parque, com divers\u00e3o em \u00e1reas verdes da cidade. Viva o S\u00e1bado S\u00e1bado \u00e9 dia para aproveitar\u00a0as piscinas da [&hellip;]","og_url":"https:\/\/maringapost.com.br\/orlandogonzalez\/2024\/02\/17\/maringa-fim-de-semana-tem-esporte-piscina-e-diversao-nas-dez-regionais-de-curitiba\/","og_site_name":"Orlando Gonzalez","article_author":"https:\/\/www.facebook.com\/profile.php?id=100011095815065","article_published_time":"2024-02-17T03:15:02+00:00","og_image":[{"width":690,"height":388,"url":"https:\/\/maringapost.com.br\/orlandogonzalez\/wp-content\/uploads\/sites\/17\/2024\/02\/esportecapital.jpg","type":"image\/jpeg"}],"author":"Orlando Gonzalez","twitter_card":"summary_large_image","twitter_creator":"@gonzalezorlando","twitter_misc":{"Escrito por":false,"Est. tempo de leitura":"5 minutos"},"schema":{"@context":"https:\/\/schema.org","@graph":[{"@type":"WebPage","@id":"https:\/\/maringapost.com.br\/orlandogonzalez\/2024\/02\/17\/maringa-fim-de-semana-tem-esporte-piscina-e-diversao-nas-dez-regionais-de-curitiba\/","url":"https:\/\/maringapost.com.br\/orlandogonzalez\/2024\/02\/17\/maringa-fim-de-semana-tem-esporte-piscina-e-diversao-nas-dez-regionais-de-curitiba\/","name":"MARING\u00c1 - Fim de semana tem esporte, piscina e divers\u00e3o nas dez regionais de Curitiba - Orlando Gonzalez","isPartOf":{"@id":"https:\/\/maringapost.com.br\/orlandogonzalez\/#website"},"primaryImageOfPage":{"@id":"https:\/\/maringapost.com.br\/orlandogonzalez\/2024\/02\/17\/maringa-fim-de-semana-tem-esporte-piscina-e-diversao-nas-dez-regionais-de-curitiba\/#primaryimage"},"image":{"@id":"https:\/\/maringapost.com.br\/orlandogonzalez\/2024\/02\/17\/maringa-fim-de-semana-tem-esporte-piscina-e-diversao-nas-dez-regionais-de-curitiba\/#primaryimage"},"thumbnailUrl":"https:\/\/maringapost.com.br\/orlandogonzalez\/wp-content\/uploads\/sites\/17\/2024\/02\/esportecapital.jpg","datePublished":"2024-02-17T03:15:02+00:00","dateModified":"2024-02-17T03:15:02+00:00","author":{"@id":"https:\/\/maringapost.com.br\/orlandogonzalez\/#\/schema\/person\/5cbe6257d08edea6afc9ebaa613b0633"},"inLanguage":"pt-BR","potentialAction":[{"@type":"ReadAction","target":["https:\/\/maringapost.com.br\/orlandogonzalez\/2024\/02\/17\/maringa-fim-de-semana-tem-esporte-piscina-e-diversao-nas-dez-regionais-de-curitiba\/"]}]},{"@type":"ImageObject","inLanguage":"pt-BR","@id":"https:\/\/maringapost.com.br\/orlandogonzalez\/2024\/02\/17\/maringa-fim-de-semana-tem-esporte-piscina-e-diversao-nas-dez-regionais-de-curitiba\/#primaryimage","url":"https:\/\/maringapost.com.br\/orlandogonzalez\/wp-content\/uploads\/sites\/17\/2024\/02\/esportecapital.jpg","contentUrl":"https:\/\/maringapost.com.br\/orlandogonzalez\/wp-content\/uploads\/sites\/17\/2024\/02\/esportecapital.jpg","width":690,"height":388},{"@type":"WebSite","@id":"https:\/\/maringapost.com.br\/orlandogonzalez\/#website","url":"https:\/\/maringapost.com.br\/orlandogonzalez\/","name":"Orlando Gonzalez","description":"Destaca o esporte de Maring\u00e1! Destaca o esporte do Paran\u00e1! Destaca o esporte do Brasil!","potentialAction":[{"@type":"SearchAction","target":{"@type":"EntryPoint","urlTemplate":"https:\/\/maringapost.com.br\/orlandogonzalez\/?s={search_term_string}"},"query-input":"required name=search_term_string"}],"inLanguage":"pt-BR"},{"@type":"Person","@id":"https:\/\/maringapost.com.br\/orlandogonzalez\/#\/schema\/person\/5cbe6257d08edea6afc9ebaa613b0633","name":"Orlando Gonzalez","image":{"@type":"ImageObject","inLanguage":"pt-BR","@id":"https:\/\/maringapost.com.br\/orlandogonzalez\/#\/schema\/person\/image\/","url":"https:\/\/secure.gravatar.com\/avatar\/ecef9d1c9afe5ebdafadde8369065ba5?s=96&d=mm&r=g","contentUrl":"https:\/\/secure.gravatar.com\/avatar\/ecef9d1c9afe5ebdafadde8369065ba5?s=96&d=mm&r=g","caption":"Orlando Gonzalez"},"description":"H\u00e1 29 anos na cobertura do esporte de Maring\u00e1. Plant\u00e3o e narrador esportivo. Presta\u00e7\u00e3o de assessoria de imprensa esportiva, cobertura e transmiss\u00f5es ao vivo de eventos esportivos. E-mail: orlandogonzalez.assessoria@gmail.com WhatsApp: (44) 9 9126-6119","sameAs":["http:\/\/www.radiomaringa.com.br\/","https:\/\/www.facebook.com\/profile.php?id=100011095815065","https:\/\/www.instagram.com\/orlandomgonzalez\/","https:\/\/br.pinterest.com\/ogonzalez0530\/","https:\/\/x.com\/gonzalezorlando","https:\/\/www.youtube.com\/channel\/UCvFpl55btth8wjnKiSS1ibA","https:\/\/radiomaringaweb.tumblr.com\/"],"url":"https:\/\/maringapost.com.br\/orlandogonzalez\/author\/orlando\/"}]}},"_links":{"self":[{"href":"https:\/\/maringapost.com.br\/orlandogonzalez\/wp-json\/wp\/v2\/posts\/58739"}],"collection":[{"href":"https:\/\/maringapost.com.br\/orlandogonzalez\/wp-json\/wp\/v2\/posts"}],"about":[{"href":"https:\/\/maringapost.com.br\/orlandogonzalez\/wp-json\/wp\/v2\/types\/post"}],"author":[{"embeddable":true,"href":"https:\/\/maringapost.com.br\/orlandogonzalez\/wp-json\/wp\/v2\/users\/6307"}],"replies":[{"embeddable":true,"href":"https:\/\/maringapost.com.br\/orlandogonzalez\/wp-json\/wp\/v2\/comments?post=58739"}],"version-history":[{"count":1,"href":"https:\/\/maringapost.com.br\/orlandogonzalez\/wp-json\/wp\/v2\/posts\/58739\/revisions"}],"predecessor-version":[{"id":58741,"href":"https:\/\/maringapost.com.br\/orlandogonzalez\/wp-json\/wp\/v2\/posts\/58739\/revisions\/58741"}],"wp:featuredmedia":[{"embeddable":true,"href":"https:\/\/maringapost.com.br\/orlandogonzalez\/wp-json\/wp\/v2\/media\/58740"}],"wp:attachment":[{"href":"https:\/\/maringapost.com.br\/orlandogonzalez\/wp-json\/wp\/v2\/media?parent=58739"}],"wp:term":[{"taxonomy":"category","embeddable":true,"href":"https:\/\/maringapost.com.br\/orlandogonzalez\/wp-json\/wp\/v2\/categories?post=58739"},{"taxonomy":"post_tag","embeddable":true,"href":"https:\/\/maringapost.com.br\/orlandogonzalez\/wp-json\/wp\/v2\/tags?post=58739"}],"curies":[{"name":"wp","href":"https:\/\/api.w.org\/{rel}","templated":true}]}}