{"id":58323,"date":"2023-12-25T10:18:46","date_gmt":"2023-12-25T13:18:46","guid":{"rendered":"https:\/\/maringapost.com.br\/orlandogonzalez\/?p=58323"},"modified":"2023-12-25T10:18:46","modified_gmt":"2023-12-25T13:18:46","slug":"maringa-secretaria-de-esporte-de-curitiba-melhora-estrutura-lanca-o-viva-o-sabado-e-apoia-atletas-da-capital","status":"publish","type":"post","link":"https:\/\/maringapost.com.br\/orlandogonzalez\/2023\/12\/25\/maringa-secretaria-de-esporte-de-curitiba-melhora-estrutura-lanca-o-viva-o-sabado-e-apoia-atletas-da-capital\/","title":{"rendered":"MARING\u00c1 &#8211; Secretaria de Esporte de Curitiba melhora estrutura, lan\u00e7a o Viva o S\u00e1bado e apoia atletas da capital"},"content":{"rendered":"<p style=\"margin: 20px 0px;font-family: roboto-regular, Arial, Helvetica, sans-serif;padding: 0px;border: 0px;font-size: 19.125px;vertical-align: baseline;color: #2d2d2d;background-color: #f4f7f6\"><span style=\"font-size: 24px\">Em 2023, a Secretaria Municipal do Esporte, Lazer e Juventude investiu mais de R$ 70 milh\u00f5es em infraestrutura, projetos e em cursos de qualifica\u00e7\u00e3o para os servidores. Foi o maior or\u00e7amento da hist\u00f3ria de Curitiba no esporte.<\/span><\/p>\n<p style=\"margin: 20px 0px;font-family: roboto-regular, Arial, Helvetica, sans-serif;padding: 0px;border: 0px;font-size: 19.125px;vertical-align: baseline;color: #2d2d2d;background-color: #f4f7f6\"><span style=\"font-size: 24px\">Os curitibanos e curitibinhas se divertiram juntos. Com os programas Viva o S\u00e1bado, Lazer no Parque, e atividades como passeios cicl\u00edsticos regionais, caminhadas, aulas virtuais, ningu\u00e9m ficou parado.<\/span><\/p>\n<blockquote style=\"margin: 0px auto;font-family: roboto-regular, Arial, Helvetica, sans-serif;padding: 0px;border: 0px;font-size: 19.125px;vertical-align: baseline;width: 610px;color: #2d2d2d;background-color: #f4f7f6\">\n<p style=\"margin: 20px 0px;font-family: roboto-medium;padding: 0px 25px 0px 0px;border: 0px;vertical-align: baseline;line-height: 2.25rem;font-size: 1.125rem !important\"><span style=\"font-size: 24px\">No Viva o S\u00e1bado, as fam\u00edlias podem aproveitar de gra\u00e7a as piscinas e atividades dispon\u00edveis em espa\u00e7os da Prefeitura aos s\u00e1bados.<\/span><\/p>\n<\/blockquote>\n<p style=\"margin: 20px 0px;font-family: roboto-regular, Arial, Helvetica, sans-serif;padding: 0px;border: 0px;font-size: 19.125px;vertical-align: baseline;color: #2d2d2d;background-color: #f4f7f6\"><span style=\"font-size: 24px\">No Lazer no Parque, todos os domingos, sete locais de Curitiba (parques Barigui, N\u00e1utico, Atuba, Lago Azul, Yber\u00ea, Tropeiros e a Pra\u00e7a Afonso Botelho) t\u00eam oferta de jogos e brincadeiras gratuitas.<\/span><\/p>\n<p style=\"margin: 20px 0px;font-family: roboto-regular, Arial, Helvetica, sans-serif;padding: 0px;border: 0px;font-size: 19.125px;vertical-align: baseline;color: #2d2d2d;background-color: #f4f7f6\"><span style=\"font-size: 24px\">A Smelj tamb\u00e9m preparou a cidade para o futuro. Neste ano, o prefeito\u00a0Rafael Greca\u00a0sancionou a lei municipal n\u00b0 16.160, de cria\u00e7\u00e3o do Sistema Municipal do Esporte e Lazer de Curitiba (Sestiba), envolvendo o poder executivo municipal e a sociedade civil e integrado ao Sistema Nacional do Esporte, na forma estabelecida pela legisla\u00e7\u00e3o federal.<\/span><\/p>\n<blockquote style=\"margin: 0px auto;font-family: roboto-regular, Arial, Helvetica, sans-serif;padding: 0px;border: 0px;font-size: 19.125px;vertical-align: baseline;width: 610px;color: #2d2d2d;background-color: #f4f7f6\">\n<p style=\"margin: 20px 0px;font-family: roboto-medium;padding: 0px 25px 0px 0px;border: 0px;vertical-align: baseline;line-height: 2.25rem;font-size: 1.125rem !important\"><span style=\"font-size: 24px\">O Sestiba agora orienta as pol\u00edticas p\u00fablicas de esporte e lazer, estabelecendo diretrizes para a estrutura e funcionamento. O Fundo Municipal de Esportes foi criado simultaneamente. Com ele, a Smelj ter\u00e1 acesso a recursos de 22 fontes distintas, incluindo loterias, patroc\u00ednios e cobran\u00e7as de inscri\u00e7\u00f5es.<\/span><\/p>\n<\/blockquote>\n<p style=\"margin: 20px 0px;font-family: roboto-regular, Arial, Helvetica, sans-serif;padding: 0px;border: 0px;font-size: 19.125px;vertical-align: baseline;color: #2d2d2d;background-color: #f4f7f6\"><span style=\"font-size: 24px\">A san\u00e7\u00e3o da lei \u00e9 um passo fundamental para que Curitiba seja a Capital Nacional do Esporte.<\/span><\/p>\n<p style=\"margin: 20px 0px;font-family: roboto-regular, Arial, Helvetica, sans-serif;padding: 0px;border: 0px;font-size: 19.125px;vertical-align: baseline;color: #2d2d2d;background-color: #f4f7f6\"><span style=\"font-size: 24px\">\u201cPara isso \u00e9 necess\u00e1rio que possamos construir legados. A aprova\u00e7\u00e3o do Sestiba \u00e9 um legado que possibilitar\u00e1 \u00e0 cidade aderir \u00e0 Lei Geral do Esporte, promovendo tamb\u00e9m a cria\u00e7\u00e3o de um fundo e aumentando as possibilidades de capta\u00e7\u00e3o de recursos, o que ir\u00e1 proporcionar mais projetos para a comunidade&#8221;, explicou o prefeito Rafael Greca.<\/span><\/p>\n<h3 style=\"margin: 0px;font-weight: normal;line-height: 1.2;font-size: 1.625rem;font-family: roboto-bold;padding: 0px;border: 0px;vertical-align: baseline;color: #1e1e1e;background-color: #f4f7f6\"><span style=\"font-size: 24px\">Infraestrutura no capricho<\/span><\/h3>\n<p style=\"margin: 20px 0px;font-family: roboto-regular, Arial, Helvetica, sans-serif;padding: 0px;border: 0px;font-size: 19.125px;vertical-align: baseline;color: #2d2d2d;background-color: #f4f7f6\"><span style=\"font-size: 24px\">Entre reformas e revitaliza\u00e7\u00f5es, em 2023 ficaram prontas as do Centro de Esporte e Lazer (CEL) Vila Oficinas, que foi completamente adaptado para pr\u00e1ticas esportivas, paradesportivas e o treinamento de alto rendimento, a do Clube da Gente Bairro, com recupera\u00e7\u00e3o do telhado, manuten\u00e7\u00e3o da estrutura met\u00e1lica e troca de lumin\u00e1rias comuns por LED, e a do CEL Xaxim &#8211; Vereador Jo\u00e3o Derosso, com adequa\u00e7\u00e3o para melhor atendimento de paratletas.<\/span><\/p>\n<p style=\"margin: 20px 0px;font-family: roboto-regular, Arial, Helvetica, sans-serif;padding: 0px;border: 0px;font-size: 19.125px;vertical-align: baseline;color: #2d2d2d;background-color: #f4f7f6\"><span style=\"font-size: 24px\">Houve revitaliza\u00e7\u00e3o do CEL Bacacheri, com reforma das quadras de areia e pintura das quadras de pickleball, oferecendo aulas desta modalidade, bem como v\u00f4lei de praia e futev\u00f4lei.<\/span><\/p>\n<p style=\"margin: 20px 0px;font-family: roboto-regular, Arial, Helvetica, sans-serif;padding: 0px;border: 0px;font-size: 19.125px;vertical-align: baseline;color: #2d2d2d;background-color: #f4f7f6\"><span style=\"font-size: 24px\">\u201cEstamos trabalhando para que a popula\u00e7\u00e3o tenha todos os espa\u00e7os nas melhores condi\u00e7\u00f5es poss\u00edveis para a pr\u00e1tica de esporte e atividade f\u00edsica. Os curitibanos ter\u00e3o uma infraestrutura de primeiro mundo e poder\u00e3o gastar muita energia\u00a0nos centros que j\u00e1 foram e que est\u00e3o sendo renovados\u201d, disse o secret\u00e1rio\u00a0Carlos Pijak Jr.<\/span><\/p>\n<p style=\"margin: 20px 0px;font-family: roboto-regular, Arial, Helvetica, sans-serif;padding: 0px;border: 0px;font-size: 19.125px;vertical-align: baseline;color: #2d2d2d;background-color: #f4f7f6\"><span style=\"font-size: 24px\">De fato, a infraestrutura para a pr\u00e1tica esportiva evoluiu em 2023. Foram revitalizadas as quadras de t\u00eanis do Vel\u00f3dromo e do Jardim Ambiental e instaladas quadras de grama sint\u00e9tica nas pra\u00e7as Carlos Roberto Kaseker, no Boqueir\u00e3o, Santa Rita, no Tatuquara, e Jos\u00e9 Fressato, na CIC. Modernos pisos modulares chegaram ao CEL Xapinhal, Avelino Vieira e Santa Rita, CIE CIC e Cejuv Eucaliptos.<\/span><\/p>\n<p style=\"margin: 20px 0px;font-family: roboto-regular, Arial, Helvetica, sans-serif;padding: 0px;border: 0px;font-size: 19.125px;vertical-align: baseline;color: #2d2d2d;background-color: #f4f7f6\"><span style=\"font-size: 24px\">A Pra\u00e7a Oswaldo Cruz agora tem uma quadra de paddle e o Parque Barigui, tr\u00eas quadras de pickleball.<\/span><\/p>\n<p style=\"margin: 20px 0px;font-family: roboto-regular, Arial, Helvetica, sans-serif;padding: 0px;border: 0px;font-size: 19.125px;vertical-align: baseline;color: #2d2d2d;background-color: #f4f7f6\"><span style=\"font-size: 24px\">Todos os equipamentos p\u00fablicos geridos pela Smelj ganharam monitoramento eletr\u00f4nico de seguran\u00e7a nos equipamentos.<\/span><\/p>\n<h3 style=\"margin: 0px;font-weight: normal;line-height: 1.2;font-size: 1.625rem;font-family: roboto-bold;padding: 0px;border: 0px;vertical-align: baseline;color: #1e1e1e;background-color: #f4f7f6\"><span style=\"font-size: 24px\">Incentivo financeiro aos atletas\u00a0<\/span><\/h3>\n<p style=\"margin: 20px 0px;font-family: roboto-regular, Arial, Helvetica, sans-serif;padding: 0px;border: 0px;font-size: 19.125px;vertical-align: baseline;color: #2d2d2d;background-color: #f4f7f6\"><span style=\"font-size: 24px\">O Programa Municipal de Incentivo ao Esporte fez a diferen\u00e7a na vida de atletas, treinadores e institui\u00e7\u00f5es esportivas em 2023. Foram atendidos 615 projetos com um investimento que superou os R$ 4 milh\u00f5es.<\/span><\/p>\n<p style=\"margin: 20px 0px;font-family: roboto-regular, Arial, Helvetica, sans-serif;padding: 0px;border: 0px;font-size: 19.125px;vertical-align: baseline;color: #2d2d2d;background-color: #f4f7f6\"><span style=\"font-size: 24px\">O Programa Vale Transporte Esportivo contemplou 22 entidades com uma m\u00e9dia mensal de mais de 5.000 repasses.<\/span><\/p>\n<p style=\"margin: 20px 0px;font-family: roboto-regular, Arial, Helvetica, sans-serif;padding: 0px;border: 0px;font-size: 19.125px;vertical-align: baseline;color: #2d2d2d;background-color: #f4f7f6\"><span style=\"font-size: 24px\">Com estes programas, atletas de ponta, como a curitibana B\u00e1rbara Domingos, a Babi, aparecem e se tornam campe\u00f5es. Na gin\u00e1stica r\u00edtmica, a atleta de 23 anos garantiu vaga para a Olimp\u00edada de Paris 2024 e no \u00faltimo Pan-Americano, disputado no Chile, foi a atleta brasileira que mais ganhou medalhas \u2013 tr\u00eas de ouro e duas de prata.<\/span><\/p>\n<p style=\"margin: 20px 0px;font-family: roboto-regular, Arial, Helvetica, sans-serif;padding: 0px;border: 0px;font-size: 19.125px;vertical-align: baseline;color: #2d2d2d;background-color: #f4f7f6\"><span style=\"font-size: 24px\">\u201cA Lei de Incentivo est\u00e1 tendo um efeito positivo. V\u00e1rios atletas est\u00e3o conquistando bons resultados e a tend\u00eancia \u00e9 de crescimento ainda maior\u201d, comentou B\u00e1rbara.<\/span><\/p>\n<p style=\"margin: 20px 0px;font-family: roboto-regular, Arial, Helvetica, sans-serif;padding: 0px;border: 0px;font-size: 19.125px;vertical-align: baseline;color: #2d2d2d;background-color: #f4f7f6\"><span style=\"font-size: 24px\">Os atletas incentivados tamb\u00e9m ganharam a Academia do Atleta Curitibano e receberam o Cart\u00e3o Academia, que oferta acesso a 14 academias p\u00fablicas de Curitiba.<\/span><\/p>\n<p style=\"margin: 20px 0px;font-family: roboto-regular, Arial, Helvetica, sans-serif;padding: 0px;border: 0px;font-size: 19.125px;vertical-align: baseline;color: #2d2d2d;background-color: #f4f7f6\"><span style=\"font-size: 24px\">Em contrapartida, bateram o recorde de arrecada\u00e7\u00f5es de doa\u00e7\u00f5es nas campanhas de contrapartidas sociais, como a inverno e de P\u00e1scoa.<\/span><\/p>\n<h3 style=\"margin: 0px;font-weight: normal;line-height: 1.2;font-size: 1.625rem;font-family: roboto-bold;padding: 0px;border: 0px;vertical-align: baseline;color: #1e1e1e;background-color: #f4f7f6\"><span style=\"font-size: 24px\">Corridas e outros torneios<\/span><\/h3>\n<p style=\"margin: 20px 0px;font-family: roboto-regular, Arial, Helvetica, sans-serif;padding: 0px;border: 0px;font-size: 19.125px;vertical-align: baseline;color: #2d2d2d;background-color: #f4f7f6\"><span style=\"font-size: 24px\">A Secretaria proporcionou competi\u00e7\u00f5es esportivas em 2023, incluindo as Corridas Smart, com mais de 32 mil participantes e enfatizando o conceito Carbono Zero.<\/span><\/p>\n<p style=\"margin: 20px 0px;font-family: roboto-regular, Arial, Helvetica, sans-serif;padding: 0px;border: 0px;font-size: 19.125px;vertical-align: baseline;color: #2d2d2d;background-color: #f4f7f6\"><span style=\"font-size: 24px\">O Circuito Infantil Fam\u00edlia Folhas envolveu cerca de 10 mil crian\u00e7as em quatro etapas. A Maratona Carbono Zero promoveu sustentabilidade, distribuindo 1.200 mudas de \u00e1rvores e compensando emiss\u00f5es de carbono.<\/span><\/p>\n<p style=\"margin: 20px 0px;font-family: roboto-regular, Arial, Helvetica, sans-serif;padding: 0px;border: 0px;font-size: 19.125px;vertical-align: baseline;color: #2d2d2d;background-color: #f4f7f6\"><span style=\"font-size: 24px\">Al\u00e9m disso, a Smelj realizou torneios inovadores, como os primeiros campeonatos de pickleball na regi\u00e3o sul do Brasil, Aquathlon, Triathlon e BMX.<\/span><\/p>\n<h3 style=\"margin: 0px;font-weight: normal;line-height: 1.2;font-size: 1.625rem;font-family: roboto-bold;padding: 0px;border: 0px;vertical-align: baseline;color: #1e1e1e;background-color: #f4f7f6\"><span style=\"font-size: 24px\">Parcerias em eventos<\/span><\/h3>\n<p style=\"margin: 20px 0px;font-family: roboto-regular, Arial, Helvetica, sans-serif;padding: 0px;border: 0px;font-size: 19.125px;vertical-align: baseline;color: #2d2d2d;background-color: #f4f7f6\"><span style=\"font-size: 24px\">Em 2023, a Smelj apoiou mais de 100 eventos esportivos, impulsionando o turismo e a visibilidade de Curitiba. Foram estabelecidos 45 acordos de Coopera\u00e7\u00e3o T\u00e9cnica para compartilhamento de recursos e conhecimentos.<\/span><\/p>\n<p style=\"margin: 20px 0px;font-family: roboto-regular, Arial, Helvetica, sans-serif;padding: 0px;border: 0px;font-size: 19.125px;vertical-align: baseline;color: #2d2d2d;background-color: #f4f7f6\"><span style=\"font-size: 24px\">O Projeto Nadando com Daniel Dias, do paratleta multicampe\u00e3o, ofereceu aulas gratuitas de nata\u00e7\u00e3o para 192 alunos com defici\u00eancia. A parceria com a Confedera\u00e7\u00e3o Brasileira de H\u00f3quei Sobre Grama levou o esporte a dois espa\u00e7os, beneficiando 94 alunos.<\/span><\/p>\n<p style=\"margin: 20px 0px;font-family: roboto-regular, Arial, Helvetica, sans-serif;padding: 0px;border: 0px;font-size: 19.125px;vertical-align: baseline;color: #2d2d2d;background-color: #f4f7f6\"><span style=\"font-size: 24px\">A Copa Escolar 2023 reuniu mais de 100 escolas em 17 modalidades esportivas, incluindo 7 novas. E a 1\u00aa Copa Curitibinha promoveu inicia\u00e7\u00e3o esportiva para crian\u00e7as de 7 a 10 anos, enfocando modalidades adaptadas como handebol, futebol e v\u00f4lei em formato reduzido.<\/span><\/p>\n<h3 style=\"margin: 0px;font-weight: normal;line-height: 1.2;font-size: 1.625rem;font-family: roboto-bold;padding: 0px;border: 0px;vertical-align: baseline;color: #1e1e1e;background-color: #f4f7f6\"><span style=\"font-size: 24px\">A cidade \u00e9 campe\u00e3<\/span><\/h3>\n<p style=\"margin: 20px 0px;font-family: roboto-regular, Arial, Helvetica, sans-serif;padding: 0px;border: 0px;font-size: 19.125px;vertical-align: baseline;color: #2d2d2d;background-color: #f4f7f6\"><span style=\"font-size: 24px\">Curitiba mais uma vez foi campe\u00e3 dos Jogos da Juventude do Paran\u00e1, com uma delega\u00e7\u00e3o de 310 atletas.<\/span><\/p>\n<p style=\"margin: 20px 0px;font-family: roboto-regular, Arial, Helvetica, sans-serif;padding: 0px;border: 0px;font-size: 19.125px;vertical-align: baseline;color: #2d2d2d;background-color: #f4f7f6\"><span style=\"font-size: 24px\">Nos Jogos Paradesportivos do Estado (Parajaps), a cidade contou com a maior delega\u00e7\u00e3o da hist\u00f3ria, composta de 325 paratletas e mais uma vez foi campe\u00e3 da competi\u00e7\u00e3o.<\/span><\/p>\n<h3 style=\"margin: 0px;font-weight: normal;line-height: 1.2;font-size: 1.625rem;font-family: roboto-bold;padding: 0px;border: 0px;vertical-align: baseline;color: #1e1e1e;background-color: #f4f7f6\"><span style=\"font-size: 24px\">Promo\u00e7\u00e3o do paradesporto<\/span><\/h3>\n<p style=\"margin: 20px 0px;font-family: roboto-regular, Arial, Helvetica, sans-serif;padding: 0px;border: 0px;font-size: 19.125px;vertical-align: baseline;color: #2d2d2d;background-color: #f4f7f6\"><span style=\"font-size: 24px\">A Comiss\u00e3o de Paradesporto foi institu\u00edda com o objetivo de promover a inclus\u00e3o de pessoas com defici\u00eancia e elaborar pol\u00edticas p\u00fablicas para o desenvolvimento das modalidades paradesportivas.<\/span><\/p>\n<h3 style=\"margin: 0px;font-weight: normal;line-height: 1.2;font-size: 1.625rem;font-family: roboto-bold;padding: 0px;border: 0px;vertical-align: baseline;color: #1e1e1e;background-color: #f4f7f6\"><span style=\"font-size: 24px\">Crescimento do EE10<\/span><\/h3>\n<p style=\"margin: 20px 0px;font-family: roboto-regular, Arial, Helvetica, sans-serif;padding: 0px;border: 0px;font-size: 19.125px;vertical-align: baseline;color: #2d2d2d;background-color: #f4f7f6\"><span style=\"font-size: 24px\">Apenas em 2023, 61 entidades esportivas foram credenciadas no Programa Escola + Esporte = 10 (EE10), cuja finalidade \u00e9 desenvolver atividades de inicia\u00e7\u00e3o esportiva.<\/span><\/p>\n<p style=\"margin: 20px 0px;font-family: roboto-regular, Arial, Helvetica, sans-serif;padding: 0px;border: 0px;font-size: 19.125px;vertical-align: baseline;color: #2d2d2d;background-color: #f4f7f6\"><span style=\"font-size: 24px\">O EE10 soma mais de 12.500 crian\u00e7as e jovens atendidos em contraturno escolar.<\/span><\/p>\n<h3 style=\"margin: 0px;font-weight: normal;line-height: 1.2;font-size: 1.625rem;font-family: roboto-bold;padding: 0px;border: 0px;vertical-align: baseline;color: #1e1e1e;background-color: #f4f7f6\"><span style=\"font-size: 24px\">Juventude em a\u00e7\u00e3o\u00a0\u00a0\u00a0\u00a0<\/span><\/h3>\n<p style=\"margin: 20px 0px;font-family: roboto-regular, Arial, Helvetica, sans-serif;padding: 0px;border: 0px;font-size: 19.125px;vertical-align: baseline;color: #2d2d2d;background-color: #f4f7f6\"><span style=\"font-size: 24px\">A juventude de Curitiba aproveitou as atividades oferecidas pela secretaria.<\/span><\/p>\n<p style=\"margin: 20px 0px;font-family: roboto-regular, Arial, Helvetica, sans-serif;padding: 0px;border: 0px;font-size: 19.125px;vertical-align: baseline;color: #2d2d2d;background-color: #f4f7f6\"><span style=\"font-size: 24px\">Foram realizadas a Feira Juventude de Curitiba em A\u00e7\u00e3o (com atividades de esporte e lazer, Festival Talento Jovem e Feira Jovem) e a Semana do Skate, com 2.051 participates.<\/span><\/p>\n<p style=\"margin: 20px 0px;font-family: roboto-regular, Arial, Helvetica, sans-serif;padding: 0px;border: 0px;font-size: 19.125px;vertical-align: baseline;color: #2d2d2d;background-color: #f4f7f6\"><span style=\"font-size: 24px\">J\u00e1 a Semana da Juventude de Curitiba teve 61 a\u00e7\u00f5es nos 10 N\u00facleos Regionais, escolas estaduais, pra\u00e7as e parques de Curitiba, com a participa\u00e7\u00e3o aproximada de 6.347 jovens e adolescentes.<\/span><\/p>\n<p style=\"margin: 20px 0px;font-family: roboto-regular, Arial, Helvetica, sans-serif;padding: 0px;border: 0px;font-size: 19.125px;vertical-align: baseline;color: #2d2d2d;background-color: #f4f7f6\"><span style=\"font-size: 24px\">Tamb\u00e9m foi realizada a Confer\u00eancia Municipal da Juventude e reativado o Conselho Municipal da Juventude.<\/span><\/p>\n<p style=\"margin: 20px 0px;font-family: roboto-regular, Arial, Helvetica, sans-serif;padding: 0px;border: 0px;font-size: 19.125px;vertical-align: baseline;color: #2d2d2d;background-color: #f4f7f6\"><span style=\"font-size: 24px\">(Texto: SMCS PMC. Foto: Ricardo Maraj\u00f3\/SMCS PMC)<\/span><\/p>\n","protected":false},"excerpt":{"rendered":"<p>Em 2023, a Secretaria Municipal do Esporte, Lazer e Juventude investiu mais de R$ 70 milh\u00f5es em infraestrutura, projetos e em cursos de qualifica\u00e7\u00e3o para os servidores. Foi o maior or\u00e7amento da hist\u00f3ria de Curitiba no esporte. Os curitibanos e curitibinhas se divertiram juntos. Com os programas Viva o S\u00e1bado, Lazer no Parque, e atividades [&hellip;]<\/p>\n","protected":false},"author":6307,"featured_media":58325,"comment_status":"open","ping_status":"open","sticky":false,"template":"","format":"standard","meta":{"_exactmetrics_skip_tracking":false,"_exactmetrics_sitenote_active":false,"_exactmetrics_sitenote_note":"","_exactmetrics_sitenote_category":0,"footnotes":""},"categories":[4538],"tags":[1068],"yoast_head":"<!-- This site is optimized with the Yoast SEO Premium plugin v22.7 (Yoast SEO v22.7) - https:\/\/yoast.com\/wordpress\/plugins\/seo\/ -->\n<title>MARING\u00c1 - Secretaria de Esporte de Curitiba melhora estrutura, lan\u00e7a o Viva o S\u00e1bado e apoia atletas da capital - Orlando Gonzalez<\/title>\n<meta name=\"robots\" content=\"index, follow, max-snippet:-1, max-image-preview:large, max-video-preview:-1\" \/>\n<link rel=\"canonical\" href=\"https:\/\/maringapost.com.br\/orlandogonzalez\/2023\/12\/25\/maringa-secretaria-de-esporte-de-curitiba-melhora-estrutura-lanca-o-viva-o-sabado-e-apoia-atletas-da-capital\/\" \/>\n<meta property=\"og:locale\" content=\"pt_BR\" \/>\n<meta property=\"og:type\" content=\"article\" \/>\n<meta property=\"og:title\" content=\"MARING\u00c1 - Secretaria de Esporte de Curitiba melhora estrutura, lan\u00e7a o Viva o S\u00e1bado e apoia atletas da capital\" \/>\n<meta property=\"og:description\" content=\"Em 2023, a Secretaria Municipal do Esporte, Lazer e Juventude investiu mais de R$ 70 milh\u00f5es em infraestrutura, projetos e em cursos de qualifica\u00e7\u00e3o para os servidores. Foi o maior or\u00e7amento da hist\u00f3ria de Curitiba no esporte. Os curitibanos e curitibinhas se divertiram juntos. Com os programas Viva o S\u00e1bado, Lazer no Parque, e atividades [&hellip;]\" \/>\n<meta property=\"og:url\" content=\"https:\/\/maringapost.com.br\/orlandogonzalez\/2023\/12\/25\/maringa-secretaria-de-esporte-de-curitiba-melhora-estrutura-lanca-o-viva-o-sabado-e-apoia-atletas-da-capital\/\" \/>\n<meta property=\"og:site_name\" content=\"Orlando Gonzalez\" \/>\n<meta property=\"article:author\" content=\"https:\/\/www.facebook.com\/profile.php?id=100011095815065\" \/>\n<meta property=\"article:published_time\" content=\"2023-12-25T13:18:46+00:00\" \/>\n<meta property=\"og:image\" content=\"https:\/\/maringapost.com.br\/orlandogonzalez\/wp-content\/uploads\/sites\/17\/2023\/12\/esportecuritiba.jpg\" \/>\n\t<meta property=\"og:image:width\" content=\"800\" \/>\n\t<meta property=\"og:image:height\" content=\"533\" \/>\n\t<meta property=\"og:image:type\" content=\"image\/jpeg\" \/>\n<meta name=\"author\" content=\"Orlando Gonzalez\" \/>\n<meta name=\"twitter:card\" content=\"summary_large_image\" \/>\n<meta name=\"twitter:creator\" content=\"@gonzalezorlando\" \/>\n<meta name=\"twitter:label1\" content=\"Escrito por\" \/>\n\t<meta name=\"twitter:data1\" content=\"\" \/>\n\t<meta name=\"twitter:label2\" content=\"Est. tempo de leitura\" \/>\n\t<meta name=\"twitter:data2\" content=\"7 minutos\" \/>\n<script type=\"application\/ld+json\" class=\"yoast-schema-graph\">{\"@context\":\"https:\/\/schema.org\",\"@graph\":[{\"@type\":\"WebPage\",\"@id\":\"https:\/\/maringapost.com.br\/orlandogonzalez\/2023\/12\/25\/maringa-secretaria-de-esporte-de-curitiba-melhora-estrutura-lanca-o-viva-o-sabado-e-apoia-atletas-da-capital\/\",\"url\":\"https:\/\/maringapost.com.br\/orlandogonzalez\/2023\/12\/25\/maringa-secretaria-de-esporte-de-curitiba-melhora-estrutura-lanca-o-viva-o-sabado-e-apoia-atletas-da-capital\/\",\"name\":\"MARING\u00c1 - Secretaria de Esporte de Curitiba melhora estrutura, lan\u00e7a o Viva o S\u00e1bado e apoia atletas da capital - Orlando Gonzalez\",\"isPartOf\":{\"@id\":\"https:\/\/maringapost.com.br\/orlandogonzalez\/#website\"},\"primaryImageOfPage\":{\"@id\":\"https:\/\/maringapost.com.br\/orlandogonzalez\/2023\/12\/25\/maringa-secretaria-de-esporte-de-curitiba-melhora-estrutura-lanca-o-viva-o-sabado-e-apoia-atletas-da-capital\/#primaryimage\"},\"image\":{\"@id\":\"https:\/\/maringapost.com.br\/orlandogonzalez\/2023\/12\/25\/maringa-secretaria-de-esporte-de-curitiba-melhora-estrutura-lanca-o-viva-o-sabado-e-apoia-atletas-da-capital\/#primaryimage\"},\"thumbnailUrl\":\"https:\/\/maringapost.com.br\/orlandogonzalez\/wp-content\/uploads\/sites\/17\/2023\/12\/esportecuritiba.jpg\",\"datePublished\":\"2023-12-25T13:18:46+00:00\",\"dateModified\":\"2023-12-25T13:18:46+00:00\",\"author\":{\"@id\":\"https:\/\/maringapost.com.br\/orlandogonzalez\/#\/schema\/person\/5cbe6257d08edea6afc9ebaa613b0633\"},\"inLanguage\":\"pt-BR\",\"potentialAction\":[{\"@type\":\"ReadAction\",\"target\":[\"https:\/\/maringapost.com.br\/orlandogonzalez\/2023\/12\/25\/maringa-secretaria-de-esporte-de-curitiba-melhora-estrutura-lanca-o-viva-o-sabado-e-apoia-atletas-da-capital\/\"]}]},{\"@type\":\"ImageObject\",\"inLanguage\":\"pt-BR\",\"@id\":\"https:\/\/maringapost.com.br\/orlandogonzalez\/2023\/12\/25\/maringa-secretaria-de-esporte-de-curitiba-melhora-estrutura-lanca-o-viva-o-sabado-e-apoia-atletas-da-capital\/#primaryimage\",\"url\":\"https:\/\/maringapost.com.br\/orlandogonzalez\/wp-content\/uploads\/sites\/17\/2023\/12\/esportecuritiba.jpg\",\"contentUrl\":\"https:\/\/maringapost.com.br\/orlandogonzalez\/wp-content\/uploads\/sites\/17\/2023\/12\/esportecuritiba.jpg\",\"width\":800,\"height\":533},{\"@type\":\"WebSite\",\"@id\":\"https:\/\/maringapost.com.br\/orlandogonzalez\/#website\",\"url\":\"https:\/\/maringapost.com.br\/orlandogonzalez\/\",\"name\":\"Orlando Gonzalez\",\"description\":\"Destaca o esporte de Maring\u00e1! Destaca o esporte do Paran\u00e1! Destaca o esporte do Brasil!\",\"potentialAction\":[{\"@type\":\"SearchAction\",\"target\":{\"@type\":\"EntryPoint\",\"urlTemplate\":\"https:\/\/maringapost.com.br\/orlandogonzalez\/?s={search_term_string}\"},\"query-input\":\"required name=search_term_string\"}],\"inLanguage\":\"pt-BR\"},{\"@type\":\"Person\",\"@id\":\"https:\/\/maringapost.com.br\/orlandogonzalez\/#\/schema\/person\/5cbe6257d08edea6afc9ebaa613b0633\",\"name\":\"Orlando Gonzalez\",\"image\":{\"@type\":\"ImageObject\",\"inLanguage\":\"pt-BR\",\"@id\":\"https:\/\/maringapost.com.br\/orlandogonzalez\/#\/schema\/person\/image\/\",\"url\":\"https:\/\/secure.gravatar.com\/avatar\/ecef9d1c9afe5ebdafadde8369065ba5?s=96&d=mm&r=g\",\"contentUrl\":\"https:\/\/secure.gravatar.com\/avatar\/ecef9d1c9afe5ebdafadde8369065ba5?s=96&d=mm&r=g\",\"caption\":\"Orlando Gonzalez\"},\"description\":\"H\u00e1 29 anos na cobertura do esporte de Maring\u00e1. Plant\u00e3o e narrador esportivo. Presta\u00e7\u00e3o de assessoria de imprensa esportiva, cobertura e transmiss\u00f5es ao vivo de eventos esportivos. E-mail: orlandogonzalez.assessoria@gmail.com WhatsApp: (44) 9 9126-6119\",\"sameAs\":[\"http:\/\/www.radiomaringa.com.br\/\",\"https:\/\/www.facebook.com\/profile.php?id=100011095815065\",\"https:\/\/www.instagram.com\/orlandomgonzalez\/\",\"https:\/\/br.pinterest.com\/ogonzalez0530\/\",\"https:\/\/x.com\/gonzalezorlando\",\"https:\/\/www.youtube.com\/channel\/UCvFpl55btth8wjnKiSS1ibA\",\"https:\/\/radiomaringaweb.tumblr.com\/\"],\"url\":\"https:\/\/maringapost.com.br\/orlandogonzalez\/author\/orlando\/\"}]}<\/script>\n<!-- \/ Yoast SEO Premium plugin. -->","yoast_head_json":{"title":"MARING\u00c1 - Secretaria de Esporte de Curitiba melhora estrutura, lan\u00e7a o Viva o S\u00e1bado e apoia atletas da capital - Orlando Gonzalez","robots":{"index":"index","follow":"follow","max-snippet":"max-snippet:-1","max-image-preview":"max-image-preview:large","max-video-preview":"max-video-preview:-1"},"canonical":"https:\/\/maringapost.com.br\/orlandogonzalez\/2023\/12\/25\/maringa-secretaria-de-esporte-de-curitiba-melhora-estrutura-lanca-o-viva-o-sabado-e-apoia-atletas-da-capital\/","og_locale":"pt_BR","og_type":"article","og_title":"MARING\u00c1 - Secretaria de Esporte de Curitiba melhora estrutura, lan\u00e7a o Viva o S\u00e1bado e apoia atletas da capital","og_description":"Em 2023, a Secretaria Municipal do Esporte, Lazer e Juventude investiu mais de R$ 70 milh\u00f5es em infraestrutura, projetos e em cursos de qualifica\u00e7\u00e3o para os servidores. Foi o maior or\u00e7amento da hist\u00f3ria de Curitiba no esporte. Os curitibanos e curitibinhas se divertiram juntos. Com os programas Viva o S\u00e1bado, Lazer no Parque, e atividades [&hellip;]","og_url":"https:\/\/maringapost.com.br\/orlandogonzalez\/2023\/12\/25\/maringa-secretaria-de-esporte-de-curitiba-melhora-estrutura-lanca-o-viva-o-sabado-e-apoia-atletas-da-capital\/","og_site_name":"Orlando Gonzalez","article_author":"https:\/\/www.facebook.com\/profile.php?id=100011095815065","article_published_time":"2023-12-25T13:18:46+00:00","og_image":[{"width":800,"height":533,"url":"https:\/\/maringapost.com.br\/orlandogonzalez\/wp-content\/uploads\/sites\/17\/2023\/12\/esportecuritiba.jpg","type":"image\/jpeg"}],"author":"Orlando Gonzalez","twitter_card":"summary_large_image","twitter_creator":"@gonzalezorlando","twitter_misc":{"Escrito por":false,"Est. tempo de leitura":"7 minutos"},"schema":{"@context":"https:\/\/schema.org","@graph":[{"@type":"WebPage","@id":"https:\/\/maringapost.com.br\/orlandogonzalez\/2023\/12\/25\/maringa-secretaria-de-esporte-de-curitiba-melhora-estrutura-lanca-o-viva-o-sabado-e-apoia-atletas-da-capital\/","url":"https:\/\/maringapost.com.br\/orlandogonzalez\/2023\/12\/25\/maringa-secretaria-de-esporte-de-curitiba-melhora-estrutura-lanca-o-viva-o-sabado-e-apoia-atletas-da-capital\/","name":"MARING\u00c1 - Secretaria de Esporte de Curitiba melhora estrutura, lan\u00e7a o Viva o S\u00e1bado e apoia atletas da capital - Orlando Gonzalez","isPartOf":{"@id":"https:\/\/maringapost.com.br\/orlandogonzalez\/#website"},"primaryImageOfPage":{"@id":"https:\/\/maringapost.com.br\/orlandogonzalez\/2023\/12\/25\/maringa-secretaria-de-esporte-de-curitiba-melhora-estrutura-lanca-o-viva-o-sabado-e-apoia-atletas-da-capital\/#primaryimage"},"image":{"@id":"https:\/\/maringapost.com.br\/orlandogonzalez\/2023\/12\/25\/maringa-secretaria-de-esporte-de-curitiba-melhora-estrutura-lanca-o-viva-o-sabado-e-apoia-atletas-da-capital\/#primaryimage"},"thumbnailUrl":"https:\/\/maringapost.com.br\/orlandogonzalez\/wp-content\/uploads\/sites\/17\/2023\/12\/esportecuritiba.jpg","datePublished":"2023-12-25T13:18:46+00:00","dateModified":"2023-12-25T13:18:46+00:00","author":{"@id":"https:\/\/maringapost.com.br\/orlandogonzalez\/#\/schema\/person\/5cbe6257d08edea6afc9ebaa613b0633"},"inLanguage":"pt-BR","potentialAction":[{"@type":"ReadAction","target":["https:\/\/maringapost.com.br\/orlandogonzalez\/2023\/12\/25\/maringa-secretaria-de-esporte-de-curitiba-melhora-estrutura-lanca-o-viva-o-sabado-e-apoia-atletas-da-capital\/"]}]},{"@type":"ImageObject","inLanguage":"pt-BR","@id":"https:\/\/maringapost.com.br\/orlandogonzalez\/2023\/12\/25\/maringa-secretaria-de-esporte-de-curitiba-melhora-estrutura-lanca-o-viva-o-sabado-e-apoia-atletas-da-capital\/#primaryimage","url":"https:\/\/maringapost.com.br\/orlandogonzalez\/wp-content\/uploads\/sites\/17\/2023\/12\/esportecuritiba.jpg","contentUrl":"https:\/\/maringapost.com.br\/orlandogonzalez\/wp-content\/uploads\/sites\/17\/2023\/12\/esportecuritiba.jpg","width":800,"height":533},{"@type":"WebSite","@id":"https:\/\/maringapost.com.br\/orlandogonzalez\/#website","url":"https:\/\/maringapost.com.br\/orlandogonzalez\/","name":"Orlando Gonzalez","description":"Destaca o esporte de Maring\u00e1! Destaca o esporte do Paran\u00e1! Destaca o esporte do Brasil!","potentialAction":[{"@type":"SearchAction","target":{"@type":"EntryPoint","urlTemplate":"https:\/\/maringapost.com.br\/orlandogonzalez\/?s={search_term_string}"},"query-input":"required name=search_term_string"}],"inLanguage":"pt-BR"},{"@type":"Person","@id":"https:\/\/maringapost.com.br\/orlandogonzalez\/#\/schema\/person\/5cbe6257d08edea6afc9ebaa613b0633","name":"Orlando Gonzalez","image":{"@type":"ImageObject","inLanguage":"pt-BR","@id":"https:\/\/maringapost.com.br\/orlandogonzalez\/#\/schema\/person\/image\/","url":"https:\/\/secure.gravatar.com\/avatar\/ecef9d1c9afe5ebdafadde8369065ba5?s=96&d=mm&r=g","contentUrl":"https:\/\/secure.gravatar.com\/avatar\/ecef9d1c9afe5ebdafadde8369065ba5?s=96&d=mm&r=g","caption":"Orlando Gonzalez"},"description":"H\u00e1 29 anos na cobertura do esporte de Maring\u00e1. Plant\u00e3o e narrador esportivo. Presta\u00e7\u00e3o de assessoria de imprensa esportiva, cobertura e transmiss\u00f5es ao vivo de eventos esportivos. E-mail: orlandogonzalez.assessoria@gmail.com WhatsApp: (44) 9 9126-6119","sameAs":["http:\/\/www.radiomaringa.com.br\/","https:\/\/www.facebook.com\/profile.php?id=100011095815065","https:\/\/www.instagram.com\/orlandomgonzalez\/","https:\/\/br.pinterest.com\/ogonzalez0530\/","https:\/\/x.com\/gonzalezorlando","https:\/\/www.youtube.com\/channel\/UCvFpl55btth8wjnKiSS1ibA","https:\/\/radiomaringaweb.tumblr.com\/"],"url":"https:\/\/maringapost.com.br\/orlandogonzalez\/author\/orlando\/"}]}},"_links":{"self":[{"href":"https:\/\/maringapost.com.br\/orlandogonzalez\/wp-json\/wp\/v2\/posts\/58323"}],"collection":[{"href":"https:\/\/maringapost.com.br\/orlandogonzalez\/wp-json\/wp\/v2\/posts"}],"about":[{"href":"https:\/\/maringapost.com.br\/orlandogonzalez\/wp-json\/wp\/v2\/types\/post"}],"author":[{"embeddable":true,"href":"https:\/\/maringapost.com.br\/orlandogonzalez\/wp-json\/wp\/v2\/users\/6307"}],"replies":[{"embeddable":true,"href":"https:\/\/maringapost.com.br\/orlandogonzalez\/wp-json\/wp\/v2\/comments?post=58323"}],"version-history":[{"count":1,"href":"https:\/\/maringapost.com.br\/orlandogonzalez\/wp-json\/wp\/v2\/posts\/58323\/revisions"}],"predecessor-version":[{"id":58326,"href":"https:\/\/maringapost.com.br\/orlandogonzalez\/wp-json\/wp\/v2\/posts\/58323\/revisions\/58326"}],"wp:featuredmedia":[{"embeddable":true,"href":"https:\/\/maringapost.com.br\/orlandogonzalez\/wp-json\/wp\/v2\/media\/58325"}],"wp:attachment":[{"href":"https:\/\/maringapost.com.br\/orlandogonzalez\/wp-json\/wp\/v2\/media?parent=58323"}],"wp:term":[{"taxonomy":"category","embeddable":true,"href":"https:\/\/maringapost.com.br\/orlandogonzalez\/wp-json\/wp\/v2\/categories?post=58323"},{"taxonomy":"post_tag","embeddable":true,"href":"https:\/\/maringapost.com.br\/orlandogonzalez\/wp-json\/wp\/v2\/tags?post=58323"}],"curies":[{"name":"wp","href":"https:\/\/api.w.org\/{rel}","templated":true}]}}