{"id":57991,"date":"2023-09-29T08:06:05","date_gmt":"2023-09-29T11:06:05","guid":{"rendered":"https:\/\/maringapost.com.br\/orlandogonzalez\/?p=57991"},"modified":"2023-09-29T08:06:05","modified_gmt":"2023-09-29T11:06:05","slug":"maringa-mano-menezes-volta-a-treinar-o-corinthians","status":"publish","type":"post","link":"https:\/\/maringapost.com.br\/orlandogonzalez\/2023\/09\/29\/maringa-mano-menezes-volta-a-treinar-o-corinthians\/","title":{"rendered":"MARING\u00c1 &#8211; Mano Menezes volta a treinar o Corinthians"},"content":{"rendered":"<p style=\"margin-top: 0px;margin-bottom: 1rem;line-height: 1.4;color: #000000;font-family: Raleway, sans-serif\"><span style=\"font-size: 24px\">Na tarde de quinta-feira (28), no CT Dr. Joaquim Grava, o Corinthians realizou o primeiro treinamento sob o comando do t\u00e9cnico Mano Menezes. O Tim\u00e3o se prepara para o cl\u00e1ssico diante do S\u00e3o Paulo, no pr\u00f3ximo s\u00e1bado (30), \u00e0s 18h30, no Morumbi, pela 25\u00aa rodada do Campeonato Brasileiro.<\/span><\/p>\n<p style=\"margin-top: 0px;margin-bottom: 1rem;line-height: 1.4;color: #000000;font-family: Raleway, sans-serif\"><span style=\"font-size: 24px\">Os atletas realizaram uma ativa\u00e7\u00e3o f\u00edsica na academia antes de seguirem para o aquecimento no Campo 2. Em seguida, o novo treinador corinthiano organizou um trabalho de marca\u00e7\u00e3o press\u00e3o e posse de bola em espa\u00e7o reduzido.<\/span><\/p>\n<p style=\"margin-top: 0px;margin-bottom: 1rem;line-height: 1.4;color: #000000;font-family: Raleway, sans-serif\"><span style=\"font-size: 24px\">No Campo 3, Mano Menezes conduziu um treino de posicionamento em meio campo e, por fim, uma atividade t\u00e1tica com os jogadores.<\/span><\/p>\n<p style=\"margin-top: 0px;margin-bottom: 1rem;line-height: 1.4;color: #000000;font-family: Raleway, sans-serif\"><span style=\"font-size: 24px\">Amanh\u00e3 (29), novamente no per\u00edodo da tarde, o Corinthians ter\u00e1 a \u00faltima atividade preparat\u00f3ria para o Majestoso.<\/span><\/p>\n<p style=\"margin-top: 0px;margin-bottom: 1rem;line-height: 1.4;color: #000000;font-family: Raleway, sans-serif\"><span style=\"font-size: 24px\">(Texto: Corinthians Oficial. Foto: Rodrigo Coca\/Ag\u00eancia Corinthians)<\/span><\/p>\n","protected":false},"excerpt":{"rendered":"<p>Na tarde de quinta-feira (28), no CT Dr. Joaquim Grava, o Corinthians realizou o primeiro treinamento sob o comando do t\u00e9cnico Mano Menezes. O Tim\u00e3o se prepara para o cl\u00e1ssico diante do S\u00e3o Paulo, no pr\u00f3ximo s\u00e1bado (30), \u00e0s 18h30, no Morumbi, pela 25\u00aa rodada do Campeonato Brasileiro. Os atletas realizaram uma ativa\u00e7\u00e3o f\u00edsica na [&hellip;]<\/p>\n","protected":false},"author":6307,"featured_media":57992,"comment_status":"open","ping_status":"open","sticky":false,"template":"","format":"standard","meta":{"_exactmetrics_skip_tracking":false,"_exactmetrics_sitenote_active":false,"_exactmetrics_sitenote_note":"","_exactmetrics_sitenote_category":0,"footnotes":""},"categories":[5083],"tags":[1949,13584,47],"yoast_head":"<!-- This site is optimized with the Yoast SEO Premium plugin v22.7 (Yoast SEO v22.7) - https:\/\/yoast.com\/wordpress\/plugins\/seo\/ -->\n<title>MARING\u00c1 - Mano Menezes volta a treinar o Corinthians - Orlando Gonzalez<\/title>\n<meta name=\"robots\" content=\"index, follow, max-snippet:-1, max-image-preview:large, max-video-preview:-1\" \/>\n<link rel=\"canonical\" href=\"https:\/\/maringapost.com.br\/orlandogonzalez\/2023\/09\/29\/maringa-mano-menezes-volta-a-treinar-o-corinthians\/\" \/>\n<meta property=\"og:locale\" content=\"pt_BR\" \/>\n<meta property=\"og:type\" content=\"article\" \/>\n<meta property=\"og:title\" content=\"MARING\u00c1 - Mano Menezes volta a treinar o Corinthians\" \/>\n<meta property=\"og:description\" content=\"Na tarde de quinta-feira (28), no CT Dr. Joaquim Grava, o Corinthians realizou o primeiro treinamento sob o comando do t\u00e9cnico Mano Menezes. O Tim\u00e3o se prepara para o cl\u00e1ssico diante do S\u00e3o Paulo, no pr\u00f3ximo s\u00e1bado (30), \u00e0s 18h30, no Morumbi, pela 25\u00aa rodada do Campeonato Brasileiro. Os atletas realizaram uma ativa\u00e7\u00e3o f\u00edsica na [&hellip;]\" \/>\n<meta property=\"og:url\" content=\"https:\/\/maringapost.com.br\/orlandogonzalez\/2023\/09\/29\/maringa-mano-menezes-volta-a-treinar-o-corinthians\/\" \/>\n<meta property=\"og:site_name\" content=\"Orlando Gonzalez\" \/>\n<meta property=\"article:author\" content=\"https:\/\/www.facebook.com\/profile.php?id=100011095815065\" \/>\n<meta property=\"article:published_time\" content=\"2023-09-29T11:06:05+00:00\" \/>\n<meta property=\"og:image\" content=\"https:\/\/maringapost.com.br\/orlandogonzalez\/wp-content\/uploads\/sites\/17\/2023\/09\/mano89.jpg\" \/>\n\t<meta property=\"og:image:width\" content=\"1280\" \/>\n\t<meta property=\"og:image:height\" content=\"1020\" \/>\n\t<meta property=\"og:image:type\" content=\"image\/jpeg\" \/>\n<meta name=\"author\" content=\"Orlando Gonzalez\" \/>\n<meta name=\"twitter:card\" content=\"summary_large_image\" \/>\n<meta name=\"twitter:creator\" content=\"@gonzalezorlando\" \/>\n<meta name=\"twitter:label1\" content=\"Escrito por\" \/>\n\t<meta name=\"twitter:data1\" content=\"\" \/>\n\t<meta name=\"twitter:label2\" content=\"Est. tempo de leitura\" \/>\n\t<meta name=\"twitter:data2\" content=\"1 minuto\" \/>\n<script type=\"application\/ld+json\" class=\"yoast-schema-graph\">{\"@context\":\"https:\/\/schema.org\",\"@graph\":[{\"@type\":\"WebPage\",\"@id\":\"https:\/\/maringapost.com.br\/orlandogonzalez\/2023\/09\/29\/maringa-mano-menezes-volta-a-treinar-o-corinthians\/\",\"url\":\"https:\/\/maringapost.com.br\/orlandogonzalez\/2023\/09\/29\/maringa-mano-menezes-volta-a-treinar-o-corinthians\/\",\"name\":\"MARING\u00c1 - Mano Menezes volta a treinar o Corinthians - Orlando Gonzalez\",\"isPartOf\":{\"@id\":\"https:\/\/maringapost.com.br\/orlandogonzalez\/#website\"},\"primaryImageOfPage\":{\"@id\":\"https:\/\/maringapost.com.br\/orlandogonzalez\/2023\/09\/29\/maringa-mano-menezes-volta-a-treinar-o-corinthians\/#primaryimage\"},\"image\":{\"@id\":\"https:\/\/maringapost.com.br\/orlandogonzalez\/2023\/09\/29\/maringa-mano-menezes-volta-a-treinar-o-corinthians\/#primaryimage\"},\"thumbnailUrl\":\"https:\/\/maringapost.com.br\/orlandogonzalez\/wp-content\/uploads\/sites\/17\/2023\/09\/mano89.jpg\",\"datePublished\":\"2023-09-29T11:06:05+00:00\",\"dateModified\":\"2023-09-29T11:06:05+00:00\",\"author\":{\"@id\":\"https:\/\/maringapost.com.br\/orlandogonzalez\/#\/schema\/person\/5cbe6257d08edea6afc9ebaa613b0633\"},\"inLanguage\":\"pt-BR\",\"potentialAction\":[{\"@type\":\"ReadAction\",\"target\":[\"https:\/\/maringapost.com.br\/orlandogonzalez\/2023\/09\/29\/maringa-mano-menezes-volta-a-treinar-o-corinthians\/\"]}]},{\"@type\":\"ImageObject\",\"inLanguage\":\"pt-BR\",\"@id\":\"https:\/\/maringapost.com.br\/orlandogonzalez\/2023\/09\/29\/maringa-mano-menezes-volta-a-treinar-o-corinthians\/#primaryimage\",\"url\":\"https:\/\/maringapost.com.br\/orlandogonzalez\/wp-content\/uploads\/sites\/17\/2023\/09\/mano89.jpg\",\"contentUrl\":\"https:\/\/maringapost.com.br\/orlandogonzalez\/wp-content\/uploads\/sites\/17\/2023\/09\/mano89.jpg\",\"width\":1280,\"height\":1020},{\"@type\":\"WebSite\",\"@id\":\"https:\/\/maringapost.com.br\/orlandogonzalez\/#website\",\"url\":\"https:\/\/maringapost.com.br\/orlandogonzalez\/\",\"name\":\"Orlando Gonzalez\",\"description\":\"Destaca o esporte de Maring\u00e1! Destaca o esporte do Paran\u00e1! Destaca o esporte do Brasil!\",\"potentialAction\":[{\"@type\":\"SearchAction\",\"target\":{\"@type\":\"EntryPoint\",\"urlTemplate\":\"https:\/\/maringapost.com.br\/orlandogonzalez\/?s={search_term_string}\"},\"query-input\":\"required name=search_term_string\"}],\"inLanguage\":\"pt-BR\"},{\"@type\":\"Person\",\"@id\":\"https:\/\/maringapost.com.br\/orlandogonzalez\/#\/schema\/person\/5cbe6257d08edea6afc9ebaa613b0633\",\"name\":\"Orlando Gonzalez\",\"image\":{\"@type\":\"ImageObject\",\"inLanguage\":\"pt-BR\",\"@id\":\"https:\/\/maringapost.com.br\/orlandogonzalez\/#\/schema\/person\/image\/\",\"url\":\"https:\/\/secure.gravatar.com\/avatar\/ecef9d1c9afe5ebdafadde8369065ba5?s=96&d=mm&r=g\",\"contentUrl\":\"https:\/\/secure.gravatar.com\/avatar\/ecef9d1c9afe5ebdafadde8369065ba5?s=96&d=mm&r=g\",\"caption\":\"Orlando Gonzalez\"},\"description\":\"H\u00e1 29 anos na cobertura do esporte de Maring\u00e1. Plant\u00e3o e narrador esportivo. Presta\u00e7\u00e3o de assessoria de imprensa esportiva, cobertura e transmiss\u00f5es ao vivo de eventos esportivos. E-mail: orlandogonzalez.assessoria@gmail.com WhatsApp: (44) 9 9126-6119\",\"sameAs\":[\"http:\/\/www.radiomaringa.com.br\/\",\"https:\/\/www.facebook.com\/profile.php?id=100011095815065\",\"https:\/\/www.instagram.com\/orlandomgonzalez\/\",\"https:\/\/br.pinterest.com\/ogonzalez0530\/\",\"https:\/\/x.com\/gonzalezorlando\",\"https:\/\/www.youtube.com\/channel\/UCvFpl55btth8wjnKiSS1ibA\",\"https:\/\/radiomaringaweb.tumblr.com\/\"],\"url\":\"https:\/\/maringapost.com.br\/orlandogonzalez\/author\/orlando\/\"}]}<\/script>\n<!-- \/ Yoast SEO Premium plugin. -->","yoast_head_json":{"title":"MARING\u00c1 - Mano Menezes volta a treinar o Corinthians - Orlando Gonzalez","robots":{"index":"index","follow":"follow","max-snippet":"max-snippet:-1","max-image-preview":"max-image-preview:large","max-video-preview":"max-video-preview:-1"},"canonical":"https:\/\/maringapost.com.br\/orlandogonzalez\/2023\/09\/29\/maringa-mano-menezes-volta-a-treinar-o-corinthians\/","og_locale":"pt_BR","og_type":"article","og_title":"MARING\u00c1 - Mano Menezes volta a treinar o Corinthians","og_description":"Na tarde de quinta-feira (28), no CT Dr. Joaquim Grava, o Corinthians realizou o primeiro treinamento sob o comando do t\u00e9cnico Mano Menezes. O Tim\u00e3o se prepara para o cl\u00e1ssico diante do S\u00e3o Paulo, no pr\u00f3ximo s\u00e1bado (30), \u00e0s 18h30, no Morumbi, pela 25\u00aa rodada do Campeonato Brasileiro. Os atletas realizaram uma ativa\u00e7\u00e3o f\u00edsica na [&hellip;]","og_url":"https:\/\/maringapost.com.br\/orlandogonzalez\/2023\/09\/29\/maringa-mano-menezes-volta-a-treinar-o-corinthians\/","og_site_name":"Orlando Gonzalez","article_author":"https:\/\/www.facebook.com\/profile.php?id=100011095815065","article_published_time":"2023-09-29T11:06:05+00:00","og_image":[{"width":1280,"height":1020,"url":"https:\/\/maringapost.com.br\/orlandogonzalez\/wp-content\/uploads\/sites\/17\/2023\/09\/mano89.jpg","type":"image\/jpeg"}],"author":"Orlando Gonzalez","twitter_card":"summary_large_image","twitter_creator":"@gonzalezorlando","twitter_misc":{"Escrito por":false,"Est. tempo de leitura":"1 minuto"},"schema":{"@context":"https:\/\/schema.org","@graph":[{"@type":"WebPage","@id":"https:\/\/maringapost.com.br\/orlandogonzalez\/2023\/09\/29\/maringa-mano-menezes-volta-a-treinar-o-corinthians\/","url":"https:\/\/maringapost.com.br\/orlandogonzalez\/2023\/09\/29\/maringa-mano-menezes-volta-a-treinar-o-corinthians\/","name":"MARING\u00c1 - Mano Menezes volta a treinar o Corinthians - Orlando Gonzalez","isPartOf":{"@id":"https:\/\/maringapost.com.br\/orlandogonzalez\/#website"},"primaryImageOfPage":{"@id":"https:\/\/maringapost.com.br\/orlandogonzalez\/2023\/09\/29\/maringa-mano-menezes-volta-a-treinar-o-corinthians\/#primaryimage"},"image":{"@id":"https:\/\/maringapost.com.br\/orlandogonzalez\/2023\/09\/29\/maringa-mano-menezes-volta-a-treinar-o-corinthians\/#primaryimage"},"thumbnailUrl":"https:\/\/maringapost.com.br\/orlandogonzalez\/wp-content\/uploads\/sites\/17\/2023\/09\/mano89.jpg","datePublished":"2023-09-29T11:06:05+00:00","dateModified":"2023-09-29T11:06:05+00:00","author":{"@id":"https:\/\/maringapost.com.br\/orlandogonzalez\/#\/schema\/person\/5cbe6257d08edea6afc9ebaa613b0633"},"inLanguage":"pt-BR","potentialAction":[{"@type":"ReadAction","target":["https:\/\/maringapost.com.br\/orlandogonzalez\/2023\/09\/29\/maringa-mano-menezes-volta-a-treinar-o-corinthians\/"]}]},{"@type":"ImageObject","inLanguage":"pt-BR","@id":"https:\/\/maringapost.com.br\/orlandogonzalez\/2023\/09\/29\/maringa-mano-menezes-volta-a-treinar-o-corinthians\/#primaryimage","url":"https:\/\/maringapost.com.br\/orlandogonzalez\/wp-content\/uploads\/sites\/17\/2023\/09\/mano89.jpg","contentUrl":"https:\/\/maringapost.com.br\/orlandogonzalez\/wp-content\/uploads\/sites\/17\/2023\/09\/mano89.jpg","width":1280,"height":1020},{"@type":"WebSite","@id":"https:\/\/maringapost.com.br\/orlandogonzalez\/#website","url":"https:\/\/maringapost.com.br\/orlandogonzalez\/","name":"Orlando Gonzalez","description":"Destaca o esporte de Maring\u00e1! Destaca o esporte do Paran\u00e1! Destaca o esporte do Brasil!","potentialAction":[{"@type":"SearchAction","target":{"@type":"EntryPoint","urlTemplate":"https:\/\/maringapost.com.br\/orlandogonzalez\/?s={search_term_string}"},"query-input":"required name=search_term_string"}],"inLanguage":"pt-BR"},{"@type":"Person","@id":"https:\/\/maringapost.com.br\/orlandogonzalez\/#\/schema\/person\/5cbe6257d08edea6afc9ebaa613b0633","name":"Orlando Gonzalez","image":{"@type":"ImageObject","inLanguage":"pt-BR","@id":"https:\/\/maringapost.com.br\/orlandogonzalez\/#\/schema\/person\/image\/","url":"https:\/\/secure.gravatar.com\/avatar\/ecef9d1c9afe5ebdafadde8369065ba5?s=96&d=mm&r=g","contentUrl":"https:\/\/secure.gravatar.com\/avatar\/ecef9d1c9afe5ebdafadde8369065ba5?s=96&d=mm&r=g","caption":"Orlando Gonzalez"},"description":"H\u00e1 29 anos na cobertura do esporte de Maring\u00e1. Plant\u00e3o e narrador esportivo. Presta\u00e7\u00e3o de assessoria de imprensa esportiva, cobertura e transmiss\u00f5es ao vivo de eventos esportivos. E-mail: orlandogonzalez.assessoria@gmail.com WhatsApp: (44) 9 9126-6119","sameAs":["http:\/\/www.radiomaringa.com.br\/","https:\/\/www.facebook.com\/profile.php?id=100011095815065","https:\/\/www.instagram.com\/orlandomgonzalez\/","https:\/\/br.pinterest.com\/ogonzalez0530\/","https:\/\/x.com\/gonzalezorlando","https:\/\/www.youtube.com\/channel\/UCvFpl55btth8wjnKiSS1ibA","https:\/\/radiomaringaweb.tumblr.com\/"],"url":"https:\/\/maringapost.com.br\/orlandogonzalez\/author\/orlando\/"}]}},"_links":{"self":[{"href":"https:\/\/maringapost.com.br\/orlandogonzalez\/wp-json\/wp\/v2\/posts\/57991"}],"collection":[{"href":"https:\/\/maringapost.com.br\/orlandogonzalez\/wp-json\/wp\/v2\/posts"}],"about":[{"href":"https:\/\/maringapost.com.br\/orlandogonzalez\/wp-json\/wp\/v2\/types\/post"}],"author":[{"embeddable":true,"href":"https:\/\/maringapost.com.br\/orlandogonzalez\/wp-json\/wp\/v2\/users\/6307"}],"replies":[{"embeddable":true,"href":"https:\/\/maringapost.com.br\/orlandogonzalez\/wp-json\/wp\/v2\/comments?post=57991"}],"version-history":[{"count":1,"href":"https:\/\/maringapost.com.br\/orlandogonzalez\/wp-json\/wp\/v2\/posts\/57991\/revisions"}],"predecessor-version":[{"id":57993,"href":"https:\/\/maringapost.com.br\/orlandogonzalez\/wp-json\/wp\/v2\/posts\/57991\/revisions\/57993"}],"wp:featuredmedia":[{"embeddable":true,"href":"https:\/\/maringapost.com.br\/orlandogonzalez\/wp-json\/wp\/v2\/media\/57992"}],"wp:attachment":[{"href":"https:\/\/maringapost.com.br\/orlandogonzalez\/wp-json\/wp\/v2\/media?parent=57991"}],"wp:term":[{"taxonomy":"category","embeddable":true,"href":"https:\/\/maringapost.com.br\/orlandogonzalez\/wp-json\/wp\/v2\/categories?post=57991"},{"taxonomy":"post_tag","embeddable":true,"href":"https:\/\/maringapost.com.br\/orlandogonzalez\/wp-json\/wp\/v2\/tags?post=57991"}],"curies":[{"name":"wp","href":"https:\/\/api.w.org\/{rel}","templated":true}]}}