{"id":57968,"date":"2023-09-24T12:27:18","date_gmt":"2023-09-24T15:27:18","guid":{"rendered":"https:\/\/maringapost.com.br\/orlandogonzalez\/?p=57968"},"modified":"2023-09-24T12:27:18","modified_gmt":"2023-09-24T15:27:18","slug":"maringa-na-finalissima-da-copa-betano-do-brasil-entre-sao-paulo-e-flamengo-a-festa-sera-tambem-pela-inclusao","status":"publish","type":"post","link":"https:\/\/maringapost.com.br\/orlandogonzalez\/2023\/09\/24\/maringa-na-finalissima-da-copa-betano-do-brasil-entre-sao-paulo-e-flamengo-a-festa-sera-tambem-pela-inclusao\/","title":{"rendered":"MARING\u00c1 &#8211; Na final\u00edssima da Copa Betano do Brasil entre S\u00e3o Paulo e Flamengo, a festa ser\u00e1 tamb\u00e9m pela inclus\u00e3o"},"content":{"rendered":"<p><span style=\"font-size: 24px\">A final da Copa Betano do Brasil ficar\u00e1 marcada por um momento especial. O confronto entre S\u00e3o Paulo e Flamengo neste domingo (24), ser\u00e1 tamb\u00e9m uma manifesta\u00e7\u00e3o pela inclus\u00e3o. A convite do presidente da Confedera\u00e7\u00e3o Brasileira de Futebol (CBF), Ednaldo Rodrigues, o presidente do Comit\u00ea Paral\u00edmpico Brasileiro, (CPB), Mizael Conrado, estar\u00e1 no est\u00e1dio do Morumbi e, juntos, eles v\u00e3o entregar a ta\u00e7a da Copa do Brasil ao vencedor da partida. Mizael Conrado \u00e9 maior jogador do mundo de futebol de cegos da hist\u00f3ria do esporte.<\/span><\/p>\n<p><span style=\"font-size: 24px\">Ednaldo Rodrigues destacou a import\u00e2ncia da presen\u00e7a de Mizael Conrado na final e tamb\u00e9m o valor da mensagem de inclus\u00e3o ao t\u00e9rmino da competi\u00e7\u00e3o mais democr\u00e1tica do pa\u00eds.<\/span><\/p>\n<p><span style=\"font-size: 24px\">&#8220;Em um momento t\u00e3o grandioso para o futebol, marcado pelas emo\u00e7\u00f5es de uma partida entre dois grandes clubes, enviar uma mensagem de inclus\u00e3o e valoriza\u00e7\u00e3o das pessoas com defici\u00eancia ou necessidades especiais \u00e9 fundamental. Eu e Mizael estivemos no ano passado com o Papa Francisco e assinamos um compromisso de trabalhar pela promo\u00e7\u00e3o do esporte como ferramenta de desenvolvimento humano, social e econ\u00f4mico. Fico feliz que possamos vivenciar esse momento juntos. A inclus\u00e3o \u00e9 um direito de todos os cidad\u00e3os&#8221;, assinalou Ednaldo Rodrigues.<\/span><\/p>\n<p><span style=\"font-size: 24px\">Mizael Conrado \u00e9 considerado o Pel\u00e9 do futebol de cegos e \u00e9 tamb\u00e9m um exemplo de disciplina e supera\u00e7\u00e3o no esporte e na vida. Na extensa lista de vit\u00f3rias, ele foi campe\u00e3o latino-americano em 1994; tricampe\u00e3o da Copa Am\u00e9rica (1997, 2001 e 2003); campe\u00e3o mundial sub-25 em 2002; bicampe\u00e3o mundial (1998 e 2000) e bicampe\u00e3o paral\u00edmpico (Atenas 2004 e Pequim 2008), al\u00e9m de ter conquistado o t\u00edtulo de melhor jogador do mundo, em 1998. Em 2017, assumiu a presid\u00eancia do CPB.<\/span><\/p>\n<p><span style=\"font-size: 24px\">Segundo dados do Instituto Brasileiro de Geografia e Estat\u00edstica (IBGE), quase um ter\u00e7o da popula\u00e7\u00e3o brasileira t\u00eam algum tipo de defici\u00eancia. Que o esporte seja o caminho\u00a0da\u00a0inclus\u00e3o!<\/span><\/p>\n<p><span style=\"font-size: 24px\">(Texto: CBF. Foto: Divulga\u00e7\u00e3o)<\/span><\/p>\n","protected":false},"excerpt":{"rendered":"<p>A final da Copa Betano do Brasil ficar\u00e1 marcada por um momento especial. O confronto entre S\u00e3o Paulo e Flamengo neste domingo (24), ser\u00e1 tamb\u00e9m uma manifesta\u00e7\u00e3o pela inclus\u00e3o. A convite do presidente da Confedera\u00e7\u00e3o Brasileira de Futebol (CBF), Ednaldo Rodrigues, o presidente do Comit\u00ea Paral\u00edmpico Brasileiro, (CPB), Mizael Conrado, estar\u00e1 no est\u00e1dio do Morumbi [&hellip;]<\/p>\n","protected":false},"author":6307,"featured_media":57969,"comment_status":"open","ping_status":"open","sticky":false,"template":"","format":"standard","meta":{"_exactmetrics_skip_tracking":false,"_exactmetrics_sitenote_active":false,"_exactmetrics_sitenote_note":"","_exactmetrics_sitenote_category":0,"footnotes":""},"categories":[1505],"tags":[93,47],"yoast_head":"<!-- This site is optimized with the Yoast SEO Premium plugin v22.7 (Yoast SEO v22.7) - https:\/\/yoast.com\/wordpress\/plugins\/seo\/ -->\n<title>MARING\u00c1 - Na final\u00edssima da Copa Betano do Brasil entre S\u00e3o Paulo e Flamengo, a festa ser\u00e1 tamb\u00e9m pela inclus\u00e3o - Orlando Gonzalez<\/title>\n<meta name=\"robots\" content=\"index, follow, max-snippet:-1, max-image-preview:large, max-video-preview:-1\" \/>\n<link rel=\"canonical\" href=\"https:\/\/maringapost.com.br\/orlandogonzalez\/2023\/09\/24\/maringa-na-finalissima-da-copa-betano-do-brasil-entre-sao-paulo-e-flamengo-a-festa-sera-tambem-pela-inclusao\/\" \/>\n<meta property=\"og:locale\" content=\"pt_BR\" \/>\n<meta property=\"og:type\" content=\"article\" \/>\n<meta property=\"og:title\" content=\"MARING\u00c1 - Na final\u00edssima da Copa Betano do Brasil entre S\u00e3o Paulo e Flamengo, a festa ser\u00e1 tamb\u00e9m pela inclus\u00e3o\" \/>\n<meta property=\"og:description\" content=\"A final da Copa Betano do Brasil ficar\u00e1 marcada por um momento especial. O confronto entre S\u00e3o Paulo e Flamengo neste domingo (24), ser\u00e1 tamb\u00e9m uma manifesta\u00e7\u00e3o pela inclus\u00e3o. A convite do presidente da Confedera\u00e7\u00e3o Brasileira de Futebol (CBF), Ednaldo Rodrigues, o presidente do Comit\u00ea Paral\u00edmpico Brasileiro, (CPB), Mizael Conrado, estar\u00e1 no est\u00e1dio do Morumbi [&hellip;]\" \/>\n<meta property=\"og:url\" content=\"https:\/\/maringapost.com.br\/orlandogonzalez\/2023\/09\/24\/maringa-na-finalissima-da-copa-betano-do-brasil-entre-sao-paulo-e-flamengo-a-festa-sera-tambem-pela-inclusao\/\" \/>\n<meta property=\"og:site_name\" content=\"Orlando Gonzalez\" \/>\n<meta property=\"article:author\" content=\"https:\/\/www.facebook.com\/profile.php?id=100011095815065\" \/>\n<meta property=\"article:published_time\" content=\"2023-09-24T15:27:18+00:00\" \/>\n<meta property=\"og:image\" content=\"https:\/\/maringapost.com.br\/orlandogonzalez\/wp-content\/uploads\/sites\/17\/2023\/09\/inclusao2.jpeg\" \/>\n\t<meta property=\"og:image:width\" content=\"910\" \/>\n\t<meta property=\"og:image:height\" content=\"606\" \/>\n\t<meta property=\"og:image:type\" content=\"image\/jpeg\" \/>\n<meta name=\"author\" content=\"Orlando Gonzalez\" \/>\n<meta name=\"twitter:card\" content=\"summary_large_image\" \/>\n<meta name=\"twitter:creator\" content=\"@gonzalezorlando\" \/>\n<meta name=\"twitter:label1\" content=\"Escrito por\" \/>\n\t<meta name=\"twitter:data1\" content=\"\" \/>\n\t<meta name=\"twitter:label2\" content=\"Est. tempo de leitura\" \/>\n\t<meta name=\"twitter:data2\" content=\"2 minutos\" \/>\n<script type=\"application\/ld+json\" class=\"yoast-schema-graph\">{\"@context\":\"https:\/\/schema.org\",\"@graph\":[{\"@type\":\"WebPage\",\"@id\":\"https:\/\/maringapost.com.br\/orlandogonzalez\/2023\/09\/24\/maringa-na-finalissima-da-copa-betano-do-brasil-entre-sao-paulo-e-flamengo-a-festa-sera-tambem-pela-inclusao\/\",\"url\":\"https:\/\/maringapost.com.br\/orlandogonzalez\/2023\/09\/24\/maringa-na-finalissima-da-copa-betano-do-brasil-entre-sao-paulo-e-flamengo-a-festa-sera-tambem-pela-inclusao\/\",\"name\":\"MARING\u00c1 - Na final\u00edssima da Copa Betano do Brasil entre S\u00e3o Paulo e Flamengo, a festa ser\u00e1 tamb\u00e9m pela inclus\u00e3o - Orlando Gonzalez\",\"isPartOf\":{\"@id\":\"https:\/\/maringapost.com.br\/orlandogonzalez\/#website\"},\"primaryImageOfPage\":{\"@id\":\"https:\/\/maringapost.com.br\/orlandogonzalez\/2023\/09\/24\/maringa-na-finalissima-da-copa-betano-do-brasil-entre-sao-paulo-e-flamengo-a-festa-sera-tambem-pela-inclusao\/#primaryimage\"},\"image\":{\"@id\":\"https:\/\/maringapost.com.br\/orlandogonzalez\/2023\/09\/24\/maringa-na-finalissima-da-copa-betano-do-brasil-entre-sao-paulo-e-flamengo-a-festa-sera-tambem-pela-inclusao\/#primaryimage\"},\"thumbnailUrl\":\"https:\/\/maringapost.com.br\/orlandogonzalez\/wp-content\/uploads\/sites\/17\/2023\/09\/inclusao2.jpeg\",\"datePublished\":\"2023-09-24T15:27:18+00:00\",\"dateModified\":\"2023-09-24T15:27:18+00:00\",\"author\":{\"@id\":\"https:\/\/maringapost.com.br\/orlandogonzalez\/#\/schema\/person\/5cbe6257d08edea6afc9ebaa613b0633\"},\"inLanguage\":\"pt-BR\",\"potentialAction\":[{\"@type\":\"ReadAction\",\"target\":[\"https:\/\/maringapost.com.br\/orlandogonzalez\/2023\/09\/24\/maringa-na-finalissima-da-copa-betano-do-brasil-entre-sao-paulo-e-flamengo-a-festa-sera-tambem-pela-inclusao\/\"]}]},{\"@type\":\"ImageObject\",\"inLanguage\":\"pt-BR\",\"@id\":\"https:\/\/maringapost.com.br\/orlandogonzalez\/2023\/09\/24\/maringa-na-finalissima-da-copa-betano-do-brasil-entre-sao-paulo-e-flamengo-a-festa-sera-tambem-pela-inclusao\/#primaryimage\",\"url\":\"https:\/\/maringapost.com.br\/orlandogonzalez\/wp-content\/uploads\/sites\/17\/2023\/09\/inclusao2.jpeg\",\"contentUrl\":\"https:\/\/maringapost.com.br\/orlandogonzalez\/wp-content\/uploads\/sites\/17\/2023\/09\/inclusao2.jpeg\",\"width\":910,\"height\":606},{\"@type\":\"WebSite\",\"@id\":\"https:\/\/maringapost.com.br\/orlandogonzalez\/#website\",\"url\":\"https:\/\/maringapost.com.br\/orlandogonzalez\/\",\"name\":\"Orlando Gonzalez\",\"description\":\"Destaca o esporte de Maring\u00e1! Destaca o esporte do Paran\u00e1! Destaca o esporte do Brasil!\",\"potentialAction\":[{\"@type\":\"SearchAction\",\"target\":{\"@type\":\"EntryPoint\",\"urlTemplate\":\"https:\/\/maringapost.com.br\/orlandogonzalez\/?s={search_term_string}\"},\"query-input\":\"required name=search_term_string\"}],\"inLanguage\":\"pt-BR\"},{\"@type\":\"Person\",\"@id\":\"https:\/\/maringapost.com.br\/orlandogonzalez\/#\/schema\/person\/5cbe6257d08edea6afc9ebaa613b0633\",\"name\":\"Orlando Gonzalez\",\"image\":{\"@type\":\"ImageObject\",\"inLanguage\":\"pt-BR\",\"@id\":\"https:\/\/maringapost.com.br\/orlandogonzalez\/#\/schema\/person\/image\/\",\"url\":\"https:\/\/secure.gravatar.com\/avatar\/ecef9d1c9afe5ebdafadde8369065ba5?s=96&d=mm&r=g\",\"contentUrl\":\"https:\/\/secure.gravatar.com\/avatar\/ecef9d1c9afe5ebdafadde8369065ba5?s=96&d=mm&r=g\",\"caption\":\"Orlando Gonzalez\"},\"description\":\"H\u00e1 29 anos na cobertura do esporte de Maring\u00e1. Plant\u00e3o e narrador esportivo. Presta\u00e7\u00e3o de assessoria de imprensa esportiva, cobertura e transmiss\u00f5es ao vivo de eventos esportivos. E-mail: orlandogonzalez.assessoria@gmail.com WhatsApp: (44) 9 9126-6119\",\"sameAs\":[\"http:\/\/www.radiomaringa.com.br\/\",\"https:\/\/www.facebook.com\/profile.php?id=100011095815065\",\"https:\/\/www.instagram.com\/orlandomgonzalez\/\",\"https:\/\/br.pinterest.com\/ogonzalez0530\/\",\"https:\/\/x.com\/gonzalezorlando\",\"https:\/\/www.youtube.com\/channel\/UCvFpl55btth8wjnKiSS1ibA\",\"https:\/\/radiomaringaweb.tumblr.com\/\"],\"url\":\"https:\/\/maringapost.com.br\/orlandogonzalez\/author\/orlando\/\"}]}<\/script>\n<!-- \/ Yoast SEO Premium plugin. -->","yoast_head_json":{"title":"MARING\u00c1 - Na final\u00edssima da Copa Betano do Brasil entre S\u00e3o Paulo e Flamengo, a festa ser\u00e1 tamb\u00e9m pela inclus\u00e3o - Orlando Gonzalez","robots":{"index":"index","follow":"follow","max-snippet":"max-snippet:-1","max-image-preview":"max-image-preview:large","max-video-preview":"max-video-preview:-1"},"canonical":"https:\/\/maringapost.com.br\/orlandogonzalez\/2023\/09\/24\/maringa-na-finalissima-da-copa-betano-do-brasil-entre-sao-paulo-e-flamengo-a-festa-sera-tambem-pela-inclusao\/","og_locale":"pt_BR","og_type":"article","og_title":"MARING\u00c1 - Na final\u00edssima da Copa Betano do Brasil entre S\u00e3o Paulo e Flamengo, a festa ser\u00e1 tamb\u00e9m pela inclus\u00e3o","og_description":"A final da Copa Betano do Brasil ficar\u00e1 marcada por um momento especial. O confronto entre S\u00e3o Paulo e Flamengo neste domingo (24), ser\u00e1 tamb\u00e9m uma manifesta\u00e7\u00e3o pela inclus\u00e3o. A convite do presidente da Confedera\u00e7\u00e3o Brasileira de Futebol (CBF), Ednaldo Rodrigues, o presidente do Comit\u00ea Paral\u00edmpico Brasileiro, (CPB), Mizael Conrado, estar\u00e1 no est\u00e1dio do Morumbi [&hellip;]","og_url":"https:\/\/maringapost.com.br\/orlandogonzalez\/2023\/09\/24\/maringa-na-finalissima-da-copa-betano-do-brasil-entre-sao-paulo-e-flamengo-a-festa-sera-tambem-pela-inclusao\/","og_site_name":"Orlando Gonzalez","article_author":"https:\/\/www.facebook.com\/profile.php?id=100011095815065","article_published_time":"2023-09-24T15:27:18+00:00","og_image":[{"width":910,"height":606,"url":"https:\/\/maringapost.com.br\/orlandogonzalez\/wp-content\/uploads\/sites\/17\/2023\/09\/inclusao2.jpeg","type":"image\/jpeg"}],"author":"Orlando Gonzalez","twitter_card":"summary_large_image","twitter_creator":"@gonzalezorlando","twitter_misc":{"Escrito por":false,"Est. tempo de leitura":"2 minutos"},"schema":{"@context":"https:\/\/schema.org","@graph":[{"@type":"WebPage","@id":"https:\/\/maringapost.com.br\/orlandogonzalez\/2023\/09\/24\/maringa-na-finalissima-da-copa-betano-do-brasil-entre-sao-paulo-e-flamengo-a-festa-sera-tambem-pela-inclusao\/","url":"https:\/\/maringapost.com.br\/orlandogonzalez\/2023\/09\/24\/maringa-na-finalissima-da-copa-betano-do-brasil-entre-sao-paulo-e-flamengo-a-festa-sera-tambem-pela-inclusao\/","name":"MARING\u00c1 - Na final\u00edssima da Copa Betano do Brasil entre S\u00e3o Paulo e Flamengo, a festa ser\u00e1 tamb\u00e9m pela inclus\u00e3o - Orlando Gonzalez","isPartOf":{"@id":"https:\/\/maringapost.com.br\/orlandogonzalez\/#website"},"primaryImageOfPage":{"@id":"https:\/\/maringapost.com.br\/orlandogonzalez\/2023\/09\/24\/maringa-na-finalissima-da-copa-betano-do-brasil-entre-sao-paulo-e-flamengo-a-festa-sera-tambem-pela-inclusao\/#primaryimage"},"image":{"@id":"https:\/\/maringapost.com.br\/orlandogonzalez\/2023\/09\/24\/maringa-na-finalissima-da-copa-betano-do-brasil-entre-sao-paulo-e-flamengo-a-festa-sera-tambem-pela-inclusao\/#primaryimage"},"thumbnailUrl":"https:\/\/maringapost.com.br\/orlandogonzalez\/wp-content\/uploads\/sites\/17\/2023\/09\/inclusao2.jpeg","datePublished":"2023-09-24T15:27:18+00:00","dateModified":"2023-09-24T15:27:18+00:00","author":{"@id":"https:\/\/maringapost.com.br\/orlandogonzalez\/#\/schema\/person\/5cbe6257d08edea6afc9ebaa613b0633"},"inLanguage":"pt-BR","potentialAction":[{"@type":"ReadAction","target":["https:\/\/maringapost.com.br\/orlandogonzalez\/2023\/09\/24\/maringa-na-finalissima-da-copa-betano-do-brasil-entre-sao-paulo-e-flamengo-a-festa-sera-tambem-pela-inclusao\/"]}]},{"@type":"ImageObject","inLanguage":"pt-BR","@id":"https:\/\/maringapost.com.br\/orlandogonzalez\/2023\/09\/24\/maringa-na-finalissima-da-copa-betano-do-brasil-entre-sao-paulo-e-flamengo-a-festa-sera-tambem-pela-inclusao\/#primaryimage","url":"https:\/\/maringapost.com.br\/orlandogonzalez\/wp-content\/uploads\/sites\/17\/2023\/09\/inclusao2.jpeg","contentUrl":"https:\/\/maringapost.com.br\/orlandogonzalez\/wp-content\/uploads\/sites\/17\/2023\/09\/inclusao2.jpeg","width":910,"height":606},{"@type":"WebSite","@id":"https:\/\/maringapost.com.br\/orlandogonzalez\/#website","url":"https:\/\/maringapost.com.br\/orlandogonzalez\/","name":"Orlando Gonzalez","description":"Destaca o esporte de Maring\u00e1! Destaca o esporte do Paran\u00e1! Destaca o esporte do Brasil!","potentialAction":[{"@type":"SearchAction","target":{"@type":"EntryPoint","urlTemplate":"https:\/\/maringapost.com.br\/orlandogonzalez\/?s={search_term_string}"},"query-input":"required name=search_term_string"}],"inLanguage":"pt-BR"},{"@type":"Person","@id":"https:\/\/maringapost.com.br\/orlandogonzalez\/#\/schema\/person\/5cbe6257d08edea6afc9ebaa613b0633","name":"Orlando Gonzalez","image":{"@type":"ImageObject","inLanguage":"pt-BR","@id":"https:\/\/maringapost.com.br\/orlandogonzalez\/#\/schema\/person\/image\/","url":"https:\/\/secure.gravatar.com\/avatar\/ecef9d1c9afe5ebdafadde8369065ba5?s=96&d=mm&r=g","contentUrl":"https:\/\/secure.gravatar.com\/avatar\/ecef9d1c9afe5ebdafadde8369065ba5?s=96&d=mm&r=g","caption":"Orlando Gonzalez"},"description":"H\u00e1 29 anos na cobertura do esporte de Maring\u00e1. Plant\u00e3o e narrador esportivo. Presta\u00e7\u00e3o de assessoria de imprensa esportiva, cobertura e transmiss\u00f5es ao vivo de eventos esportivos. E-mail: orlandogonzalez.assessoria@gmail.com WhatsApp: (44) 9 9126-6119","sameAs":["http:\/\/www.radiomaringa.com.br\/","https:\/\/www.facebook.com\/profile.php?id=100011095815065","https:\/\/www.instagram.com\/orlandomgonzalez\/","https:\/\/br.pinterest.com\/ogonzalez0530\/","https:\/\/x.com\/gonzalezorlando","https:\/\/www.youtube.com\/channel\/UCvFpl55btth8wjnKiSS1ibA","https:\/\/radiomaringaweb.tumblr.com\/"],"url":"https:\/\/maringapost.com.br\/orlandogonzalez\/author\/orlando\/"}]}},"_links":{"self":[{"href":"https:\/\/maringapost.com.br\/orlandogonzalez\/wp-json\/wp\/v2\/posts\/57968"}],"collection":[{"href":"https:\/\/maringapost.com.br\/orlandogonzalez\/wp-json\/wp\/v2\/posts"}],"about":[{"href":"https:\/\/maringapost.com.br\/orlandogonzalez\/wp-json\/wp\/v2\/types\/post"}],"author":[{"embeddable":true,"href":"https:\/\/maringapost.com.br\/orlandogonzalez\/wp-json\/wp\/v2\/users\/6307"}],"replies":[{"embeddable":true,"href":"https:\/\/maringapost.com.br\/orlandogonzalez\/wp-json\/wp\/v2\/comments?post=57968"}],"version-history":[{"count":1,"href":"https:\/\/maringapost.com.br\/orlandogonzalez\/wp-json\/wp\/v2\/posts\/57968\/revisions"}],"predecessor-version":[{"id":57970,"href":"https:\/\/maringapost.com.br\/orlandogonzalez\/wp-json\/wp\/v2\/posts\/57968\/revisions\/57970"}],"wp:featuredmedia":[{"embeddable":true,"href":"https:\/\/maringapost.com.br\/orlandogonzalez\/wp-json\/wp\/v2\/media\/57969"}],"wp:attachment":[{"href":"https:\/\/maringapost.com.br\/orlandogonzalez\/wp-json\/wp\/v2\/media?parent=57968"}],"wp:term":[{"taxonomy":"category","embeddable":true,"href":"https:\/\/maringapost.com.br\/orlandogonzalez\/wp-json\/wp\/v2\/categories?post=57968"},{"taxonomy":"post_tag","embeddable":true,"href":"https:\/\/maringapost.com.br\/orlandogonzalez\/wp-json\/wp\/v2\/tags?post=57968"}],"curies":[{"name":"wp","href":"https:\/\/api.w.org\/{rel}","templated":true}]}}