{"id":57892,"date":"2023-09-10T10:18:46","date_gmt":"2023-09-10T13:18:46","guid":{"rendered":"https:\/\/maringapost.com.br\/orlandogonzalez\/?p=57892"},"modified":"2023-09-10T10:18:46","modified_gmt":"2023-09-10T13:18:46","slug":"maringa-pre-olimpico-de-basquete-feminino-sera-no-rio-de-janeiro","status":"publish","type":"post","link":"https:\/\/maringapost.com.br\/orlandogonzalez\/2023\/09\/10\/maringa-pre-olimpico-de-basquete-feminino-sera-no-rio-de-janeiro\/","title":{"rendered":"MARING\u00c1 &#8211; Pr\u00e9-Ol\u00edmpico de basquete feminino ser\u00e1 no Rio de Janeiro"},"content":{"rendered":"<p style=\"margin: 0px 0px 1.3rem;color: #495057;font-family: tipobrasil_rounded400_regular, sans-serif;font-size: 16px;background-color: #f7f8f9\"><span style=\"font-size: 24px\">A Federa\u00e7\u00e3o Internacional de Basquete (Fiba) definiu, no s\u00e1bado (9), que o Rio de Janeiro ser\u00e1 uma das sedes do torneio Pr\u00e9-Ol\u00edmpico da modalidade feminina. O an\u00fancio foi feito em reuni\u00e3o da entidade, realizada em Manila, nas Filipinas, em meio \u00e0 reta final da Copa do Mundo masculina.<img decoding=\"async\" style=\"border: 0px none;vertical-align: middle;height: 1px;width: 1px\" src=\"https:\/\/agenciabrasil.ebc.com.br\/ebc.png?id=1554172&amp;o=node\" \/><img decoding=\"async\" style=\"border: 0px none;vertical-align: middle;height: 1px;width: 1px\" src=\"https:\/\/agenciabrasil.ebc.com.br\/ebc.gif?id=1554172&amp;o=node\" \/><\/span><\/p>\n<p style=\"margin: 0px 0px 1.3rem;color: #495057;font-family: tipobrasil_rounded400_regular, sans-serif;font-size: 16px;background-color: #f7f8f9\"><span style=\"font-size: 24px\">O Pr\u00e9-Ol\u00edmpico ser\u00e1 disputado entre os dias 8 a 11 de fevereiro do ano que vem. Al\u00e9m da Fran\u00e7a (pa\u00eds anfitri\u00e3o da Olimp\u00edada de 2024, que ser\u00e1 em Paris), os Estados Unidos j\u00e1 est\u00e3o assegurados nos Jogos por serem os atuais campe\u00f5es mundiais. As duas sele\u00e7\u00f5es, por\u00e9m, tamb\u00e9m disputar\u00e3o a competi\u00e7\u00e3o qualificat\u00f3ria.<\/span><\/p>\n<p style=\"margin: 0px 0px 1.3rem;color: #495057;font-family: tipobrasil_rounded400_regular, sans-serif;font-size: 16px;background-color: #f7f8f9\"><span style=\"font-size: 24px\">Outras tr\u00eas cidades tamb\u00e9m foram escolhidas para o torneio: Antu\u00e9rpia, na B\u00e9lgica; Sopron, na Hungria; e Xi&#8217;an, na China. Cada local receber\u00e1 um grupo com quatro sele\u00e7\u00f5es, que jogar\u00e3o entre si. Destas quatro sedes, sair\u00e3o dez classificados \u00e0 Olimp\u00edada.<\/span><\/p>\n<p style=\"margin: 0px 0px 1.3rem;color: #495057;font-family: tipobrasil_rounded400_regular, sans-serif;font-size: 16px;background-color: #f7f8f9\"><span style=\"font-size: 24px\">O Brasil se credenciou ao Pr\u00e9-Ol\u00edmpico com o t\u00edtulo da Copa Am\u00e9rica Feminina, em Le\u00f3n, no M\u00e9xico, h\u00e1 dois meses. EUA, Fran\u00e7a, B\u00e9lgica, Espanha, Hungria, S\u00e9rvia, Alemanha, China, Jap\u00e3o, Austr\u00e1lia, Nova Zel\u00e2ndia, Nig\u00e9ria e Senegal s\u00e3o as demais sele\u00e7\u00f5es j\u00e1 confirmadas. Outros dois representantes das Am\u00e9ricas ser\u00e3o definidos depois de um torneio classificat\u00f3rio, marcado para novembro.<\/span><\/p>\n<p style=\"margin: 0px 0px 1.3rem;color: #495057;font-family: tipobrasil_rounded400_regular, sans-serif;font-size: 16px;background-color: #f7f8f9\"><span style=\"font-size: 24px\">A sele\u00e7\u00e3o feminina n\u00e3o se classificou \u00e0 Olimp\u00edada de T\u00f3quio, no Jap\u00e3o, em 2021. Foi a primeira vez &#8211; em 32 anos &#8211; que a equipe verde e amarela se ausentou do torneio. A \u00faltima participa\u00e7\u00e3o ol\u00edmpica foi em 2016, no Rio de Janeiro, quando as brasileiras ficaram na 11\u00aa posi\u00e7\u00e3o (entre 12 pa\u00edses).<\/span><\/p>\n<p style=\"margin: 0px 0px 1.3rem;color: #495057;font-family: tipobrasil_rounded400_regular, sans-serif;font-size: 16px;background-color: #f7f8f9\"><span style=\"font-size: 24px\">O time masculino tamb\u00e9m ficou fora dos Jogos de 2021. O Pr\u00e9-Ol\u00edmpico dos homens, que reunir\u00e1 24 sele\u00e7\u00f5es, est\u00e1 previsto para julho do ano que vem. Os brasileiros j\u00e1 poderiam ter garantido a vaga ol\u00edmpica via Copa do Mundo, caso terminassem a competi\u00e7\u00e3o como uma das duas melhores equipes das Am\u00e9ricas, mas ficaram atr\u00e1s de Estados Unidos e Canad\u00e1.<\/span><\/p>\n<p style=\"margin: 0px 0px 1.3rem;color: #495057;font-family: tipobrasil_rounded400_regular, sans-serif;font-size: 16px;background-color: #f7f8f9\"><span style=\"font-size: 24px\">(Texto: Lincoln Chaves\/Ag\u00eancia Brasil. Foto: Fiba)<\/span><\/p>\n","protected":false},"excerpt":{"rendered":"<p>A Federa\u00e7\u00e3o Internacional de Basquete (Fiba) definiu, no s\u00e1bado (9), que o Rio de Janeiro ser\u00e1 uma das sedes do torneio Pr\u00e9-Ol\u00edmpico da modalidade feminina. O an\u00fancio foi feito em reuni\u00e3o da entidade, realizada em Manila, nas Filipinas, em meio \u00e0 reta final da Copa do Mundo masculina. O Pr\u00e9-Ol\u00edmpico ser\u00e1 disputado entre os dias [&hellip;]<\/p>\n","protected":false},"author":6307,"featured_media":57893,"comment_status":"open","ping_status":"open","sticky":false,"template":"","format":"standard","meta":{"_exactmetrics_skip_tracking":false,"_exactmetrics_sitenote_active":false,"_exactmetrics_sitenote_note":"","_exactmetrics_sitenote_category":0,"footnotes":""},"categories":[1067],"tags":[47,15334],"yoast_head":"<!-- This site is optimized with the Yoast SEO Premium plugin v22.7 (Yoast SEO v22.7) - https:\/\/yoast.com\/wordpress\/plugins\/seo\/ -->\n<title>MARING\u00c1 - Pr\u00e9-Ol\u00edmpico de basquete feminino ser\u00e1 no Rio de Janeiro - Orlando Gonzalez<\/title>\n<meta name=\"robots\" content=\"index, follow, max-snippet:-1, max-image-preview:large, max-video-preview:-1\" \/>\n<link rel=\"canonical\" href=\"https:\/\/maringapost.com.br\/orlandogonzalez\/2023\/09\/10\/maringa-pre-olimpico-de-basquete-feminino-sera-no-rio-de-janeiro\/\" \/>\n<meta property=\"og:locale\" content=\"pt_BR\" \/>\n<meta property=\"og:type\" content=\"article\" \/>\n<meta property=\"og:title\" content=\"MARING\u00c1 - Pr\u00e9-Ol\u00edmpico de basquete feminino ser\u00e1 no Rio de Janeiro\" \/>\n<meta property=\"og:description\" content=\"A Federa\u00e7\u00e3o Internacional de Basquete (Fiba) definiu, no s\u00e1bado (9), que o Rio de Janeiro ser\u00e1 uma das sedes do torneio Pr\u00e9-Ol\u00edmpico da modalidade feminina. O an\u00fancio foi feito em reuni\u00e3o da entidade, realizada em Manila, nas Filipinas, em meio \u00e0 reta final da Copa do Mundo masculina. O Pr\u00e9-Ol\u00edmpico ser\u00e1 disputado entre os dias [&hellip;]\" \/>\n<meta property=\"og:url\" content=\"https:\/\/maringapost.com.br\/orlandogonzalez\/2023\/09\/10\/maringa-pre-olimpico-de-basquete-feminino-sera-no-rio-de-janeiro\/\" \/>\n<meta property=\"og:site_name\" content=\"Orlando Gonzalez\" \/>\n<meta property=\"article:author\" content=\"https:\/\/www.facebook.com\/profile.php?id=100011095815065\" \/>\n<meta property=\"article:published_time\" content=\"2023-09-10T13:18:46+00:00\" \/>\n<meta property=\"og:image\" content=\"https:\/\/maringapost.com.br\/orlandogonzalez\/wp-content\/uploads\/sites\/17\/2023\/09\/basquetebrasil.jpg\" \/>\n\t<meta property=\"og:image:width\" content=\"1170\" \/>\n\t<meta property=\"og:image:height\" content=\"700\" \/>\n\t<meta property=\"og:image:type\" content=\"image\/jpeg\" \/>\n<meta name=\"author\" content=\"Orlando Gonzalez\" \/>\n<meta name=\"twitter:card\" content=\"summary_large_image\" \/>\n<meta name=\"twitter:creator\" content=\"@gonzalezorlando\" \/>\n<meta name=\"twitter:label1\" content=\"Escrito por\" \/>\n\t<meta name=\"twitter:data1\" content=\"\" \/>\n\t<meta name=\"twitter:label2\" content=\"Est. tempo de leitura\" \/>\n\t<meta name=\"twitter:data2\" content=\"3 minutos\" \/>\n<script type=\"application\/ld+json\" class=\"yoast-schema-graph\">{\"@context\":\"https:\/\/schema.org\",\"@graph\":[{\"@type\":\"WebPage\",\"@id\":\"https:\/\/maringapost.com.br\/orlandogonzalez\/2023\/09\/10\/maringa-pre-olimpico-de-basquete-feminino-sera-no-rio-de-janeiro\/\",\"url\":\"https:\/\/maringapost.com.br\/orlandogonzalez\/2023\/09\/10\/maringa-pre-olimpico-de-basquete-feminino-sera-no-rio-de-janeiro\/\",\"name\":\"MARING\u00c1 - Pr\u00e9-Ol\u00edmpico de basquete feminino ser\u00e1 no Rio de Janeiro - Orlando Gonzalez\",\"isPartOf\":{\"@id\":\"https:\/\/maringapost.com.br\/orlandogonzalez\/#website\"},\"primaryImageOfPage\":{\"@id\":\"https:\/\/maringapost.com.br\/orlandogonzalez\/2023\/09\/10\/maringa-pre-olimpico-de-basquete-feminino-sera-no-rio-de-janeiro\/#primaryimage\"},\"image\":{\"@id\":\"https:\/\/maringapost.com.br\/orlandogonzalez\/2023\/09\/10\/maringa-pre-olimpico-de-basquete-feminino-sera-no-rio-de-janeiro\/#primaryimage\"},\"thumbnailUrl\":\"https:\/\/maringapost.com.br\/orlandogonzalez\/wp-content\/uploads\/sites\/17\/2023\/09\/basquetebrasil.jpg\",\"datePublished\":\"2023-09-10T13:18:46+00:00\",\"dateModified\":\"2023-09-10T13:18:46+00:00\",\"author\":{\"@id\":\"https:\/\/maringapost.com.br\/orlandogonzalez\/#\/schema\/person\/5cbe6257d08edea6afc9ebaa613b0633\"},\"inLanguage\":\"pt-BR\",\"potentialAction\":[{\"@type\":\"ReadAction\",\"target\":[\"https:\/\/maringapost.com.br\/orlandogonzalez\/2023\/09\/10\/maringa-pre-olimpico-de-basquete-feminino-sera-no-rio-de-janeiro\/\"]}]},{\"@type\":\"ImageObject\",\"inLanguage\":\"pt-BR\",\"@id\":\"https:\/\/maringapost.com.br\/orlandogonzalez\/2023\/09\/10\/maringa-pre-olimpico-de-basquete-feminino-sera-no-rio-de-janeiro\/#primaryimage\",\"url\":\"https:\/\/maringapost.com.br\/orlandogonzalez\/wp-content\/uploads\/sites\/17\/2023\/09\/basquetebrasil.jpg\",\"contentUrl\":\"https:\/\/maringapost.com.br\/orlandogonzalez\/wp-content\/uploads\/sites\/17\/2023\/09\/basquetebrasil.jpg\",\"width\":1170,\"height\":700,\"caption\":\"Rio de Janeiro ser\u00e1 sede do Pr\u00e9-Ol\u00edmpico de basquete feminino. Foto: FIBA\/Divulga\u00e7\u00e3o\"},{\"@type\":\"WebSite\",\"@id\":\"https:\/\/maringapost.com.br\/orlandogonzalez\/#website\",\"url\":\"https:\/\/maringapost.com.br\/orlandogonzalez\/\",\"name\":\"Orlando Gonzalez\",\"description\":\"Destaca o esporte de Maring\u00e1! Destaca o esporte do Paran\u00e1! Destaca o esporte do Brasil!\",\"potentialAction\":[{\"@type\":\"SearchAction\",\"target\":{\"@type\":\"EntryPoint\",\"urlTemplate\":\"https:\/\/maringapost.com.br\/orlandogonzalez\/?s={search_term_string}\"},\"query-input\":\"required name=search_term_string\"}],\"inLanguage\":\"pt-BR\"},{\"@type\":\"Person\",\"@id\":\"https:\/\/maringapost.com.br\/orlandogonzalez\/#\/schema\/person\/5cbe6257d08edea6afc9ebaa613b0633\",\"name\":\"Orlando Gonzalez\",\"image\":{\"@type\":\"ImageObject\",\"inLanguage\":\"pt-BR\",\"@id\":\"https:\/\/maringapost.com.br\/orlandogonzalez\/#\/schema\/person\/image\/\",\"url\":\"https:\/\/secure.gravatar.com\/avatar\/ecef9d1c9afe5ebdafadde8369065ba5?s=96&d=mm&r=g\",\"contentUrl\":\"https:\/\/secure.gravatar.com\/avatar\/ecef9d1c9afe5ebdafadde8369065ba5?s=96&d=mm&r=g\",\"caption\":\"Orlando Gonzalez\"},\"description\":\"H\u00e1 29 anos na cobertura do esporte de Maring\u00e1. Plant\u00e3o e narrador esportivo. Presta\u00e7\u00e3o de assessoria de imprensa esportiva, cobertura e transmiss\u00f5es ao vivo de eventos esportivos. E-mail: orlandogonzalez.assessoria@gmail.com WhatsApp: (44) 9 9126-6119\",\"sameAs\":[\"http:\/\/www.radiomaringa.com.br\/\",\"https:\/\/www.facebook.com\/profile.php?id=100011095815065\",\"https:\/\/www.instagram.com\/orlandomgonzalez\/\",\"https:\/\/br.pinterest.com\/ogonzalez0530\/\",\"https:\/\/x.com\/gonzalezorlando\",\"https:\/\/www.youtube.com\/channel\/UCvFpl55btth8wjnKiSS1ibA\",\"https:\/\/radiomaringaweb.tumblr.com\/\"],\"url\":\"https:\/\/maringapost.com.br\/orlandogonzalez\/author\/orlando\/\"}]}<\/script>\n<!-- \/ Yoast SEO Premium plugin. -->","yoast_head_json":{"title":"MARING\u00c1 - Pr\u00e9-Ol\u00edmpico de basquete feminino ser\u00e1 no Rio de Janeiro - Orlando Gonzalez","robots":{"index":"index","follow":"follow","max-snippet":"max-snippet:-1","max-image-preview":"max-image-preview:large","max-video-preview":"max-video-preview:-1"},"canonical":"https:\/\/maringapost.com.br\/orlandogonzalez\/2023\/09\/10\/maringa-pre-olimpico-de-basquete-feminino-sera-no-rio-de-janeiro\/","og_locale":"pt_BR","og_type":"article","og_title":"MARING\u00c1 - Pr\u00e9-Ol\u00edmpico de basquete feminino ser\u00e1 no Rio de Janeiro","og_description":"A Federa\u00e7\u00e3o Internacional de Basquete (Fiba) definiu, no s\u00e1bado (9), que o Rio de Janeiro ser\u00e1 uma das sedes do torneio Pr\u00e9-Ol\u00edmpico da modalidade feminina. O an\u00fancio foi feito em reuni\u00e3o da entidade, realizada em Manila, nas Filipinas, em meio \u00e0 reta final da Copa do Mundo masculina. O Pr\u00e9-Ol\u00edmpico ser\u00e1 disputado entre os dias [&hellip;]","og_url":"https:\/\/maringapost.com.br\/orlandogonzalez\/2023\/09\/10\/maringa-pre-olimpico-de-basquete-feminino-sera-no-rio-de-janeiro\/","og_site_name":"Orlando Gonzalez","article_author":"https:\/\/www.facebook.com\/profile.php?id=100011095815065","article_published_time":"2023-09-10T13:18:46+00:00","og_image":[{"width":1170,"height":700,"url":"https:\/\/maringapost.com.br\/orlandogonzalez\/wp-content\/uploads\/sites\/17\/2023\/09\/basquetebrasil.jpg","type":"image\/jpeg"}],"author":"Orlando Gonzalez","twitter_card":"summary_large_image","twitter_creator":"@gonzalezorlando","twitter_misc":{"Escrito por":false,"Est. tempo de leitura":"3 minutos"},"schema":{"@context":"https:\/\/schema.org","@graph":[{"@type":"WebPage","@id":"https:\/\/maringapost.com.br\/orlandogonzalez\/2023\/09\/10\/maringa-pre-olimpico-de-basquete-feminino-sera-no-rio-de-janeiro\/","url":"https:\/\/maringapost.com.br\/orlandogonzalez\/2023\/09\/10\/maringa-pre-olimpico-de-basquete-feminino-sera-no-rio-de-janeiro\/","name":"MARING\u00c1 - Pr\u00e9-Ol\u00edmpico de basquete feminino ser\u00e1 no Rio de Janeiro - Orlando Gonzalez","isPartOf":{"@id":"https:\/\/maringapost.com.br\/orlandogonzalez\/#website"},"primaryImageOfPage":{"@id":"https:\/\/maringapost.com.br\/orlandogonzalez\/2023\/09\/10\/maringa-pre-olimpico-de-basquete-feminino-sera-no-rio-de-janeiro\/#primaryimage"},"image":{"@id":"https:\/\/maringapost.com.br\/orlandogonzalez\/2023\/09\/10\/maringa-pre-olimpico-de-basquete-feminino-sera-no-rio-de-janeiro\/#primaryimage"},"thumbnailUrl":"https:\/\/maringapost.com.br\/orlandogonzalez\/wp-content\/uploads\/sites\/17\/2023\/09\/basquetebrasil.jpg","datePublished":"2023-09-10T13:18:46+00:00","dateModified":"2023-09-10T13:18:46+00:00","author":{"@id":"https:\/\/maringapost.com.br\/orlandogonzalez\/#\/schema\/person\/5cbe6257d08edea6afc9ebaa613b0633"},"inLanguage":"pt-BR","potentialAction":[{"@type":"ReadAction","target":["https:\/\/maringapost.com.br\/orlandogonzalez\/2023\/09\/10\/maringa-pre-olimpico-de-basquete-feminino-sera-no-rio-de-janeiro\/"]}]},{"@type":"ImageObject","inLanguage":"pt-BR","@id":"https:\/\/maringapost.com.br\/orlandogonzalez\/2023\/09\/10\/maringa-pre-olimpico-de-basquete-feminino-sera-no-rio-de-janeiro\/#primaryimage","url":"https:\/\/maringapost.com.br\/orlandogonzalez\/wp-content\/uploads\/sites\/17\/2023\/09\/basquetebrasil.jpg","contentUrl":"https:\/\/maringapost.com.br\/orlandogonzalez\/wp-content\/uploads\/sites\/17\/2023\/09\/basquetebrasil.jpg","width":1170,"height":700,"caption":"Rio de Janeiro ser\u00e1 sede do Pr\u00e9-Ol\u00edmpico de basquete feminino. Foto: FIBA\/Divulga\u00e7\u00e3o"},{"@type":"WebSite","@id":"https:\/\/maringapost.com.br\/orlandogonzalez\/#website","url":"https:\/\/maringapost.com.br\/orlandogonzalez\/","name":"Orlando Gonzalez","description":"Destaca o esporte de Maring\u00e1! Destaca o esporte do Paran\u00e1! Destaca o esporte do Brasil!","potentialAction":[{"@type":"SearchAction","target":{"@type":"EntryPoint","urlTemplate":"https:\/\/maringapost.com.br\/orlandogonzalez\/?s={search_term_string}"},"query-input":"required name=search_term_string"}],"inLanguage":"pt-BR"},{"@type":"Person","@id":"https:\/\/maringapost.com.br\/orlandogonzalez\/#\/schema\/person\/5cbe6257d08edea6afc9ebaa613b0633","name":"Orlando Gonzalez","image":{"@type":"ImageObject","inLanguage":"pt-BR","@id":"https:\/\/maringapost.com.br\/orlandogonzalez\/#\/schema\/person\/image\/","url":"https:\/\/secure.gravatar.com\/avatar\/ecef9d1c9afe5ebdafadde8369065ba5?s=96&d=mm&r=g","contentUrl":"https:\/\/secure.gravatar.com\/avatar\/ecef9d1c9afe5ebdafadde8369065ba5?s=96&d=mm&r=g","caption":"Orlando Gonzalez"},"description":"H\u00e1 29 anos na cobertura do esporte de Maring\u00e1. Plant\u00e3o e narrador esportivo. Presta\u00e7\u00e3o de assessoria de imprensa esportiva, cobertura e transmiss\u00f5es ao vivo de eventos esportivos. E-mail: orlandogonzalez.assessoria@gmail.com WhatsApp: (44) 9 9126-6119","sameAs":["http:\/\/www.radiomaringa.com.br\/","https:\/\/www.facebook.com\/profile.php?id=100011095815065","https:\/\/www.instagram.com\/orlandomgonzalez\/","https:\/\/br.pinterest.com\/ogonzalez0530\/","https:\/\/x.com\/gonzalezorlando","https:\/\/www.youtube.com\/channel\/UCvFpl55btth8wjnKiSS1ibA","https:\/\/radiomaringaweb.tumblr.com\/"],"url":"https:\/\/maringapost.com.br\/orlandogonzalez\/author\/orlando\/"}]}},"_links":{"self":[{"href":"https:\/\/maringapost.com.br\/orlandogonzalez\/wp-json\/wp\/v2\/posts\/57892"}],"collection":[{"href":"https:\/\/maringapost.com.br\/orlandogonzalez\/wp-json\/wp\/v2\/posts"}],"about":[{"href":"https:\/\/maringapost.com.br\/orlandogonzalez\/wp-json\/wp\/v2\/types\/post"}],"author":[{"embeddable":true,"href":"https:\/\/maringapost.com.br\/orlandogonzalez\/wp-json\/wp\/v2\/users\/6307"}],"replies":[{"embeddable":true,"href":"https:\/\/maringapost.com.br\/orlandogonzalez\/wp-json\/wp\/v2\/comments?post=57892"}],"version-history":[{"count":1,"href":"https:\/\/maringapost.com.br\/orlandogonzalez\/wp-json\/wp\/v2\/posts\/57892\/revisions"}],"predecessor-version":[{"id":57894,"href":"https:\/\/maringapost.com.br\/orlandogonzalez\/wp-json\/wp\/v2\/posts\/57892\/revisions\/57894"}],"wp:featuredmedia":[{"embeddable":true,"href":"https:\/\/maringapost.com.br\/orlandogonzalez\/wp-json\/wp\/v2\/media\/57893"}],"wp:attachment":[{"href":"https:\/\/maringapost.com.br\/orlandogonzalez\/wp-json\/wp\/v2\/media?parent=57892"}],"wp:term":[{"taxonomy":"category","embeddable":true,"href":"https:\/\/maringapost.com.br\/orlandogonzalez\/wp-json\/wp\/v2\/categories?post=57892"},{"taxonomy":"post_tag","embeddable":true,"href":"https:\/\/maringapost.com.br\/orlandogonzalez\/wp-json\/wp\/v2\/tags?post=57892"}],"curies":[{"name":"wp","href":"https:\/\/api.w.org\/{rel}","templated":true}]}}