{"id":57889,"date":"2023-09-10T10:16:22","date_gmt":"2023-09-10T13:16:22","guid":{"rendered":"https:\/\/maringapost.com.br\/orlandogonzalez\/?p=57889"},"modified":"2023-09-10T10:16:22","modified_gmt":"2023-09-10T13:16:22","slug":"maringa-gaucha-brilha-na-gr-dos-jogos-da-juventude","status":"publish","type":"post","link":"https:\/\/maringapost.com.br\/orlandogonzalez\/2023\/09\/10\/maringa-gaucha-brilha-na-gr-dos-jogos-da-juventude\/","title":{"rendered":"MARING\u00c1 &#8211; Ga\u00facha brilha na GR dos Jogos da Juventude"},"content":{"rendered":"<p style=\"margin: 0px 0px 1.3rem;color: #495057;font-family: tipobrasil_rounded400_regular, sans-serif;font-size: 16px;background-color: #f7f8f9\"><span style=\"font-size: 24px\">Se o primeiro ter\u00e7o dos Jogos da Juventude teve uma atleta da gin\u00e1stica r\u00edtmica (a paulista Fernanda Alvaz) como a principal medalhista entre as meninas, a fase intermedi\u00e1ria do evento, realizado em Ribeir\u00e3o Preto (SP), tem outra ginasta como protagonista \u2013 agora na modalidade art\u00edstica. Trata-se da ga\u00facha Nicole Bello, que arrebatou o ouro em quatro provas: individual geral, por equipes, salto e solo.<img decoding=\"async\" style=\"border: 0px none;vertical-align: middle;height: 1px;width: 1px\" src=\"https:\/\/agenciabrasil.ebc.com.br\/ebc.png?id=1554186&amp;o=node\" \/><img decoding=\"async\" style=\"border: 0px none;vertical-align: middle;height: 1px;width: 1px\" src=\"https:\/\/agenciabrasil.ebc.com.br\/ebc.gif?id=1554186&amp;o=node\" \/><\/span><\/p>\n<p style=\"margin: 0px 0px 1.3rem;color: #495057;font-family: tipobrasil_rounded400_regular, sans-serif;font-size: 16px;background-color: #f7f8f9\"><span style=\"font-size: 24px\">A competi\u00e7\u00e3o segue at\u00e9 o pr\u00f3ximo dia 16, com transmiss\u00e3o da\u00a0<span style=\"font-weight: bolder\">TV Brasil<\/span>. Confira, no final do texto, a programa\u00e7\u00e3o da semana que vem.<\/span><\/p>\n<p style=\"margin: 0px 0px 1.3rem;color: #495057;font-family: tipobrasil_rounded400_regular, sans-serif;font-size: 16px;background-color: #f7f8f9\"><span style=\"font-size: 24px\">Aos 12 anos, Nicole n\u00e3o era nascida quando a conterr\u00e2nea Daiane dos Santos foi campe\u00e3 mundial de gin\u00e1stica, em 2003, ao som do choro\u00a0<em>Brasileirinho<\/em>. Mesmo assim, segundo a jovem, a escolha da mesma m\u00fasica para brilhar no Gin\u00e1sio de Esportes Doc\u00e3o &#8211; em Sert\u00e3ozinho (SP), cidade vizinha a Ribeir\u00e3o Preto &#8211; foi uma homenagem \u00e0 estrela da gin\u00e1stica brasileira.<\/span><\/p>\n<p style=\"margin: 0px 0px 1.3rem;color: #495057;font-family: tipobrasil_rounded400_regular, sans-serif;font-size: 16px;background-color: #f7f8f9\"><span style=\"font-size: 24px\">&#8220;A Daiane vem do mesmo clube que eu [Gr\u00eamio N\u00e1utico Uni\u00e3o, de Porto Alegre], ent\u00e3o ela \u00e9 minha inspira\u00e7\u00e3o. Mas a minha t\u00e9cnica tamb\u00e9m achou uma boa ideia, porque gosto muito de art\u00edstico e m\u00fasica brasileira nesse estilo. Eu adoro fazer o solo e salto, provas que estou me destacando. Mas a coreografia com essa m\u00fasica tem uma responsabilidade enorme por conta da Daiane&#8221;, destacou Nicole, ao\u00a0<em>site<\/em>\u00a0do Comit\u00ea Ol\u00edmpico do Brasil (COB).<\/span><\/p>\n<p style=\"margin: 0px 0px 1.3rem;color: #495057;font-family: tipobrasil_rounded400_regular, sans-serif;font-size: 16px;background-color: #f7f8f9\"><span style=\"font-size: 24px\">Os resultados nos Jogos da Juventude n\u00e3o s\u00e3o isolados. Em 2022, por exemplo, Nicole foi medalhista de ouro (equipes) e prata (individual) no Sul-Americano Infantil, disputado em Guayaquil, no Equador. Ela tamb\u00e9m tem p\u00f3dios em Campeonatos Brasileiros infantil e juvenil.<\/span><\/p>\n<blockquote style=\"margin: 0px 0px 20px;font-size: 1.25rem;padding: 10px 20px;color: #495057;font-family: tipobrasil_rounded400_regular, sans-serif;background-color: #f7f8f9\">\n<p style=\"margin: 0px 0px 1.3rem\"><span style=\"font-size: 24px\">&#8220;As medalhas s\u00e3o frutos dos meus treinos. \u00c9 muita dedica\u00e7\u00e3o, todos os dias, e eu vim aqui para ganhar. N\u00e3o vim de brincadeira. Eu sempre vou com tudo, claro, respeitando minhas advers\u00e1rias. Tem tamb\u00e9m os meus t\u00e9cnicos, que est\u00e3o sempre me corrigindo, e minhas colegas que me ajudam muito. Ent\u00e3o, tudo faz parte e \u00e9 por isso que cheguei at\u00e9 aqui.&#8221;<\/span><\/p>\n<\/blockquote>\n<h2 style=\"margin-top: 0px;margin-bottom: 0.5rem;font-family: tipobrasil_rounded700SBd;line-height: 1.2;color: #343a40;font-size: 32px;background-color: #f7f8f9\"><span style=\"font-size: 24px\">Masculino<\/span><\/h2>\n<p style=\"margin: 0px 0px 1.3rem;color: #495057;font-family: tipobrasil_rounded400_regular, sans-serif;font-size: 16px;background-color: #f7f8f9\"><span style=\"font-size: 24px\">As disputas da gin\u00e1stica art\u00edstica, iniciadas na quarta-feira (6), chegaram ao fim na sexta-feira (8). No masculino, o destaque foi o paulista Pedro Silvestre, que tamb\u00e9m amealhou quatro ouros (argolas, salto, paralelas e barra). Na quinta-feira (7), ele j\u00e1 tinha conquistado uma prata (equipes) e um bronze (individual geral).<\/span><\/p>\n<p style=\"margin: 0px 0px 1.3rem;color: #495057;font-family: tipobrasil_rounded400_regular, sans-serif;font-size: 16px;background-color: #f7f8f9\"><span style=\"font-size: 24px\">&#8220;Eu gostei muito dessa competi\u00e7\u00e3o, porque consegui me concentrar bem mais para fazer os aparelhos. Ontem [quinta], eu estava meio disperso, mas hoje [sexta] fui bem melhor. Vim com a expectativa de ganhar medalhas em todas as provas que disputaria, ent\u00e3o deu certo&#8221;, disse Pedro, \u00e0 p\u00e1gina do COB.<\/span><\/p>\n<p style=\"margin: 0px 0px 1.3rem;color: #495057;font-family: tipobrasil_rounded400_regular, sans-serif;font-size: 16px;background-color: #f7f8f9\"><span style=\"font-size: 24px\">A fase intermedi\u00e1ria dos Jogos da Juventude termina neste domingo (10), com as finais do v\u00f4lei de quadra. A partir de ter\u00e7a-feira (12), tem in\u00edcio a etapa final do evento, que envolver\u00e1 sete modalidades: esgrima, tiro com arco, v\u00f4lei de praia, nata\u00e7\u00e3o, \u00e1guas abertas, handebol e basquete.<\/span><\/p>\n<p style=\"margin: 0px 0px 1.3rem;color: #495057;font-family: tipobrasil_rounded400_regular, sans-serif;font-size: 16px;background-color: #f7f8f9\"><span style=\"font-size: 24px\">Transmiss\u00f5es da\u00a0<span style=\"font-weight: bolder\">TV Brasil<\/span><\/span><\/p>\n<p style=\"margin: 0px 0px 1.3rem;color: #495057;font-family: tipobrasil_rounded400_regular, sans-serif;font-size: 16px;background-color: #f7f8f9\"><span style=\"font-size: 24px\">Ter\u00e7a-feira (12)<\/span><br \/><span style=\"font-size: 24px\">9h &#8211; nata\u00e7\u00e3o<\/span><\/p>\n<p style=\"margin: 0px 0px 1.3rem;color: #495057;font-family: tipobrasil_rounded400_regular, sans-serif;font-size: 16px;background-color: #f7f8f9\"><span style=\"font-size: 24px\">Quarta-feira (13)<\/span><br \/><span style=\"font-size: 24px\">9h &#8211; nata\u00e7\u00e3o<\/span><\/p>\n<p style=\"margin: 0px 0px 1.3rem;color: #495057;font-family: tipobrasil_rounded400_regular, sans-serif;font-size: 16px;background-color: #f7f8f9\"><span style=\"font-size: 24px\">Quinta-feira (14)<\/span><br \/><span style=\"font-size: 24px\">9h &#8211; nata\u00e7\u00e3o<\/span><br \/><span style=\"font-size: 24px\">16h &#8211; finais do v\u00f4lei de praia<\/span><\/p>\n<p style=\"margin: 0px 0px 1.3rem;color: #495057;font-family: tipobrasil_rounded400_regular, sans-serif;font-size: 16px;background-color: #f7f8f9\"><span style=\"font-size: 24px\">S\u00e1bado (16)<\/span><br \/><span style=\"font-size: 24px\">11h &#8211; finais do handebol<\/span><\/p>\n<p style=\"margin: 0px 0px 1.3rem;color: #495057;font-family: tipobrasil_rounded400_regular, sans-serif;font-size: 16px;background-color: #f7f8f9\"><span style=\"font-size: 24px\">(Texto: Lincoln Chaves\/Ag\u00eancia Brasil. Foto: Alexandre Loureiro\/COB)<\/span><\/p>\n","protected":false},"excerpt":{"rendered":"<p>Se o primeiro ter\u00e7o dos Jogos da Juventude teve uma atleta da gin\u00e1stica r\u00edtmica (a paulista Fernanda Alvaz) como a principal medalhista entre as meninas, a fase intermedi\u00e1ria do evento, realizado em Ribeir\u00e3o Preto (SP), tem outra ginasta como protagonista \u2013 agora na modalidade art\u00edstica. Trata-se da ga\u00facha Nicole Bello, que arrebatou o ouro em [&hellip;]<\/p>\n","protected":false},"author":6307,"featured_media":57890,"comment_status":"open","ping_status":"open","sticky":false,"template":"","format":"standard","meta":{"_exactmetrics_skip_tracking":false,"_exactmetrics_sitenote_active":false,"_exactmetrics_sitenote_note":"","_exactmetrics_sitenote_category":0,"footnotes":""},"categories":[3089],"tags":[15227,47],"yoast_head":"<!-- This site is optimized with the Yoast SEO Premium plugin v22.7 (Yoast SEO v22.7) - https:\/\/yoast.com\/wordpress\/plugins\/seo\/ -->\n<title>MARING\u00c1 - Ga\u00facha brilha na GR dos Jogos da Juventude - Orlando Gonzalez<\/title>\n<meta name=\"robots\" content=\"index, follow, max-snippet:-1, max-image-preview:large, max-video-preview:-1\" \/>\n<link rel=\"canonical\" href=\"https:\/\/maringapost.com.br\/orlandogonzalez\/2023\/09\/10\/maringa-gaucha-brilha-na-gr-dos-jogos-da-juventude\/\" \/>\n<meta property=\"og:locale\" content=\"pt_BR\" \/>\n<meta property=\"og:type\" content=\"article\" \/>\n<meta property=\"og:title\" content=\"MARING\u00c1 - Ga\u00facha brilha na GR dos Jogos da Juventude\" \/>\n<meta property=\"og:description\" content=\"Se o primeiro ter\u00e7o dos Jogos da Juventude teve uma atleta da gin\u00e1stica r\u00edtmica (a paulista Fernanda Alvaz) como a principal medalhista entre as meninas, a fase intermedi\u00e1ria do evento, realizado em Ribeir\u00e3o Preto (SP), tem outra ginasta como protagonista \u2013 agora na modalidade art\u00edstica. Trata-se da ga\u00facha Nicole Bello, que arrebatou o ouro em [&hellip;]\" \/>\n<meta property=\"og:url\" content=\"https:\/\/maringapost.com.br\/orlandogonzalez\/2023\/09\/10\/maringa-gaucha-brilha-na-gr-dos-jogos-da-juventude\/\" \/>\n<meta property=\"og:site_name\" content=\"Orlando Gonzalez\" \/>\n<meta property=\"article:author\" content=\"https:\/\/www.facebook.com\/profile.php?id=100011095815065\" \/>\n<meta property=\"article:published_time\" content=\"2023-09-10T13:16:22+00:00\" \/>\n<meta property=\"og:image\" content=\"https:\/\/maringapost.com.br\/orlandogonzalez\/wp-content\/uploads\/sites\/17\/2023\/09\/gaucha.jpg\" \/>\n\t<meta property=\"og:image:width\" content=\"1170\" \/>\n\t<meta property=\"og:image:height\" content=\"700\" \/>\n\t<meta property=\"og:image:type\" content=\"image\/jpeg\" \/>\n<meta name=\"author\" content=\"Orlando Gonzalez\" \/>\n<meta name=\"twitter:card\" content=\"summary_large_image\" \/>\n<meta name=\"twitter:creator\" content=\"@gonzalezorlando\" \/>\n<meta name=\"twitter:label1\" content=\"Escrito por\" \/>\n\t<meta name=\"twitter:data1\" content=\"\" \/>\n\t<meta name=\"twitter:label2\" content=\"Est. tempo de leitura\" \/>\n\t<meta name=\"twitter:data2\" content=\"4 minutos\" \/>\n<script type=\"application\/ld+json\" class=\"yoast-schema-graph\">{\"@context\":\"https:\/\/schema.org\",\"@graph\":[{\"@type\":\"WebPage\",\"@id\":\"https:\/\/maringapost.com.br\/orlandogonzalez\/2023\/09\/10\/maringa-gaucha-brilha-na-gr-dos-jogos-da-juventude\/\",\"url\":\"https:\/\/maringapost.com.br\/orlandogonzalez\/2023\/09\/10\/maringa-gaucha-brilha-na-gr-dos-jogos-da-juventude\/\",\"name\":\"MARING\u00c1 - Ga\u00facha brilha na GR dos Jogos da Juventude - Orlando Gonzalez\",\"isPartOf\":{\"@id\":\"https:\/\/maringapost.com.br\/orlandogonzalez\/#website\"},\"primaryImageOfPage\":{\"@id\":\"https:\/\/maringapost.com.br\/orlandogonzalez\/2023\/09\/10\/maringa-gaucha-brilha-na-gr-dos-jogos-da-juventude\/#primaryimage\"},\"image\":{\"@id\":\"https:\/\/maringapost.com.br\/orlandogonzalez\/2023\/09\/10\/maringa-gaucha-brilha-na-gr-dos-jogos-da-juventude\/#primaryimage\"},\"thumbnailUrl\":\"https:\/\/maringapost.com.br\/orlandogonzalez\/wp-content\/uploads\/sites\/17\/2023\/09\/gaucha.jpg\",\"datePublished\":\"2023-09-10T13:16:22+00:00\",\"dateModified\":\"2023-09-10T13:16:22+00:00\",\"author\":{\"@id\":\"https:\/\/maringapost.com.br\/orlandogonzalez\/#\/schema\/person\/5cbe6257d08edea6afc9ebaa613b0633\"},\"inLanguage\":\"pt-BR\",\"potentialAction\":[{\"@type\":\"ReadAction\",\"target\":[\"https:\/\/maringapost.com.br\/orlandogonzalez\/2023\/09\/10\/maringa-gaucha-brilha-na-gr-dos-jogos-da-juventude\/\"]}]},{\"@type\":\"ImageObject\",\"inLanguage\":\"pt-BR\",\"@id\":\"https:\/\/maringapost.com.br\/orlandogonzalez\/2023\/09\/10\/maringa-gaucha-brilha-na-gr-dos-jogos-da-juventude\/#primaryimage\",\"url\":\"https:\/\/maringapost.com.br\/orlandogonzalez\/wp-content\/uploads\/sites\/17\/2023\/09\/gaucha.jpg\",\"contentUrl\":\"https:\/\/maringapost.com.br\/orlandogonzalez\/wp-content\/uploads\/sites\/17\/2023\/09\/gaucha.jpg\",\"width\":1170,\"height\":700,\"caption\":\"08.09.2023- Jogos da Juventude 2023 - Ribeirao Preto (SP) - de 01 a 16 de Setembro - Ginastica Artistica Feminina - Final por Aparelhos - Nicole Campos (RS) . Foto:Alexandre Loureiro\/COB\"},{\"@type\":\"WebSite\",\"@id\":\"https:\/\/maringapost.com.br\/orlandogonzalez\/#website\",\"url\":\"https:\/\/maringapost.com.br\/orlandogonzalez\/\",\"name\":\"Orlando Gonzalez\",\"description\":\"Destaca o esporte de Maring\u00e1! Destaca o esporte do Paran\u00e1! Destaca o esporte do Brasil!\",\"potentialAction\":[{\"@type\":\"SearchAction\",\"target\":{\"@type\":\"EntryPoint\",\"urlTemplate\":\"https:\/\/maringapost.com.br\/orlandogonzalez\/?s={search_term_string}\"},\"query-input\":\"required name=search_term_string\"}],\"inLanguage\":\"pt-BR\"},{\"@type\":\"Person\",\"@id\":\"https:\/\/maringapost.com.br\/orlandogonzalez\/#\/schema\/person\/5cbe6257d08edea6afc9ebaa613b0633\",\"name\":\"Orlando Gonzalez\",\"image\":{\"@type\":\"ImageObject\",\"inLanguage\":\"pt-BR\",\"@id\":\"https:\/\/maringapost.com.br\/orlandogonzalez\/#\/schema\/person\/image\/\",\"url\":\"https:\/\/secure.gravatar.com\/avatar\/ecef9d1c9afe5ebdafadde8369065ba5?s=96&d=mm&r=g\",\"contentUrl\":\"https:\/\/secure.gravatar.com\/avatar\/ecef9d1c9afe5ebdafadde8369065ba5?s=96&d=mm&r=g\",\"caption\":\"Orlando Gonzalez\"},\"description\":\"H\u00e1 29 anos na cobertura do esporte de Maring\u00e1. Plant\u00e3o e narrador esportivo. Presta\u00e7\u00e3o de assessoria de imprensa esportiva, cobertura e transmiss\u00f5es ao vivo de eventos esportivos. E-mail: orlandogonzalez.assessoria@gmail.com WhatsApp: (44) 9 9126-6119\",\"sameAs\":[\"http:\/\/www.radiomaringa.com.br\/\",\"https:\/\/www.facebook.com\/profile.php?id=100011095815065\",\"https:\/\/www.instagram.com\/orlandomgonzalez\/\",\"https:\/\/br.pinterest.com\/ogonzalez0530\/\",\"https:\/\/x.com\/gonzalezorlando\",\"https:\/\/www.youtube.com\/channel\/UCvFpl55btth8wjnKiSS1ibA\",\"https:\/\/radiomaringaweb.tumblr.com\/\"],\"url\":\"https:\/\/maringapost.com.br\/orlandogonzalez\/author\/orlando\/\"}]}<\/script>\n<!-- \/ Yoast SEO Premium plugin. -->","yoast_head_json":{"title":"MARING\u00c1 - Ga\u00facha brilha na GR dos Jogos da Juventude - Orlando Gonzalez","robots":{"index":"index","follow":"follow","max-snippet":"max-snippet:-1","max-image-preview":"max-image-preview:large","max-video-preview":"max-video-preview:-1"},"canonical":"https:\/\/maringapost.com.br\/orlandogonzalez\/2023\/09\/10\/maringa-gaucha-brilha-na-gr-dos-jogos-da-juventude\/","og_locale":"pt_BR","og_type":"article","og_title":"MARING\u00c1 - Ga\u00facha brilha na GR dos Jogos da Juventude","og_description":"Se o primeiro ter\u00e7o dos Jogos da Juventude teve uma atleta da gin\u00e1stica r\u00edtmica (a paulista Fernanda Alvaz) como a principal medalhista entre as meninas, a fase intermedi\u00e1ria do evento, realizado em Ribeir\u00e3o Preto (SP), tem outra ginasta como protagonista \u2013 agora na modalidade art\u00edstica. Trata-se da ga\u00facha Nicole Bello, que arrebatou o ouro em [&hellip;]","og_url":"https:\/\/maringapost.com.br\/orlandogonzalez\/2023\/09\/10\/maringa-gaucha-brilha-na-gr-dos-jogos-da-juventude\/","og_site_name":"Orlando Gonzalez","article_author":"https:\/\/www.facebook.com\/profile.php?id=100011095815065","article_published_time":"2023-09-10T13:16:22+00:00","og_image":[{"width":1170,"height":700,"url":"https:\/\/maringapost.com.br\/orlandogonzalez\/wp-content\/uploads\/sites\/17\/2023\/09\/gaucha.jpg","type":"image\/jpeg"}],"author":"Orlando Gonzalez","twitter_card":"summary_large_image","twitter_creator":"@gonzalezorlando","twitter_misc":{"Escrito por":false,"Est. tempo de leitura":"4 minutos"},"schema":{"@context":"https:\/\/schema.org","@graph":[{"@type":"WebPage","@id":"https:\/\/maringapost.com.br\/orlandogonzalez\/2023\/09\/10\/maringa-gaucha-brilha-na-gr-dos-jogos-da-juventude\/","url":"https:\/\/maringapost.com.br\/orlandogonzalez\/2023\/09\/10\/maringa-gaucha-brilha-na-gr-dos-jogos-da-juventude\/","name":"MARING\u00c1 - Ga\u00facha brilha na GR dos Jogos da Juventude - Orlando Gonzalez","isPartOf":{"@id":"https:\/\/maringapost.com.br\/orlandogonzalez\/#website"},"primaryImageOfPage":{"@id":"https:\/\/maringapost.com.br\/orlandogonzalez\/2023\/09\/10\/maringa-gaucha-brilha-na-gr-dos-jogos-da-juventude\/#primaryimage"},"image":{"@id":"https:\/\/maringapost.com.br\/orlandogonzalez\/2023\/09\/10\/maringa-gaucha-brilha-na-gr-dos-jogos-da-juventude\/#primaryimage"},"thumbnailUrl":"https:\/\/maringapost.com.br\/orlandogonzalez\/wp-content\/uploads\/sites\/17\/2023\/09\/gaucha.jpg","datePublished":"2023-09-10T13:16:22+00:00","dateModified":"2023-09-10T13:16:22+00:00","author":{"@id":"https:\/\/maringapost.com.br\/orlandogonzalez\/#\/schema\/person\/5cbe6257d08edea6afc9ebaa613b0633"},"inLanguage":"pt-BR","potentialAction":[{"@type":"ReadAction","target":["https:\/\/maringapost.com.br\/orlandogonzalez\/2023\/09\/10\/maringa-gaucha-brilha-na-gr-dos-jogos-da-juventude\/"]}]},{"@type":"ImageObject","inLanguage":"pt-BR","@id":"https:\/\/maringapost.com.br\/orlandogonzalez\/2023\/09\/10\/maringa-gaucha-brilha-na-gr-dos-jogos-da-juventude\/#primaryimage","url":"https:\/\/maringapost.com.br\/orlandogonzalez\/wp-content\/uploads\/sites\/17\/2023\/09\/gaucha.jpg","contentUrl":"https:\/\/maringapost.com.br\/orlandogonzalez\/wp-content\/uploads\/sites\/17\/2023\/09\/gaucha.jpg","width":1170,"height":700,"caption":"08.09.2023- Jogos da Juventude 2023 - Ribeirao Preto (SP) - de 01 a 16 de Setembro - Ginastica Artistica Feminina - Final por Aparelhos - Nicole Campos (RS) . Foto:Alexandre Loureiro\/COB"},{"@type":"WebSite","@id":"https:\/\/maringapost.com.br\/orlandogonzalez\/#website","url":"https:\/\/maringapost.com.br\/orlandogonzalez\/","name":"Orlando Gonzalez","description":"Destaca o esporte de Maring\u00e1! Destaca o esporte do Paran\u00e1! Destaca o esporte do Brasil!","potentialAction":[{"@type":"SearchAction","target":{"@type":"EntryPoint","urlTemplate":"https:\/\/maringapost.com.br\/orlandogonzalez\/?s={search_term_string}"},"query-input":"required name=search_term_string"}],"inLanguage":"pt-BR"},{"@type":"Person","@id":"https:\/\/maringapost.com.br\/orlandogonzalez\/#\/schema\/person\/5cbe6257d08edea6afc9ebaa613b0633","name":"Orlando Gonzalez","image":{"@type":"ImageObject","inLanguage":"pt-BR","@id":"https:\/\/maringapost.com.br\/orlandogonzalez\/#\/schema\/person\/image\/","url":"https:\/\/secure.gravatar.com\/avatar\/ecef9d1c9afe5ebdafadde8369065ba5?s=96&d=mm&r=g","contentUrl":"https:\/\/secure.gravatar.com\/avatar\/ecef9d1c9afe5ebdafadde8369065ba5?s=96&d=mm&r=g","caption":"Orlando Gonzalez"},"description":"H\u00e1 29 anos na cobertura do esporte de Maring\u00e1. Plant\u00e3o e narrador esportivo. Presta\u00e7\u00e3o de assessoria de imprensa esportiva, cobertura e transmiss\u00f5es ao vivo de eventos esportivos. E-mail: orlandogonzalez.assessoria@gmail.com WhatsApp: (44) 9 9126-6119","sameAs":["http:\/\/www.radiomaringa.com.br\/","https:\/\/www.facebook.com\/profile.php?id=100011095815065","https:\/\/www.instagram.com\/orlandomgonzalez\/","https:\/\/br.pinterest.com\/ogonzalez0530\/","https:\/\/x.com\/gonzalezorlando","https:\/\/www.youtube.com\/channel\/UCvFpl55btth8wjnKiSS1ibA","https:\/\/radiomaringaweb.tumblr.com\/"],"url":"https:\/\/maringapost.com.br\/orlandogonzalez\/author\/orlando\/"}]}},"_links":{"self":[{"href":"https:\/\/maringapost.com.br\/orlandogonzalez\/wp-json\/wp\/v2\/posts\/57889"}],"collection":[{"href":"https:\/\/maringapost.com.br\/orlandogonzalez\/wp-json\/wp\/v2\/posts"}],"about":[{"href":"https:\/\/maringapost.com.br\/orlandogonzalez\/wp-json\/wp\/v2\/types\/post"}],"author":[{"embeddable":true,"href":"https:\/\/maringapost.com.br\/orlandogonzalez\/wp-json\/wp\/v2\/users\/6307"}],"replies":[{"embeddable":true,"href":"https:\/\/maringapost.com.br\/orlandogonzalez\/wp-json\/wp\/v2\/comments?post=57889"}],"version-history":[{"count":1,"href":"https:\/\/maringapost.com.br\/orlandogonzalez\/wp-json\/wp\/v2\/posts\/57889\/revisions"}],"predecessor-version":[{"id":57891,"href":"https:\/\/maringapost.com.br\/orlandogonzalez\/wp-json\/wp\/v2\/posts\/57889\/revisions\/57891"}],"wp:featuredmedia":[{"embeddable":true,"href":"https:\/\/maringapost.com.br\/orlandogonzalez\/wp-json\/wp\/v2\/media\/57890"}],"wp:attachment":[{"href":"https:\/\/maringapost.com.br\/orlandogonzalez\/wp-json\/wp\/v2\/media?parent=57889"}],"wp:term":[{"taxonomy":"category","embeddable":true,"href":"https:\/\/maringapost.com.br\/orlandogonzalez\/wp-json\/wp\/v2\/categories?post=57889"},{"taxonomy":"post_tag","embeddable":true,"href":"https:\/\/maringapost.com.br\/orlandogonzalez\/wp-json\/wp\/v2\/tags?post=57889"}],"curies":[{"name":"wp","href":"https:\/\/api.w.org\/{rel}","templated":true}]}}