{"id":57727,"date":"2023-07-09T20:09:54","date_gmt":"2023-07-09T23:09:54","guid":{"rendered":"https:\/\/maringapost.com.br\/orlandogonzalez\/?p=57727"},"modified":"2023-07-09T20:09:54","modified_gmt":"2023-07-09T23:09:54","slug":"maringa-6","status":"publish","type":"post","link":"https:\/\/maringapost.com.br\/orlandogonzalez\/2023\/07\/09\/maringa-6\/","title":{"rendered":"MARING\u00c1 &#8211;"},"content":{"rendered":"<p style=\"line-height: inherit;color: #555555;font-family: 'Trebuchet MS', Verdana, Geneva, sans-serif;text-align: justify\"><span style=\"font-size: 24px\">A AutoForce esteve presente no Aut\u00f3dromo Jos\u00e9 Carlos Pace, em Interlagos, em S\u00e3o Paulo (SP) neste fim de semana de corridas com a equipe Cavaleiro Sports na Stock Car Pro Series e com os pilotos Daniel Nino e Thaline Chicoski na Copa Shell Hyundai HB20. No s\u00e1bado (8), apenas a HB20 disputou corrida e a martech brasileira foi ao p\u00f3dio com a piloto do Hyundai HB20 #23 Thaline Chicoski, com a quarta coloca\u00e7\u00e3o na categoria Elite.<\/span><\/p>\n<p style=\"line-height: inherit;color: #555555;font-family: 'Trebuchet MS', Verdana, Geneva, sans-serif;text-align: justify\"><span style=\"font-size: 24px\">Pela Stock Car, o s\u00e1bado foi dedicado ao treino classificat\u00f3rio e a Cavaleiro Sports foi ao Q2 com o piloto Denis Navarro, que garantiu a s\u00e9tima coloca\u00e7\u00e3o no grid de largada para a primeira prova v\u00e1lida pela quinta etapa. Marcos Gomes partiu da 23\u00aa coloca\u00e7\u00e3o.<\/span><\/p>\n<p style=\"line-height: inherit;color: #555555;font-family: 'Trebuchet MS', Verdana, Geneva, sans-serif;text-align: justify\"><span style=\"font-size: 24px\">Domingo foi o dia de corridas na principal categoria do automobilismo nacional, com a disputa das duas provas em sequ\u00eancia. Na volta de apresenta\u00e7\u00e3o, Navarro se envolveu em um incidente e teve a frente do carro danificada, comprometendo a primeira corrida da etapa. Gomes conseguiu superar advers\u00e1rios e conquistou posi\u00e7\u00f5es para terminar em 16\u00ba. Na segunda corrida, Gomes finalizou em 17\u00ba e Navarro em 20\u00ba.<\/span><\/p>\n<p style=\"line-height: inherit;color: #555555;font-family: 'Trebuchet MS', Verdana, Geneva, sans-serif;text-align: justify\"><span style=\"font-size: 24px\">Gomes teve duas trocas de motor durante o final de semana e apostou sua estrat\u00e9gia com foco na segunda corrida, mas a interven\u00e7\u00e3o longa do safety car atrapalhou os planos. \u201cTivemos um final de semana complicado, est\u00e1vamos com uma velocidade de reta menor comparado aos outros carros. Trocamos o motor duas vezes. Largamos para a corrida 1 e conseguimos avan\u00e7ar um pouco e tinha tudo para fazer uma corrida 2 boa, com bastante combust\u00edvel no carro. A\u00ed largamos no meio do pelot\u00e3o, fizeram um \u2018sandu\u00edche\u2019 comigo e o carro ficou avariado. Para piorar, a corrida teve mais da metade do tempo em safety car e isso beneficiou os carros que tinham menos combust\u00edvel. Agora vamos para a pr\u00f3xima com tudo para reconquistar a nossa confian\u00e7a\u201d, disse o campe\u00e3o de 2015.<\/span><\/p>\n<p style=\"line-height: inherit;color: #555555;font-family: 'Trebuchet MS', Verdana, Geneva, sans-serif;text-align: justify\"><span style=\"font-size: 24px\">Para Navarro, essa \u00e9 uma etapa para esquecer. \u201cFoi dif\u00edcil, est\u00e1 longe do que n\u00f3s esper\u00e1vamos. Antes da relargada da corrida 1 teve um incidente em que o (Guilherme) Salas freou e eu n\u00e3o consegui parar e acabou quebrando o meu carro. \u00c9 dif\u00edcil, mas vamos para a pr\u00f3xima. N\u00e3o temos nem que pensar mais nesta etapa\u201d, disse Denis.<\/span><\/p>\n<p style=\"line-height: inherit;color: #555555;font-family: 'Trebuchet MS', Verdana, Geneva, sans-serif;text-align: justify\"><span style=\"font-size: 24px\">Na HB20, no s\u00e1bado, Chicoski largou para a primeira corrida na terceira coloca\u00e7\u00e3o para terminar a prova com o quarto lugar na categoria Elite. Pela Pro, Thiago Riberi, dupla de Daniel Nino, foi quem guiou o carro na primeira corrida, largando e chegando em 10\u00ba.<\/span><\/p>\n<p style=\"line-height: inherit;color: #555555;font-family: 'Trebuchet MS', Verdana, Geneva, sans-serif;text-align: justify\"><span style=\"font-size: 24px\">J\u00e1 no domingo, para a segunda prova com a invers\u00e3o dos oito primeiros colocados de cada classe, Chicoski partiu da quinta coloca\u00e7\u00e3o e abandonou a prova na nona volta ap\u00f3s um toque. Daniel Nino, partiu da mesma 10\u00aa posi\u00e7\u00e3o em que Riberi terminou a primeira prova. Nino ocupava a nona posi\u00e7\u00e3o quando levou um toque e foi for\u00e7ado a recolher para o box.<\/span><\/p>\n<p style=\"line-height: inherit;color: #555555;font-family: 'Trebuchet MS', Verdana, Geneva, sans-serif;text-align: justify\"><span style=\"font-size: 24px\">O pr\u00f3ximo compromisso da AutoForce nas pistas ser\u00e1 nos dias 29 e 30 de julho com o piloto Daniel Kelemen em Goi\u00e2nia (GO), pela sexta etapa da Copa Truck. Na Stock Car e pela Copa Shell Hyundai HB20, a AutoForce volta \u00e0s pistas no dia 6 de agosto com as etapas do Velocitta em Mogi\u00a0Gua\u00e7u\u00a0(SP).<\/span><\/p>\n<p style=\"line-height: inherit;color: #555555;font-family: 'Trebuchet MS', Verdana, Geneva, sans-serif;text-align: justify\"><span style=\"font-size: 24px\"><em style=\"line-height: inherit\"><span style=\"font-style: normal;text-align: center\">(Foto: Renato Mafra\/Divulga\u00e7\u00e3o)<\/span><\/em><\/span><\/p>\n","protected":false},"excerpt":{"rendered":"<p>A AutoForce esteve presente no Aut\u00f3dromo Jos\u00e9 Carlos Pace, em Interlagos, em S\u00e3o Paulo (SP) neste fim de semana de corridas com a equipe Cavaleiro Sports na Stock Car Pro Series e com os pilotos Daniel Nino e Thaline Chicoski na Copa Shell Hyundai HB20. No s\u00e1bado (8), apenas a HB20 disputou corrida e a [&hellip;]<\/p>\n","protected":false},"author":6307,"featured_media":57728,"comment_status":"open","ping_status":"open","sticky":false,"template":"","format":"standard","meta":{"_exactmetrics_skip_tracking":false,"_exactmetrics_sitenote_active":false,"_exactmetrics_sitenote_note":"","_exactmetrics_sitenote_category":0,"footnotes":""},"categories":[1267],"tags":[8910,47],"yoast_head":"<!-- This site is optimized with the Yoast SEO Premium plugin v22.7 (Yoast SEO v22.7) - https:\/\/yoast.com\/wordpress\/plugins\/seo\/ -->\n<title>MARING\u00c1 - Orlando Gonzalez<\/title>\n<meta name=\"robots\" content=\"index, follow, max-snippet:-1, max-image-preview:large, max-video-preview:-1\" \/>\n<link rel=\"canonical\" href=\"https:\/\/maringapost.com.br\/orlandogonzalez\/2023\/07\/09\/maringa-6\/\" \/>\n<meta property=\"og:locale\" content=\"pt_BR\" \/>\n<meta property=\"og:type\" content=\"article\" \/>\n<meta property=\"og:title\" content=\"MARING\u00c1 -\" \/>\n<meta property=\"og:description\" content=\"A AutoForce esteve presente no Aut\u00f3dromo Jos\u00e9 Carlos Pace, em Interlagos, em S\u00e3o Paulo (SP) neste fim de semana de corridas com a equipe Cavaleiro Sports na Stock Car Pro Series e com os pilotos Daniel Nino e Thaline Chicoski na Copa Shell Hyundai HB20. No s\u00e1bado (8), apenas a HB20 disputou corrida e a [&hellip;]\" \/>\n<meta property=\"og:url\" content=\"https:\/\/maringapost.com.br\/orlandogonzalez\/2023\/07\/09\/maringa-6\/\" \/>\n<meta property=\"og:site_name\" content=\"Orlando Gonzalez\" \/>\n<meta property=\"article:author\" content=\"https:\/\/www.facebook.com\/profile.php?id=100011095815065\" \/>\n<meta property=\"article:published_time\" content=\"2023-07-09T23:09:54+00:00\" \/>\n<meta property=\"og:image\" content=\"https:\/\/maringapost.com.br\/orlandogonzalez\/wp-content\/uploads\/sites\/17\/2023\/07\/carro4.jpg\" \/>\n\t<meta property=\"og:image:width\" content=\"1280\" \/>\n\t<meta property=\"og:image:height\" content=\"853\" \/>\n\t<meta property=\"og:image:type\" content=\"image\/jpeg\" \/>\n<meta name=\"author\" content=\"Orlando Gonzalez\" \/>\n<meta name=\"twitter:card\" content=\"summary_large_image\" \/>\n<meta name=\"twitter:creator\" content=\"@gonzalezorlando\" \/>\n<meta name=\"twitter:label1\" content=\"Escrito por\" \/>\n\t<meta name=\"twitter:data1\" content=\"\" \/>\n\t<meta name=\"twitter:label2\" content=\"Est. tempo de leitura\" \/>\n\t<meta name=\"twitter:data2\" content=\"3 minutos\" \/>\n<script type=\"application\/ld+json\" class=\"yoast-schema-graph\">{\"@context\":\"https:\/\/schema.org\",\"@graph\":[{\"@type\":\"WebPage\",\"@id\":\"https:\/\/maringapost.com.br\/orlandogonzalez\/2023\/07\/09\/maringa-6\/\",\"url\":\"https:\/\/maringapost.com.br\/orlandogonzalez\/2023\/07\/09\/maringa-6\/\",\"name\":\"MARING\u00c1 - Orlando Gonzalez\",\"isPartOf\":{\"@id\":\"https:\/\/maringapost.com.br\/orlandogonzalez\/#website\"},\"primaryImageOfPage\":{\"@id\":\"https:\/\/maringapost.com.br\/orlandogonzalez\/2023\/07\/09\/maringa-6\/#primaryimage\"},\"image\":{\"@id\":\"https:\/\/maringapost.com.br\/orlandogonzalez\/2023\/07\/09\/maringa-6\/#primaryimage\"},\"thumbnailUrl\":\"https:\/\/maringapost.com.br\/orlandogonzalez\/wp-content\/uploads\/sites\/17\/2023\/07\/carro4.jpg\",\"datePublished\":\"2023-07-09T23:09:54+00:00\",\"dateModified\":\"2023-07-09T23:09:54+00:00\",\"author\":{\"@id\":\"https:\/\/maringapost.com.br\/orlandogonzalez\/#\/schema\/person\/5cbe6257d08edea6afc9ebaa613b0633\"},\"inLanguage\":\"pt-BR\",\"potentialAction\":[{\"@type\":\"ReadAction\",\"target\":[\"https:\/\/maringapost.com.br\/orlandogonzalez\/2023\/07\/09\/maringa-6\/\"]}]},{\"@type\":\"ImageObject\",\"inLanguage\":\"pt-BR\",\"@id\":\"https:\/\/maringapost.com.br\/orlandogonzalez\/2023\/07\/09\/maringa-6\/#primaryimage\",\"url\":\"https:\/\/maringapost.com.br\/orlandogonzalez\/wp-content\/uploads\/sites\/17\/2023\/07\/carro4.jpg\",\"contentUrl\":\"https:\/\/maringapost.com.br\/orlandogonzalez\/wp-content\/uploads\/sites\/17\/2023\/07\/carro4.jpg\",\"width\":1280,\"height\":853},{\"@type\":\"WebSite\",\"@id\":\"https:\/\/maringapost.com.br\/orlandogonzalez\/#website\",\"url\":\"https:\/\/maringapost.com.br\/orlandogonzalez\/\",\"name\":\"Orlando Gonzalez\",\"description\":\"Destaca o esporte de Maring\u00e1! Destaca o esporte do Paran\u00e1! Destaca o esporte do Brasil!\",\"potentialAction\":[{\"@type\":\"SearchAction\",\"target\":{\"@type\":\"EntryPoint\",\"urlTemplate\":\"https:\/\/maringapost.com.br\/orlandogonzalez\/?s={search_term_string}\"},\"query-input\":\"required name=search_term_string\"}],\"inLanguage\":\"pt-BR\"},{\"@type\":\"Person\",\"@id\":\"https:\/\/maringapost.com.br\/orlandogonzalez\/#\/schema\/person\/5cbe6257d08edea6afc9ebaa613b0633\",\"name\":\"Orlando Gonzalez\",\"image\":{\"@type\":\"ImageObject\",\"inLanguage\":\"pt-BR\",\"@id\":\"https:\/\/maringapost.com.br\/orlandogonzalez\/#\/schema\/person\/image\/\",\"url\":\"https:\/\/secure.gravatar.com\/avatar\/ecef9d1c9afe5ebdafadde8369065ba5?s=96&d=mm&r=g\",\"contentUrl\":\"https:\/\/secure.gravatar.com\/avatar\/ecef9d1c9afe5ebdafadde8369065ba5?s=96&d=mm&r=g\",\"caption\":\"Orlando Gonzalez\"},\"description\":\"H\u00e1 29 anos na cobertura do esporte de Maring\u00e1. Plant\u00e3o e narrador esportivo. Presta\u00e7\u00e3o de assessoria de imprensa esportiva, cobertura e transmiss\u00f5es ao vivo de eventos esportivos. E-mail: orlandogonzalez.assessoria@gmail.com WhatsApp: (44) 9 9126-6119\",\"sameAs\":[\"http:\/\/www.radiomaringa.com.br\/\",\"https:\/\/www.facebook.com\/profile.php?id=100011095815065\",\"https:\/\/www.instagram.com\/orlandomgonzalez\/\",\"https:\/\/br.pinterest.com\/ogonzalez0530\/\",\"https:\/\/x.com\/gonzalezorlando\",\"https:\/\/www.youtube.com\/channel\/UCvFpl55btth8wjnKiSS1ibA\",\"https:\/\/radiomaringaweb.tumblr.com\/\"],\"url\":\"https:\/\/maringapost.com.br\/orlandogonzalez\/author\/orlando\/\"}]}<\/script>\n<!-- \/ Yoast SEO Premium plugin. -->","yoast_head_json":{"title":"MARING\u00c1 - Orlando Gonzalez","robots":{"index":"index","follow":"follow","max-snippet":"max-snippet:-1","max-image-preview":"max-image-preview:large","max-video-preview":"max-video-preview:-1"},"canonical":"https:\/\/maringapost.com.br\/orlandogonzalez\/2023\/07\/09\/maringa-6\/","og_locale":"pt_BR","og_type":"article","og_title":"MARING\u00c1 -","og_description":"A AutoForce esteve presente no Aut\u00f3dromo Jos\u00e9 Carlos Pace, em Interlagos, em S\u00e3o Paulo (SP) neste fim de semana de corridas com a equipe Cavaleiro Sports na Stock Car Pro Series e com os pilotos Daniel Nino e Thaline Chicoski na Copa Shell Hyundai HB20. No s\u00e1bado (8), apenas a HB20 disputou corrida e a [&hellip;]","og_url":"https:\/\/maringapost.com.br\/orlandogonzalez\/2023\/07\/09\/maringa-6\/","og_site_name":"Orlando Gonzalez","article_author":"https:\/\/www.facebook.com\/profile.php?id=100011095815065","article_published_time":"2023-07-09T23:09:54+00:00","og_image":[{"width":1280,"height":853,"url":"https:\/\/maringapost.com.br\/orlandogonzalez\/wp-content\/uploads\/sites\/17\/2023\/07\/carro4.jpg","type":"image\/jpeg"}],"author":"Orlando Gonzalez","twitter_card":"summary_large_image","twitter_creator":"@gonzalezorlando","twitter_misc":{"Escrito por":false,"Est. tempo de leitura":"3 minutos"},"schema":{"@context":"https:\/\/schema.org","@graph":[{"@type":"WebPage","@id":"https:\/\/maringapost.com.br\/orlandogonzalez\/2023\/07\/09\/maringa-6\/","url":"https:\/\/maringapost.com.br\/orlandogonzalez\/2023\/07\/09\/maringa-6\/","name":"MARING\u00c1 - Orlando Gonzalez","isPartOf":{"@id":"https:\/\/maringapost.com.br\/orlandogonzalez\/#website"},"primaryImageOfPage":{"@id":"https:\/\/maringapost.com.br\/orlandogonzalez\/2023\/07\/09\/maringa-6\/#primaryimage"},"image":{"@id":"https:\/\/maringapost.com.br\/orlandogonzalez\/2023\/07\/09\/maringa-6\/#primaryimage"},"thumbnailUrl":"https:\/\/maringapost.com.br\/orlandogonzalez\/wp-content\/uploads\/sites\/17\/2023\/07\/carro4.jpg","datePublished":"2023-07-09T23:09:54+00:00","dateModified":"2023-07-09T23:09:54+00:00","author":{"@id":"https:\/\/maringapost.com.br\/orlandogonzalez\/#\/schema\/person\/5cbe6257d08edea6afc9ebaa613b0633"},"inLanguage":"pt-BR","potentialAction":[{"@type":"ReadAction","target":["https:\/\/maringapost.com.br\/orlandogonzalez\/2023\/07\/09\/maringa-6\/"]}]},{"@type":"ImageObject","inLanguage":"pt-BR","@id":"https:\/\/maringapost.com.br\/orlandogonzalez\/2023\/07\/09\/maringa-6\/#primaryimage","url":"https:\/\/maringapost.com.br\/orlandogonzalez\/wp-content\/uploads\/sites\/17\/2023\/07\/carro4.jpg","contentUrl":"https:\/\/maringapost.com.br\/orlandogonzalez\/wp-content\/uploads\/sites\/17\/2023\/07\/carro4.jpg","width":1280,"height":853},{"@type":"WebSite","@id":"https:\/\/maringapost.com.br\/orlandogonzalez\/#website","url":"https:\/\/maringapost.com.br\/orlandogonzalez\/","name":"Orlando Gonzalez","description":"Destaca o esporte de Maring\u00e1! Destaca o esporte do Paran\u00e1! Destaca o esporte do Brasil!","potentialAction":[{"@type":"SearchAction","target":{"@type":"EntryPoint","urlTemplate":"https:\/\/maringapost.com.br\/orlandogonzalez\/?s={search_term_string}"},"query-input":"required name=search_term_string"}],"inLanguage":"pt-BR"},{"@type":"Person","@id":"https:\/\/maringapost.com.br\/orlandogonzalez\/#\/schema\/person\/5cbe6257d08edea6afc9ebaa613b0633","name":"Orlando Gonzalez","image":{"@type":"ImageObject","inLanguage":"pt-BR","@id":"https:\/\/maringapost.com.br\/orlandogonzalez\/#\/schema\/person\/image\/","url":"https:\/\/secure.gravatar.com\/avatar\/ecef9d1c9afe5ebdafadde8369065ba5?s=96&d=mm&r=g","contentUrl":"https:\/\/secure.gravatar.com\/avatar\/ecef9d1c9afe5ebdafadde8369065ba5?s=96&d=mm&r=g","caption":"Orlando Gonzalez"},"description":"H\u00e1 29 anos na cobertura do esporte de Maring\u00e1. Plant\u00e3o e narrador esportivo. Presta\u00e7\u00e3o de assessoria de imprensa esportiva, cobertura e transmiss\u00f5es ao vivo de eventos esportivos. E-mail: orlandogonzalez.assessoria@gmail.com WhatsApp: (44) 9 9126-6119","sameAs":["http:\/\/www.radiomaringa.com.br\/","https:\/\/www.facebook.com\/profile.php?id=100011095815065","https:\/\/www.instagram.com\/orlandomgonzalez\/","https:\/\/br.pinterest.com\/ogonzalez0530\/","https:\/\/x.com\/gonzalezorlando","https:\/\/www.youtube.com\/channel\/UCvFpl55btth8wjnKiSS1ibA","https:\/\/radiomaringaweb.tumblr.com\/"],"url":"https:\/\/maringapost.com.br\/orlandogonzalez\/author\/orlando\/"}]}},"_links":{"self":[{"href":"https:\/\/maringapost.com.br\/orlandogonzalez\/wp-json\/wp\/v2\/posts\/57727"}],"collection":[{"href":"https:\/\/maringapost.com.br\/orlandogonzalez\/wp-json\/wp\/v2\/posts"}],"about":[{"href":"https:\/\/maringapost.com.br\/orlandogonzalez\/wp-json\/wp\/v2\/types\/post"}],"author":[{"embeddable":true,"href":"https:\/\/maringapost.com.br\/orlandogonzalez\/wp-json\/wp\/v2\/users\/6307"}],"replies":[{"embeddable":true,"href":"https:\/\/maringapost.com.br\/orlandogonzalez\/wp-json\/wp\/v2\/comments?post=57727"}],"version-history":[{"count":1,"href":"https:\/\/maringapost.com.br\/orlandogonzalez\/wp-json\/wp\/v2\/posts\/57727\/revisions"}],"predecessor-version":[{"id":57729,"href":"https:\/\/maringapost.com.br\/orlandogonzalez\/wp-json\/wp\/v2\/posts\/57727\/revisions\/57729"}],"wp:featuredmedia":[{"embeddable":true,"href":"https:\/\/maringapost.com.br\/orlandogonzalez\/wp-json\/wp\/v2\/media\/57728"}],"wp:attachment":[{"href":"https:\/\/maringapost.com.br\/orlandogonzalez\/wp-json\/wp\/v2\/media?parent=57727"}],"wp:term":[{"taxonomy":"category","embeddable":true,"href":"https:\/\/maringapost.com.br\/orlandogonzalez\/wp-json\/wp\/v2\/categories?post=57727"},{"taxonomy":"post_tag","embeddable":true,"href":"https:\/\/maringapost.com.br\/orlandogonzalez\/wp-json\/wp\/v2\/tags?post=57727"}],"curies":[{"name":"wp","href":"https:\/\/api.w.org\/{rel}","templated":true}]}}