{"id":57563,"date":"2023-06-10T18:12:34","date_gmt":"2023-06-10T21:12:34","guid":{"rendered":"https:\/\/maringapost.com.br\/orlandogonzalez\/?p=57563"},"modified":"2023-06-10T18:12:34","modified_gmt":"2023-06-10T21:12:34","slug":"maringa-corridas-quentes-e-grandes-duelos-na-turismo-nacional-em-interlagos","status":"publish","type":"post","link":"https:\/\/maringapost.com.br\/orlandogonzalez\/2023\/06\/10\/maringa-corridas-quentes-e-grandes-duelos-na-turismo-nacional-em-interlagos\/","title":{"rendered":"MARING\u00c1 &#8211; Corridas quentes e grandes duelos na Turismo Nacional em Interlagos"},"content":{"rendered":"<p><span style=\"color: #555555;font-family: 'Trebuchet MS', 'Lucida Grande', 'Lucida Sans Unicode', 'Lucida Sans', Tahoma, sans-serif;font-size: 24px;text-align: justify\">A Turismo Nacional proporcionou um grande espet\u00e1culo de velocidade neste s\u00e1bado (10) no Aut\u00f3dromo de Interlagos, em S\u00e3o Paulo. A categoria dos carros mais vendidos do Brasil entregou quatro belas provas ao longo do dia, com tudo o que o f\u00e3 do automobilismo gosta: v\u00e1rias disputas roda a roda. Em uma delas, Ernani Kuhn definiu a vit\u00f3ria na linha de chegada depois de um empolgante duelo com Pablo Alves, competidor que tamb\u00e9m usa o Chevrolet New Onix.<\/span><br \/>\n<span style=\"color: #555555;font-family: 'Trebuchet MS', 'Lucida Grande', 'Lucida Sans Unicode', 'Lucida Sans', Tahoma, sans-serif;font-size: 24px;text-align: justify\">Ernani, ali\u00e1s, foi o grande nome do s\u00e1bado ao vencer tr\u00eas das quatro corridas na classe A, subindo ao topo do p\u00f3dio pela primeira vez na Turismo Nacional. A primeira prova da etapa teve vit\u00f3ria do l\u00edder do campeonato, Juninho Berlanda (Toyota Yaris).<\/span><br \/>\n<span style=\"color: #555555;font-family: 'Trebuchet MS', 'Lucida Grande', 'Lucida Sans Unicode', 'Lucida Sans', Tahoma, sans-serif;font-size: 24px;text-align: justify\">\u201c\u00c9 gratificante demais!\u201d, comemorou Kuhn. \u201cFoi resultado de um trabalho que fizemos no carro. S\u00f3 tenho de agradecer a Deus, \u00e0 minha fam\u00edlia, a todos. E deu uma animada no campeonato, diminu\u00edmos a diferen\u00e7a para o Berlanda, e o campeonato ainda est\u00e1 na metade. Ainda d\u00e1 para brigar por esse t\u00edtulo\u201d, afirmou.<\/span><br \/>\n<span style=\"color: #555555;font-family: 'Trebuchet MS', 'Lucida Grande', 'Lucida Sans Unicode', 'Lucida Sans', Tahoma, sans-serif;font-size: 24px;text-align: justify\">Assim como aconteceu na sexta-feira de sess\u00f5es classificat\u00f3rias, as gl\u00f3rias na divis\u00e3o B foram novamente repartidas entre Celio Vin\u00edcius (Citro\u00ebn C3) e Augusto Freitas (Chevrolet New Onix), que venceram duas provas cada. Ewerson Dias (Chevrolet New Onix Sedan) levou duas vit\u00f3rias na S\u00eanior, enquanto as outras duas foram conquistadas pela dupla formada por Beto Pontes e Rog\u00e9rio Santos (New Onix).<\/span><br \/>\n<span style=\"color: #555555;font-family: 'Trebuchet MS', 'Lucida Grande', 'Lucida Sans Unicode', 'Lucida Sans', Tahoma, sans-serif;font-size: 24px;text-align: justify\">L\u00edder do campeonato na B, Augusto Freitas comemorou a volta por cima depois da puni\u00e7\u00e3o com um drive-through em raz\u00e3o da queima de largada na Corrida 3. \u201cAcho que Deus coloca a gente no lugar certo e na hora certa quando somos perseverantes e lutadores. Tomei uma penaliza\u00e7\u00e3o, acho que cometi um erro, e vim em \u00faltimo na quarta e \u00faltima prova do dia. Vim buscando e deu tudo certo. Fiquei muito contente comigo, com a equipe e com o carro. Muito feliz\u201d, vibrou.<\/span><\/p>\n<p><span style=\"font-size: 24px\"><strong>Como foram as corridas \u2014<\/strong><span style=\"color: #555555;font-family: 'Trebuchet MS', 'Lucida Grande', 'Lucida Sans Unicode', 'Lucida Sans', Tahoma, sans-serif;text-align: justify\">\u00a0As duas primeiras provas da manh\u00e3 foram vencidas, na pista, por Pablo Alves na classe A. Seriam os primeiros triunfos do paraense radicado em Goi\u00e2nia na Turismo Nacional nesta temporada. Entretanto, segundo o regulamento t\u00e9cnico da categoria, o peso m\u00ednimo dos carros da divis\u00e3o \u00e9 de 1.040 kg, e ap\u00f3s as vistorias realizadas depois das provas, a pesagem detectada no Chevrolet New Onix #33 foi de 1.039,5 kg, o que decretou a desclassifica\u00e7\u00e3o de Pablo Alves.<\/span><\/span><br \/>\n<span style=\"color: #555555;font-family: 'Trebuchet MS', 'Lucida Grande', 'Lucida Sans Unicode', 'Lucida Sans', Tahoma, sans-serif;font-size: 24px;text-align: justify\">Dessa forma, Juninho Berlanda herdou a vit\u00f3ria na A ap\u00f3s ter finalizado em segundo na pista. Ernani Kuhn foi declarado o segundo colocado, enquanto Fabr\u00edcio Lan\u00e7oni, Gui Sirtoli e Arthur Scherer completaram o top-5. Celio Vin\u00edcius venceu na divis\u00e3o B depois de forte disputa de Augusto Freitas nas voltas finais. Iturival Neto foi o melhor colocado entre os \u2018rookies\u2019, enquanto Rog\u00e9rio Santos, o lend\u00e1rio \u2018Jegue Voador\u2019, venceu na S\u00eanior, subdivis\u00e3o destinada aos pilotos com idade igual ou superior a 54 anos.<\/span><br \/>\n<span style=\"color: #555555;font-family: 'Trebuchet MS', 'Lucida Grande', 'Lucida Sans Unicode', 'Lucida Sans', Tahoma, sans-serif;font-size: 24px;text-align: justify\">Na Corrida 2, o mato-grossense Ernani Kuhn cruzou a linha de chegada em segundo, a apenas 0s318 de Pablo Alves, mas foi declarado vencedor da corrida em raz\u00e3o da desclassifica\u00e7\u00e3o do advers\u00e1rio. Foi uma praova de v\u00e1rios pegas, sobretudo na classe B, como entre Celio Vin\u00edcius e Augusto Freitas, entre o pr\u00f3prio Celio e seu companheiro de equipe Jairo Andrade, al\u00e9m da batalha envolvendo Faruk Ara\u00fajo, Junior Niju e Junior Helte e do belo duelo entre Bruna Dias e Eduardo Vale.<\/span><br \/>\n<span style=\"color: #555555;font-family: 'Trebuchet MS', 'Lucida Grande', 'Lucida Sans Unicode', 'Lucida Sans', Tahoma, sans-serif;font-size: 24px;text-align: justify\">Juninho Berlanda somou outros pontos preciosos para o campeonato com o segundo lugar na Corrida 2, enquanto Gui Sirtoli foi o terceiro, seguido por Arthur Scherer e Fabr\u00edcio Lan\u00e7oni. Augusto Freitas venceu mais uma na temporada na classe B, enquanto Ewerson Dias ficou na frente na subdivis\u00e3o S\u00eanior, para os pilotos com idade igual ou superior a 54 anos. Entre os \u2018rookies\u2019, o melhor colocado foi o ga\u00facho Fernando Trennepohl.<\/span><\/p>\n<p><span style=\"font-size: 24px\"><strong>Emo\u00e7\u00e3o at\u00e9 a bandeirada \u2014<\/strong><span style=\"color: #555555;font-family: 'Trebuchet MS', 'Lucida Grande', 'Lucida Sans Unicode', 'Lucida Sans', Tahoma, sans-serif;text-align: justify\">\u00a0J\u00e1 no per\u00edodo da tarde, Ernani Kuhn e Pablo Alves largaram na primeira fila da Corrida 3. Mas a lideran\u00e7a mudou de m\u00e3os depois de somente uma volta, quando Alves fez a ultrapassagem na entrada do S do Senna em manobra arrojada. Pouco depois, um incidente envolvendo Iturival Neto e Ewerson Dias fez a dire\u00e7\u00e3o de prova acionar o safety-car.<\/span><\/span><br \/>\n<span style=\"color: #555555;font-family: 'Trebuchet MS', 'Lucida Grande', 'Lucida Sans Unicode', 'Lucida Sans', Tahoma, sans-serif;font-size: 24px;text-align: justify\">A relargada trouxe uma nova din\u00e2mica de prova, com uma luta a tr\u00eas pela lideran\u00e7a entre Alves, Ernani Kuhn e Fabr\u00edcio Lan\u00e7oni, e Juninho Berlanda e Gui Sirtoli logo atr\u00e1s. A ordem mudou justamente na abertura da volta final, quando Kuhn conseguiu fazer a ultrapassagem no fim da reta dos boxes. Os dois travaram um sensacional duelo roda com roda que durou at\u00e9 a bandeira quadriculada. Por apenas 0s142, Ernani Kuhn ficou com a vit\u00f3ria, com Pablo Alves em segundo e Lan\u00e7oni em terceiro. Celio Vin\u00edcius venceu novamente na classe B, enquanto Bruna Dias triunfou entre os \u2018rookies\u2019. Beto Pontes foi o melhor na S\u00eanior.<\/span><br \/>\n<span style=\"color: #555555;font-family: 'Trebuchet MS', 'Lucida Grande', 'Lucida Sans Unicode', 'Lucida Sans', Tahoma, sans-serif;font-size: 24px;text-align: justify\">A \u00faltima prova do dia foi um repeteco do grande duelo da corrida anterior, com Ernani Kuhn a puxar o pelot\u00e3o. Entretanto, um incidente entre Bruna Dias e Jairo Andrade levou a uma nova interven\u00e7\u00e3o do safety-car, o que fez juntar todos os pilotos para os minutos finais da corrida. Kuhn manteve a dianteira depois da relargada, com Pablo Alves no seu encal\u00e7o e Fabr\u00edcio Lan\u00e7oni mais atr\u00e1s, em terceiro.<\/span><br \/>\n<span style=\"color: #555555;font-family: 'Trebuchet MS', 'Lucida Grande', 'Lucida Sans Unicode', 'Lucida Sans', Tahoma, sans-serif;font-size: 24px;text-align: justify\">J\u00e1 a batalha na divis\u00e3o B se mostrou intensa depois que o ent\u00e3o l\u00edder, Celio Vin\u00edcius, enfrentou problemas e ficou para tr\u00e1s. Augusto Freitas escapou na frente, enquanto Junior Helte e Cesar Labrea se enroscaram e deixaram a luta pela vit\u00f3ria.<\/span><br \/>\n<span style=\"color: #555555;font-family: 'Trebuchet MS', 'Lucida Grande', 'Lucida Sans Unicode', 'Lucida Sans', Tahoma, sans-serif;font-size: 24px;text-align: justify\">A volta final confirmou o\u00a0terceiro triunfo seguido para Ernani Kuhn depois de Pablo Alves tentar a ultrapassagem de todas as formas. Fabr\u00edcio Lan\u00e7oni finalizou em terceiro, com Juninho Berlanda e Gui Sirtoli completando o top-5. Augusto Freitas garantiu mais uma vit\u00f3ria na divis\u00e3o B, Ewerson Dias terminou em primeiro na S\u00eanior e Felipe Pedrosa na frente entre os \u2018rookies\u2019.<\/span><\/p>\n<p><span style=\"font-size: 24px\"><strong>Automobilismo solid\u00e1rio \u2014<\/strong><span style=\"color: #555555;font-family: 'Trebuchet MS', 'Lucida Grande', 'Lucida Sans Unicode', 'Lucida Sans', Tahoma, sans-serif;text-align: justify\">\u00a0O fim de semana de velocidade em Interlagos contempla tamb\u00e9m as etapas do TCR South America, da abertura do TCR Brasil, da GT Series e da Fiat Competizione. E assim como aconteceu em Tarum\u00e3, h\u00e1 duas semanas, o p\u00fablico poder\u00e1 ter acesso \u00e0s arquibancadas cobertas para acompanhar as corridas deste domingo mediante doa\u00e7\u00e3o de um quilo de alimento n\u00e3o perec\u00edvel. Os\u00a0<\/span><a href=\"https:\/\/click.presskit.com.br\/url\/9483828461\/5878052499c\" target=\"_blank\" rel=\"noopener\" data-saferedirecturl=\"https:\/\/www.google.com\/url?q=https:\/\/click.presskit.com.br\/url\/9483828461\/5878052499c&amp;source=gmail&amp;ust=1686517477032000&amp;usg=AOvVaw2qUdqfO7bBh7Kb15v3tLXq\">ingressos ser\u00e3o entregues por meio da plataforma Sympla no link a seguir<\/a><span style=\"color: #555555;font-family: 'Trebuchet MS', 'Lucida Grande', 'Lucida Sans Unicode', 'Lucida Sans', Tahoma, sans-serif;text-align: justify\">\u00a0e ser\u00e3o liberados mediante doa\u00e7\u00e3o do alimento na bilheteria do Aut\u00f3dromo de Interlagos.<\/span><\/span><br \/>\n<span style=\"color: #555555;font-family: 'Trebuchet MS', 'Lucida Grande', 'Lucida Sans Unicode', 'Lucida Sans', Tahoma, sans-serif;font-size: 24px;text-align: justify\">A jornada da Turismo Nacional ser\u00e1 completada neste domingo com a Corrida 5, \u00e0s 11h05, e a \u00faltima disputa da etapa acontece \u00e0s 14h05, sempre com transmiss\u00e3o ao vivo a partir deste s\u00e1bado no canal oficial da categoria no YouTube e tamb\u00e9m na Twitch da Tribo do Gaules, com o streamer Velho Vamp, e no canal do streamer Victor Ludgero, tamb\u00e9m na Twitch. Na quarta-feira, o BandSports vai exibir os melhores momentos da etapa de Interlagos.<\/span><\/p>\n<p><span style=\"font-size: 24px\"><strong>Corrida 1 (cinco primeiros)<\/strong><span style=\"color: #555555;font-family: 'Trebuchet MS', 'Lucida Grande', 'Lucida Sans Unicode', 'Lucida Sans', Tahoma, sans-serif;text-align: justify\">:<\/span><\/span><br \/>\n<span style=\"color: #555555;font-family: 'Trebuchet MS', 'Lucida Grande', 'Lucida Sans Unicode', 'Lucida Sans', Tahoma, sans-serif;font-size: 24px;text-align: justify\">1\u00ba &#8211; Juninho Berlanda (A, Toyota Yaris), 9 voltas em 18min40s612<\/span><br \/>\n<span style=\"color: #555555;font-family: 'Trebuchet MS', 'Lucida Grande', 'Lucida Sans Unicode', 'Lucida Sans', Tahoma, sans-serif;font-size: 24px;text-align: justify\">2\u00ba &#8211; Ernani Kuhn (A, Chevrolet New Onix), a 4s952<\/span><br \/>\n<span style=\"color: #555555;font-family: 'Trebuchet MS', 'Lucida Grande', 'Lucida Sans Unicode', 'Lucida Sans', Tahoma, sans-serif;font-size: 24px;text-align: justify\">3\u00ba &#8211; Fabr\u00edcio Lan\u00e7oni (A, Chevrolet New Onix), a 6s746<\/span><br \/>\n<span style=\"color: #555555;font-family: 'Trebuchet MS', 'Lucida Grande', 'Lucida Sans Unicode', 'Lucida Sans', Tahoma, sans-serif;font-size: 24px;text-align: justify\">4\u00ba &#8211; Gui Sirtoli (A, Volkswagen Gol), a 8s238<\/span><br \/>\n<span style=\"color: #555555;font-family: 'Trebuchet MS', 'Lucida Grande', 'Lucida Sans Unicode', 'Lucida Sans', Tahoma, sans-serif;font-size: 24px;text-align: justify\">5\u00ba &#8211; Arthur Scherer (A, Fiat Argo), a 9s524<\/span><br \/>\n<span style=\"font-size: 24px\"><strong>Vencedor na B:<\/strong><span style=\"color: #555555;font-family: 'Trebuchet MS', 'Lucida Grande', 'Lucida Sans Unicode', 'Lucida Sans', Tahoma, sans-serif;text-align: justify\">\u00a06\u00ba &#8211; Celio Vin\u00edcius (Citro\u00ebn C3), a 11s552<\/span><\/span><br \/>\n<span style=\"font-size: 24px\"><strong>Vencedor \u2018rookie\u2019<\/strong><span style=\"color: #555555;font-family: 'Trebuchet MS', 'Lucida Grande', 'Lucida Sans Unicode', 'Lucida Sans', Tahoma, sans-serif;text-align: justify\">: 8\u00ba &#8211; Iturival Neto (B, Volkswagen Polo), a 15s464<\/span><\/span><br \/>\n<span style=\"font-size: 24px\"><strong>Vencedor S\u00eanior:<\/strong><span style=\"color: #555555;font-family: 'Trebuchet MS', 'Lucida Grande', 'Lucida Sans Unicode', 'Lucida Sans', Tahoma, sans-serif;text-align: justify\">\u00a013\u00ba &#8211; Rog\u00e9rio Santos\/Beto Pontes (A, Chevrolet New Onix), a 29s680<\/span><\/span><\/p>\n<p><span style=\"font-size: 24px\"><strong>Corrida 2 (cinco primeiros):<\/strong><\/span><br \/>\n<span style=\"color: #555555;font-family: 'Trebuchet MS', 'Lucida Grande', 'Lucida Sans Unicode', 'Lucida Sans', Tahoma, sans-serif;font-size: 24px;text-align: justify\">1\u00ba &#8211; Ernani Kuhn (A, Chevrolet New Onix), 9 voltas em 18min35s399<\/span><br \/>\n<span style=\"color: #555555;font-family: 'Trebuchet MS', 'Lucida Grande', 'Lucida Sans Unicode', 'Lucida Sans', Tahoma, sans-serif;font-size: 24px;text-align: justify\">2\u00ba &#8211; Juninho Berlanda (A, Toyota Yaris), a 7s918<\/span><br \/>\n<span style=\"color: #555555;font-family: 'Trebuchet MS', 'Lucida Grande', 'Lucida Sans Unicode', 'Lucida Sans', Tahoma, sans-serif;font-size: 24px;text-align: justify\">3\u00ba &#8211; Gui Sirtoli (A, Volkswagen Gol), a 14s027<\/span><br \/>\n<span style=\"color: #555555;font-family: 'Trebuchet MS', 'Lucida Grande', 'Lucida Sans Unicode', 'Lucida Sans', Tahoma, sans-serif;font-size: 24px;text-align: justify\">4\u00ba &#8211; Arthur Scherer (A, Fiat Argo), a 16s222<\/span><br \/>\n<span style=\"color: #555555;font-family: 'Trebuchet MS', 'Lucida Grande', 'Lucida Sans Unicode', 'Lucida Sans', Tahoma, sans-serif;font-size: 24px;text-align: justify\">5\u00ba &#8211; Fabr\u00edcio Lan\u00e7oni (A, Chevrolet New Onix), a 17s770<\/span><br \/>\n<span style=\"font-size: 24px\"><strong>Vencedor na B<\/strong><span style=\"color: #555555;font-family: 'Trebuchet MS', 'Lucida Grande', 'Lucida Sans Unicode', 'Lucida Sans', Tahoma, sans-serif;text-align: justify\">: 6\u00ba &#8211; Augusto Freitas (Chevrolet New Onix), a 18s404<\/span><\/span><br \/>\n<span style=\"font-size: 24px\"><strong>Vencedor \u2018rookie\u2019<\/strong><span style=\"color: #555555;font-family: 'Trebuchet MS', 'Lucida Grande', 'Lucida Sans Unicode', 'Lucida Sans', Tahoma, sans-serif;text-align: justify\">: 8\u00ba &#8211; Fernando Trennepohl (B, Chevrolet New Onix), a 21s875<\/span><\/span><br \/>\n<span style=\"font-size: 24px\"><strong>Vencedor na S\u00eanior<\/strong><span style=\"color: #555555;font-family: 'Trebuchet MS', 'Lucida Grande', 'Lucida Sans Unicode', 'Lucida Sans', Tahoma, sans-serif;text-align: justify\">: 13\u00ba &#8211; Ewerson Dias (B, Chevrolet New Onix Sedan), a 28s918<\/span><\/span><\/p>\n<p><span style=\"font-size: 24px\"><strong>Corrida 3 (cinco primeiros):<\/strong><\/span><br \/>\n<span style=\"color: #555555;font-family: 'Trebuchet MS', 'Lucida Grande', 'Lucida Sans Unicode', 'Lucida Sans', Tahoma, sans-serif;font-size: 24px;text-align: justify\">1\u00ba &#8211; Ernani Kuhn (A, Chevrolet New Onix), 8 voltas em 19min08s126<\/span><br \/>\n<span style=\"color: #555555;font-family: 'Trebuchet MS', 'Lucida Grande', 'Lucida Sans Unicode', 'Lucida Sans', Tahoma, sans-serif;font-size: 24px;text-align: justify\">2\u00ba &#8211; Pablo Alves (A, Chevrolet New Onix), a 0s142<\/span><br \/>\n<span style=\"color: #555555;font-family: 'Trebuchet MS', 'Lucida Grande', 'Lucida Sans Unicode', 'Lucida Sans', Tahoma, sans-serif;font-size: 24px;text-align: justify\">3\u00ba &#8211; Fabr\u00edcio Lan\u00e7oni (A, Chevrolet New Onix), a 0s894<\/span><br \/>\n<span style=\"color: #555555;font-family: 'Trebuchet MS', 'Lucida Grande', 'Lucida Sans Unicode', 'Lucida Sans', Tahoma, sans-serif;font-size: 24px;text-align: justify\">4\u00ba &#8211; Juninho Berlanda (A, Toyota Yaris), a 1s178<\/span><br \/>\n<span style=\"color: #555555;font-family: 'Trebuchet MS', 'Lucida Grande', 'Lucida Sans Unicode', 'Lucida Sans', Tahoma, sans-serif;font-size: 24px;text-align: justify\">5\u00ba &#8211; Gui Sirtoli (A, Volkswagen Gol), a 1s543<\/span><br \/>\n<span style=\"font-size: 24px\"><strong>Vencedor na B:<\/strong><span style=\"color: #555555;font-family: 'Trebuchet MS', 'Lucida Grande', 'Lucida Sans Unicode', 'Lucida Sans', Tahoma, sans-serif;text-align: justify\">\u00a06\u00ba &#8211; C\u00e9lio Vin\u00edcius (Citro\u00ebn C3), a 5s279<\/span><\/span><br \/>\n<span style=\"font-size: 24px\"><strong>Vencedora \u2018rookie\u2019:<\/strong><span style=\"color: #555555;font-family: 'Trebuchet MS', 'Lucida Grande', 'Lucida Sans Unicode', 'Lucida Sans', Tahoma, sans-serif;text-align: justify\">\u00a011\u00aa \u2013 Bruna Dias (B, Chevrolet New Onix Sedan), a 20s338<\/span><\/span><br \/>\n<span style=\"font-size: 24px\"><strong>Vencedor S\u00eanior:<\/strong><span style=\"color: #555555;font-family: 'Trebuchet MS', 'Lucida Grande', 'Lucida Sans Unicode', 'Lucida Sans', Tahoma, sans-serif;text-align: justify\">\u00a012\u00ba &#8211; Beto Pontes\/Rog\u00e9rio Santos (A, Chevrolet New Onix), a 20s950<\/span><\/span><\/p>\n<p><span style=\"font-size: 24px\"><strong>Corrida 4 (cinco primeiros):<\/strong><\/span><br \/>\n<span style=\"color: #555555;font-family: 'Trebuchet MS', 'Lucida Grande', 'Lucida Sans Unicode', 'Lucida Sans', Tahoma, sans-serif;font-size: 24px;text-align: justify\">1\u00ba &#8211; Ernani Kuhn (A, Chevrolet New Onix), 8 voltas em 18min28s018<\/span><br \/>\n<span style=\"color: #555555;font-family: 'Trebuchet MS', 'Lucida Grande', 'Lucida Sans Unicode', 'Lucida Sans', Tahoma, sans-serif;font-size: 24px;text-align: justify\">2\u00ba &#8211; Pablo Alves (A, Chevrolet New Onix), a 0s521<\/span><br \/>\n<span style=\"color: #555555;font-family: 'Trebuchet MS', 'Lucida Grande', 'Lucida Sans Unicode', 'Lucida Sans', Tahoma, sans-serif;font-size: 24px;text-align: justify\">3\u00ba &#8211; Fabr\u00edcio Lan\u00e7oni (A, Chevrolet New Onix), a 6s701<\/span><br \/>\n<span style=\"color: #555555;font-family: 'Trebuchet MS', 'Lucida Grande', 'Lucida Sans Unicode', 'Lucida Sans', Tahoma, sans-serif;font-size: 24px;text-align: justify\">4\u00ba &#8211; Juninho Berlanda (A, Toyota Yaris), a 6s872<\/span><br \/>\n<span style=\"color: #555555;font-family: 'Trebuchet MS', 'Lucida Grande', 'Lucida Sans Unicode', 'Lucida Sans', Tahoma, sans-serif;font-size: 24px;text-align: justify\">5\u00ba &#8211; Gui Sirtoli (A, Volkswagen Gol), a 7s344<\/span><br \/>\n<span style=\"font-size: 24px\"><strong>Vencedor na B:<\/strong><span style=\"color: #555555;font-family: 'Trebuchet MS', 'Lucida Grande', 'Lucida Sans Unicode', 'Lucida Sans', Tahoma, sans-serif;text-align: justify\">\u00a07\u00ba &#8211; Augusto Freitas (Chevrolet New Onix), a 10s461<\/span><\/span><br \/>\n<span style=\"font-size: 24px\"><strong>Vencedor \u2018rookie\u2019<\/strong><span style=\"color: #555555;font-family: 'Trebuchet MS', 'Lucida Grande', 'Lucida Sans Unicode', 'Lucida Sans', Tahoma, sans-serif;text-align: justify\">: 12\u00ba &#8211; Felipe Pedrosa (B, Chevrolet New Onix), a 26s189<\/span><\/span><br \/>\n<span style=\"font-size: 24px\"><strong>Vencedor S\u00eanior:<\/strong><span style=\"color: #555555;font-family: 'Trebuchet MS', 'Lucida Grande', 'Lucida Sans Unicode', 'Lucida Sans', Tahoma, sans-serif;text-align: justify\">\u00a09\u00ba &#8211; Ewerson Dias (B, Chevrolet New Onix Sedan), a 21s952<\/span><\/span><\/p>\n<p><span style=\"font-size: 24px\"><strong>Classifica\u00e7\u00e3o do campeonato<br \/>\nCategoria A (dez primeiros):<\/strong><\/span><br \/>\n<span style=\"color: #555555;font-family: 'Trebuchet MS', 'Lucida Grande', 'Lucida Sans Unicode', 'Lucida Sans', Tahoma, sans-serif;font-size: 24px;text-align: justify\">1\u00ba &#8211; Juninho Berlanda, 314 pontos<\/span><br \/>\n<span style=\"color: #555555;font-family: 'Trebuchet MS', 'Lucida Grande', 'Lucida Sans Unicode', 'Lucida Sans', Tahoma, sans-serif;font-size: 24px;text-align: justify\">2\u00ba &#8211; Ernani Kuhn, 229<\/span><br \/>\n<span style=\"color: #555555;font-family: 'Trebuchet MS', 'Lucida Grande', 'Lucida Sans Unicode', 'Lucida Sans', Tahoma, sans-serif;font-size: 24px;text-align: justify\">3\u00ba &#8211; Fabr\u00edcio Lan\u00e7oni, 224<\/span><br \/>\n<span style=\"color: #555555;font-family: 'Trebuchet MS', 'Lucida Grande', 'Lucida Sans Unicode', 'Lucida Sans', Tahoma, sans-serif;font-size: 24px;text-align: justify\">4\u00ba &#8211; Arthur Scherer, 189<\/span><br \/>\n<span style=\"color: #555555;font-family: 'Trebuchet MS', 'Lucida Grande', 'Lucida Sans Unicode', 'Lucida Sans', Tahoma, sans-serif;font-size: 24px;text-align: justify\">5\u00ba &#8211; Pablo Alves, 186<\/span><br \/>\n<span style=\"color: #555555;font-family: 'Trebuchet MS', 'Lucida Grande', 'Lucida Sans Unicode', 'Lucida Sans', Tahoma, sans-serif;font-size: 24px;text-align: justify\">6\u00ba &#8211; Faruk Ara\u00fajo\/Cesar Labrea, 144<\/span><br \/>\n<span style=\"color: #555555;font-family: 'Trebuchet MS', 'Lucida Grande', 'Lucida Sans Unicode', 'Lucida Sans', Tahoma, sans-serif;font-size: 24px;text-align: justify\">7\u00ba &#8211; Ezequiel Dall Asta\/Junior Niju, 128<\/span><br \/>\n<span style=\"color: #555555;font-family: 'Trebuchet MS', 'Lucida Grande', 'Lucida Sans Unicode', 'Lucida Sans', Tahoma, sans-serif;font-size: 24px;text-align: justify\">8\u00ba &#8211; Gui Sirtoli, 123<\/span><br \/>\n<span style=\"color: #555555;font-family: 'Trebuchet MS', 'Lucida Grande', 'Lucida Sans Unicode', 'Lucida Sans', Tahoma, sans-serif;font-size: 24px;text-align: justify\">9\u00ba &#8211; Beto Pontes, 86<\/span><br \/>\n<span style=\"color: #555555;font-family: 'Trebuchet MS', 'Lucida Grande', 'Lucida Sans Unicode', 'Lucida Sans', Tahoma, sans-serif;font-size: 24px;text-align: justify\">10\u00ba &#8211; Nilton Rossoni, 75<\/span><\/p>\n<p><span style=\"font-size: 24px\"><strong>Categoria B (dez primeiros):<\/strong><\/span><br \/>\n<span style=\"color: #555555;font-family: 'Trebuchet MS', 'Lucida Grande', 'Lucida Sans Unicode', 'Lucida Sans', Tahoma, sans-serif;font-size: 24px;text-align: justify\">1\u00ba &#8211; Augusto Freitas, 290 pontos<\/span><br \/>\n<span style=\"color: #555555;font-family: 'Trebuchet MS', 'Lucida Grande', 'Lucida Sans Unicode', 'Lucida Sans', Tahoma, sans-serif;font-size: 24px;text-align: justify\">2\u00ba &#8211; Celio Vin\u00edcius, 231<\/span><br \/>\n<span style=\"color: #555555;font-family: 'Trebuchet MS', 'Lucida Grande', 'Lucida Sans Unicode', 'Lucida Sans', Tahoma, sans-serif;font-size: 24px;text-align: justify\">3\u00ba &#8211; Ewerson Dias, 217<\/span><br \/>\n<span style=\"color: #555555;font-family: 'Trebuchet MS', 'Lucida Grande', 'Lucida Sans Unicode', 'Lucida Sans', Tahoma, sans-serif;font-size: 24px;text-align: justify\">4\u00ba &#8211; Jairo Andrade, 194<\/span><br \/>\n<span style=\"color: #555555;font-family: 'Trebuchet MS', 'Lucida Grande', 'Lucida Sans Unicode', 'Lucida Sans', Tahoma, sans-serif;font-size: 24px;text-align: justify\">5\u00ba &#8211; Junior Helte, 193<\/span><br \/>\n<span style=\"color: #555555;font-family: 'Trebuchet MS', 'Lucida Grande', 'Lucida Sans Unicode', 'Lucida Sans', Tahoma, sans-serif;font-size: 24px;text-align: justify\">6\u00ba &#8211; Fernando Trennepohl, 158<\/span><br \/>\n<span style=\"color: #555555;font-family: 'Trebuchet MS', 'Lucida Grande', 'Lucida Sans Unicode', 'Lucida Sans', Tahoma, sans-serif;font-size: 24px;text-align: justify\">7\u00ba &#8211; Iturival Neto, 108<\/span><br \/>\n<span style=\"color: #555555;font-family: 'Trebuchet MS', 'Lucida Grande', 'Lucida Sans Unicode', 'Lucida Sans', Tahoma, sans-serif;font-size: 24px;text-align: justify\">8\u00ba &#8211; Bruna Dias, 94<\/span><br \/>\n<span style=\"color: #555555;font-family: 'Trebuchet MS', 'Lucida Grande', 'Lucida Sans Unicode', 'Lucida Sans', Tahoma, sans-serif;font-size: 24px;text-align: justify\">9\u00ba &#8211; Wilson Pinheiro, 73<\/span><br \/>\n<span style=\"color: #555555;font-family: 'Trebuchet MS', 'Lucida Grande', 'Lucida Sans Unicode', 'Lucida Sans', Tahoma, sans-serif;font-size: 24px;text-align: justify\">10\u00ba &#8211; Eduardo Valle, 12<\/span><br \/>\n<span style=\"font-size: 24px\"><em>*pontua\u00e7\u00e3o extraoficial<\/em><\/span><\/p>\n<p><span style=\"font-size: 24px\"><strong>Programa\u00e7\u00e3o em Interlagos<br \/>\nDomingo, 11 de junho<\/strong><\/span><br \/>\n<span style=\"color: #555555;font-family: 'Trebuchet MS', 'Lucida Grande', 'Lucida Sans Unicode', 'Lucida Sans', Tahoma, sans-serif;font-size: 24px;text-align: justify\">09h20 \u2013 GT Series Cup \u2013 Corrida 2<\/span><br \/>\n<span style=\"color: #555555;font-family: 'Trebuchet MS', 'Lucida Grande', 'Lucida Sans Unicode', 'Lucida Sans', Tahoma, sans-serif;font-size: 24px;text-align: justify\">11h05 \u2013 Turismo Nacional \u2013 Corrida 5 (20 minutos + 1 volta)<\/span><br \/>\n<span style=\"color: #555555;font-family: 'Trebuchet MS', 'Lucida Grande', 'Lucida Sans Unicode', 'Lucida Sans', Tahoma, sans-serif;font-size: 24px;text-align: justify\">12h10 \u2013 TCR South America \u2013 Corrida (60 minutos)<\/span><br \/>\n<span style=\"color: #555555;font-family: 'Trebuchet MS', 'Lucida Grande', 'Lucida Sans Unicode', 'Lucida Sans', Tahoma, sans-serif;font-size: 24px;text-align: justify\">14h05 \u2013 Turismo Nacional \u2013 Corrida 6 (20 minutos + 1 volta)<\/span><br \/>\n<span style=\"color: #555555;font-family: 'Trebuchet MS', 'Lucida Grande', 'Lucida Sans Unicode', 'Lucida Sans', Tahoma, sans-serif;font-size: 24px;text-align: justify\">14h35 \u2013 Visita\u00e7\u00e3o aos boxes<\/span><br \/>\n<span style=\"color: #555555;font-family: 'Trebuchet MS', 'Lucida Grande', 'Lucida Sans Unicode', 'Lucida Sans', Tahoma, sans-serif;font-size: 24px;text-align: justify\">15h40 \u2013 Fiat Competizione \u2013 Corrida 2 (20 minutos + 1 volta)<\/span><\/p>\n<p><span style=\"color: #555555;font-family: 'Trebuchet MS', 'Lucida Grande', 'Lucida Sans Unicode', 'Lucida Sans', Tahoma, sans-serif;font-size: 24px;text-align: justify\">(Texto: Assessoria. Foto: Duda Bairros\/Vicar)<\/span><\/p>\n","protected":false},"excerpt":{"rendered":"<p>A Turismo Nacional proporcionou um grande espet\u00e1culo de velocidade neste s\u00e1bado (10) no Aut\u00f3dromo de Interlagos, em S\u00e3o Paulo. A categoria dos carros mais vendidos do Brasil entregou quatro belas provas ao longo do dia, com tudo o que o f\u00e3 do automobilismo gosta: v\u00e1rias disputas roda a roda. Em uma delas, Ernani Kuhn definiu [&hellip;]<\/p>\n","protected":false},"author":6307,"featured_media":57564,"comment_status":"open","ping_status":"open","sticky":false,"template":"","format":"standard","meta":{"_exactmetrics_skip_tracking":false,"_exactmetrics_sitenote_active":false,"_exactmetrics_sitenote_note":"","_exactmetrics_sitenote_category":0,"footnotes":""},"categories":[1267],"tags":[8910],"yoast_head":"<!-- This site is optimized with the Yoast SEO Premium plugin v22.7 (Yoast SEO v22.7) - https:\/\/yoast.com\/wordpress\/plugins\/seo\/ -->\n<title>MARING\u00c1 - Corridas quentes e grandes duelos na Turismo Nacional em Interlagos - Orlando Gonzalez<\/title>\n<meta name=\"robots\" content=\"index, follow, max-snippet:-1, max-image-preview:large, max-video-preview:-1\" \/>\n<link rel=\"canonical\" href=\"https:\/\/maringapost.com.br\/orlandogonzalez\/2023\/06\/10\/maringa-corridas-quentes-e-grandes-duelos-na-turismo-nacional-em-interlagos\/\" \/>\n<meta property=\"og:locale\" content=\"pt_BR\" \/>\n<meta property=\"og:type\" content=\"article\" \/>\n<meta property=\"og:title\" content=\"MARING\u00c1 - Corridas quentes e grandes duelos na Turismo Nacional em Interlagos\" \/>\n<meta property=\"og:description\" content=\"A Turismo Nacional proporcionou um grande espet\u00e1culo de velocidade neste s\u00e1bado (10) no Aut\u00f3dromo de Interlagos, em S\u00e3o Paulo. A categoria dos carros mais vendidos do Brasil entregou quatro belas provas ao longo do dia, com tudo o que o f\u00e3 do automobilismo gosta: v\u00e1rias disputas roda a roda. Em uma delas, Ernani Kuhn definiu [&hellip;]\" \/>\n<meta property=\"og:url\" content=\"https:\/\/maringapost.com.br\/orlandogonzalez\/2023\/06\/10\/maringa-corridas-quentes-e-grandes-duelos-na-turismo-nacional-em-interlagos\/\" \/>\n<meta property=\"og:site_name\" content=\"Orlando Gonzalez\" \/>\n<meta property=\"article:author\" content=\"https:\/\/www.facebook.com\/profile.php?id=100011095815065\" \/>\n<meta property=\"article:published_time\" content=\"2023-06-10T21:12:34+00:00\" \/>\n<meta property=\"og:image\" content=\"https:\/\/maringapost.com.br\/orlandogonzalez\/wp-content\/uploads\/sites\/17\/2023\/06\/turismonacional.jpg\" \/>\n\t<meta property=\"og:image:width\" content=\"1024\" \/>\n\t<meta property=\"og:image:height\" content=\"683\" \/>\n\t<meta property=\"og:image:type\" content=\"image\/jpeg\" \/>\n<meta name=\"author\" content=\"Orlando Gonzalez\" \/>\n<meta name=\"twitter:card\" content=\"summary_large_image\" \/>\n<meta name=\"twitter:creator\" content=\"@gonzalezorlando\" \/>\n<meta name=\"twitter:label1\" content=\"Escrito por\" \/>\n\t<meta name=\"twitter:data1\" content=\"\" \/>\n\t<meta name=\"twitter:label2\" content=\"Est. tempo de leitura\" \/>\n\t<meta name=\"twitter:data2\" content=\"9 minutos\" \/>\n<script type=\"application\/ld+json\" class=\"yoast-schema-graph\">{\"@context\":\"https:\/\/schema.org\",\"@graph\":[{\"@type\":\"WebPage\",\"@id\":\"https:\/\/maringapost.com.br\/orlandogonzalez\/2023\/06\/10\/maringa-corridas-quentes-e-grandes-duelos-na-turismo-nacional-em-interlagos\/\",\"url\":\"https:\/\/maringapost.com.br\/orlandogonzalez\/2023\/06\/10\/maringa-corridas-quentes-e-grandes-duelos-na-turismo-nacional-em-interlagos\/\",\"name\":\"MARING\u00c1 - Corridas quentes e grandes duelos na Turismo Nacional em Interlagos - Orlando Gonzalez\",\"isPartOf\":{\"@id\":\"https:\/\/maringapost.com.br\/orlandogonzalez\/#website\"},\"primaryImageOfPage\":{\"@id\":\"https:\/\/maringapost.com.br\/orlandogonzalez\/2023\/06\/10\/maringa-corridas-quentes-e-grandes-duelos-na-turismo-nacional-em-interlagos\/#primaryimage\"},\"image\":{\"@id\":\"https:\/\/maringapost.com.br\/orlandogonzalez\/2023\/06\/10\/maringa-corridas-quentes-e-grandes-duelos-na-turismo-nacional-em-interlagos\/#primaryimage\"},\"thumbnailUrl\":\"https:\/\/maringapost.com.br\/orlandogonzalez\/wp-content\/uploads\/sites\/17\/2023\/06\/turismonacional.jpg\",\"datePublished\":\"2023-06-10T21:12:34+00:00\",\"dateModified\":\"2023-06-10T21:12:34+00:00\",\"author\":{\"@id\":\"https:\/\/maringapost.com.br\/orlandogonzalez\/#\/schema\/person\/5cbe6257d08edea6afc9ebaa613b0633\"},\"inLanguage\":\"pt-BR\",\"potentialAction\":[{\"@type\":\"ReadAction\",\"target\":[\"https:\/\/maringapost.com.br\/orlandogonzalez\/2023\/06\/10\/maringa-corridas-quentes-e-grandes-duelos-na-turismo-nacional-em-interlagos\/\"]}]},{\"@type\":\"ImageObject\",\"inLanguage\":\"pt-BR\",\"@id\":\"https:\/\/maringapost.com.br\/orlandogonzalez\/2023\/06\/10\/maringa-corridas-quentes-e-grandes-duelos-na-turismo-nacional-em-interlagos\/#primaryimage\",\"url\":\"https:\/\/maringapost.com.br\/orlandogonzalez\/wp-content\/uploads\/sites\/17\/2023\/06\/turismonacional.jpg\",\"contentUrl\":\"https:\/\/maringapost.com.br\/orlandogonzalez\/wp-content\/uploads\/sites\/17\/2023\/06\/turismonacional.jpg\",\"width\":1024,\"height\":683},{\"@type\":\"WebSite\",\"@id\":\"https:\/\/maringapost.com.br\/orlandogonzalez\/#website\",\"url\":\"https:\/\/maringapost.com.br\/orlandogonzalez\/\",\"name\":\"Orlando Gonzalez\",\"description\":\"Destaca o esporte de Maring\u00e1! Destaca o esporte do Paran\u00e1! Destaca o esporte do Brasil!\",\"potentialAction\":[{\"@type\":\"SearchAction\",\"target\":{\"@type\":\"EntryPoint\",\"urlTemplate\":\"https:\/\/maringapost.com.br\/orlandogonzalez\/?s={search_term_string}\"},\"query-input\":\"required name=search_term_string\"}],\"inLanguage\":\"pt-BR\"},{\"@type\":\"Person\",\"@id\":\"https:\/\/maringapost.com.br\/orlandogonzalez\/#\/schema\/person\/5cbe6257d08edea6afc9ebaa613b0633\",\"name\":\"Orlando Gonzalez\",\"image\":{\"@type\":\"ImageObject\",\"inLanguage\":\"pt-BR\",\"@id\":\"https:\/\/maringapost.com.br\/orlandogonzalez\/#\/schema\/person\/image\/\",\"url\":\"https:\/\/secure.gravatar.com\/avatar\/ecef9d1c9afe5ebdafadde8369065ba5?s=96&d=mm&r=g\",\"contentUrl\":\"https:\/\/secure.gravatar.com\/avatar\/ecef9d1c9afe5ebdafadde8369065ba5?s=96&d=mm&r=g\",\"caption\":\"Orlando Gonzalez\"},\"description\":\"H\u00e1 29 anos na cobertura do esporte de Maring\u00e1. Plant\u00e3o e narrador esportivo. Presta\u00e7\u00e3o de assessoria de imprensa esportiva, cobertura e transmiss\u00f5es ao vivo de eventos esportivos. E-mail: orlandogonzalez.assessoria@gmail.com WhatsApp: (44) 9 9126-6119\",\"sameAs\":[\"http:\/\/www.radiomaringa.com.br\/\",\"https:\/\/www.facebook.com\/profile.php?id=100011095815065\",\"https:\/\/www.instagram.com\/orlandomgonzalez\/\",\"https:\/\/br.pinterest.com\/ogonzalez0530\/\",\"https:\/\/x.com\/gonzalezorlando\",\"https:\/\/www.youtube.com\/channel\/UCvFpl55btth8wjnKiSS1ibA\",\"https:\/\/radiomaringaweb.tumblr.com\/\"],\"url\":\"https:\/\/maringapost.com.br\/orlandogonzalez\/author\/orlando\/\"}]}<\/script>\n<!-- \/ Yoast SEO Premium plugin. -->","yoast_head_json":{"title":"MARING\u00c1 - Corridas quentes e grandes duelos na Turismo Nacional em Interlagos - Orlando Gonzalez","robots":{"index":"index","follow":"follow","max-snippet":"max-snippet:-1","max-image-preview":"max-image-preview:large","max-video-preview":"max-video-preview:-1"},"canonical":"https:\/\/maringapost.com.br\/orlandogonzalez\/2023\/06\/10\/maringa-corridas-quentes-e-grandes-duelos-na-turismo-nacional-em-interlagos\/","og_locale":"pt_BR","og_type":"article","og_title":"MARING\u00c1 - Corridas quentes e grandes duelos na Turismo Nacional em Interlagos","og_description":"A Turismo Nacional proporcionou um grande espet\u00e1culo de velocidade neste s\u00e1bado (10) no Aut\u00f3dromo de Interlagos, em S\u00e3o Paulo. A categoria dos carros mais vendidos do Brasil entregou quatro belas provas ao longo do dia, com tudo o que o f\u00e3 do automobilismo gosta: v\u00e1rias disputas roda a roda. Em uma delas, Ernani Kuhn definiu [&hellip;]","og_url":"https:\/\/maringapost.com.br\/orlandogonzalez\/2023\/06\/10\/maringa-corridas-quentes-e-grandes-duelos-na-turismo-nacional-em-interlagos\/","og_site_name":"Orlando Gonzalez","article_author":"https:\/\/www.facebook.com\/profile.php?id=100011095815065","article_published_time":"2023-06-10T21:12:34+00:00","og_image":[{"width":1024,"height":683,"url":"https:\/\/maringapost.com.br\/orlandogonzalez\/wp-content\/uploads\/sites\/17\/2023\/06\/turismonacional.jpg","type":"image\/jpeg"}],"author":"Orlando Gonzalez","twitter_card":"summary_large_image","twitter_creator":"@gonzalezorlando","twitter_misc":{"Escrito por":false,"Est. tempo de leitura":"9 minutos"},"schema":{"@context":"https:\/\/schema.org","@graph":[{"@type":"WebPage","@id":"https:\/\/maringapost.com.br\/orlandogonzalez\/2023\/06\/10\/maringa-corridas-quentes-e-grandes-duelos-na-turismo-nacional-em-interlagos\/","url":"https:\/\/maringapost.com.br\/orlandogonzalez\/2023\/06\/10\/maringa-corridas-quentes-e-grandes-duelos-na-turismo-nacional-em-interlagos\/","name":"MARING\u00c1 - Corridas quentes e grandes duelos na Turismo Nacional em Interlagos - Orlando Gonzalez","isPartOf":{"@id":"https:\/\/maringapost.com.br\/orlandogonzalez\/#website"},"primaryImageOfPage":{"@id":"https:\/\/maringapost.com.br\/orlandogonzalez\/2023\/06\/10\/maringa-corridas-quentes-e-grandes-duelos-na-turismo-nacional-em-interlagos\/#primaryimage"},"image":{"@id":"https:\/\/maringapost.com.br\/orlandogonzalez\/2023\/06\/10\/maringa-corridas-quentes-e-grandes-duelos-na-turismo-nacional-em-interlagos\/#primaryimage"},"thumbnailUrl":"https:\/\/maringapost.com.br\/orlandogonzalez\/wp-content\/uploads\/sites\/17\/2023\/06\/turismonacional.jpg","datePublished":"2023-06-10T21:12:34+00:00","dateModified":"2023-06-10T21:12:34+00:00","author":{"@id":"https:\/\/maringapost.com.br\/orlandogonzalez\/#\/schema\/person\/5cbe6257d08edea6afc9ebaa613b0633"},"inLanguage":"pt-BR","potentialAction":[{"@type":"ReadAction","target":["https:\/\/maringapost.com.br\/orlandogonzalez\/2023\/06\/10\/maringa-corridas-quentes-e-grandes-duelos-na-turismo-nacional-em-interlagos\/"]}]},{"@type":"ImageObject","inLanguage":"pt-BR","@id":"https:\/\/maringapost.com.br\/orlandogonzalez\/2023\/06\/10\/maringa-corridas-quentes-e-grandes-duelos-na-turismo-nacional-em-interlagos\/#primaryimage","url":"https:\/\/maringapost.com.br\/orlandogonzalez\/wp-content\/uploads\/sites\/17\/2023\/06\/turismonacional.jpg","contentUrl":"https:\/\/maringapost.com.br\/orlandogonzalez\/wp-content\/uploads\/sites\/17\/2023\/06\/turismonacional.jpg","width":1024,"height":683},{"@type":"WebSite","@id":"https:\/\/maringapost.com.br\/orlandogonzalez\/#website","url":"https:\/\/maringapost.com.br\/orlandogonzalez\/","name":"Orlando Gonzalez","description":"Destaca o esporte de Maring\u00e1! Destaca o esporte do Paran\u00e1! Destaca o esporte do Brasil!","potentialAction":[{"@type":"SearchAction","target":{"@type":"EntryPoint","urlTemplate":"https:\/\/maringapost.com.br\/orlandogonzalez\/?s={search_term_string}"},"query-input":"required name=search_term_string"}],"inLanguage":"pt-BR"},{"@type":"Person","@id":"https:\/\/maringapost.com.br\/orlandogonzalez\/#\/schema\/person\/5cbe6257d08edea6afc9ebaa613b0633","name":"Orlando Gonzalez","image":{"@type":"ImageObject","inLanguage":"pt-BR","@id":"https:\/\/maringapost.com.br\/orlandogonzalez\/#\/schema\/person\/image\/","url":"https:\/\/secure.gravatar.com\/avatar\/ecef9d1c9afe5ebdafadde8369065ba5?s=96&d=mm&r=g","contentUrl":"https:\/\/secure.gravatar.com\/avatar\/ecef9d1c9afe5ebdafadde8369065ba5?s=96&d=mm&r=g","caption":"Orlando Gonzalez"},"description":"H\u00e1 29 anos na cobertura do esporte de Maring\u00e1. Plant\u00e3o e narrador esportivo. Presta\u00e7\u00e3o de assessoria de imprensa esportiva, cobertura e transmiss\u00f5es ao vivo de eventos esportivos. E-mail: orlandogonzalez.assessoria@gmail.com WhatsApp: (44) 9 9126-6119","sameAs":["http:\/\/www.radiomaringa.com.br\/","https:\/\/www.facebook.com\/profile.php?id=100011095815065","https:\/\/www.instagram.com\/orlandomgonzalez\/","https:\/\/br.pinterest.com\/ogonzalez0530\/","https:\/\/x.com\/gonzalezorlando","https:\/\/www.youtube.com\/channel\/UCvFpl55btth8wjnKiSS1ibA","https:\/\/radiomaringaweb.tumblr.com\/"],"url":"https:\/\/maringapost.com.br\/orlandogonzalez\/author\/orlando\/"}]}},"_links":{"self":[{"href":"https:\/\/maringapost.com.br\/orlandogonzalez\/wp-json\/wp\/v2\/posts\/57563"}],"collection":[{"href":"https:\/\/maringapost.com.br\/orlandogonzalez\/wp-json\/wp\/v2\/posts"}],"about":[{"href":"https:\/\/maringapost.com.br\/orlandogonzalez\/wp-json\/wp\/v2\/types\/post"}],"author":[{"embeddable":true,"href":"https:\/\/maringapost.com.br\/orlandogonzalez\/wp-json\/wp\/v2\/users\/6307"}],"replies":[{"embeddable":true,"href":"https:\/\/maringapost.com.br\/orlandogonzalez\/wp-json\/wp\/v2\/comments?post=57563"}],"version-history":[{"count":1,"href":"https:\/\/maringapost.com.br\/orlandogonzalez\/wp-json\/wp\/v2\/posts\/57563\/revisions"}],"predecessor-version":[{"id":57565,"href":"https:\/\/maringapost.com.br\/orlandogonzalez\/wp-json\/wp\/v2\/posts\/57563\/revisions\/57565"}],"wp:featuredmedia":[{"embeddable":true,"href":"https:\/\/maringapost.com.br\/orlandogonzalez\/wp-json\/wp\/v2\/media\/57564"}],"wp:attachment":[{"href":"https:\/\/maringapost.com.br\/orlandogonzalez\/wp-json\/wp\/v2\/media?parent=57563"}],"wp:term":[{"taxonomy":"category","embeddable":true,"href":"https:\/\/maringapost.com.br\/orlandogonzalez\/wp-json\/wp\/v2\/categories?post=57563"},{"taxonomy":"post_tag","embeddable":true,"href":"https:\/\/maringapost.com.br\/orlandogonzalez\/wp-json\/wp\/v2\/tags?post=57563"}],"curies":[{"name":"wp","href":"https:\/\/api.w.org\/{rel}","templated":true}]}}