{"id":57430,"date":"2023-05-15T10:30:23","date_gmt":"2023-05-15T13:30:23","guid":{"rendered":"https:\/\/maringapost.com.br\/orlandogonzalez\/?p=57430"},"modified":"2023-05-15T10:30:23","modified_gmt":"2023-05-15T13:30:23","slug":"maringa-autodromo-de-taruma-volta-a-receber-a-stock-car","status":"publish","type":"post","link":"https:\/\/maringapost.com.br\/orlandogonzalez\/2023\/05\/15\/maringa-autodromo-de-taruma-volta-a-receber-a-stock-car\/","title":{"rendered":"MARING\u00c1 &#8211; Aut\u00f3dromo de Tarum\u00e3 volta a receber a Stock Car"},"content":{"rendered":"<p style=\"line-height: inherit;color: #555555;font-family: 'Trebuchet MS', 'Lucida Grande', 'Lucida Sans Unicode', 'Lucida Sans', Tahoma, sans-serif;font-size: 16px;text-align: justify\"><span style=\"font-size: 24px\">Foram motivos de seguran\u00e7a que deram impulso \u00e0 constru\u00e7\u00e3o do Aut\u00f3dromo Internacional de Tarum\u00e3 \u2013 e a mesma raz\u00e3o afastou a Stock Car Pro Series do ic\u00f4nico tra\u00e7ado ga\u00facho, que \u00e9 um dos mais admirados pelos pilotos da categoria. Em 1968, um acidente tr\u00e1gico nas 12 Horas de Porto Alegre, realizadas nas ruas da capital do Rio Grande do Sul, levou \u00e0 proibi\u00e7\u00e3o de provas em vias p\u00fablicas pelo governo local. Era o impulso final para o projeto que vinha sendo gestado pelo Autom\u00f3vel Clube do Rio Grande do Sul desde a d\u00e9cada de 1950.<\/span><br style=\"line-height: inherit\" \/><span style=\"font-size: 24px\">Dois anos depois, no in\u00edcio de 1970, os engenheiros Miguel Xavier da Costa, Edemar Lorenzini, Lucio Regner, Jaime Gaspar dos Santos e Edmar Levy, em conjunto com o arquiteto Sergio Monserrat, finalizam o desenho do aut\u00f3dromo, que seria financiado por doa\u00e7\u00f5es de f\u00e3s e praticantes do esporte, sendo inaugurado meses depois. Sob o comando do piloto e administrador Antonio Pegoraro, a pista estrearia no dia oito de novembro com vit\u00f3ria do paulista Jayme Silva, a bordo de um Alfa Romeo F\u00faria. Na mesma data tamb\u00e9m abriu as portas o restaurante do Tala Larga, lembran\u00e7a que persiste at\u00e9 hoje na curva que leva o mesmo nome.<\/span><br style=\"line-height: inherit\" \/><span style=\"font-size: 24px\">Com o avan\u00e7o da tecnologia e das exig\u00eancias modernas de seguran\u00e7a no automobilismo mundial, as pistas mais tradicionais t\u00eam passado por atualiza\u00e7\u00f5es. \u00c9 o que est\u00e1 acontecendo com Tarum\u00e3, que volta a receber a Stock Car Pro Series no pr\u00f3ximo domingo (21) ap\u00f3s quase seis anos de aus\u00eancia. A principal categoria do pa\u00eds novamente competir\u00e1 no emocionante tra\u00e7ado situado no munic\u00edpio de Viam\u00e3o, onde disputou a primeira corrida de sua hist\u00f3ria, em 1979.<\/span><br style=\"line-height: inherit\" \/><span style=\"font-size: 24px\">A pista mant\u00e9m os 3.039 metros originais de sua funda\u00e7\u00e3o, com nove curvas que combinam configura\u00e7\u00f5es de alta, m\u00e9dia e baixa velocidades. Entre elas, destacam-se a Curva do Tala Larga e as Curvas 1, 2 e 9. As \u00faltimas disputas da Stock em Tarum\u00e3 aconteceram em 22 de outubro de 2017, com vit\u00f3rias de Daniel Serra e Ricardo Maur\u00edcio \u2013 ambos com o Chevrolet Sonic.<\/span><br style=\"line-height: inherit\" \/><br style=\"line-height: inherit\" \/><span style=\"font-size: 24px\"><strong style=\"line-height: inherit\">Pontos sens\u00edveis \u2013\u00a0<\/strong>As obras em Tarum\u00e3 foram lideradas pelo presidente da Comiss\u00e3o Nacional de Circuitos da Confedera\u00e7\u00e3o Brasileira de Automobilismo, Lu\u00eds Ernesto Morales. O desafio inicial, segundo ele, foi escalonar as interven\u00e7\u00f5es, evitando altos custos imediatos. Por isso, Morales focou, na primeira etapa deste processo, nos pontos mais sens\u00edveis do aut\u00f3dromo.<\/span><br style=\"line-height: inherit\" \/><span style=\"font-size: 24px\">Em raz\u00e3o de as obras da primeira fase estarem baseadas em adequa\u00e7\u00f5es para aumentar a seguran\u00e7a, o reasfaltamento da pista foi postergado para um segundo momento, ap\u00f3s an\u00e1lise final da comiss\u00e3o da CBA. \u201cSomos muito gratos \u00e0 administra\u00e7\u00e3o do Aut\u00f3dromo Internacional de Tarum\u00e3 pelo esfor\u00e7o de atualizar o aut\u00f3dromo\u201d, diz ele. \u201cAo longo dos \u00faltimos tr\u00eas anos, o foco foi o ajuste em termos de seguran\u00e7a\u201d, destaca.<\/span><br style=\"line-height: inherit\" \/><span style=\"font-size: 24px\">As interven\u00e7\u00f5es iniciais aconteceram principalmente nas curvas. \u201cForam realizados nivelamentos de todas as \u00e1reas de escape. Em algumas delas, trabalhamos no sentido de ganhar mais espa\u00e7o. Corrigimos e adequamos as barreiras de prote\u00e7\u00e3o e reconstru\u00edmos algumas zebras\u201d, acrescentou Morales.<\/span><br style=\"line-height: inherit\" \/><span style=\"font-size: 24px\">\u201cMas trata-se de um processo que ainda n\u00e3o est\u00e1 conclu\u00eddo e que precisar\u00e1 continuar depois da passagem da Stock Car, quando ser\u00e1 feito um relat\u00f3rio sobre o que temos hoje e o que ainda precisar\u00e1 ser modificado em termos de seguran\u00e7a\u201d, finalizou o t\u00e9cnico da CBA.<\/span><br style=\"line-height: inherit\" \/><br style=\"line-height: inherit\" \/><span style=\"font-size: 24px\"><strong style=\"line-height: inherit\">Imagens hist\u00f3ricas \u2014<\/strong>\u00a0As fotos desta mat\u00e9ria foram produzidas pelo ga\u00facho Paulo Dias Nunes, que cobriu a corrida de estreia da Stock Car em Tarum\u00e3, em 22 de abril de 1979. Pela preserva\u00e7\u00e3o dos registros, Paulo foi homenageado pela categoria em seis de abril de 2019, no Velopark (RS), no fim de semana das comemora\u00e7\u00f5es do anivers\u00e1rio de 40 anos da Stock Car e da 500\u00aa corrida da hist\u00f3ria da competi\u00e7\u00e3o. As imagens foram cedidas para este press-release.<\/span><br style=\"line-height: inherit\" \/><span style=\"font-size: 24px\">Al\u00e9m da terceira etapa da Stock Car Pro Series, o fim de semana de 19 a 21 de maio tamb\u00e9m contar\u00e1 as segundas etapas da Stock Series e da Copa Shell Hyundai HB20. As atividades de pista come\u00e7am com treinos na sexta-feira. As tr\u00eas categorias far\u00e3o corridas no domingo. Confira a programa\u00e7\u00e3o abaixo.<\/span><\/p>\n<p style=\"line-height: inherit;color: #555555;font-family: 'Trebuchet MS', 'Lucida Grande', 'Lucida Sans Unicode', 'Lucida Sans', Tahoma, sans-serif;font-size: 16px;text-align: justify\"><br style=\"line-height: inherit\" \/><span style=\"font-size: 24px\"><strong style=\"line-height: inherit\">AUT\u00d3DROMO DE TARUM\u00c3<\/strong><\/span><br style=\"line-height: inherit\" \/><span style=\"font-size: 24px\"><strong style=\"line-height: inherit\">Inaugura\u00e7\u00e3o:<\/strong>\u00a0oito de novembro de 1970<\/span><br style=\"line-height: inherit\" \/><span style=\"font-size: 24px\"><strong style=\"line-height: inherit\">Extens\u00e3o:<\/strong>\u00a03.039 metros<\/span><br style=\"line-height: inherit\" \/><span style=\"font-size: 24px\"><strong style=\"line-height: inherit\">Sentido:<\/strong>\u00a0anti-hor\u00e1rio<\/span><br style=\"line-height: inherit\" \/><span style=\"font-size: 24px\"><strong style=\"line-height: inherit\">Curvas:<\/strong>\u00a0nove (cinco para a esquerda e quatro para a direita)<\/span><br style=\"line-height: inherit\" \/><span style=\"font-size: 24px\"><strong style=\"line-height: inherit\">Primeiro vencedor:<\/strong>\u00a0Jayme Silva (Alfa Romeo F\u00faria)<\/span><br style=\"line-height: inherit\" \/><span style=\"font-size: 24px\"><strong style=\"line-height: inherit\"><br style=\"line-height: inherit\" \/>STOCK NA PISTA GA\u00daCHA<\/strong><\/span><br style=\"line-height: inherit\" \/><span style=\"font-size: 24px\"><strong style=\"line-height: inherit\">Estreia:<\/strong>\u00a022 de abril de 1979<\/span><br style=\"line-height: inherit\" \/><span style=\"font-size: 24px\"><strong style=\"line-height: inherit\">Largadas disputadas:<\/strong>\u00a035<\/span><br style=\"line-height: inherit\" \/><span style=\"font-size: 24px\"><strong style=\"line-height: inherit\">Primeiro pole:<\/strong>\u00a0Jo\u00e3o Carlos Palhares (Chevrolet Opala)<\/span><br style=\"line-height: inherit\" \/><span style=\"font-size: 24px\"><strong style=\"line-height: inherit\">Primeiro vencedor:<\/strong>\u00a0Affonso Giaffone J\u00fanior (Chevrolet Opala)<\/span><br style=\"line-height: inherit\" \/><span style=\"font-size: 24px\"><strong style=\"line-height: inherit\">Primeiro p\u00f3dio:<\/strong>\u00a0Affonso Giaffone J\u00fanior, Jo\u00e3o Carlos Palhares e Raul Boesel (todos de Opala)<\/span><br style=\"line-height: inherit\" \/><span style=\"font-size: 24px\"><strong style=\"line-height: inherit\">Recorde de volta:<\/strong>\u00a0Daniel Serra (Chevrolet Sonic), em 2013, 1min01s800, m\u00e9dia hor\u00e1ria de 177,029 km\/h<\/span><br style=\"line-height: inherit\" \/><span style=\"font-size: 24px\"><strong style=\"line-height: inherit\">Maiores vencedores:<\/strong>\u00a0Ingo Hoffmann, oito vit\u00f3rias (1985, 1991, 1992, 1996, 1998, 1998, 1999, 1999). Em atividade: Cac\u00e1 Bueno, tr\u00eas vit\u00f3rias (2004, 2008 e 2015)<\/span><br style=\"line-height: inherit\" \/><br style=\"line-height: inherit\" \/><span style=\"font-size: 24px\"><strong style=\"line-height: inherit\">PROGRAMA\u00c7\u00c3O<br style=\"line-height: inherit\" \/>Sexta-feira, 19 de maio<\/strong><\/span><br style=\"line-height: inherit\" \/><span style=\"font-size: 24px\">09h10 \u2013 Stock Series \u2013 Treino Livre 1 \u2013 Rookie<\/span><br style=\"line-height: inherit\" \/><span style=\"font-size: 24px\">09h40 \u2013 Copa Shell Hyundai HB20 \u2013 Treino Extra<\/span><br style=\"line-height: inherit\" \/><span style=\"font-size: 24px\">10h10 \u2013 Stock Car \u2013 Shakedown<\/span><br style=\"line-height: inherit\" \/><span style=\"font-size: 24px\">11h00 \u2013 Copa Shell Hyundai HB20 \u2013 Treino Livre 1<\/span><br style=\"line-height: inherit\" \/><span style=\"font-size: 24px\">11h35 \u2013 Stock Series \u2013 Treino Livre 2<\/span><br style=\"line-height: inherit\" \/><span style=\"font-size: 24px\">13h00 \u2013 Stock Car \u2013 Treino Livre 1<\/span><br style=\"line-height: inherit\" \/><span style=\"font-size: 24px\">14h15 \u2013 Copa Shell Hyundai HB20 \u2013 Treino Livre 2<\/span><br style=\"line-height: inherit\" \/><span style=\"font-size: 24px\">17h00 \u2013 Copa Shell Hyundai HB20 \u2013 Treino Livre<\/span><br style=\"line-height: inherit\" \/><br style=\"line-height: inherit\" \/><span style=\"font-size: 24px\"><strong style=\"line-height: inherit\">S\u00e1bado, 20 de maio<\/strong><\/span><br style=\"line-height: inherit\" \/><span style=\"font-size: 24px\">08h00 \u2013 Copa Shell Hyundai HB20 \u2013 Treino Livre 4<\/span><br style=\"line-height: inherit\" \/><span style=\"font-size: 24px\">08h35 \u2013 Stock Series \u2013 Treino Livre 3<\/span><br style=\"line-height: inherit\" \/><span style=\"font-size: 24px\">09h10 \u2013 Stock Car \u2013 Treino Livre 2<\/span><br style=\"line-height: inherit\" \/><span style=\"font-size: 24px\">10h55 \u2013 Copa Shell Hyundai HB20 \u2013 Classifica\u00e7\u00e3o<\/span><br style=\"line-height: inherit\" \/><span style=\"font-size: 24px\">12h30 \u2013 Stock Series \u2013 Classifica\u00e7\u00e3o<\/span><br style=\"line-height: inherit\" \/><span style=\"font-size: 24px\">12h50 \u2013 Stock Car \u2013 Classifica\u00e7\u00e3o<\/span><br style=\"line-height: inherit\" \/><span style=\"font-size: 24px\">14h20 \u2013 Stock Series \u2013 Corrida 1 (25 minutos + 1 volta)<\/span><br style=\"line-height: inherit\" \/><span style=\"font-size: 24px\">15h50 \u2013 Copa Shell Hyundai HB20 \u2013 Corrida 1 (25 minutos + 1 volta<\/span><br style=\"line-height: inherit\" \/><br style=\"line-height: inherit\" \/><span style=\"font-size: 24px\"><strong style=\"line-height: inherit\">Domingo, 21 de maio<\/strong><\/span><br style=\"line-height: inherit\" \/><span style=\"font-size: 24px\">09h15 \u2013 Stock Series \u2013 Corrida 2 (20 minutos + 1 volta)<\/span><br style=\"line-height: inherit\" \/><span style=\"font-size: 24px\">09h55 \u2013 Stock Series \u2013 Corrida 3 (25 minutos + 1 volta)<\/span><br style=\"line-height: inherit\" \/><span style=\"font-size: 24px\">10h40 \u2013 Visita\u00e7\u00e3o aos boxes<\/span><br style=\"line-height: inherit\" \/><span style=\"font-size: 24px\">12h40 \u2013 Stock Car \u2013 Corrida 1 (30 minutos + 1 volta)<\/span><br style=\"line-height: inherit\" \/><span style=\"font-size: 24px\">13h20 \u2013 Stock Car \u2013 Corrida 2 (30 minutos + 1 volta)<\/span><br style=\"line-height: inherit\" \/><span style=\"font-size: 24px\">14h55 \u2013 Copa Shell Hyundai HB20 \u2013 Corrida 2 (25 minutos + 1 volta)<\/span><br style=\"line-height: inherit\" \/><br style=\"line-height: inherit\" \/><span style=\"font-size: 24px\"><strong style=\"line-height: inherit\">CLASSIFICA\u00c7\u00c3O DA STOCK CAR:<\/strong><\/span><br style=\"line-height: inherit\" \/><span style=\"font-size: 24px\">1\u00ba &#8211; Ricardo Maur\u00edcio, 70 pontos<\/span><br style=\"line-height: inherit\" \/><span style=\"font-size: 24px\">2\u00ba &#8211; Gabriel Casagrande, 66<\/span><br style=\"line-height: inherit\" \/><span style=\"font-size: 24px\">3\u00ba &#8211; Bruno Baptista, 64<\/span><br style=\"line-height: inherit\" \/><span style=\"font-size: 24px\">4\u00ba &#8211; Gaetano Di Mauro, 54<\/span><br style=\"line-height: inherit\" \/><span style=\"font-size: 24px\">5\u00ba &#8211; Daniel Serra, 53<\/span><br style=\"line-height: inherit\" \/><span style=\"font-size: 24px\">6\u00ba &#8211; Rubens Barrichello, 53<\/span><br style=\"line-height: inherit\" \/><span style=\"font-size: 24px\">7\u00ba &#8211; Thiago Camilo, 51<\/span><br style=\"line-height: inherit\" \/><span style=\"font-size: 24px\">8\u00ba &#8211; Ricardo Zonta, 41<\/span><br style=\"line-height: inherit\" \/><span style=\"font-size: 24px\">9\u00ba &#8211; Denis Navarro, 41<\/span><br style=\"line-height: inherit\" \/><span style=\"font-size: 24px\">10\u00ba &#8211; Guilherme Salas, 39<\/span><br style=\"line-height: inherit\" \/><span style=\"font-size: 24px\">11\u00ba &#8211; Cesar Ramos, 38<\/span><br style=\"line-height: inherit\" \/><span style=\"font-size: 24px\">12\u00ba &#8211; Marcos Gomes, 36<\/span><br style=\"line-height: inherit\" \/><span style=\"font-size: 24px\">13\u00ba &#8211; Felipe Fraga, 32<\/span><br style=\"line-height: inherit\" \/><span style=\"font-size: 24px\">14\u00ba &#8211; Felipe Baptista, 30<\/span><br style=\"line-height: inherit\" \/><span style=\"font-size: 24px\">15\u00ba &#8211; Nelson Piquet Jr., 28<\/span><br style=\"line-height: inherit\" \/><span style=\"font-size: 24px\">16\u00ba &#8211; Lucas Foresti, 26<\/span><br style=\"line-height: inherit\" \/><span style=\"font-size: 24px\">17\u00ba &#8211; Allam Khodair, 22<\/span><br style=\"line-height: inherit\" \/><span style=\"font-size: 24px\">18\u00ba &#8211; Rafael Suzuki, 20<\/span><br style=\"line-height: inherit\" \/><span style=\"font-size: 24px\">19\u00ba &#8211; Enzo Elias, 17<\/span><br style=\"line-height: inherit\" \/><span style=\"font-size: 24px\">20\u00ba &#8211; Mat\u00edas Rossi, 17<\/span><br style=\"line-height: inherit\" \/><span style=\"font-size: 24px\">21\u00ba &#8211; Cac\u00e1 Bueno, 17<\/span><br style=\"line-height: inherit\" \/><span style=\"font-size: 24px\">22\u00ba &#8211; Lucas Kohl, 15<\/span><br style=\"line-height: inherit\" \/><span style=\"font-size: 24px\">23\u00ba &#8211; Dudu Barrichello, 14<\/span><br style=\"line-height: inherit\" \/><span style=\"font-size: 24px\">24\u00ba &#8211; Julio Campos, 13<\/span><br style=\"line-height: inherit\" \/><span style=\"font-size: 24px\">25\u00ba &#8211; Sergio Jimenez, 9<\/span><br style=\"line-height: inherit\" \/><span style=\"font-size: 24px\">26\u00ba &#8211; \u00c1tila Abreu, 8<\/span><br style=\"line-height: inherit\" \/><span style=\"font-size: 24px\">27\u00ba &#8211; Rafael Martins, 7<\/span><br style=\"line-height: inherit\" \/><span style=\"font-size: 24px\">28\u00ba &#8211; Tony Kanaan, 6<\/span><br style=\"line-height: inherit\" \/><span style=\"font-size: 24px\">29\u00ba &#8211; Felipe Massa, 5<\/span><br style=\"line-height: inherit\" \/><span style=\"font-size: 24px\">30\u00ba &#8211; Rodrigo Baptista, 4<\/span><br style=\"line-height: inherit\" \/><span style=\"font-size: 24px\">31\u00ba &#8211; Raphael Teixeira, 3<\/span><br style=\"line-height: inherit\" \/><span style=\"font-size: 24px\">32\u00ba &#8211; Gianluca Petecof, 3<\/span><\/p>\n<p style=\"line-height: inherit;color: #555555;font-family: 'Trebuchet MS', 'Lucida Grande', 'Lucida Sans Unicode', 'Lucida Sans', Tahoma, sans-serif;font-size: 16px;text-align: justify\"><span style=\"font-size: 24px\">(Texto: Assessoria. Foto: Duda Bairros\/Stock Car)<\/span><\/p>\n","protected":false},"excerpt":{"rendered":"<p>Foram motivos de seguran\u00e7a que deram impulso \u00e0 constru\u00e7\u00e3o do Aut\u00f3dromo Internacional de Tarum\u00e3 \u2013 e a mesma raz\u00e3o afastou a Stock Car Pro Series do ic\u00f4nico tra\u00e7ado ga\u00facho, que \u00e9 um dos mais admirados pelos pilotos da categoria. Em 1968, um acidente tr\u00e1gico nas 12 Horas de Porto Alegre, realizadas nas ruas da capital [&hellip;]<\/p>\n","protected":false},"author":6307,"featured_media":57431,"comment_status":"open","ping_status":"open","sticky":false,"template":"","format":"standard","meta":{"_exactmetrics_skip_tracking":false,"_exactmetrics_sitenote_active":false,"_exactmetrics_sitenote_note":"","_exactmetrics_sitenote_category":0,"footnotes":""},"categories":[1267],"tags":[8910,15317],"yoast_head":"<!-- This site is optimized with the Yoast SEO Premium plugin v22.7 (Yoast SEO v22.7) - https:\/\/yoast.com\/wordpress\/plugins\/seo\/ -->\n<title>MARING\u00c1 - Aut\u00f3dromo de Tarum\u00e3 volta a receber a Stock Car - Orlando Gonzalez<\/title>\n<meta name=\"robots\" content=\"index, follow, max-snippet:-1, max-image-preview:large, max-video-preview:-1\" \/>\n<link rel=\"canonical\" href=\"https:\/\/maringapost.com.br\/orlandogonzalez\/2023\/05\/15\/maringa-autodromo-de-taruma-volta-a-receber-a-stock-car\/\" \/>\n<meta property=\"og:locale\" content=\"pt_BR\" \/>\n<meta property=\"og:type\" content=\"article\" \/>\n<meta property=\"og:title\" content=\"MARING\u00c1 - Aut\u00f3dromo de Tarum\u00e3 volta a receber a Stock Car\" \/>\n<meta property=\"og:description\" content=\"Foram motivos de seguran\u00e7a que deram impulso \u00e0 constru\u00e7\u00e3o do Aut\u00f3dromo Internacional de Tarum\u00e3 \u2013 e a mesma raz\u00e3o afastou a Stock Car Pro Series do ic\u00f4nico tra\u00e7ado ga\u00facho, que \u00e9 um dos mais admirados pelos pilotos da categoria. Em 1968, um acidente tr\u00e1gico nas 12 Horas de Porto Alegre, realizadas nas ruas da capital [&hellip;]\" \/>\n<meta property=\"og:url\" content=\"https:\/\/maringapost.com.br\/orlandogonzalez\/2023\/05\/15\/maringa-autodromo-de-taruma-volta-a-receber-a-stock-car\/\" \/>\n<meta property=\"og:site_name\" content=\"Orlando Gonzalez\" \/>\n<meta property=\"article:author\" content=\"https:\/\/www.facebook.com\/profile.php?id=100011095815065\" \/>\n<meta property=\"article:published_time\" content=\"2023-05-15T13:30:23+00:00\" \/>\n<meta property=\"og:image\" content=\"https:\/\/maringapost.com.br\/orlandogonzalez\/wp-content\/uploads\/sites\/17\/2023\/05\/taruma.jpg\" \/>\n\t<meta property=\"og:image:width\" content=\"600\" \/>\n\t<meta property=\"og:image:height\" content=\"400\" \/>\n\t<meta property=\"og:image:type\" content=\"image\/jpeg\" \/>\n<meta name=\"author\" content=\"Orlando Gonzalez\" \/>\n<meta name=\"twitter:card\" content=\"summary_large_image\" \/>\n<meta name=\"twitter:creator\" content=\"@gonzalezorlando\" \/>\n<meta name=\"twitter:label1\" content=\"Escrito por\" \/>\n\t<meta name=\"twitter:data1\" content=\"\" \/>\n\t<meta name=\"twitter:label2\" content=\"Est. tempo de leitura\" \/>\n\t<meta name=\"twitter:data2\" content=\"7 minutos\" \/>\n<script type=\"application\/ld+json\" class=\"yoast-schema-graph\">{\"@context\":\"https:\/\/schema.org\",\"@graph\":[{\"@type\":\"WebPage\",\"@id\":\"https:\/\/maringapost.com.br\/orlandogonzalez\/2023\/05\/15\/maringa-autodromo-de-taruma-volta-a-receber-a-stock-car\/\",\"url\":\"https:\/\/maringapost.com.br\/orlandogonzalez\/2023\/05\/15\/maringa-autodromo-de-taruma-volta-a-receber-a-stock-car\/\",\"name\":\"MARING\u00c1 - Aut\u00f3dromo de Tarum\u00e3 volta a receber a Stock Car - Orlando Gonzalez\",\"isPartOf\":{\"@id\":\"https:\/\/maringapost.com.br\/orlandogonzalez\/#website\"},\"primaryImageOfPage\":{\"@id\":\"https:\/\/maringapost.com.br\/orlandogonzalez\/2023\/05\/15\/maringa-autodromo-de-taruma-volta-a-receber-a-stock-car\/#primaryimage\"},\"image\":{\"@id\":\"https:\/\/maringapost.com.br\/orlandogonzalez\/2023\/05\/15\/maringa-autodromo-de-taruma-volta-a-receber-a-stock-car\/#primaryimage\"},\"thumbnailUrl\":\"https:\/\/maringapost.com.br\/orlandogonzalez\/wp-content\/uploads\/sites\/17\/2023\/05\/taruma.jpg\",\"datePublished\":\"2023-05-15T13:30:23+00:00\",\"dateModified\":\"2023-05-15T13:30:23+00:00\",\"author\":{\"@id\":\"https:\/\/maringapost.com.br\/orlandogonzalez\/#\/schema\/person\/5cbe6257d08edea6afc9ebaa613b0633\"},\"inLanguage\":\"pt-BR\",\"potentialAction\":[{\"@type\":\"ReadAction\",\"target\":[\"https:\/\/maringapost.com.br\/orlandogonzalez\/2023\/05\/15\/maringa-autodromo-de-taruma-volta-a-receber-a-stock-car\/\"]}]},{\"@type\":\"ImageObject\",\"inLanguage\":\"pt-BR\",\"@id\":\"https:\/\/maringapost.com.br\/orlandogonzalez\/2023\/05\/15\/maringa-autodromo-de-taruma-volta-a-receber-a-stock-car\/#primaryimage\",\"url\":\"https:\/\/maringapost.com.br\/orlandogonzalez\/wp-content\/uploads\/sites\/17\/2023\/05\/taruma.jpg\",\"contentUrl\":\"https:\/\/maringapost.com.br\/orlandogonzalez\/wp-content\/uploads\/sites\/17\/2023\/05\/taruma.jpg\",\"width\":600,\"height\":400},{\"@type\":\"WebSite\",\"@id\":\"https:\/\/maringapost.com.br\/orlandogonzalez\/#website\",\"url\":\"https:\/\/maringapost.com.br\/orlandogonzalez\/\",\"name\":\"Orlando Gonzalez\",\"description\":\"Destaca o esporte de Maring\u00e1! Destaca o esporte do Paran\u00e1! Destaca o esporte do Brasil!\",\"potentialAction\":[{\"@type\":\"SearchAction\",\"target\":{\"@type\":\"EntryPoint\",\"urlTemplate\":\"https:\/\/maringapost.com.br\/orlandogonzalez\/?s={search_term_string}\"},\"query-input\":\"required name=search_term_string\"}],\"inLanguage\":\"pt-BR\"},{\"@type\":\"Person\",\"@id\":\"https:\/\/maringapost.com.br\/orlandogonzalez\/#\/schema\/person\/5cbe6257d08edea6afc9ebaa613b0633\",\"name\":\"Orlando Gonzalez\",\"image\":{\"@type\":\"ImageObject\",\"inLanguage\":\"pt-BR\",\"@id\":\"https:\/\/maringapost.com.br\/orlandogonzalez\/#\/schema\/person\/image\/\",\"url\":\"https:\/\/secure.gravatar.com\/avatar\/ecef9d1c9afe5ebdafadde8369065ba5?s=96&d=mm&r=g\",\"contentUrl\":\"https:\/\/secure.gravatar.com\/avatar\/ecef9d1c9afe5ebdafadde8369065ba5?s=96&d=mm&r=g\",\"caption\":\"Orlando Gonzalez\"},\"description\":\"H\u00e1 29 anos na cobertura do esporte de Maring\u00e1. Plant\u00e3o e narrador esportivo. Presta\u00e7\u00e3o de assessoria de imprensa esportiva, cobertura e transmiss\u00f5es ao vivo de eventos esportivos. E-mail: orlandogonzalez.assessoria@gmail.com WhatsApp: (44) 9 9126-6119\",\"sameAs\":[\"http:\/\/www.radiomaringa.com.br\/\",\"https:\/\/www.facebook.com\/profile.php?id=100011095815065\",\"https:\/\/www.instagram.com\/orlandomgonzalez\/\",\"https:\/\/br.pinterest.com\/ogonzalez0530\/\",\"https:\/\/x.com\/gonzalezorlando\",\"https:\/\/www.youtube.com\/channel\/UCvFpl55btth8wjnKiSS1ibA\",\"https:\/\/radiomaringaweb.tumblr.com\/\"],\"url\":\"https:\/\/maringapost.com.br\/orlandogonzalez\/author\/orlando\/\"}]}<\/script>\n<!-- \/ Yoast SEO Premium plugin. -->","yoast_head_json":{"title":"MARING\u00c1 - Aut\u00f3dromo de Tarum\u00e3 volta a receber a Stock Car - Orlando Gonzalez","robots":{"index":"index","follow":"follow","max-snippet":"max-snippet:-1","max-image-preview":"max-image-preview:large","max-video-preview":"max-video-preview:-1"},"canonical":"https:\/\/maringapost.com.br\/orlandogonzalez\/2023\/05\/15\/maringa-autodromo-de-taruma-volta-a-receber-a-stock-car\/","og_locale":"pt_BR","og_type":"article","og_title":"MARING\u00c1 - Aut\u00f3dromo de Tarum\u00e3 volta a receber a Stock Car","og_description":"Foram motivos de seguran\u00e7a que deram impulso \u00e0 constru\u00e7\u00e3o do Aut\u00f3dromo Internacional de Tarum\u00e3 \u2013 e a mesma raz\u00e3o afastou a Stock Car Pro Series do ic\u00f4nico tra\u00e7ado ga\u00facho, que \u00e9 um dos mais admirados pelos pilotos da categoria. Em 1968, um acidente tr\u00e1gico nas 12 Horas de Porto Alegre, realizadas nas ruas da capital [&hellip;]","og_url":"https:\/\/maringapost.com.br\/orlandogonzalez\/2023\/05\/15\/maringa-autodromo-de-taruma-volta-a-receber-a-stock-car\/","og_site_name":"Orlando Gonzalez","article_author":"https:\/\/www.facebook.com\/profile.php?id=100011095815065","article_published_time":"2023-05-15T13:30:23+00:00","og_image":[{"width":600,"height":400,"url":"https:\/\/maringapost.com.br\/orlandogonzalez\/wp-content\/uploads\/sites\/17\/2023\/05\/taruma.jpg","type":"image\/jpeg"}],"author":"Orlando Gonzalez","twitter_card":"summary_large_image","twitter_creator":"@gonzalezorlando","twitter_misc":{"Escrito por":false,"Est. tempo de leitura":"7 minutos"},"schema":{"@context":"https:\/\/schema.org","@graph":[{"@type":"WebPage","@id":"https:\/\/maringapost.com.br\/orlandogonzalez\/2023\/05\/15\/maringa-autodromo-de-taruma-volta-a-receber-a-stock-car\/","url":"https:\/\/maringapost.com.br\/orlandogonzalez\/2023\/05\/15\/maringa-autodromo-de-taruma-volta-a-receber-a-stock-car\/","name":"MARING\u00c1 - Aut\u00f3dromo de Tarum\u00e3 volta a receber a Stock Car - Orlando Gonzalez","isPartOf":{"@id":"https:\/\/maringapost.com.br\/orlandogonzalez\/#website"},"primaryImageOfPage":{"@id":"https:\/\/maringapost.com.br\/orlandogonzalez\/2023\/05\/15\/maringa-autodromo-de-taruma-volta-a-receber-a-stock-car\/#primaryimage"},"image":{"@id":"https:\/\/maringapost.com.br\/orlandogonzalez\/2023\/05\/15\/maringa-autodromo-de-taruma-volta-a-receber-a-stock-car\/#primaryimage"},"thumbnailUrl":"https:\/\/maringapost.com.br\/orlandogonzalez\/wp-content\/uploads\/sites\/17\/2023\/05\/taruma.jpg","datePublished":"2023-05-15T13:30:23+00:00","dateModified":"2023-05-15T13:30:23+00:00","author":{"@id":"https:\/\/maringapost.com.br\/orlandogonzalez\/#\/schema\/person\/5cbe6257d08edea6afc9ebaa613b0633"},"inLanguage":"pt-BR","potentialAction":[{"@type":"ReadAction","target":["https:\/\/maringapost.com.br\/orlandogonzalez\/2023\/05\/15\/maringa-autodromo-de-taruma-volta-a-receber-a-stock-car\/"]}]},{"@type":"ImageObject","inLanguage":"pt-BR","@id":"https:\/\/maringapost.com.br\/orlandogonzalez\/2023\/05\/15\/maringa-autodromo-de-taruma-volta-a-receber-a-stock-car\/#primaryimage","url":"https:\/\/maringapost.com.br\/orlandogonzalez\/wp-content\/uploads\/sites\/17\/2023\/05\/taruma.jpg","contentUrl":"https:\/\/maringapost.com.br\/orlandogonzalez\/wp-content\/uploads\/sites\/17\/2023\/05\/taruma.jpg","width":600,"height":400},{"@type":"WebSite","@id":"https:\/\/maringapost.com.br\/orlandogonzalez\/#website","url":"https:\/\/maringapost.com.br\/orlandogonzalez\/","name":"Orlando Gonzalez","description":"Destaca o esporte de Maring\u00e1! Destaca o esporte do Paran\u00e1! Destaca o esporte do Brasil!","potentialAction":[{"@type":"SearchAction","target":{"@type":"EntryPoint","urlTemplate":"https:\/\/maringapost.com.br\/orlandogonzalez\/?s={search_term_string}"},"query-input":"required name=search_term_string"}],"inLanguage":"pt-BR"},{"@type":"Person","@id":"https:\/\/maringapost.com.br\/orlandogonzalez\/#\/schema\/person\/5cbe6257d08edea6afc9ebaa613b0633","name":"Orlando Gonzalez","image":{"@type":"ImageObject","inLanguage":"pt-BR","@id":"https:\/\/maringapost.com.br\/orlandogonzalez\/#\/schema\/person\/image\/","url":"https:\/\/secure.gravatar.com\/avatar\/ecef9d1c9afe5ebdafadde8369065ba5?s=96&d=mm&r=g","contentUrl":"https:\/\/secure.gravatar.com\/avatar\/ecef9d1c9afe5ebdafadde8369065ba5?s=96&d=mm&r=g","caption":"Orlando Gonzalez"},"description":"H\u00e1 29 anos na cobertura do esporte de Maring\u00e1. Plant\u00e3o e narrador esportivo. Presta\u00e7\u00e3o de assessoria de imprensa esportiva, cobertura e transmiss\u00f5es ao vivo de eventos esportivos. E-mail: orlandogonzalez.assessoria@gmail.com WhatsApp: (44) 9 9126-6119","sameAs":["http:\/\/www.radiomaringa.com.br\/","https:\/\/www.facebook.com\/profile.php?id=100011095815065","https:\/\/www.instagram.com\/orlandomgonzalez\/","https:\/\/br.pinterest.com\/ogonzalez0530\/","https:\/\/x.com\/gonzalezorlando","https:\/\/www.youtube.com\/channel\/UCvFpl55btth8wjnKiSS1ibA","https:\/\/radiomaringaweb.tumblr.com\/"],"url":"https:\/\/maringapost.com.br\/orlandogonzalez\/author\/orlando\/"}]}},"_links":{"self":[{"href":"https:\/\/maringapost.com.br\/orlandogonzalez\/wp-json\/wp\/v2\/posts\/57430"}],"collection":[{"href":"https:\/\/maringapost.com.br\/orlandogonzalez\/wp-json\/wp\/v2\/posts"}],"about":[{"href":"https:\/\/maringapost.com.br\/orlandogonzalez\/wp-json\/wp\/v2\/types\/post"}],"author":[{"embeddable":true,"href":"https:\/\/maringapost.com.br\/orlandogonzalez\/wp-json\/wp\/v2\/users\/6307"}],"replies":[{"embeddable":true,"href":"https:\/\/maringapost.com.br\/orlandogonzalez\/wp-json\/wp\/v2\/comments?post=57430"}],"version-history":[{"count":1,"href":"https:\/\/maringapost.com.br\/orlandogonzalez\/wp-json\/wp\/v2\/posts\/57430\/revisions"}],"predecessor-version":[{"id":57432,"href":"https:\/\/maringapost.com.br\/orlandogonzalez\/wp-json\/wp\/v2\/posts\/57430\/revisions\/57432"}],"wp:featuredmedia":[{"embeddable":true,"href":"https:\/\/maringapost.com.br\/orlandogonzalez\/wp-json\/wp\/v2\/media\/57431"}],"wp:attachment":[{"href":"https:\/\/maringapost.com.br\/orlandogonzalez\/wp-json\/wp\/v2\/media?parent=57430"}],"wp:term":[{"taxonomy":"category","embeddable":true,"href":"https:\/\/maringapost.com.br\/orlandogonzalez\/wp-json\/wp\/v2\/categories?post=57430"},{"taxonomy":"post_tag","embeddable":true,"href":"https:\/\/maringapost.com.br\/orlandogonzalez\/wp-json\/wp\/v2\/tags?post=57430"}],"curies":[{"name":"wp","href":"https:\/\/api.w.org\/{rel}","templated":true}]}}