{"id":57329,"date":"2023-05-03T17:36:48","date_gmt":"2023-05-03T20:36:48","guid":{"rendered":"https:\/\/maringapost.com.br\/orlandogonzalez\/?p=57329"},"modified":"2023-05-03T17:36:48","modified_gmt":"2023-05-03T20:36:48","slug":"maringa-time-nissan-de-formula-e-projeta-conquistar-pontos-no-e-prix-de-monaco","status":"publish","type":"post","link":"https:\/\/maringapost.com.br\/orlandogonzalez\/2023\/05\/03\/maringa-time-nissan-de-formula-e-projeta-conquistar-pontos-no-e-prix-de-monaco\/","title":{"rendered":"MARING\u00c1 &#8211; Time Nissan de F\u00f3rmula E projeta conquistar pontos no E-Prix de M\u00f4naco"},"content":{"rendered":"<p style=\"margin: 0px 0px 10px;color: #333333;font-family: NissanPro, Helvetica, Arial, sans-serif\"><span style=\"font-size: 24px\">\u00a0<a style=\"background-color: transparent;color: #000000;cursor: pointer\" href=\"https:\/\/www.nismo.com\/formulae\" target=\"_blank\" rel=\"noopener noreferrer\">A equipe de F\u00f3rmula E da Nissan<\/a>\u00a0viaja para o fascinante destino de Monte Carlo para disputar o E-Prix de M\u00f4naco deste fim de semana, quando a 9\u00aa temporada do ABB FIA Formula E World Championship entra em seu segundo semestre.<\/span><\/p>\n<p style=\"margin: 0px 0px 10px;color: #333333;font-family: NissanPro, Helvetica, Arial, sans-serif\"><span style=\"font-size: 24px\">Norman Nato e Sacha Fenestraz v\u00e3o tentar se recuperar no principado depois de um fim de semana desafiador em Berlim. A dupla est\u00e1 buscando bons pontos em um local onde ambos tiveram sucesso anterior em v\u00e1rias categorias de monopostos ao longo de seus anos de competi\u00e7\u00f5es em pistas.<\/span><\/p>\n<p style=\"margin: 0px 0px 10px;color: #333333;font-family: NissanPro, Helvetica, Arial, sans-serif\"><span style=\"font-size: 24px\">A F\u00f3rmula E correu pela primeira vez em M\u00f4naco na 1\u00aa temporada e foi realizada em um percurso mais curto nos primeiros tr\u00eas anos. Em 2021, a s\u00e9rie usou uma varia\u00e7\u00e3o muito pr\u00f3xima do circuito do Grande Pr\u00eamio, embora com algumas pequenas diferen\u00e7as, antes de mudar para o layout de 3,337 quil\u00f4metros instantaneamente reconhec\u00edvel em 2022.<\/span><\/p>\n<p style=\"margin: 0px 0px 10px;color: #333333;font-family: NissanPro, Helvetica, Arial, sans-serif\"><span style=\"font-weight: bold;font-size: 24px\">Tommaso Volpe, diretor geral e diretor da Equipe Nissan de F\u00f3rmula E:<\/span><br \/><span style=\"font-size: 24px\">\u201cIr para M\u00f4naco \u00e9 sempre especial para qualquer pessoa envolvida com o automobilismo, pois sua hist\u00f3ria a torna uma das melhores corridas do calend\u00e1rio. Esperamos que o gerenciamento de energia seja o principal assunto do fim de semana devido \u00e0s muitas mudan\u00e7as de eleva\u00e7\u00e3o do circuito, bastante incomum para a F\u00f3rmula E e vai impactar a todos. Pensando nisso, a tend\u00eancia dos carros usarem o reboque e n\u00e3o querer liderar deve continuar aqui, ent\u00e3o trata-se de transformar a situa\u00e7\u00e3o em uma vantagem enquanto buscamos bons pontos. Encontramos algumas solu\u00e7\u00f5es para os problemas que tivemos em Berlim, gra\u00e7as ao bom trabalho da equipe no Rookie Test, ent\u00e3o nosso objetivo \u00e9 implement\u00e1-los de forma eficaz e ser mais competitivo aqui\u201d.<\/span><\/p>\n<p style=\"margin: 0px 0px 10px;color: #333333;font-family: NissanPro, Helvetica, Arial, sans-serif\"><span style=\"font-weight: bold;font-size: 24px\">Norman Nato:<\/span><br \/><span style=\"font-size: 24px\">&#8220;Estou muito animado para correr em M\u00f4naco. \u00c9 um lugar incr\u00edvel com uma hist\u00f3ria t\u00e3o marcante. Nunca competi em um evento oficial do Campeonato Mundial aqui, ent\u00e3o \u00e9 um privil\u00e9gio poder faz\u00ea-lo. \u00c9 uma pista que eu tenho boas lembran\u00e7as de como ganhei aqui duas vezes em minha carreira j\u00fanior, ent\u00e3o mal posso esperar pelo in\u00edcio do fim de semana. Tivemos um momento complicado em Berlim, mas o objetivo \u00e9 nos recuperar. O teste de novato nos deu uma grande oportunidade de encontrar algumas solu\u00e7\u00f5es e estou otimista de que fizemos progressos. Nosso potencial foi alto em alguns momentos nesta temporada e pretendo mostrar isso e voltar aos pontos, pois achamos que M\u00f4naco deve servir n\u00f3s.&#8221;<\/span><\/p>\n<p style=\"margin: 0px 0px 10px;color: #333333;font-family: NissanPro, Helvetica, Arial, sans-serif\"><span style=\"font-weight: bold;font-size: 24px\">Sacha Fenestraz:<\/span><br \/><span style=\"font-size: 24px\">&#8220;Dirigir em M\u00f4naco \u00e9 sempre um sonho. Moro aqui h\u00e1 muitos anos, mas ainda me emociono toda vez que entro no circuito. \u00c9 sempre um desafio ultrapassar, ent\u00e3o a classifica\u00e7\u00e3o ser\u00e1 mais importante do que o normal neste fim de semana. O objetivo \u00e9 liberar nosso potencial e trazer alguns pontos para a equipe. J\u00e1 venci aqui no kart e na f\u00f3rmula j\u00fanior, ent\u00e3o espero poder usar essa experi\u00eancia para ajudar o time.&#8221;<\/span><\/p>\n<p style=\"margin: 0px 0px 10px;color: #333333;font-family: NissanPro, Helvetica, Arial, sans-serif\"><span style=\"font-size: 24px\">(Assessoria)<\/span><\/p>\n","protected":false},"excerpt":{"rendered":"<p>\u00a0A equipe de F\u00f3rmula E da Nissan\u00a0viaja para o fascinante destino de Monte Carlo para disputar o E-Prix de M\u00f4naco deste fim de semana, quando a 9\u00aa temporada do ABB FIA Formula E World Championship entra em seu segundo semestre. Norman Nato e Sacha Fenestraz v\u00e3o tentar se recuperar no principado depois de um fim [&hellip;]<\/p>\n","protected":false},"author":6307,"featured_media":57330,"comment_status":"open","ping_status":"open","sticky":false,"template":"","format":"standard","meta":{"_exactmetrics_skip_tracking":false,"_exactmetrics_sitenote_active":false,"_exactmetrics_sitenote_note":"","_exactmetrics_sitenote_category":0,"footnotes":""},"categories":[1267],"tags":[8910,15312],"yoast_head":"<!-- This site is optimized with the Yoast SEO Premium plugin v22.7 (Yoast SEO v22.7) - https:\/\/yoast.com\/wordpress\/plugins\/seo\/ -->\n<title>MARING\u00c1 - Time Nissan de F\u00f3rmula E projeta conquistar pontos no E-Prix de M\u00f4naco - Orlando Gonzalez<\/title>\n<meta name=\"robots\" content=\"index, follow, max-snippet:-1, max-image-preview:large, max-video-preview:-1\" \/>\n<link rel=\"canonical\" href=\"https:\/\/maringapost.com.br\/orlandogonzalez\/2023\/05\/03\/maringa-time-nissan-de-formula-e-projeta-conquistar-pontos-no-e-prix-de-monaco\/\" \/>\n<meta property=\"og:locale\" content=\"pt_BR\" \/>\n<meta property=\"og:type\" content=\"article\" \/>\n<meta property=\"og:title\" content=\"MARING\u00c1 - Time Nissan de F\u00f3rmula E projeta conquistar pontos no E-Prix de M\u00f4naco\" \/>\n<meta property=\"og:description\" content=\"\u00a0A equipe de F\u00f3rmula E da Nissan\u00a0viaja para o fascinante destino de Monte Carlo para disputar o E-Prix de M\u00f4naco deste fim de semana, quando a 9\u00aa temporada do ABB FIA Formula E World Championship entra em seu segundo semestre. Norman Nato e Sacha Fenestraz v\u00e3o tentar se recuperar no principado depois de um fim [&hellip;]\" \/>\n<meta property=\"og:url\" content=\"https:\/\/maringapost.com.br\/orlandogonzalez\/2023\/05\/03\/maringa-time-nissan-de-formula-e-projeta-conquistar-pontos-no-e-prix-de-monaco\/\" \/>\n<meta property=\"og:site_name\" content=\"Orlando Gonzalez\" \/>\n<meta property=\"article:author\" content=\"https:\/\/www.facebook.com\/profile.php?id=100011095815065\" \/>\n<meta property=\"article:published_time\" content=\"2023-05-03T20:36:48+00:00\" \/>\n<meta property=\"og:image\" content=\"https:\/\/maringapost.com.br\/orlandogonzalez\/wp-content\/uploads\/sites\/17\/2023\/05\/nissan.jpg\" \/>\n\t<meta property=\"og:image:width\" content=\"900\" \/>\n\t<meta property=\"og:image:height\" content=\"600\" \/>\n\t<meta property=\"og:image:type\" content=\"image\/jpeg\" \/>\n<meta name=\"author\" content=\"Orlando Gonzalez\" \/>\n<meta name=\"twitter:card\" content=\"summary_large_image\" \/>\n<meta name=\"twitter:creator\" content=\"@gonzalezorlando\" \/>\n<meta name=\"twitter:label1\" content=\"Escrito por\" \/>\n\t<meta name=\"twitter:data1\" content=\"\" \/>\n\t<meta name=\"twitter:label2\" content=\"Est. tempo de leitura\" \/>\n\t<meta name=\"twitter:data2\" content=\"3 minutos\" \/>\n<script type=\"application\/ld+json\" class=\"yoast-schema-graph\">{\"@context\":\"https:\/\/schema.org\",\"@graph\":[{\"@type\":\"WebPage\",\"@id\":\"https:\/\/maringapost.com.br\/orlandogonzalez\/2023\/05\/03\/maringa-time-nissan-de-formula-e-projeta-conquistar-pontos-no-e-prix-de-monaco\/\",\"url\":\"https:\/\/maringapost.com.br\/orlandogonzalez\/2023\/05\/03\/maringa-time-nissan-de-formula-e-projeta-conquistar-pontos-no-e-prix-de-monaco\/\",\"name\":\"MARING\u00c1 - Time Nissan de F\u00f3rmula E projeta conquistar pontos no E-Prix de M\u00f4naco - Orlando Gonzalez\",\"isPartOf\":{\"@id\":\"https:\/\/maringapost.com.br\/orlandogonzalez\/#website\"},\"primaryImageOfPage\":{\"@id\":\"https:\/\/maringapost.com.br\/orlandogonzalez\/2023\/05\/03\/maringa-time-nissan-de-formula-e-projeta-conquistar-pontos-no-e-prix-de-monaco\/#primaryimage\"},\"image\":{\"@id\":\"https:\/\/maringapost.com.br\/orlandogonzalez\/2023\/05\/03\/maringa-time-nissan-de-formula-e-projeta-conquistar-pontos-no-e-prix-de-monaco\/#primaryimage\"},\"thumbnailUrl\":\"https:\/\/maringapost.com.br\/orlandogonzalez\/wp-content\/uploads\/sites\/17\/2023\/05\/nissan.jpg\",\"datePublished\":\"2023-05-03T20:36:48+00:00\",\"dateModified\":\"2023-05-03T20:36:48+00:00\",\"author\":{\"@id\":\"https:\/\/maringapost.com.br\/orlandogonzalez\/#\/schema\/person\/5cbe6257d08edea6afc9ebaa613b0633\"},\"inLanguage\":\"pt-BR\",\"potentialAction\":[{\"@type\":\"ReadAction\",\"target\":[\"https:\/\/maringapost.com.br\/orlandogonzalez\/2023\/05\/03\/maringa-time-nissan-de-formula-e-projeta-conquistar-pontos-no-e-prix-de-monaco\/\"]}]},{\"@type\":\"ImageObject\",\"inLanguage\":\"pt-BR\",\"@id\":\"https:\/\/maringapost.com.br\/orlandogonzalez\/2023\/05\/03\/maringa-time-nissan-de-formula-e-projeta-conquistar-pontos-no-e-prix-de-monaco\/#primaryimage\",\"url\":\"https:\/\/maringapost.com.br\/orlandogonzalez\/wp-content\/uploads\/sites\/17\/2023\/05\/nissan.jpg\",\"contentUrl\":\"https:\/\/maringapost.com.br\/orlandogonzalez\/wp-content\/uploads\/sites\/17\/2023\/05\/nissan.jpg\",\"width\":900,\"height\":600},{\"@type\":\"WebSite\",\"@id\":\"https:\/\/maringapost.com.br\/orlandogonzalez\/#website\",\"url\":\"https:\/\/maringapost.com.br\/orlandogonzalez\/\",\"name\":\"Orlando Gonzalez\",\"description\":\"Destaca o esporte de Maring\u00e1! Destaca o esporte do Paran\u00e1! Destaca o esporte do Brasil!\",\"potentialAction\":[{\"@type\":\"SearchAction\",\"target\":{\"@type\":\"EntryPoint\",\"urlTemplate\":\"https:\/\/maringapost.com.br\/orlandogonzalez\/?s={search_term_string}\"},\"query-input\":\"required name=search_term_string\"}],\"inLanguage\":\"pt-BR\"},{\"@type\":\"Person\",\"@id\":\"https:\/\/maringapost.com.br\/orlandogonzalez\/#\/schema\/person\/5cbe6257d08edea6afc9ebaa613b0633\",\"name\":\"Orlando Gonzalez\",\"image\":{\"@type\":\"ImageObject\",\"inLanguage\":\"pt-BR\",\"@id\":\"https:\/\/maringapost.com.br\/orlandogonzalez\/#\/schema\/person\/image\/\",\"url\":\"https:\/\/secure.gravatar.com\/avatar\/ecef9d1c9afe5ebdafadde8369065ba5?s=96&d=mm&r=g\",\"contentUrl\":\"https:\/\/secure.gravatar.com\/avatar\/ecef9d1c9afe5ebdafadde8369065ba5?s=96&d=mm&r=g\",\"caption\":\"Orlando Gonzalez\"},\"description\":\"H\u00e1 29 anos na cobertura do esporte de Maring\u00e1. Plant\u00e3o e narrador esportivo. Presta\u00e7\u00e3o de assessoria de imprensa esportiva, cobertura e transmiss\u00f5es ao vivo de eventos esportivos. E-mail: orlandogonzalez.assessoria@gmail.com WhatsApp: (44) 9 9126-6119\",\"sameAs\":[\"http:\/\/www.radiomaringa.com.br\/\",\"https:\/\/www.facebook.com\/profile.php?id=100011095815065\",\"https:\/\/www.instagram.com\/orlandomgonzalez\/\",\"https:\/\/br.pinterest.com\/ogonzalez0530\/\",\"https:\/\/x.com\/gonzalezorlando\",\"https:\/\/www.youtube.com\/channel\/UCvFpl55btth8wjnKiSS1ibA\",\"https:\/\/radiomaringaweb.tumblr.com\/\"],\"url\":\"https:\/\/maringapost.com.br\/orlandogonzalez\/author\/orlando\/\"}]}<\/script>\n<!-- \/ Yoast SEO Premium plugin. -->","yoast_head_json":{"title":"MARING\u00c1 - Time Nissan de F\u00f3rmula E projeta conquistar pontos no E-Prix de M\u00f4naco - Orlando Gonzalez","robots":{"index":"index","follow":"follow","max-snippet":"max-snippet:-1","max-image-preview":"max-image-preview:large","max-video-preview":"max-video-preview:-1"},"canonical":"https:\/\/maringapost.com.br\/orlandogonzalez\/2023\/05\/03\/maringa-time-nissan-de-formula-e-projeta-conquistar-pontos-no-e-prix-de-monaco\/","og_locale":"pt_BR","og_type":"article","og_title":"MARING\u00c1 - Time Nissan de F\u00f3rmula E projeta conquistar pontos no E-Prix de M\u00f4naco","og_description":"\u00a0A equipe de F\u00f3rmula E da Nissan\u00a0viaja para o fascinante destino de Monte Carlo para disputar o E-Prix de M\u00f4naco deste fim de semana, quando a 9\u00aa temporada do ABB FIA Formula E World Championship entra em seu segundo semestre. Norman Nato e Sacha Fenestraz v\u00e3o tentar se recuperar no principado depois de um fim [&hellip;]","og_url":"https:\/\/maringapost.com.br\/orlandogonzalez\/2023\/05\/03\/maringa-time-nissan-de-formula-e-projeta-conquistar-pontos-no-e-prix-de-monaco\/","og_site_name":"Orlando Gonzalez","article_author":"https:\/\/www.facebook.com\/profile.php?id=100011095815065","article_published_time":"2023-05-03T20:36:48+00:00","og_image":[{"width":900,"height":600,"url":"https:\/\/maringapost.com.br\/orlandogonzalez\/wp-content\/uploads\/sites\/17\/2023\/05\/nissan.jpg","type":"image\/jpeg"}],"author":"Orlando Gonzalez","twitter_card":"summary_large_image","twitter_creator":"@gonzalezorlando","twitter_misc":{"Escrito por":false,"Est. tempo de leitura":"3 minutos"},"schema":{"@context":"https:\/\/schema.org","@graph":[{"@type":"WebPage","@id":"https:\/\/maringapost.com.br\/orlandogonzalez\/2023\/05\/03\/maringa-time-nissan-de-formula-e-projeta-conquistar-pontos-no-e-prix-de-monaco\/","url":"https:\/\/maringapost.com.br\/orlandogonzalez\/2023\/05\/03\/maringa-time-nissan-de-formula-e-projeta-conquistar-pontos-no-e-prix-de-monaco\/","name":"MARING\u00c1 - Time Nissan de F\u00f3rmula E projeta conquistar pontos no E-Prix de M\u00f4naco - Orlando Gonzalez","isPartOf":{"@id":"https:\/\/maringapost.com.br\/orlandogonzalez\/#website"},"primaryImageOfPage":{"@id":"https:\/\/maringapost.com.br\/orlandogonzalez\/2023\/05\/03\/maringa-time-nissan-de-formula-e-projeta-conquistar-pontos-no-e-prix-de-monaco\/#primaryimage"},"image":{"@id":"https:\/\/maringapost.com.br\/orlandogonzalez\/2023\/05\/03\/maringa-time-nissan-de-formula-e-projeta-conquistar-pontos-no-e-prix-de-monaco\/#primaryimage"},"thumbnailUrl":"https:\/\/maringapost.com.br\/orlandogonzalez\/wp-content\/uploads\/sites\/17\/2023\/05\/nissan.jpg","datePublished":"2023-05-03T20:36:48+00:00","dateModified":"2023-05-03T20:36:48+00:00","author":{"@id":"https:\/\/maringapost.com.br\/orlandogonzalez\/#\/schema\/person\/5cbe6257d08edea6afc9ebaa613b0633"},"inLanguage":"pt-BR","potentialAction":[{"@type":"ReadAction","target":["https:\/\/maringapost.com.br\/orlandogonzalez\/2023\/05\/03\/maringa-time-nissan-de-formula-e-projeta-conquistar-pontos-no-e-prix-de-monaco\/"]}]},{"@type":"ImageObject","inLanguage":"pt-BR","@id":"https:\/\/maringapost.com.br\/orlandogonzalez\/2023\/05\/03\/maringa-time-nissan-de-formula-e-projeta-conquistar-pontos-no-e-prix-de-monaco\/#primaryimage","url":"https:\/\/maringapost.com.br\/orlandogonzalez\/wp-content\/uploads\/sites\/17\/2023\/05\/nissan.jpg","contentUrl":"https:\/\/maringapost.com.br\/orlandogonzalez\/wp-content\/uploads\/sites\/17\/2023\/05\/nissan.jpg","width":900,"height":600},{"@type":"WebSite","@id":"https:\/\/maringapost.com.br\/orlandogonzalez\/#website","url":"https:\/\/maringapost.com.br\/orlandogonzalez\/","name":"Orlando Gonzalez","description":"Destaca o esporte de Maring\u00e1! Destaca o esporte do Paran\u00e1! Destaca o esporte do Brasil!","potentialAction":[{"@type":"SearchAction","target":{"@type":"EntryPoint","urlTemplate":"https:\/\/maringapost.com.br\/orlandogonzalez\/?s={search_term_string}"},"query-input":"required name=search_term_string"}],"inLanguage":"pt-BR"},{"@type":"Person","@id":"https:\/\/maringapost.com.br\/orlandogonzalez\/#\/schema\/person\/5cbe6257d08edea6afc9ebaa613b0633","name":"Orlando Gonzalez","image":{"@type":"ImageObject","inLanguage":"pt-BR","@id":"https:\/\/maringapost.com.br\/orlandogonzalez\/#\/schema\/person\/image\/","url":"https:\/\/secure.gravatar.com\/avatar\/ecef9d1c9afe5ebdafadde8369065ba5?s=96&d=mm&r=g","contentUrl":"https:\/\/secure.gravatar.com\/avatar\/ecef9d1c9afe5ebdafadde8369065ba5?s=96&d=mm&r=g","caption":"Orlando Gonzalez"},"description":"H\u00e1 29 anos na cobertura do esporte de Maring\u00e1. Plant\u00e3o e narrador esportivo. Presta\u00e7\u00e3o de assessoria de imprensa esportiva, cobertura e transmiss\u00f5es ao vivo de eventos esportivos. E-mail: orlandogonzalez.assessoria@gmail.com WhatsApp: (44) 9 9126-6119","sameAs":["http:\/\/www.radiomaringa.com.br\/","https:\/\/www.facebook.com\/profile.php?id=100011095815065","https:\/\/www.instagram.com\/orlandomgonzalez\/","https:\/\/br.pinterest.com\/ogonzalez0530\/","https:\/\/x.com\/gonzalezorlando","https:\/\/www.youtube.com\/channel\/UCvFpl55btth8wjnKiSS1ibA","https:\/\/radiomaringaweb.tumblr.com\/"],"url":"https:\/\/maringapost.com.br\/orlandogonzalez\/author\/orlando\/"}]}},"_links":{"self":[{"href":"https:\/\/maringapost.com.br\/orlandogonzalez\/wp-json\/wp\/v2\/posts\/57329"}],"collection":[{"href":"https:\/\/maringapost.com.br\/orlandogonzalez\/wp-json\/wp\/v2\/posts"}],"about":[{"href":"https:\/\/maringapost.com.br\/orlandogonzalez\/wp-json\/wp\/v2\/types\/post"}],"author":[{"embeddable":true,"href":"https:\/\/maringapost.com.br\/orlandogonzalez\/wp-json\/wp\/v2\/users\/6307"}],"replies":[{"embeddable":true,"href":"https:\/\/maringapost.com.br\/orlandogonzalez\/wp-json\/wp\/v2\/comments?post=57329"}],"version-history":[{"count":1,"href":"https:\/\/maringapost.com.br\/orlandogonzalez\/wp-json\/wp\/v2\/posts\/57329\/revisions"}],"predecessor-version":[{"id":57331,"href":"https:\/\/maringapost.com.br\/orlandogonzalez\/wp-json\/wp\/v2\/posts\/57329\/revisions\/57331"}],"wp:featuredmedia":[{"embeddable":true,"href":"https:\/\/maringapost.com.br\/orlandogonzalez\/wp-json\/wp\/v2\/media\/57330"}],"wp:attachment":[{"href":"https:\/\/maringapost.com.br\/orlandogonzalez\/wp-json\/wp\/v2\/media?parent=57329"}],"wp:term":[{"taxonomy":"category","embeddable":true,"href":"https:\/\/maringapost.com.br\/orlandogonzalez\/wp-json\/wp\/v2\/categories?post=57329"},{"taxonomy":"post_tag","embeddable":true,"href":"https:\/\/maringapost.com.br\/orlandogonzalez\/wp-json\/wp\/v2\/tags?post=57329"}],"curies":[{"name":"wp","href":"https:\/\/api.w.org\/{rel}","templated":true}]}}