{"id":56852,"date":"2023-03-02T08:44:48","date_gmt":"2023-03-02T11:44:48","guid":{"rendered":"https:\/\/maringapost.com.br\/orlandogonzalez\/?p=56852"},"modified":"2023-03-02T08:44:48","modified_gmt":"2023-03-02T11:44:48","slug":"maringa-stock-car-tem-leilao-beneficente-de-pre-temporada","status":"publish","type":"post","link":"https:\/\/maringapost.com.br\/orlandogonzalez\/2023\/03\/02\/maringa-stock-car-tem-leilao-beneficente-de-pre-temporada\/","title":{"rendered":"MARING\u00c1 &#8211; Stock Car tem leil\u00e3o beneficente de pr\u00e9-temporada"},"content":{"rendered":"<p style=\"line-height: inherit;color: #555555;font-family: 'Trebuchet MS', 'Lucida Grande', 'Lucida Sans Unicode', 'Lucida Sans', Tahoma, sans-serif;font-size: 16px;text-align: justify\"><span style=\"font-size: 24px\">A temporada 2023 da Stock Car Pro Series vai come\u00e7ar no fim de semana de 2 de abril no Aut\u00f3dromo Internacional Ayrton Senna, em Goi\u00e2nia (GO). Mas a principal categoria do automobilismo na Am\u00e9rica Latina, em conjunto com a plataforma Play for a Cause, j\u00e1 entra na pista para abrir o Leil\u00e3o dos Campe\u00f5es, com a abertura de lances para quatro itens de colecionador e que marcaram o campeonato do ano passado.<\/span><br style=\"line-height: inherit\" \/><span style=\"font-size: 24px\">Toda a renda obtida com a a\u00e7\u00e3o beneficente ser\u00e1 destinada ao Instituto Ingo Hoffmann, institui\u00e7\u00e3o sem fins lucrativos capitaneada pelo doze vezes campe\u00e3o da Stock Car, sediada em Campinas (SP) e dedicada aos cuidados \u00e0s crian\u00e7as em tratamento contra o c\u00e2ncer e suas respectivas fam\u00edlias.<\/span><br style=\"line-height: inherit\" \/><span style=\"font-size: 24px\">O leil\u00e3o contempla quatro r\u00e9plicas de trof\u00e9us de vencedor entregues nas \u00faltimas etapas da temporada 2022: Velocitta e Santa Cruz do Sul, em setembro; Goi\u00e2nia, em outubro; e a ta\u00e7a entregue aos vencedores da \u00faltima etapa, a Super Final BRB, em Interlagos.<\/span><br style=\"line-height: inherit\" \/><span style=\"font-size: 24px\">Os lances partem do valor inicial de R$ 1.200,00 e ser\u00e3o v\u00e1lidos at\u00e9 28 de mar\u00e7o, na \u00faltima ter\u00e7a-feira do m\u00eas e na semana que antecede a abertura da temporada. Para participar dos leil\u00f5es \u00e9 preciso\u00a0<a style=\"line-height: inherit;color: #1155cc\" href=\"https:\/\/click.presskit.com.br\/url\/9264147529\/5878052499c\" target=\"_blank\" rel=\"noopener noreferrer\" data-saferedirecturl=\"https:\/\/www.google.com\/url?q=https:\/\/click.presskit.com.br\/url\/9264147529\/5878052499c&amp;source=gmail&amp;ust=1677842746173000&amp;usg=AOvVaw0yg189svC79rlbca7FFj7H\">acessar o link<\/a>\u00a0(<a style=\"line-height: inherit;color: #1155cc\" href=\"https:\/\/click.presskit.com.br\/url\/9264147529\/5878052499c\" target=\"_blank\" rel=\"noopener noreferrer\" data-saferedirecturl=\"https:\/\/www.google.com\/url?q=https:\/\/click.presskit.com.br\/url\/9264147529\/5878052499c&amp;source=gmail&amp;ust=1677842746173000&amp;usg=AOvVaw0yg189svC79rlbca7FFj7H\">https:\/\/play.foracause.com.br\/en\/stock-pre-temporada-2023\/<\/a>) e seguir as instru\u00e7\u00f5es destacadas.<\/span><\/p>\n<p style=\"line-height: inherit;color: #555555;font-family: 'Trebuchet MS', 'Lucida Grande', 'Lucida Sans Unicode', 'Lucida Sans', Tahoma, sans-serif;font-size: 16px;text-align: justify\"><span style=\"font-size: 24px\"><strong style=\"line-height: inherit\">A hist\u00f3ria representada \u2014<\/strong>\u00a0A oitava etapa do campeonato, disputada no Aut\u00f3dromo Velocitta \u2014 em Mogi Gua\u00e7u, interior de S\u00e3o Paulo \u2014 marcou uma vit\u00f3ria emblem\u00e1tica para o piloto Felipe Lapenna e para Babi Rodrigues (Hot Car Competi\u00e7\u00f5es), a primeira mulher a triunfar na Stock Car como chefe de equipe. Na Corrida 2, Ricardo Maur\u00edcio (Eurofarma-RC) abriu uma s\u00e9rie vencedora na fase final da temporada.<\/span><br style=\"line-height: inherit\" \/><span style=\"font-size: 24px\">Em Santa Cruz do Sul, palco da nona rodada de 2022, Ricardinho venceu a prova que abriu a etapa, enquanto Rubens Barrichello (Full Time Sports) alcan\u00e7ou um triunfo que foi muito importante para a conquista do bicampeonato ao faturar a Corrida 2.<\/span><br style=\"line-height: inherit\" \/><span style=\"font-size: 24px\">Goi\u00e2nia recebeu duas etapas no fim de semana de 22 e 23 de outubro do ano passado. Cesar Ramos (Ipiranga Racing) brilhou com sua primeira vit\u00f3ria na Pro Series. Nelson Piquet Jr. (Motul TMG Racing) subiu ao topo do p\u00f3dio na segunda prova v\u00e1lida pela jornada de s\u00e1bado. No domingo, Ricardo Maur\u00edcio venceu mais uma, na Corrida 1, e Diego Nunes (Blau Motorsport) conquistou a disputa complementar.<\/span><br style=\"line-height: inherit\" \/><span style=\"font-size: 24px\">A temporada 2022 terminou com a disputa da Super Final BRB, em Interlagos. Estreante no ano passado, Felipe Baptista (KTF) coroou um fim de semana not\u00e1vel, no qual conquistou a pole da etapa, com grande vit\u00f3ria no templo do automobilismo nacional. O campeonato fechou com o triunfo do piloto que mais venceu no campeonato, Ricardo Maur\u00edcio, faturando sua quinta vit\u00f3ria no ano, enquanto Barrichello comemorou a conquista do seu segundo t\u00edtulo na Stock Car.<\/span><\/p>\n<p style=\"line-height: inherit;color: #555555;font-family: 'Trebuchet MS', 'Lucida Grande', 'Lucida Sans Unicode', 'Lucida Sans', Tahoma, sans-serif;font-size: 16px;text-align: justify\"><span style=\"font-size: 24px\">(Texto: Assessoria. Foto: Duda Bairros\/Stock Car)<\/span><\/p>\n","protected":false},"excerpt":{"rendered":"<p>A temporada 2023 da Stock Car Pro Series vai come\u00e7ar no fim de semana de 2 de abril no Aut\u00f3dromo Internacional Ayrton Senna, em Goi\u00e2nia (GO). Mas a principal categoria do automobilismo na Am\u00e9rica Latina, em conjunto com a plataforma Play for a Cause, j\u00e1 entra na pista para abrir o Leil\u00e3o dos Campe\u00f5es, com [&hellip;]<\/p>\n","protected":false},"author":6307,"featured_media":56853,"comment_status":"open","ping_status":"open","sticky":false,"template":"","format":"standard","meta":{"_exactmetrics_skip_tracking":false,"_exactmetrics_sitenote_active":false,"_exactmetrics_sitenote_note":"","_exactmetrics_sitenote_category":0,"footnotes":""},"categories":[1267],"tags":[8910],"yoast_head":"<!-- This site is optimized with the Yoast SEO Premium plugin v22.7 (Yoast SEO v22.7) - https:\/\/yoast.com\/wordpress\/plugins\/seo\/ -->\n<title>MARING\u00c1 - Stock Car tem leil\u00e3o beneficente de pr\u00e9-temporada - Orlando Gonzalez<\/title>\n<meta name=\"robots\" content=\"index, follow, max-snippet:-1, max-image-preview:large, max-video-preview:-1\" \/>\n<link rel=\"canonical\" href=\"https:\/\/maringapost.com.br\/orlandogonzalez\/2023\/03\/02\/maringa-stock-car-tem-leilao-beneficente-de-pre-temporada\/\" \/>\n<meta property=\"og:locale\" content=\"pt_BR\" \/>\n<meta property=\"og:type\" content=\"article\" \/>\n<meta property=\"og:title\" content=\"MARING\u00c1 - Stock Car tem leil\u00e3o beneficente de pr\u00e9-temporada\" \/>\n<meta property=\"og:description\" content=\"A temporada 2023 da Stock Car Pro Series vai come\u00e7ar no fim de semana de 2 de abril no Aut\u00f3dromo Internacional Ayrton Senna, em Goi\u00e2nia (GO). Mas a principal categoria do automobilismo na Am\u00e9rica Latina, em conjunto com a plataforma Play for a Cause, j\u00e1 entra na pista para abrir o Leil\u00e3o dos Campe\u00f5es, com [&hellip;]\" \/>\n<meta property=\"og:url\" content=\"https:\/\/maringapost.com.br\/orlandogonzalez\/2023\/03\/02\/maringa-stock-car-tem-leilao-beneficente-de-pre-temporada\/\" \/>\n<meta property=\"og:site_name\" content=\"Orlando Gonzalez\" \/>\n<meta property=\"article:author\" content=\"https:\/\/www.facebook.com\/profile.php?id=100011095815065\" \/>\n<meta property=\"article:published_time\" content=\"2023-03-02T11:44:48+00:00\" \/>\n<meta property=\"og:image\" content=\"https:\/\/maringapost.com.br\/orlandogonzalez\/wp-content\/uploads\/sites\/17\/2023\/03\/419099_1049317_11_stockcar2022_dudabairros_goiAcnia_01_0099_web_.jpg\" \/>\n\t<meta property=\"og:image:width\" content=\"600\" \/>\n\t<meta property=\"og:image:height\" content=\"399\" \/>\n\t<meta property=\"og:image:type\" content=\"image\/jpeg\" \/>\n<meta name=\"author\" content=\"Orlando Gonzalez\" \/>\n<meta name=\"twitter:card\" content=\"summary_large_image\" \/>\n<meta name=\"twitter:creator\" content=\"@gonzalezorlando\" \/>\n<meta name=\"twitter:label1\" content=\"Escrito por\" \/>\n\t<meta name=\"twitter:data1\" content=\"\" \/>\n\t<meta name=\"twitter:label2\" content=\"Est. tempo de leitura\" \/>\n\t<meta name=\"twitter:data2\" content=\"3 minutos\" \/>\n<script type=\"application\/ld+json\" class=\"yoast-schema-graph\">{\"@context\":\"https:\/\/schema.org\",\"@graph\":[{\"@type\":\"WebPage\",\"@id\":\"https:\/\/maringapost.com.br\/orlandogonzalez\/2023\/03\/02\/maringa-stock-car-tem-leilao-beneficente-de-pre-temporada\/\",\"url\":\"https:\/\/maringapost.com.br\/orlandogonzalez\/2023\/03\/02\/maringa-stock-car-tem-leilao-beneficente-de-pre-temporada\/\",\"name\":\"MARING\u00c1 - Stock Car tem leil\u00e3o beneficente de pr\u00e9-temporada - Orlando Gonzalez\",\"isPartOf\":{\"@id\":\"https:\/\/maringapost.com.br\/orlandogonzalez\/#website\"},\"primaryImageOfPage\":{\"@id\":\"https:\/\/maringapost.com.br\/orlandogonzalez\/2023\/03\/02\/maringa-stock-car-tem-leilao-beneficente-de-pre-temporada\/#primaryimage\"},\"image\":{\"@id\":\"https:\/\/maringapost.com.br\/orlandogonzalez\/2023\/03\/02\/maringa-stock-car-tem-leilao-beneficente-de-pre-temporada\/#primaryimage\"},\"thumbnailUrl\":\"https:\/\/maringapost.com.br\/orlandogonzalez\/wp-content\/uploads\/sites\/17\/2023\/03\/419099_1049317_11_stockcar2022_dudabairros_goiAcnia_01_0099_web_.jpg\",\"datePublished\":\"2023-03-02T11:44:48+00:00\",\"dateModified\":\"2023-03-02T11:44:48+00:00\",\"author\":{\"@id\":\"https:\/\/maringapost.com.br\/orlandogonzalez\/#\/schema\/person\/5cbe6257d08edea6afc9ebaa613b0633\"},\"inLanguage\":\"pt-BR\",\"potentialAction\":[{\"@type\":\"ReadAction\",\"target\":[\"https:\/\/maringapost.com.br\/orlandogonzalez\/2023\/03\/02\/maringa-stock-car-tem-leilao-beneficente-de-pre-temporada\/\"]}]},{\"@type\":\"ImageObject\",\"inLanguage\":\"pt-BR\",\"@id\":\"https:\/\/maringapost.com.br\/orlandogonzalez\/2023\/03\/02\/maringa-stock-car-tem-leilao-beneficente-de-pre-temporada\/#primaryimage\",\"url\":\"https:\/\/maringapost.com.br\/orlandogonzalez\/wp-content\/uploads\/sites\/17\/2023\/03\/419099_1049317_11_stockcar2022_dudabairros_goiAcnia_01_0099_web_.jpg\",\"contentUrl\":\"https:\/\/maringapost.com.br\/orlandogonzalez\/wp-content\/uploads\/sites\/17\/2023\/03\/419099_1049317_11_stockcar2022_dudabairros_goiAcnia_01_0099_web_.jpg\",\"width\":600,\"height\":399},{\"@type\":\"WebSite\",\"@id\":\"https:\/\/maringapost.com.br\/orlandogonzalez\/#website\",\"url\":\"https:\/\/maringapost.com.br\/orlandogonzalez\/\",\"name\":\"Orlando Gonzalez\",\"description\":\"Destaca o esporte de Maring\u00e1! Destaca o esporte do Paran\u00e1! Destaca o esporte do Brasil!\",\"potentialAction\":[{\"@type\":\"SearchAction\",\"target\":{\"@type\":\"EntryPoint\",\"urlTemplate\":\"https:\/\/maringapost.com.br\/orlandogonzalez\/?s={search_term_string}\"},\"query-input\":\"required name=search_term_string\"}],\"inLanguage\":\"pt-BR\"},{\"@type\":\"Person\",\"@id\":\"https:\/\/maringapost.com.br\/orlandogonzalez\/#\/schema\/person\/5cbe6257d08edea6afc9ebaa613b0633\",\"name\":\"Orlando Gonzalez\",\"image\":{\"@type\":\"ImageObject\",\"inLanguage\":\"pt-BR\",\"@id\":\"https:\/\/maringapost.com.br\/orlandogonzalez\/#\/schema\/person\/image\/\",\"url\":\"https:\/\/secure.gravatar.com\/avatar\/ecef9d1c9afe5ebdafadde8369065ba5?s=96&d=mm&r=g\",\"contentUrl\":\"https:\/\/secure.gravatar.com\/avatar\/ecef9d1c9afe5ebdafadde8369065ba5?s=96&d=mm&r=g\",\"caption\":\"Orlando Gonzalez\"},\"description\":\"H\u00e1 29 anos na cobertura do esporte de Maring\u00e1. Plant\u00e3o e narrador esportivo. Presta\u00e7\u00e3o de assessoria de imprensa esportiva, cobertura e transmiss\u00f5es ao vivo de eventos esportivos. E-mail: orlandogonzalez.assessoria@gmail.com WhatsApp: (44) 9 9126-6119\",\"sameAs\":[\"http:\/\/www.radiomaringa.com.br\/\",\"https:\/\/www.facebook.com\/profile.php?id=100011095815065\",\"https:\/\/www.instagram.com\/orlandomgonzalez\/\",\"https:\/\/br.pinterest.com\/ogonzalez0530\/\",\"https:\/\/x.com\/gonzalezorlando\",\"https:\/\/www.youtube.com\/channel\/UCvFpl55btth8wjnKiSS1ibA\",\"https:\/\/radiomaringaweb.tumblr.com\/\"],\"url\":\"https:\/\/maringapost.com.br\/orlandogonzalez\/author\/orlando\/\"}]}<\/script>\n<!-- \/ Yoast SEO Premium plugin. -->","yoast_head_json":{"title":"MARING\u00c1 - Stock Car tem leil\u00e3o beneficente de pr\u00e9-temporada - Orlando Gonzalez","robots":{"index":"index","follow":"follow","max-snippet":"max-snippet:-1","max-image-preview":"max-image-preview:large","max-video-preview":"max-video-preview:-1"},"canonical":"https:\/\/maringapost.com.br\/orlandogonzalez\/2023\/03\/02\/maringa-stock-car-tem-leilao-beneficente-de-pre-temporada\/","og_locale":"pt_BR","og_type":"article","og_title":"MARING\u00c1 - Stock Car tem leil\u00e3o beneficente de pr\u00e9-temporada","og_description":"A temporada 2023 da Stock Car Pro Series vai come\u00e7ar no fim de semana de 2 de abril no Aut\u00f3dromo Internacional Ayrton Senna, em Goi\u00e2nia (GO). Mas a principal categoria do automobilismo na Am\u00e9rica Latina, em conjunto com a plataforma Play for a Cause, j\u00e1 entra na pista para abrir o Leil\u00e3o dos Campe\u00f5es, com [&hellip;]","og_url":"https:\/\/maringapost.com.br\/orlandogonzalez\/2023\/03\/02\/maringa-stock-car-tem-leilao-beneficente-de-pre-temporada\/","og_site_name":"Orlando Gonzalez","article_author":"https:\/\/www.facebook.com\/profile.php?id=100011095815065","article_published_time":"2023-03-02T11:44:48+00:00","og_image":[{"width":600,"height":399,"url":"https:\/\/maringapost.com.br\/orlandogonzalez\/wp-content\/uploads\/sites\/17\/2023\/03\/419099_1049317_11_stockcar2022_dudabairros_goiAcnia_01_0099_web_.jpg","type":"image\/jpeg"}],"author":"Orlando Gonzalez","twitter_card":"summary_large_image","twitter_creator":"@gonzalezorlando","twitter_misc":{"Escrito por":false,"Est. tempo de leitura":"3 minutos"},"schema":{"@context":"https:\/\/schema.org","@graph":[{"@type":"WebPage","@id":"https:\/\/maringapost.com.br\/orlandogonzalez\/2023\/03\/02\/maringa-stock-car-tem-leilao-beneficente-de-pre-temporada\/","url":"https:\/\/maringapost.com.br\/orlandogonzalez\/2023\/03\/02\/maringa-stock-car-tem-leilao-beneficente-de-pre-temporada\/","name":"MARING\u00c1 - Stock Car tem leil\u00e3o beneficente de pr\u00e9-temporada - Orlando Gonzalez","isPartOf":{"@id":"https:\/\/maringapost.com.br\/orlandogonzalez\/#website"},"primaryImageOfPage":{"@id":"https:\/\/maringapost.com.br\/orlandogonzalez\/2023\/03\/02\/maringa-stock-car-tem-leilao-beneficente-de-pre-temporada\/#primaryimage"},"image":{"@id":"https:\/\/maringapost.com.br\/orlandogonzalez\/2023\/03\/02\/maringa-stock-car-tem-leilao-beneficente-de-pre-temporada\/#primaryimage"},"thumbnailUrl":"https:\/\/maringapost.com.br\/orlandogonzalez\/wp-content\/uploads\/sites\/17\/2023\/03\/419099_1049317_11_stockcar2022_dudabairros_goiAcnia_01_0099_web_.jpg","datePublished":"2023-03-02T11:44:48+00:00","dateModified":"2023-03-02T11:44:48+00:00","author":{"@id":"https:\/\/maringapost.com.br\/orlandogonzalez\/#\/schema\/person\/5cbe6257d08edea6afc9ebaa613b0633"},"inLanguage":"pt-BR","potentialAction":[{"@type":"ReadAction","target":["https:\/\/maringapost.com.br\/orlandogonzalez\/2023\/03\/02\/maringa-stock-car-tem-leilao-beneficente-de-pre-temporada\/"]}]},{"@type":"ImageObject","inLanguage":"pt-BR","@id":"https:\/\/maringapost.com.br\/orlandogonzalez\/2023\/03\/02\/maringa-stock-car-tem-leilao-beneficente-de-pre-temporada\/#primaryimage","url":"https:\/\/maringapost.com.br\/orlandogonzalez\/wp-content\/uploads\/sites\/17\/2023\/03\/419099_1049317_11_stockcar2022_dudabairros_goiAcnia_01_0099_web_.jpg","contentUrl":"https:\/\/maringapost.com.br\/orlandogonzalez\/wp-content\/uploads\/sites\/17\/2023\/03\/419099_1049317_11_stockcar2022_dudabairros_goiAcnia_01_0099_web_.jpg","width":600,"height":399},{"@type":"WebSite","@id":"https:\/\/maringapost.com.br\/orlandogonzalez\/#website","url":"https:\/\/maringapost.com.br\/orlandogonzalez\/","name":"Orlando Gonzalez","description":"Destaca o esporte de Maring\u00e1! Destaca o esporte do Paran\u00e1! Destaca o esporte do Brasil!","potentialAction":[{"@type":"SearchAction","target":{"@type":"EntryPoint","urlTemplate":"https:\/\/maringapost.com.br\/orlandogonzalez\/?s={search_term_string}"},"query-input":"required name=search_term_string"}],"inLanguage":"pt-BR"},{"@type":"Person","@id":"https:\/\/maringapost.com.br\/orlandogonzalez\/#\/schema\/person\/5cbe6257d08edea6afc9ebaa613b0633","name":"Orlando Gonzalez","image":{"@type":"ImageObject","inLanguage":"pt-BR","@id":"https:\/\/maringapost.com.br\/orlandogonzalez\/#\/schema\/person\/image\/","url":"https:\/\/secure.gravatar.com\/avatar\/ecef9d1c9afe5ebdafadde8369065ba5?s=96&d=mm&r=g","contentUrl":"https:\/\/secure.gravatar.com\/avatar\/ecef9d1c9afe5ebdafadde8369065ba5?s=96&d=mm&r=g","caption":"Orlando Gonzalez"},"description":"H\u00e1 29 anos na cobertura do esporte de Maring\u00e1. Plant\u00e3o e narrador esportivo. Presta\u00e7\u00e3o de assessoria de imprensa esportiva, cobertura e transmiss\u00f5es ao vivo de eventos esportivos. E-mail: orlandogonzalez.assessoria@gmail.com WhatsApp: (44) 9 9126-6119","sameAs":["http:\/\/www.radiomaringa.com.br\/","https:\/\/www.facebook.com\/profile.php?id=100011095815065","https:\/\/www.instagram.com\/orlandomgonzalez\/","https:\/\/br.pinterest.com\/ogonzalez0530\/","https:\/\/x.com\/gonzalezorlando","https:\/\/www.youtube.com\/channel\/UCvFpl55btth8wjnKiSS1ibA","https:\/\/radiomaringaweb.tumblr.com\/"],"url":"https:\/\/maringapost.com.br\/orlandogonzalez\/author\/orlando\/"}]}},"_links":{"self":[{"href":"https:\/\/maringapost.com.br\/orlandogonzalez\/wp-json\/wp\/v2\/posts\/56852"}],"collection":[{"href":"https:\/\/maringapost.com.br\/orlandogonzalez\/wp-json\/wp\/v2\/posts"}],"about":[{"href":"https:\/\/maringapost.com.br\/orlandogonzalez\/wp-json\/wp\/v2\/types\/post"}],"author":[{"embeddable":true,"href":"https:\/\/maringapost.com.br\/orlandogonzalez\/wp-json\/wp\/v2\/users\/6307"}],"replies":[{"embeddable":true,"href":"https:\/\/maringapost.com.br\/orlandogonzalez\/wp-json\/wp\/v2\/comments?post=56852"}],"version-history":[{"count":1,"href":"https:\/\/maringapost.com.br\/orlandogonzalez\/wp-json\/wp\/v2\/posts\/56852\/revisions"}],"predecessor-version":[{"id":56854,"href":"https:\/\/maringapost.com.br\/orlandogonzalez\/wp-json\/wp\/v2\/posts\/56852\/revisions\/56854"}],"wp:featuredmedia":[{"embeddable":true,"href":"https:\/\/maringapost.com.br\/orlandogonzalez\/wp-json\/wp\/v2\/media\/56853"}],"wp:attachment":[{"href":"https:\/\/maringapost.com.br\/orlandogonzalez\/wp-json\/wp\/v2\/media?parent=56852"}],"wp:term":[{"taxonomy":"category","embeddable":true,"href":"https:\/\/maringapost.com.br\/orlandogonzalez\/wp-json\/wp\/v2\/categories?post=56852"},{"taxonomy":"post_tag","embeddable":true,"href":"https:\/\/maringapost.com.br\/orlandogonzalez\/wp-json\/wp\/v2\/tags?post=56852"}],"curies":[{"name":"wp","href":"https:\/\/api.w.org\/{rel}","templated":true}]}}