{"id":56690,"date":"2023-02-16T09:38:07","date_gmt":"2023-02-16T12:38:07","guid":{"rendered":"https:\/\/maringapost.com.br\/orlandogonzalez\/?p=56690"},"modified":"2023-02-16T09:38:07","modified_gmt":"2023-02-16T12:38:07","slug":"maringa-araxa-sedia-pela-segunda-vez-o-rally-minas-brasil","status":"publish","type":"post","link":"https:\/\/maringapost.com.br\/orlandogonzalez\/2023\/02\/16\/maringa-araxa-sedia-pela-segunda-vez-o-rally-minas-brasil\/","title":{"rendered":"MARING\u00c1 &#8211; Arax\u00e1 sedia pela segunda vez o Rally Minas Brasil"},"content":{"rendered":"<p style=\"line-height: inherit;color: #555555;font-family: 'Trebuchet MS', Verdana, Geneva, sans-serif;text-align: justify\"><span style=\"font-size: 24px\">Pelo segundo ano consecutivo, Arax\u00e1 (MG) se transformar\u00e1 na capital nacional dos ralis cross-country. A cidade mineira, localizada a 390 quil\u00f4metros da capital, Belo Horizonte, foi novamente escolhida para ser a base do Rally Minas Brasil que, entre os dias 07 e 11 de mar\u00e7o, abrir\u00e1 o Brasileiro da modalidade, reunindo motos, carros, UTVs e quadriciclos.\u00a0<\/span><\/p>\n<p style=\"line-height: inherit;color: #555555;font-family: 'Trebuchet MS', Verdana, Geneva, sans-serif;text-align: justify\"><span style=\"font-size: 24px\">Com popula\u00e7\u00e3o estimada em 108 mil habitantes (segundo o IBGE), o munic\u00edpio da regi\u00e3o do Tri\u00e2ngulo \/ Alto Parana\u00edba \u00e9 parte do Circuito das \u00c1guas. Tamb\u00e9m \u00e9 conhecido pelas reservas das maiores jazidas de Ni\u00f3bio do mundo \u2013 o material tem uso cada vez maior na ind\u00fastria automobil\u00edstica e em componentes de precis\u00e3o ligados \u00e0 gera\u00e7\u00e3o e armazenamento de energia. Outro destaque s\u00e3o os doces artesanais.\u00a0<\/span><\/p>\n<p style=\"line-height: inherit;color: #555555;font-family: 'Trebuchet MS', Verdana, Geneva, sans-serif;text-align: justify\"><span style=\"font-size: 24px\">Como j\u00e1 ocorreu no ano passado, Arax\u00e1 se prepara para receber a caravana de pilotos, navegadores e equipes de bra\u00e7os abertos. Al\u00e9m de destacar a voca\u00e7\u00e3o tur\u00edstica da regi\u00e3o \u2013 os competidores tamb\u00e9m passar\u00e3o por Sacramento, Ibi\u00e1, Pratinha e Tapira \u2013, o Rally Minas Brasil movimenta a economia local.\u00a0<\/span><\/p>\n<p style=\"line-height: inherit;color: #555555;font-family: 'Trebuchet MS', Verdana, Geneva, sans-serif;text-align: justify\"><span style=\"font-size: 24px\"><em style=\"line-height: inherit\">&#8220;N\u00f3s temos uma imensa satisfa\u00e7\u00e3o de receber os melhores pilotos e navegadores do Brasil pela segunda vez consecutiva. Para n\u00f3s, o rally fomenta muito o turismo e economia, cria entretenimento para a popula\u00e7\u00e3o e ainda conta com um vi\u00e9s solid\u00e1rio. Arax\u00e1 est\u00e1 mais uma vez de portas abertas e, com certeza, teremos mais um evento sensacional&#8221;<\/em>, destaca o secret\u00e1rio municipal de Desenvolvimento Econ\u00f4mico, Turismo e Inova\u00e7\u00e3o, Juliano C\u00e9sar da Silva.\u00a0<\/span><\/p>\n<p style=\"line-height: inherit;color: #555555;font-family: 'Trebuchet MS', Verdana, Geneva, sans-serif;text-align: justify\"><span style=\"font-size: 24px\">De outro lado, o secret\u00e1rio de Esportes, Jos\u00e9 Antunes Soares J\u00fanior, refor\u00e7a a import\u00e2ncia do evento para Arax\u00e1.\u00a0<em style=\"line-height: inherit\">&#8220;O esporte \u00e9 cheio de adrenalina, encanta e desperta interesse na popula\u00e7\u00e3o, al\u00e9m de proporcionar lazer. Teremos a oportunidade de apresentar aos participantes nosso munic\u00edpio, fortalecendo o turismo e envolvendo o com\u00e9rcio local&#8221;<\/em>, afirma ele.\u00a0<\/span><\/p>\n<p style=\"line-height: inherit;color: #555555;font-family: 'Trebuchet MS', Verdana, Geneva, sans-serif;text-align: justify\"><span style=\"font-size: 24px\">Inscri\u00e7\u00f5es\u00a0<\/span><\/p>\n<p style=\"line-height: inherit;color: #555555;font-family: 'Trebuchet MS', Verdana, Geneva, sans-serif;text-align: justify\"><span style=\"font-size: 24px\">A quinta edi\u00e7\u00e3o do Rally Minas Brasil ser\u00e1 disputada em tr\u00eas dias de especiais cronometradas, com extens\u00e3o entre 180 e 200 quil\u00f4metros cada. Pilotos e navegadores atravessar\u00e3o regi\u00f5es montanhosas, com trechos t\u00e9cnicos e sinuosos que exigir\u00e3o aten\u00e7\u00e3o e testar\u00e3o pilotos e navegadores. O rally ter\u00e1 como base o Grande Hotel Termas de Arax\u00e1, que receber\u00e1 o parque de apoio mec\u00e2nico e a secretaria de prova.\u00a0<\/span><\/p>\n<p style=\"line-height: inherit;color: #555555;font-family: 'Trebuchet MS', Verdana, Geneva, sans-serif;text-align: justify\"><span style=\"font-size: 24px\">Ainda a quase um m\u00eas da largada, a lista de inscritos tem aumentado diariamente, seja nas duas e quatro rodas. Por meio do site\u00a0\u00a0<a style=\"line-height: inherit;color: #1155cc\" href=\"https:\/\/click.presskit.com.br\/url\/92433043d4\/48373406e41\" target=\"_blank\" rel=\"noopener noreferrer\" data-saferedirecturl=\"https:\/\/www.google.com\/url?q=https:\/\/click.presskit.com.br\/url\/92433043d4\/48373406e41&amp;source=gmail&amp;ust=1676636918679000&amp;usg=AOvVaw2smPMYWeIntV5RNv6WNX6P\">www.rallymakers.com.br<\/a>\u00a0\u00e9 poss\u00edvel garantir um lugar no grid de uma disputa que promete ser emocionante.\u00a0<\/span><\/p>\n<p style=\"line-height: inherit;color: #555555;font-family: 'Trebuchet MS', Verdana, Geneva, sans-serif;text-align: justify\"><span style=\"font-size: 24px\">O 5\u00ba Rally Minas Brasil \u00e9 uma realiza\u00e7\u00e3o da Rallymakers com apoio da Prefeitura Municipal de Arax\u00e1 e Jeep Clube Arax\u00e1.<\/span><\/p>\n<p style=\"line-height: inherit;color: #555555;font-family: 'Trebuchet MS', Verdana, Geneva, sans-serif;text-align: justify\"><span style=\"font-size: 24px\">(Texto: Assessoria. Foto:\u00a0<span style=\"text-align: center\">Ricardo Leizer\/DFOTOS\/Divulga\u00e7\u00e3o)<\/span><\/span><\/p>\n","protected":false},"excerpt":{"rendered":"<p>Pelo segundo ano consecutivo, Arax\u00e1 (MG) se transformar\u00e1 na capital nacional dos ralis cross-country. A cidade mineira, localizada a 390 quil\u00f4metros da capital, Belo Horizonte, foi novamente escolhida para ser a base do Rally Minas Brasil que, entre os dias 07 e 11 de mar\u00e7o, abrir\u00e1 o Brasileiro da modalidade, reunindo motos, carros, UTVs e [&hellip;]<\/p>\n","protected":false},"author":6307,"featured_media":56691,"comment_status":"open","ping_status":"open","sticky":false,"template":"","format":"standard","meta":{"_exactmetrics_skip_tracking":false,"_exactmetrics_sitenote_active":false,"_exactmetrics_sitenote_note":"","_exactmetrics_sitenote_category":0,"footnotes":""},"categories":[1267],"tags":[8910],"yoast_head":"<!-- This site is optimized with the Yoast SEO Premium plugin v22.7 (Yoast SEO v22.7) - https:\/\/yoast.com\/wordpress\/plugins\/seo\/ -->\n<title>MARING\u00c1 - Arax\u00e1 sedia pela segunda vez o Rally Minas Brasil - Orlando Gonzalez<\/title>\n<meta name=\"robots\" content=\"index, follow, max-snippet:-1, max-image-preview:large, max-video-preview:-1\" \/>\n<link rel=\"canonical\" href=\"https:\/\/maringapost.com.br\/orlandogonzalez\/2023\/02\/16\/maringa-araxa-sedia-pela-segunda-vez-o-rally-minas-brasil\/\" \/>\n<meta property=\"og:locale\" content=\"pt_BR\" \/>\n<meta property=\"og:type\" content=\"article\" \/>\n<meta property=\"og:title\" content=\"MARING\u00c1 - Arax\u00e1 sedia pela segunda vez o Rally Minas Brasil\" \/>\n<meta property=\"og:description\" content=\"Pelo segundo ano consecutivo, Arax\u00e1 (MG) se transformar\u00e1 na capital nacional dos ralis cross-country. A cidade mineira, localizada a 390 quil\u00f4metros da capital, Belo Horizonte, foi novamente escolhida para ser a base do Rally Minas Brasil que, entre os dias 07 e 11 de mar\u00e7o, abrir\u00e1 o Brasileiro da modalidade, reunindo motos, carros, UTVs e [&hellip;]\" \/>\n<meta property=\"og:url\" content=\"https:\/\/maringapost.com.br\/orlandogonzalez\/2023\/02\/16\/maringa-araxa-sedia-pela-segunda-vez-o-rally-minas-brasil\/\" \/>\n<meta property=\"og:site_name\" content=\"Orlando Gonzalez\" \/>\n<meta property=\"article:author\" content=\"https:\/\/www.facebook.com\/profile.php?id=100011095815065\" \/>\n<meta property=\"article:published_time\" content=\"2023-02-16T12:38:07+00:00\" \/>\n<meta property=\"og:image\" content=\"https:\/\/maringapost.com.br\/orlandogonzalez\/wp-content\/uploads\/sites\/17\/2023\/02\/418579_1048010_313_02_ricardoleizer_dfotos_mb22_1127.jpg\" \/>\n\t<meta property=\"og:image:width\" content=\"1280\" \/>\n\t<meta property=\"og:image:height\" content=\"740\" \/>\n\t<meta property=\"og:image:type\" content=\"image\/jpeg\" \/>\n<meta name=\"author\" content=\"Orlando Gonzalez\" \/>\n<meta name=\"twitter:card\" content=\"summary_large_image\" \/>\n<meta name=\"twitter:creator\" content=\"@gonzalezorlando\" \/>\n<meta name=\"twitter:label1\" content=\"Escrito por\" \/>\n\t<meta name=\"twitter:data1\" content=\"\" \/>\n\t<meta name=\"twitter:label2\" content=\"Est. tempo de leitura\" \/>\n\t<meta name=\"twitter:data2\" content=\"3 minutos\" \/>\n<script type=\"application\/ld+json\" class=\"yoast-schema-graph\">{\"@context\":\"https:\/\/schema.org\",\"@graph\":[{\"@type\":\"WebPage\",\"@id\":\"https:\/\/maringapost.com.br\/orlandogonzalez\/2023\/02\/16\/maringa-araxa-sedia-pela-segunda-vez-o-rally-minas-brasil\/\",\"url\":\"https:\/\/maringapost.com.br\/orlandogonzalez\/2023\/02\/16\/maringa-araxa-sedia-pela-segunda-vez-o-rally-minas-brasil\/\",\"name\":\"MARING\u00c1 - Arax\u00e1 sedia pela segunda vez o Rally Minas Brasil - Orlando Gonzalez\",\"isPartOf\":{\"@id\":\"https:\/\/maringapost.com.br\/orlandogonzalez\/#website\"},\"primaryImageOfPage\":{\"@id\":\"https:\/\/maringapost.com.br\/orlandogonzalez\/2023\/02\/16\/maringa-araxa-sedia-pela-segunda-vez-o-rally-minas-brasil\/#primaryimage\"},\"image\":{\"@id\":\"https:\/\/maringapost.com.br\/orlandogonzalez\/2023\/02\/16\/maringa-araxa-sedia-pela-segunda-vez-o-rally-minas-brasil\/#primaryimage\"},\"thumbnailUrl\":\"https:\/\/maringapost.com.br\/orlandogonzalez\/wp-content\/uploads\/sites\/17\/2023\/02\/418579_1048010_313_02_ricardoleizer_dfotos_mb22_1127.jpg\",\"datePublished\":\"2023-02-16T12:38:07+00:00\",\"dateModified\":\"2023-02-16T12:38:07+00:00\",\"author\":{\"@id\":\"https:\/\/maringapost.com.br\/orlandogonzalez\/#\/schema\/person\/5cbe6257d08edea6afc9ebaa613b0633\"},\"inLanguage\":\"pt-BR\",\"potentialAction\":[{\"@type\":\"ReadAction\",\"target\":[\"https:\/\/maringapost.com.br\/orlandogonzalez\/2023\/02\/16\/maringa-araxa-sedia-pela-segunda-vez-o-rally-minas-brasil\/\"]}]},{\"@type\":\"ImageObject\",\"inLanguage\":\"pt-BR\",\"@id\":\"https:\/\/maringapost.com.br\/orlandogonzalez\/2023\/02\/16\/maringa-araxa-sedia-pela-segunda-vez-o-rally-minas-brasil\/#primaryimage\",\"url\":\"https:\/\/maringapost.com.br\/orlandogonzalez\/wp-content\/uploads\/sites\/17\/2023\/02\/418579_1048010_313_02_ricardoleizer_dfotos_mb22_1127.jpg\",\"contentUrl\":\"https:\/\/maringapost.com.br\/orlandogonzalez\/wp-content\/uploads\/sites\/17\/2023\/02\/418579_1048010_313_02_ricardoleizer_dfotos_mb22_1127.jpg\",\"width\":1280,\"height\":740},{\"@type\":\"WebSite\",\"@id\":\"https:\/\/maringapost.com.br\/orlandogonzalez\/#website\",\"url\":\"https:\/\/maringapost.com.br\/orlandogonzalez\/\",\"name\":\"Orlando Gonzalez\",\"description\":\"Destaca o esporte de Maring\u00e1! Destaca o esporte do Paran\u00e1! Destaca o esporte do Brasil!\",\"potentialAction\":[{\"@type\":\"SearchAction\",\"target\":{\"@type\":\"EntryPoint\",\"urlTemplate\":\"https:\/\/maringapost.com.br\/orlandogonzalez\/?s={search_term_string}\"},\"query-input\":\"required name=search_term_string\"}],\"inLanguage\":\"pt-BR\"},{\"@type\":\"Person\",\"@id\":\"https:\/\/maringapost.com.br\/orlandogonzalez\/#\/schema\/person\/5cbe6257d08edea6afc9ebaa613b0633\",\"name\":\"Orlando Gonzalez\",\"image\":{\"@type\":\"ImageObject\",\"inLanguage\":\"pt-BR\",\"@id\":\"https:\/\/maringapost.com.br\/orlandogonzalez\/#\/schema\/person\/image\/\",\"url\":\"https:\/\/secure.gravatar.com\/avatar\/ecef9d1c9afe5ebdafadde8369065ba5?s=96&d=mm&r=g\",\"contentUrl\":\"https:\/\/secure.gravatar.com\/avatar\/ecef9d1c9afe5ebdafadde8369065ba5?s=96&d=mm&r=g\",\"caption\":\"Orlando Gonzalez\"},\"description\":\"H\u00e1 29 anos na cobertura do esporte de Maring\u00e1. Plant\u00e3o e narrador esportivo. Presta\u00e7\u00e3o de assessoria de imprensa esportiva, cobertura e transmiss\u00f5es ao vivo de eventos esportivos. E-mail: orlandogonzalez.assessoria@gmail.com WhatsApp: (44) 9 9126-6119\",\"sameAs\":[\"http:\/\/www.radiomaringa.com.br\/\",\"https:\/\/www.facebook.com\/profile.php?id=100011095815065\",\"https:\/\/www.instagram.com\/orlandomgonzalez\/\",\"https:\/\/br.pinterest.com\/ogonzalez0530\/\",\"https:\/\/x.com\/gonzalezorlando\",\"https:\/\/www.youtube.com\/channel\/UCvFpl55btth8wjnKiSS1ibA\",\"https:\/\/radiomaringaweb.tumblr.com\/\"],\"url\":\"https:\/\/maringapost.com.br\/orlandogonzalez\/author\/orlando\/\"}]}<\/script>\n<!-- \/ Yoast SEO Premium plugin. -->","yoast_head_json":{"title":"MARING\u00c1 - Arax\u00e1 sedia pela segunda vez o Rally Minas Brasil - Orlando Gonzalez","robots":{"index":"index","follow":"follow","max-snippet":"max-snippet:-1","max-image-preview":"max-image-preview:large","max-video-preview":"max-video-preview:-1"},"canonical":"https:\/\/maringapost.com.br\/orlandogonzalez\/2023\/02\/16\/maringa-araxa-sedia-pela-segunda-vez-o-rally-minas-brasil\/","og_locale":"pt_BR","og_type":"article","og_title":"MARING\u00c1 - Arax\u00e1 sedia pela segunda vez o Rally Minas Brasil","og_description":"Pelo segundo ano consecutivo, Arax\u00e1 (MG) se transformar\u00e1 na capital nacional dos ralis cross-country. A cidade mineira, localizada a 390 quil\u00f4metros da capital, Belo Horizonte, foi novamente escolhida para ser a base do Rally Minas Brasil que, entre os dias 07 e 11 de mar\u00e7o, abrir\u00e1 o Brasileiro da modalidade, reunindo motos, carros, UTVs e [&hellip;]","og_url":"https:\/\/maringapost.com.br\/orlandogonzalez\/2023\/02\/16\/maringa-araxa-sedia-pela-segunda-vez-o-rally-minas-brasil\/","og_site_name":"Orlando Gonzalez","article_author":"https:\/\/www.facebook.com\/profile.php?id=100011095815065","article_published_time":"2023-02-16T12:38:07+00:00","og_image":[{"width":1280,"height":740,"url":"https:\/\/maringapost.com.br\/orlandogonzalez\/wp-content\/uploads\/sites\/17\/2023\/02\/418579_1048010_313_02_ricardoleizer_dfotos_mb22_1127.jpg","type":"image\/jpeg"}],"author":"Orlando Gonzalez","twitter_card":"summary_large_image","twitter_creator":"@gonzalezorlando","twitter_misc":{"Escrito por":false,"Est. tempo de leitura":"3 minutos"},"schema":{"@context":"https:\/\/schema.org","@graph":[{"@type":"WebPage","@id":"https:\/\/maringapost.com.br\/orlandogonzalez\/2023\/02\/16\/maringa-araxa-sedia-pela-segunda-vez-o-rally-minas-brasil\/","url":"https:\/\/maringapost.com.br\/orlandogonzalez\/2023\/02\/16\/maringa-araxa-sedia-pela-segunda-vez-o-rally-minas-brasil\/","name":"MARING\u00c1 - Arax\u00e1 sedia pela segunda vez o Rally Minas Brasil - Orlando Gonzalez","isPartOf":{"@id":"https:\/\/maringapost.com.br\/orlandogonzalez\/#website"},"primaryImageOfPage":{"@id":"https:\/\/maringapost.com.br\/orlandogonzalez\/2023\/02\/16\/maringa-araxa-sedia-pela-segunda-vez-o-rally-minas-brasil\/#primaryimage"},"image":{"@id":"https:\/\/maringapost.com.br\/orlandogonzalez\/2023\/02\/16\/maringa-araxa-sedia-pela-segunda-vez-o-rally-minas-brasil\/#primaryimage"},"thumbnailUrl":"https:\/\/maringapost.com.br\/orlandogonzalez\/wp-content\/uploads\/sites\/17\/2023\/02\/418579_1048010_313_02_ricardoleizer_dfotos_mb22_1127.jpg","datePublished":"2023-02-16T12:38:07+00:00","dateModified":"2023-02-16T12:38:07+00:00","author":{"@id":"https:\/\/maringapost.com.br\/orlandogonzalez\/#\/schema\/person\/5cbe6257d08edea6afc9ebaa613b0633"},"inLanguage":"pt-BR","potentialAction":[{"@type":"ReadAction","target":["https:\/\/maringapost.com.br\/orlandogonzalez\/2023\/02\/16\/maringa-araxa-sedia-pela-segunda-vez-o-rally-minas-brasil\/"]}]},{"@type":"ImageObject","inLanguage":"pt-BR","@id":"https:\/\/maringapost.com.br\/orlandogonzalez\/2023\/02\/16\/maringa-araxa-sedia-pela-segunda-vez-o-rally-minas-brasil\/#primaryimage","url":"https:\/\/maringapost.com.br\/orlandogonzalez\/wp-content\/uploads\/sites\/17\/2023\/02\/418579_1048010_313_02_ricardoleizer_dfotos_mb22_1127.jpg","contentUrl":"https:\/\/maringapost.com.br\/orlandogonzalez\/wp-content\/uploads\/sites\/17\/2023\/02\/418579_1048010_313_02_ricardoleizer_dfotos_mb22_1127.jpg","width":1280,"height":740},{"@type":"WebSite","@id":"https:\/\/maringapost.com.br\/orlandogonzalez\/#website","url":"https:\/\/maringapost.com.br\/orlandogonzalez\/","name":"Orlando Gonzalez","description":"Destaca o esporte de Maring\u00e1! Destaca o esporte do Paran\u00e1! Destaca o esporte do Brasil!","potentialAction":[{"@type":"SearchAction","target":{"@type":"EntryPoint","urlTemplate":"https:\/\/maringapost.com.br\/orlandogonzalez\/?s={search_term_string}"},"query-input":"required name=search_term_string"}],"inLanguage":"pt-BR"},{"@type":"Person","@id":"https:\/\/maringapost.com.br\/orlandogonzalez\/#\/schema\/person\/5cbe6257d08edea6afc9ebaa613b0633","name":"Orlando Gonzalez","image":{"@type":"ImageObject","inLanguage":"pt-BR","@id":"https:\/\/maringapost.com.br\/orlandogonzalez\/#\/schema\/person\/image\/","url":"https:\/\/secure.gravatar.com\/avatar\/ecef9d1c9afe5ebdafadde8369065ba5?s=96&d=mm&r=g","contentUrl":"https:\/\/secure.gravatar.com\/avatar\/ecef9d1c9afe5ebdafadde8369065ba5?s=96&d=mm&r=g","caption":"Orlando Gonzalez"},"description":"H\u00e1 29 anos na cobertura do esporte de Maring\u00e1. Plant\u00e3o e narrador esportivo. Presta\u00e7\u00e3o de assessoria de imprensa esportiva, cobertura e transmiss\u00f5es ao vivo de eventos esportivos. E-mail: orlandogonzalez.assessoria@gmail.com WhatsApp: (44) 9 9126-6119","sameAs":["http:\/\/www.radiomaringa.com.br\/","https:\/\/www.facebook.com\/profile.php?id=100011095815065","https:\/\/www.instagram.com\/orlandomgonzalez\/","https:\/\/br.pinterest.com\/ogonzalez0530\/","https:\/\/x.com\/gonzalezorlando","https:\/\/www.youtube.com\/channel\/UCvFpl55btth8wjnKiSS1ibA","https:\/\/radiomaringaweb.tumblr.com\/"],"url":"https:\/\/maringapost.com.br\/orlandogonzalez\/author\/orlando\/"}]}},"_links":{"self":[{"href":"https:\/\/maringapost.com.br\/orlandogonzalez\/wp-json\/wp\/v2\/posts\/56690"}],"collection":[{"href":"https:\/\/maringapost.com.br\/orlandogonzalez\/wp-json\/wp\/v2\/posts"}],"about":[{"href":"https:\/\/maringapost.com.br\/orlandogonzalez\/wp-json\/wp\/v2\/types\/post"}],"author":[{"embeddable":true,"href":"https:\/\/maringapost.com.br\/orlandogonzalez\/wp-json\/wp\/v2\/users\/6307"}],"replies":[{"embeddable":true,"href":"https:\/\/maringapost.com.br\/orlandogonzalez\/wp-json\/wp\/v2\/comments?post=56690"}],"version-history":[{"count":1,"href":"https:\/\/maringapost.com.br\/orlandogonzalez\/wp-json\/wp\/v2\/posts\/56690\/revisions"}],"predecessor-version":[{"id":56692,"href":"https:\/\/maringapost.com.br\/orlandogonzalez\/wp-json\/wp\/v2\/posts\/56690\/revisions\/56692"}],"wp:featuredmedia":[{"embeddable":true,"href":"https:\/\/maringapost.com.br\/orlandogonzalez\/wp-json\/wp\/v2\/media\/56691"}],"wp:attachment":[{"href":"https:\/\/maringapost.com.br\/orlandogonzalez\/wp-json\/wp\/v2\/media?parent=56690"}],"wp:term":[{"taxonomy":"category","embeddable":true,"href":"https:\/\/maringapost.com.br\/orlandogonzalez\/wp-json\/wp\/v2\/categories?post=56690"},{"taxonomy":"post_tag","embeddable":true,"href":"https:\/\/maringapost.com.br\/orlandogonzalez\/wp-json\/wp\/v2\/tags?post=56690"}],"curies":[{"name":"wp","href":"https:\/\/api.w.org\/{rel}","templated":true}]}}