{"id":56642,"date":"2023-02-13T09:29:46","date_gmt":"2023-02-13T12:29:46","guid":{"rendered":"https:\/\/maringapost.com.br\/orlandogonzalez\/?p=56642"},"modified":"2023-02-13T09:29:46","modified_gmt":"2023-02-13T12:29:46","slug":"maringa-fluminense-faz-2-a-0-no-vasco-em-tarde-de-cano","status":"publish","type":"post","link":"https:\/\/maringapost.com.br\/orlandogonzalez\/2023\/02\/13\/maringa-fluminense-faz-2-a-0-no-vasco-em-tarde-de-cano\/","title":{"rendered":"MARING\u00c1 &#8211; Fluminense faz 2 a 0 no Vasco em tarde de Cano"},"content":{"rendered":"<p class=\"selectable-text copyable-text iq0m558w\" dir=\"ltr\"><span class=\"selectable-text copyable-text\" style=\"font-size: 24px\">Germ\u00e1n Cano levou a torcida \u00e0 loucura no Maracan\u00e3! Ao marcar duas vezes, sendo um um gol hist\u00f3rico do meio de campo, o artilheiro decidiu o cl\u00e1ssico diante do Vasco e garantiu a vit\u00f3ria tricolor por 2 a 0 neste domingo (12\/02). Ao som de \u201cO Germ\u00e1n Cano \u00e9 tricolor\u201d, a torcida celebrou os 3 pontos conquistados que garantiram a vice-lideran\u00e7a \u00e0 equipe no Campeonato Carioca.<\/span><\/p>\n<p class=\"selectable-text copyable-text iq0m558w\" dir=\"ltr\"><span class=\"selectable-text copyable-text\" style=\"font-size: 24px\">Sob comando de Fernando Diniz, a equipe volta a campo no pr\u00f3ximo dia 25 de fevereiro (s\u00e1bado), quando enfrenta a Portuguesa, \u00e0s 16h, novamente no Maracan\u00e3, pela nona rodada da competi\u00e7\u00e3o.<\/span><\/p>\n<p class=\"selectable-text copyable-text iq0m558w\">\n<p class=\"selectable-text copyable-text iq0m558w\" dir=\"ltr\"><span class=\"selectable-text copyable-text\" style=\"font-size: 24px\">PRIMEIRO TEMPO<\/span><\/p>\n<p class=\"selectable-text copyable-text iq0m558w\" dir=\"ltr\"><span class=\"selectable-text copyable-text\" style=\"font-size: 24px\">O Fluminense iniciou a partida de maneira intensa, e logo aos 5 minutos subiu ao ataque com bela trama entre Keno e Arias, mas a defesa afastou o perigo. Aos 24, o colombiano cobrou falta lateral na dire\u00e7\u00e3o do gol e o goleiro fez a defesa. Quatro minutos depois, Arias voltou a aparecer com bom cruzamento e o goleiro fez mais uma interven\u00e7\u00e3o.<\/span><\/p>\n<p class=\"selectable-text copyable-text iq0m558w\" dir=\"ltr\"><span class=\"selectable-text copyable-text\" style=\"font-size: 24px\">O Tricolor seguiu buscando boas movimenta\u00e7\u00f5es e entrando em todas as disputas de bola at\u00e9 o fim da primeira etapa.<\/span><\/p>\n<p class=\"selectable-text copyable-text iq0m558w\" dir=\"ltr\">\n<p class=\"selectable-text copyable-text iq0m558w\" dir=\"ltr\"><span style=\"font-size: 24px\">SEGUNDO TEMPO<\/span><\/p>\n<p class=\"selectable-text copyable-text iq0m558w\" dir=\"ltr\"><span class=\"selectable-text copyable-text\" style=\"font-size: 24px\">Com 2 minutos da segunda etapa, Keno arriscou de fora da \u00e1rea e mandou por cima. Aos 7, Nino roubou a bola no campo de ataque e tocou para Lima tabelar com Martinelli e assustar a defesa advers\u00e1ria. Na sequ\u00eancia, Arias cobrou falta rente ao travess\u00e3o. Aos 12, Germ\u00e1n Cano, insistente, teve duas finaliza\u00e7\u00f5es bloqueadas. A primeira ap\u00f3s cobran\u00e7a de escanteio e a segunda de fora da \u00e1rea, ap\u00f3s recuperar a bola no lance anterior.<\/span><\/p>\n<p class=\"selectable-text copyable-text iq0m558w\" dir=\"ltr\"><span class=\"selectable-text copyable-text\" style=\"font-size: 24px\">Aos 16 minutos, Martinelli descolou passe de letra e deixou Lima na dire\u00e7\u00e3o do gol, o meia bateu forte e a bola saiu pela linha de fundo. O primeiro gol saiu aos 20 minutos, quando Cano balan\u00e7ou a rede com um chuta\u00e7o ap\u00f3s cruzamento de Samuel Xavier. Para fechar a partida com 2 a 0 no placar, Cano, em chuta\u00e7o do meio de campo, encobriu o goleiro e marcou um gol hist\u00f3rico no Maracan\u00e3 j\u00e1 no tempo extra.<\/span><\/p>\n<p class=\"selectable-text copyable-text iq0m558w\" dir=\"ltr\"><span class=\"selectable-text copyable-text\" style=\"font-size: 24px\">(Texto: Fluminense Oficial. Foto: Mailson Santana\/Fluminense)<\/span><\/p>\n","protected":false},"excerpt":{"rendered":"<p>Germ\u00e1n Cano levou a torcida \u00e0 loucura no Maracan\u00e3! Ao marcar duas vezes, sendo um um gol hist\u00f3rico do meio de campo, o artilheiro decidiu o cl\u00e1ssico diante do Vasco e garantiu a vit\u00f3ria tricolor por 2 a 0 neste domingo (12\/02). Ao som de \u201cO Germ\u00e1n Cano \u00e9 tricolor\u201d, a torcida celebrou os 3 [&hellip;]<\/p>\n","protected":false},"author":6307,"featured_media":56643,"comment_status":"open","ping_status":"open","sticky":false,"template":"","format":"standard","meta":{"_exactmetrics_skip_tracking":false,"_exactmetrics_sitenote_active":false,"_exactmetrics_sitenote_note":"","_exactmetrics_sitenote_category":0,"footnotes":""},"categories":[4983],"tags":[5831],"yoast_head":"<!-- This site is optimized with the Yoast SEO Premium plugin v22.7 (Yoast SEO v22.7) - https:\/\/yoast.com\/wordpress\/plugins\/seo\/ -->\n<title>MARING\u00c1 - Fluminense faz 2 a 0 no Vasco em tarde de Cano - Orlando Gonzalez<\/title>\n<meta name=\"robots\" content=\"index, follow, max-snippet:-1, max-image-preview:large, max-video-preview:-1\" \/>\n<link rel=\"canonical\" href=\"https:\/\/maringapost.com.br\/orlandogonzalez\/2023\/02\/13\/maringa-fluminense-faz-2-a-0-no-vasco-em-tarde-de-cano\/\" \/>\n<meta property=\"og:locale\" content=\"pt_BR\" \/>\n<meta property=\"og:type\" content=\"article\" \/>\n<meta property=\"og:title\" content=\"MARING\u00c1 - Fluminense faz 2 a 0 no Vasco em tarde de Cano\" \/>\n<meta property=\"og:description\" content=\"Germ\u00e1n Cano levou a torcida \u00e0 loucura no Maracan\u00e3! Ao marcar duas vezes, sendo um um gol hist\u00f3rico do meio de campo, o artilheiro decidiu o cl\u00e1ssico diante do Vasco e garantiu a vit\u00f3ria tricolor por 2 a 0 neste domingo (12\/02). Ao som de \u201cO Germ\u00e1n Cano \u00e9 tricolor\u201d, a torcida celebrou os 3 [&hellip;]\" \/>\n<meta property=\"og:url\" content=\"https:\/\/maringapost.com.br\/orlandogonzalez\/2023\/02\/13\/maringa-fluminense-faz-2-a-0-no-vasco-em-tarde-de-cano\/\" \/>\n<meta property=\"og:site_name\" content=\"Orlando Gonzalez\" \/>\n<meta property=\"article:author\" content=\"https:\/\/www.facebook.com\/profile.php?id=100011095815065\" \/>\n<meta property=\"article:published_time\" content=\"2023-02-13T12:29:46+00:00\" \/>\n<meta property=\"og:image\" content=\"https:\/\/maringapost.com.br\/orlandogonzalez\/wp-content\/uploads\/sites\/17\/2023\/02\/fluganha-1.jpg\" \/>\n\t<meta property=\"og:image:width\" content=\"1280\" \/>\n\t<meta property=\"og:image:height\" content=\"721\" \/>\n\t<meta property=\"og:image:type\" content=\"image\/jpeg\" \/>\n<meta name=\"author\" content=\"Orlando Gonzalez\" \/>\n<meta name=\"twitter:card\" content=\"summary_large_image\" \/>\n<meta name=\"twitter:creator\" content=\"@gonzalezorlando\" \/>\n<meta name=\"twitter:label1\" content=\"Escrito por\" \/>\n\t<meta name=\"twitter:data1\" content=\"\" \/>\n\t<meta name=\"twitter:label2\" content=\"Est. tempo de leitura\" \/>\n\t<meta name=\"twitter:data2\" content=\"2 minutos\" \/>\n<script type=\"application\/ld+json\" class=\"yoast-schema-graph\">{\"@context\":\"https:\/\/schema.org\",\"@graph\":[{\"@type\":\"WebPage\",\"@id\":\"https:\/\/maringapost.com.br\/orlandogonzalez\/2023\/02\/13\/maringa-fluminense-faz-2-a-0-no-vasco-em-tarde-de-cano\/\",\"url\":\"https:\/\/maringapost.com.br\/orlandogonzalez\/2023\/02\/13\/maringa-fluminense-faz-2-a-0-no-vasco-em-tarde-de-cano\/\",\"name\":\"MARING\u00c1 - Fluminense faz 2 a 0 no Vasco em tarde de Cano - Orlando Gonzalez\",\"isPartOf\":{\"@id\":\"https:\/\/maringapost.com.br\/orlandogonzalez\/#website\"},\"primaryImageOfPage\":{\"@id\":\"https:\/\/maringapost.com.br\/orlandogonzalez\/2023\/02\/13\/maringa-fluminense-faz-2-a-0-no-vasco-em-tarde-de-cano\/#primaryimage\"},\"image\":{\"@id\":\"https:\/\/maringapost.com.br\/orlandogonzalez\/2023\/02\/13\/maringa-fluminense-faz-2-a-0-no-vasco-em-tarde-de-cano\/#primaryimage\"},\"thumbnailUrl\":\"https:\/\/maringapost.com.br\/orlandogonzalez\/wp-content\/uploads\/sites\/17\/2023\/02\/fluganha-1.jpg\",\"datePublished\":\"2023-02-13T12:29:46+00:00\",\"dateModified\":\"2023-02-13T12:29:46+00:00\",\"author\":{\"@id\":\"https:\/\/maringapost.com.br\/orlandogonzalez\/#\/schema\/person\/5cbe6257d08edea6afc9ebaa613b0633\"},\"inLanguage\":\"pt-BR\",\"potentialAction\":[{\"@type\":\"ReadAction\",\"target\":[\"https:\/\/maringapost.com.br\/orlandogonzalez\/2023\/02\/13\/maringa-fluminense-faz-2-a-0-no-vasco-em-tarde-de-cano\/\"]}]},{\"@type\":\"ImageObject\",\"inLanguage\":\"pt-BR\",\"@id\":\"https:\/\/maringapost.com.br\/orlandogonzalez\/2023\/02\/13\/maringa-fluminense-faz-2-a-0-no-vasco-em-tarde-de-cano\/#primaryimage\",\"url\":\"https:\/\/maringapost.com.br\/orlandogonzalez\/wp-content\/uploads\/sites\/17\/2023\/02\/fluganha-1.jpg\",\"contentUrl\":\"https:\/\/maringapost.com.br\/orlandogonzalez\/wp-content\/uploads\/sites\/17\/2023\/02\/fluganha-1.jpg\",\"width\":1280,\"height\":721},{\"@type\":\"WebSite\",\"@id\":\"https:\/\/maringapost.com.br\/orlandogonzalez\/#website\",\"url\":\"https:\/\/maringapost.com.br\/orlandogonzalez\/\",\"name\":\"Orlando Gonzalez\",\"description\":\"Destaca o esporte de Maring\u00e1! Destaca o esporte do Paran\u00e1! Destaca o esporte do Brasil!\",\"potentialAction\":[{\"@type\":\"SearchAction\",\"target\":{\"@type\":\"EntryPoint\",\"urlTemplate\":\"https:\/\/maringapost.com.br\/orlandogonzalez\/?s={search_term_string}\"},\"query-input\":\"required name=search_term_string\"}],\"inLanguage\":\"pt-BR\"},{\"@type\":\"Person\",\"@id\":\"https:\/\/maringapost.com.br\/orlandogonzalez\/#\/schema\/person\/5cbe6257d08edea6afc9ebaa613b0633\",\"name\":\"Orlando Gonzalez\",\"image\":{\"@type\":\"ImageObject\",\"inLanguage\":\"pt-BR\",\"@id\":\"https:\/\/maringapost.com.br\/orlandogonzalez\/#\/schema\/person\/image\/\",\"url\":\"https:\/\/secure.gravatar.com\/avatar\/ecef9d1c9afe5ebdafadde8369065ba5?s=96&d=mm&r=g\",\"contentUrl\":\"https:\/\/secure.gravatar.com\/avatar\/ecef9d1c9afe5ebdafadde8369065ba5?s=96&d=mm&r=g\",\"caption\":\"Orlando Gonzalez\"},\"description\":\"H\u00e1 29 anos na cobertura do esporte de Maring\u00e1. Plant\u00e3o e narrador esportivo. Presta\u00e7\u00e3o de assessoria de imprensa esportiva, cobertura e transmiss\u00f5es ao vivo de eventos esportivos. E-mail: orlandogonzalez.assessoria@gmail.com WhatsApp: (44) 9 9126-6119\",\"sameAs\":[\"http:\/\/www.radiomaringa.com.br\/\",\"https:\/\/www.facebook.com\/profile.php?id=100011095815065\",\"https:\/\/www.instagram.com\/orlandomgonzalez\/\",\"https:\/\/br.pinterest.com\/ogonzalez0530\/\",\"https:\/\/x.com\/gonzalezorlando\",\"https:\/\/www.youtube.com\/channel\/UCvFpl55btth8wjnKiSS1ibA\",\"https:\/\/radiomaringaweb.tumblr.com\/\"],\"url\":\"https:\/\/maringapost.com.br\/orlandogonzalez\/author\/orlando\/\"}]}<\/script>\n<!-- \/ Yoast SEO Premium plugin. -->","yoast_head_json":{"title":"MARING\u00c1 - Fluminense faz 2 a 0 no Vasco em tarde de Cano - Orlando Gonzalez","robots":{"index":"index","follow":"follow","max-snippet":"max-snippet:-1","max-image-preview":"max-image-preview:large","max-video-preview":"max-video-preview:-1"},"canonical":"https:\/\/maringapost.com.br\/orlandogonzalez\/2023\/02\/13\/maringa-fluminense-faz-2-a-0-no-vasco-em-tarde-de-cano\/","og_locale":"pt_BR","og_type":"article","og_title":"MARING\u00c1 - Fluminense faz 2 a 0 no Vasco em tarde de Cano","og_description":"Germ\u00e1n Cano levou a torcida \u00e0 loucura no Maracan\u00e3! Ao marcar duas vezes, sendo um um gol hist\u00f3rico do meio de campo, o artilheiro decidiu o cl\u00e1ssico diante do Vasco e garantiu a vit\u00f3ria tricolor por 2 a 0 neste domingo (12\/02). Ao som de \u201cO Germ\u00e1n Cano \u00e9 tricolor\u201d, a torcida celebrou os 3 [&hellip;]","og_url":"https:\/\/maringapost.com.br\/orlandogonzalez\/2023\/02\/13\/maringa-fluminense-faz-2-a-0-no-vasco-em-tarde-de-cano\/","og_site_name":"Orlando Gonzalez","article_author":"https:\/\/www.facebook.com\/profile.php?id=100011095815065","article_published_time":"2023-02-13T12:29:46+00:00","og_image":[{"width":1280,"height":721,"url":"https:\/\/maringapost.com.br\/orlandogonzalez\/wp-content\/uploads\/sites\/17\/2023\/02\/fluganha-1.jpg","type":"image\/jpeg"}],"author":"Orlando Gonzalez","twitter_card":"summary_large_image","twitter_creator":"@gonzalezorlando","twitter_misc":{"Escrito por":false,"Est. tempo de leitura":"2 minutos"},"schema":{"@context":"https:\/\/schema.org","@graph":[{"@type":"WebPage","@id":"https:\/\/maringapost.com.br\/orlandogonzalez\/2023\/02\/13\/maringa-fluminense-faz-2-a-0-no-vasco-em-tarde-de-cano\/","url":"https:\/\/maringapost.com.br\/orlandogonzalez\/2023\/02\/13\/maringa-fluminense-faz-2-a-0-no-vasco-em-tarde-de-cano\/","name":"MARING\u00c1 - Fluminense faz 2 a 0 no Vasco em tarde de Cano - Orlando Gonzalez","isPartOf":{"@id":"https:\/\/maringapost.com.br\/orlandogonzalez\/#website"},"primaryImageOfPage":{"@id":"https:\/\/maringapost.com.br\/orlandogonzalez\/2023\/02\/13\/maringa-fluminense-faz-2-a-0-no-vasco-em-tarde-de-cano\/#primaryimage"},"image":{"@id":"https:\/\/maringapost.com.br\/orlandogonzalez\/2023\/02\/13\/maringa-fluminense-faz-2-a-0-no-vasco-em-tarde-de-cano\/#primaryimage"},"thumbnailUrl":"https:\/\/maringapost.com.br\/orlandogonzalez\/wp-content\/uploads\/sites\/17\/2023\/02\/fluganha-1.jpg","datePublished":"2023-02-13T12:29:46+00:00","dateModified":"2023-02-13T12:29:46+00:00","author":{"@id":"https:\/\/maringapost.com.br\/orlandogonzalez\/#\/schema\/person\/5cbe6257d08edea6afc9ebaa613b0633"},"inLanguage":"pt-BR","potentialAction":[{"@type":"ReadAction","target":["https:\/\/maringapost.com.br\/orlandogonzalez\/2023\/02\/13\/maringa-fluminense-faz-2-a-0-no-vasco-em-tarde-de-cano\/"]}]},{"@type":"ImageObject","inLanguage":"pt-BR","@id":"https:\/\/maringapost.com.br\/orlandogonzalez\/2023\/02\/13\/maringa-fluminense-faz-2-a-0-no-vasco-em-tarde-de-cano\/#primaryimage","url":"https:\/\/maringapost.com.br\/orlandogonzalez\/wp-content\/uploads\/sites\/17\/2023\/02\/fluganha-1.jpg","contentUrl":"https:\/\/maringapost.com.br\/orlandogonzalez\/wp-content\/uploads\/sites\/17\/2023\/02\/fluganha-1.jpg","width":1280,"height":721},{"@type":"WebSite","@id":"https:\/\/maringapost.com.br\/orlandogonzalez\/#website","url":"https:\/\/maringapost.com.br\/orlandogonzalez\/","name":"Orlando Gonzalez","description":"Destaca o esporte de Maring\u00e1! Destaca o esporte do Paran\u00e1! Destaca o esporte do Brasil!","potentialAction":[{"@type":"SearchAction","target":{"@type":"EntryPoint","urlTemplate":"https:\/\/maringapost.com.br\/orlandogonzalez\/?s={search_term_string}"},"query-input":"required name=search_term_string"}],"inLanguage":"pt-BR"},{"@type":"Person","@id":"https:\/\/maringapost.com.br\/orlandogonzalez\/#\/schema\/person\/5cbe6257d08edea6afc9ebaa613b0633","name":"Orlando Gonzalez","image":{"@type":"ImageObject","inLanguage":"pt-BR","@id":"https:\/\/maringapost.com.br\/orlandogonzalez\/#\/schema\/person\/image\/","url":"https:\/\/secure.gravatar.com\/avatar\/ecef9d1c9afe5ebdafadde8369065ba5?s=96&d=mm&r=g","contentUrl":"https:\/\/secure.gravatar.com\/avatar\/ecef9d1c9afe5ebdafadde8369065ba5?s=96&d=mm&r=g","caption":"Orlando Gonzalez"},"description":"H\u00e1 29 anos na cobertura do esporte de Maring\u00e1. Plant\u00e3o e narrador esportivo. Presta\u00e7\u00e3o de assessoria de imprensa esportiva, cobertura e transmiss\u00f5es ao vivo de eventos esportivos. E-mail: orlandogonzalez.assessoria@gmail.com WhatsApp: (44) 9 9126-6119","sameAs":["http:\/\/www.radiomaringa.com.br\/","https:\/\/www.facebook.com\/profile.php?id=100011095815065","https:\/\/www.instagram.com\/orlandomgonzalez\/","https:\/\/br.pinterest.com\/ogonzalez0530\/","https:\/\/x.com\/gonzalezorlando","https:\/\/www.youtube.com\/channel\/UCvFpl55btth8wjnKiSS1ibA","https:\/\/radiomaringaweb.tumblr.com\/"],"url":"https:\/\/maringapost.com.br\/orlandogonzalez\/author\/orlando\/"}]}},"_links":{"self":[{"href":"https:\/\/maringapost.com.br\/orlandogonzalez\/wp-json\/wp\/v2\/posts\/56642"}],"collection":[{"href":"https:\/\/maringapost.com.br\/orlandogonzalez\/wp-json\/wp\/v2\/posts"}],"about":[{"href":"https:\/\/maringapost.com.br\/orlandogonzalez\/wp-json\/wp\/v2\/types\/post"}],"author":[{"embeddable":true,"href":"https:\/\/maringapost.com.br\/orlandogonzalez\/wp-json\/wp\/v2\/users\/6307"}],"replies":[{"embeddable":true,"href":"https:\/\/maringapost.com.br\/orlandogonzalez\/wp-json\/wp\/v2\/comments?post=56642"}],"version-history":[{"count":1,"href":"https:\/\/maringapost.com.br\/orlandogonzalez\/wp-json\/wp\/v2\/posts\/56642\/revisions"}],"predecessor-version":[{"id":56644,"href":"https:\/\/maringapost.com.br\/orlandogonzalez\/wp-json\/wp\/v2\/posts\/56642\/revisions\/56644"}],"wp:featuredmedia":[{"embeddable":true,"href":"https:\/\/maringapost.com.br\/orlandogonzalez\/wp-json\/wp\/v2\/media\/56643"}],"wp:attachment":[{"href":"https:\/\/maringapost.com.br\/orlandogonzalez\/wp-json\/wp\/v2\/media?parent=56642"}],"wp:term":[{"taxonomy":"category","embeddable":true,"href":"https:\/\/maringapost.com.br\/orlandogonzalez\/wp-json\/wp\/v2\/categories?post=56642"},{"taxonomy":"post_tag","embeddable":true,"href":"https:\/\/maringapost.com.br\/orlandogonzalez\/wp-json\/wp\/v2\/tags?post=56642"}],"curies":[{"name":"wp","href":"https:\/\/api.w.org\/{rel}","templated":true}]}}