{"id":56572,"date":"2023-02-07T10:30:34","date_gmt":"2023-02-07T13:30:34","guid":{"rendered":"https:\/\/maringapost.com.br\/orlandogonzalez\/?p=56572"},"modified":"2023-02-07T10:31:14","modified_gmt":"2023-02-07T13:31:14","slug":"maringa-gaetano-di-mauro-e-o-primeiro-reforco-da-hot-car-na-temporada-2023-da-stock-car-pro-series","status":"publish","type":"post","link":"https:\/\/maringapost.com.br\/orlandogonzalez\/2023\/02\/07\/maringa-gaetano-di-mauro-e-o-primeiro-reforco-da-hot-car-na-temporada-2023-da-stock-car-pro-series\/","title":{"rendered":"MARING\u00c1 &#8211; Gaetano di Mauro \u00e9 o primeiro refor\u00e7o da Hot Car na temporada 2023 da Stock Car Pro Series"},"content":{"rendered":"<p><span style=\"font-size: 24px\"><span style=\"line-height: inherit\">Uma das equipes que demonstrou maior evolu\u00e7\u00e3o durante a campanha de 2022 da Stock\u00a0<\/span><span style=\"line-height: inherit\">Car<\/span><span style=\"line-height: inherit\">\u00a0Pro Series, com tr\u00eas p\u00f3dios,\u00a0<\/span><span style=\"line-height: inherit\">duas pole<\/span>\u00a0<span style=\"line-height: inherit\">positions<\/span><span style=\"line-height: inherit\">\u00a0e uma vit\u00f3ria, a Hot\u00a0<\/span><span style=\"line-height: inherit\">Car<\/span><span style=\"line-height: inherit\">Competi\u00e7\u00f5es<\/span><span style=\"line-height: inherit\">\u00a0contar\u00e1 com Gaetano\u00a0<\/span><span style=\"line-height: inherit\">di<\/span><span style=\"line-height: inherit\">\u00a0Mauro em um de seus dois carros. O piloto de 25 anos, um dos grandes talentos da principal categoria do automobilismo brasileiro, faz sua quinta temporada na Stock\u00a0<\/span><span style=\"line-height: inherit\">Car<\/span><span style=\"line-height: inherit\">, agora defendendo as cores do \u00fanico time do grid comandado por uma mulher, Babi Rodrigues.<\/span><\/span><\/p>\n<p><span style=\"font-size: 24px\"><span style=\"line-height: inherit\">Al\u00e9m disso, vai contar com o patroc\u00ednio da marca Valda, produto da farmac\u00eautica Eurofarma, a mais antiga patrocinadora da categoria. \u201cAcreditamos no potencial do Gaetano e no trabalho que vem sendo desenvolvido pela\u00a0<\/span><span style=\"line-height: inherit\">Hot Car<\/span><span style=\"line-height: inherit\">, ent\u00e3o, para n\u00f3s essa parceria est\u00e1 alinhada com o posicionamento da marca, que \u00e9\u00a0<\/span><span style=\"line-height: inherit\">de expans\u00e3o e gera\u00e7\u00e3o de oportunidades\u201d,\u00a0<\/span><span style=\"line-height: inherit\">diz\u00a0<\/span><span style=\"line-height: inherit\">Maria Del Pillar<\/span><span style=\"line-height: inherit\">, Vice Presidente\u00a0<\/span><span style=\"line-height: inherit\">de Inova\u00e7\u00e3o e Novos Neg\u00f3cios<\/span><span style=\"line-height: inherit\">\u00a0da Eurofarma.<\/span><\/span><\/p>\n<p><span style=\"font-size: 24px\"><span style=\"line-height: inherit\">Apesar da pouca idade<\/span><span style=\"line-height: inherit\">,<\/span><span style=\"line-height: inherit\">\u00a0o piloto de S\u00e3o Paulo (SP) traz para a equipe\u00a0<\/span><span style=\"line-height: inherit\">o talento e\u00a0<\/span><span style=\"line-height: inherit\">a experi\u00eancia de cinco anos na categoria, conquistando seis p\u00f3dios e uma vit\u00f3ria.<\/span><span style=\"line-height: inherit\">\u00a0\u00a0D<\/span><span style=\"line-height: inherit\">i Mauro \u00e9 um dos talentos da nova gera\u00e7\u00e3o da categoria. No kart conquistou sete t\u00edtulos brasileiros e um terceiro lugar no Campeonato Mundial. Tamb\u00e9m foi vice-campe\u00e3o da F\u00f3rmula 4\u00a0<\/span><span style=\"line-height: inherit\">Winter<\/span><span style=\"line-height: inherit\">\u00a0Tour em 2014 vencendo duas provas e subindo ao p\u00f3dio em\u00a0<\/span><span style=\"line-height: inherit\">outras\u00a0<\/span><span style=\"line-height: inherit\">sete oportunidades.<\/span><\/span><\/p>\n<p><span style=\"font-size: 24px\"><span style=\"line-height: inherit\"><br \/>\n<\/span><span style=\"line-height: inherit\">A transi\u00e7\u00e3o para os carros de turismo aconteceu em 2015 com a conquista do t\u00edtulo da Sprint\u00a0<\/span><span style=\"line-height: inherit\">Race<\/span><span style=\"line-height: inherit\">, na sequ\u00eancia o piloto obteve dois vice-campeonatos na Stock Light e Porsche Cup.<\/span>\u00a0<span style=\"line-height: inherit\">Em 2019<\/span><span style=\"line-height: inherit\">,<\/span><span style=\"line-height: inherit\">\u00a0Gaetano estreou na Stock\u00a0<\/span><span style=\"line-height: inherit\">Car<\/span>\u00a0<span style=\"line-height: inherit\">Pro Series. No ano passado, encerrou a temporada com o 11\u00ba lugar na tabela de pontua\u00e7\u00e3o, conquistando uma vit\u00f3ria na etapa do\u00a0<\/span><span style=\"line-height: inherit\">Velopark<\/span><span style=\"line-height: inherit\">.<\/span><\/span><\/p>\n<p><span style=\"font-size: 24px\"><span style=\"line-height: inherit\"><br \/>\n<\/span><span style=\"line-height: inherit\">\u201c<\/span><span style=\"line-height: inherit\">Muito feliz em competir a temporada 2023 da Stock Pro Series pela Hot Car. A B\u00e1rbara e todos os membros da equipe me receberam muito bem e tenho certeza de que vamos fazer um \u00f3timo campeonato. No fim da \u00faltima temporada<\/span><span style=\"line-height: inherit\">,<\/span><span style=\"line-height: inherit\">\u00a0decidi que gostaria de fazer um novo projeto e neste tempo conversei com a Hot\u00a0<\/span><span style=\"line-height: inherit\">Car<\/span><span style=\"line-height: inherit\">\u00a0e percebi que poderia ser uma parceria muito boa<\/span><span style=\"line-height: inherit\">\u201d, disse o piloto de 25 anos<\/span><span style=\"line-height: inherit\">.<\/span>\u00a0<span style=\"line-height: inherit\">\u201cSem contar que a partir dessa temporada ainda tenho o apoio da Eurofarma atrav\u00e9s da marca Valda. Todos sabemos da rela\u00e7\u00e3o s\u00e9ria que a empresa tem com o\u00a0<\/span><span style=\"line-height: inherit\">automobilismo. Ent\u00e3o, sem d\u00favida, ser\u00e1 um ano de muito crescimento. \u00c9 uma nova fase\u201d, diz ele.<\/span><\/span><\/p>\n<p><span style=\"font-size: 24px\"><span style=\"line-height: inherit\"><br \/>\n<\/span><span style=\"line-height: inherit\">Babi Rodrigues destaca a import\u00e2ncia de se contar com um piloto, segundo ela, do \u201ccalibre\u201d de Gaetano. \u201c<\/span><span style=\"line-height: inherit\">A vinda do Gaetano \u00e9 um f\u00f4lego novo para corrermos atr\u00e1s de mais vit\u00f3rias, ele \u00e9 um piloto arrojado e que vai trazer muito conhecimento para o time seguir o caminho das vit\u00f3rias na competi\u00e7\u00e3o<\/span><span style=\"line-height: inherit\">\u201d, disse a \u00fanica mulher a comandar uma equipe na Stock\u00a0<\/span><span style=\"line-height: inherit\">Car<\/span><span style=\"line-height: inherit\">\u00a0Pro Series.<\/span><span style=\"line-height: inherit\"><br \/>\n<\/span><span style=\"line-height: inherit\"><br \/>\n<\/span><span style=\"line-height: inherit\">A Hot\u00a0<\/span><span style=\"line-height: inherit\">Car<\/span><span style=\"line-height: inherit\">\u00a0\u00e9 uma das equipes mais tradicionais da categoria, fundada por Amadeu Rodrigues<\/span><span style=\"line-height: inherit\">\u00a0(1955-2020)<\/span><span style=\"line-height: inherit\">, tem a chefia de B\u00e1rbara Rodrigues<\/span><span style=\"line-height: inherit\">, filha ca\u00e7ula de Amadeu<\/span><span style=\"line-height: inherit\">.<\/span><span style=\"line-height: inherit\"><br \/>\n<\/span><span style=\"line-height: inherit\"><br \/>\n<\/span><span style=\"line-height: inherit\">\u201c<\/span><span style=\"line-height: inherit\">Desde que iniciei essa nova jornada no comando da Hot\u00a0<\/span><span style=\"line-height: inherit\">Car<\/span><span style=\"line-height: inherit\">\u00a0temos investido muito financeira e tecnicamente na equipe; n\u00f3s conseguimos uma grande evolu\u00e7\u00e3o de resultados no ano passado. Agora em 2023 estamos prontos para continuar essa jornada e conquistar ainda mais resultados<\/span><span style=\"line-height: inherit\">\u201d, disse Babi<\/span><span style=\"line-height: inherit\">.<\/span><span style=\"line-height: inherit\"><br \/>\n<\/span><span style=\"line-height: inherit\"><br \/>\n<\/span><span style=\"line-height: inherit\">O layout do carro de Gaetano, que segue levando o n\u00famero 11, ser\u00e1 revelado posteriormente. A<\/span><span style=\"line-height: inherit\">\u00a0equipe ir\u00e1 anunciar\u00a0<\/span><span style=\"line-height: inherit\">tamb\u00e9m em breve\u00a0<\/span><span style=\"line-height: inherit\">o piloto de seu outro carro.<\/span><span style=\"line-height: inherit\"><br \/>\n<\/span><span style=\"line-height: inherit\"><br \/>\n<\/span><span style=\"line-height: inherit\">A temporada 2023 da Stock\u00a0<\/span><span style=\"line-height: inherit\">Car<\/span><span style=\"line-height: inherit\">\u00a0Pro Series ter\u00e1 12 etapas e come\u00e7a no dia 2 de abril em Goi\u00e2nia (GO).<\/span><\/span><\/p>\n<p><span style=\"line-height: inherit;font-size: 24px\">(Assessoria)<\/span><\/p>\n","protected":false},"excerpt":{"rendered":"<p>Uma das equipes que demonstrou maior evolu\u00e7\u00e3o durante a campanha de 2022 da Stock\u00a0Car\u00a0Pro Series, com tr\u00eas p\u00f3dios,\u00a0duas pole\u00a0positions\u00a0e uma vit\u00f3ria, a Hot\u00a0CarCompeti\u00e7\u00f5es\u00a0contar\u00e1 com Gaetano\u00a0di\u00a0Mauro em um de seus dois carros. O piloto de 25 anos, um dos grandes talentos da principal categoria do automobilismo brasileiro, faz sua quinta temporada na Stock\u00a0Car, agora defendendo as [&hellip;]<\/p>\n","protected":false},"author":6307,"featured_media":56573,"comment_status":"open","ping_status":"open","sticky":false,"template":"","format":"standard","meta":{"_exactmetrics_skip_tracking":false,"_exactmetrics_sitenote_active":false,"_exactmetrics_sitenote_note":"","_exactmetrics_sitenote_category":0,"footnotes":""},"categories":[1267],"tags":[8910],"yoast_head":"<!-- This site is optimized with the Yoast SEO Premium plugin v22.7 (Yoast SEO v22.7) - https:\/\/yoast.com\/wordpress\/plugins\/seo\/ -->\n<title>MARING\u00c1 - Gaetano di Mauro \u00e9 o primeiro refor\u00e7o da Hot Car na temporada 2023 da Stock Car Pro Series - Orlando Gonzalez<\/title>\n<meta name=\"robots\" content=\"index, follow, max-snippet:-1, max-image-preview:large, max-video-preview:-1\" \/>\n<link rel=\"canonical\" href=\"https:\/\/maringapost.com.br\/orlandogonzalez\/2023\/02\/07\/maringa-gaetano-di-mauro-e-o-primeiro-reforco-da-hot-car-na-temporada-2023-da-stock-car-pro-series\/\" \/>\n<meta property=\"og:locale\" content=\"pt_BR\" \/>\n<meta property=\"og:type\" content=\"article\" \/>\n<meta property=\"og:title\" content=\"MARING\u00c1 - Gaetano di Mauro \u00e9 o primeiro refor\u00e7o da Hot Car na temporada 2023 da Stock Car Pro Series\" \/>\n<meta property=\"og:description\" content=\"Uma das equipes que demonstrou maior evolu\u00e7\u00e3o durante a campanha de 2022 da Stock\u00a0Car\u00a0Pro Series, com tr\u00eas p\u00f3dios,\u00a0duas pole\u00a0positions\u00a0e uma vit\u00f3ria, a Hot\u00a0CarCompeti\u00e7\u00f5es\u00a0contar\u00e1 com Gaetano\u00a0di\u00a0Mauro em um de seus dois carros. O piloto de 25 anos, um dos grandes talentos da principal categoria do automobilismo brasileiro, faz sua quinta temporada na Stock\u00a0Car, agora defendendo as [&hellip;]\" \/>\n<meta property=\"og:url\" content=\"https:\/\/maringapost.com.br\/orlandogonzalez\/2023\/02\/07\/maringa-gaetano-di-mauro-e-o-primeiro-reforco-da-hot-car-na-temporada-2023-da-stock-car-pro-series\/\" \/>\n<meta property=\"og:site_name\" content=\"Orlando Gonzalez\" \/>\n<meta property=\"article:author\" content=\"https:\/\/www.facebook.com\/profile.php?id=100011095815065\" \/>\n<meta property=\"article:published_time\" content=\"2023-02-07T13:30:34+00:00\" \/>\n<meta property=\"article:modified_time\" content=\"2023-02-07T13:31:14+00:00\" \/>\n<meta property=\"og:image\" content=\"https:\/\/maringapost.com.br\/orlandogonzalez\/wp-content\/uploads\/sites\/17\/2023\/02\/dupla-1.jpg\" \/>\n\t<meta property=\"og:image:width\" content=\"600\" \/>\n\t<meta property=\"og:image:height\" content=\"398\" \/>\n\t<meta property=\"og:image:type\" content=\"image\/jpeg\" \/>\n<meta name=\"author\" content=\"Orlando Gonzalez\" \/>\n<meta name=\"twitter:card\" content=\"summary_large_image\" \/>\n<meta name=\"twitter:creator\" content=\"@gonzalezorlando\" \/>\n<meta name=\"twitter:label1\" content=\"Escrito por\" \/>\n\t<meta name=\"twitter:data1\" content=\"\" \/>\n\t<meta name=\"twitter:label2\" content=\"Est. tempo de leitura\" \/>\n\t<meta name=\"twitter:data2\" content=\"4 minutos\" \/>\n<script type=\"application\/ld+json\" class=\"yoast-schema-graph\">{\"@context\":\"https:\/\/schema.org\",\"@graph\":[{\"@type\":\"WebPage\",\"@id\":\"https:\/\/maringapost.com.br\/orlandogonzalez\/2023\/02\/07\/maringa-gaetano-di-mauro-e-o-primeiro-reforco-da-hot-car-na-temporada-2023-da-stock-car-pro-series\/\",\"url\":\"https:\/\/maringapost.com.br\/orlandogonzalez\/2023\/02\/07\/maringa-gaetano-di-mauro-e-o-primeiro-reforco-da-hot-car-na-temporada-2023-da-stock-car-pro-series\/\",\"name\":\"MARING\u00c1 - Gaetano di Mauro \u00e9 o primeiro refor\u00e7o da Hot Car na temporada 2023 da Stock Car Pro Series - Orlando Gonzalez\",\"isPartOf\":{\"@id\":\"https:\/\/maringapost.com.br\/orlandogonzalez\/#website\"},\"primaryImageOfPage\":{\"@id\":\"https:\/\/maringapost.com.br\/orlandogonzalez\/2023\/02\/07\/maringa-gaetano-di-mauro-e-o-primeiro-reforco-da-hot-car-na-temporada-2023-da-stock-car-pro-series\/#primaryimage\"},\"image\":{\"@id\":\"https:\/\/maringapost.com.br\/orlandogonzalez\/2023\/02\/07\/maringa-gaetano-di-mauro-e-o-primeiro-reforco-da-hot-car-na-temporada-2023-da-stock-car-pro-series\/#primaryimage\"},\"thumbnailUrl\":\"https:\/\/maringapost.com.br\/orlandogonzalez\/wp-content\/uploads\/sites\/17\/2023\/02\/dupla-1.jpg\",\"datePublished\":\"2023-02-07T13:30:34+00:00\",\"dateModified\":\"2023-02-07T13:31:14+00:00\",\"author\":{\"@id\":\"https:\/\/maringapost.com.br\/orlandogonzalez\/#\/schema\/person\/5cbe6257d08edea6afc9ebaa613b0633\"},\"inLanguage\":\"pt-BR\",\"potentialAction\":[{\"@type\":\"ReadAction\",\"target\":[\"https:\/\/maringapost.com.br\/orlandogonzalez\/2023\/02\/07\/maringa-gaetano-di-mauro-e-o-primeiro-reforco-da-hot-car-na-temporada-2023-da-stock-car-pro-series\/\"]}]},{\"@type\":\"ImageObject\",\"inLanguage\":\"pt-BR\",\"@id\":\"https:\/\/maringapost.com.br\/orlandogonzalez\/2023\/02\/07\/maringa-gaetano-di-mauro-e-o-primeiro-reforco-da-hot-car-na-temporada-2023-da-stock-car-pro-series\/#primaryimage\",\"url\":\"https:\/\/maringapost.com.br\/orlandogonzalez\/wp-content\/uploads\/sites\/17\/2023\/02\/dupla-1.jpg\",\"contentUrl\":\"https:\/\/maringapost.com.br\/orlandogonzalez\/wp-content\/uploads\/sites\/17\/2023\/02\/dupla-1.jpg\",\"width\":600,\"height\":398},{\"@type\":\"WebSite\",\"@id\":\"https:\/\/maringapost.com.br\/orlandogonzalez\/#website\",\"url\":\"https:\/\/maringapost.com.br\/orlandogonzalez\/\",\"name\":\"Orlando Gonzalez\",\"description\":\"Destaca o esporte de Maring\u00e1! Destaca o esporte do Paran\u00e1! Destaca o esporte do Brasil!\",\"potentialAction\":[{\"@type\":\"SearchAction\",\"target\":{\"@type\":\"EntryPoint\",\"urlTemplate\":\"https:\/\/maringapost.com.br\/orlandogonzalez\/?s={search_term_string}\"},\"query-input\":\"required name=search_term_string\"}],\"inLanguage\":\"pt-BR\"},{\"@type\":\"Person\",\"@id\":\"https:\/\/maringapost.com.br\/orlandogonzalez\/#\/schema\/person\/5cbe6257d08edea6afc9ebaa613b0633\",\"name\":\"Orlando Gonzalez\",\"image\":{\"@type\":\"ImageObject\",\"inLanguage\":\"pt-BR\",\"@id\":\"https:\/\/maringapost.com.br\/orlandogonzalez\/#\/schema\/person\/image\/\",\"url\":\"https:\/\/secure.gravatar.com\/avatar\/ecef9d1c9afe5ebdafadde8369065ba5?s=96&d=mm&r=g\",\"contentUrl\":\"https:\/\/secure.gravatar.com\/avatar\/ecef9d1c9afe5ebdafadde8369065ba5?s=96&d=mm&r=g\",\"caption\":\"Orlando Gonzalez\"},\"description\":\"H\u00e1 29 anos na cobertura do esporte de Maring\u00e1. Plant\u00e3o e narrador esportivo. Presta\u00e7\u00e3o de assessoria de imprensa esportiva, cobertura e transmiss\u00f5es ao vivo de eventos esportivos. E-mail: orlandogonzalez.assessoria@gmail.com WhatsApp: (44) 9 9126-6119\",\"sameAs\":[\"http:\/\/www.radiomaringa.com.br\/\",\"https:\/\/www.facebook.com\/profile.php?id=100011095815065\",\"https:\/\/www.instagram.com\/orlandomgonzalez\/\",\"https:\/\/br.pinterest.com\/ogonzalez0530\/\",\"https:\/\/x.com\/gonzalezorlando\",\"https:\/\/www.youtube.com\/channel\/UCvFpl55btth8wjnKiSS1ibA\",\"https:\/\/radiomaringaweb.tumblr.com\/\"],\"url\":\"https:\/\/maringapost.com.br\/orlandogonzalez\/author\/orlando\/\"}]}<\/script>\n<!-- \/ Yoast SEO Premium plugin. -->","yoast_head_json":{"title":"MARING\u00c1 - Gaetano di Mauro \u00e9 o primeiro refor\u00e7o da Hot Car na temporada 2023 da Stock Car Pro Series - Orlando Gonzalez","robots":{"index":"index","follow":"follow","max-snippet":"max-snippet:-1","max-image-preview":"max-image-preview:large","max-video-preview":"max-video-preview:-1"},"canonical":"https:\/\/maringapost.com.br\/orlandogonzalez\/2023\/02\/07\/maringa-gaetano-di-mauro-e-o-primeiro-reforco-da-hot-car-na-temporada-2023-da-stock-car-pro-series\/","og_locale":"pt_BR","og_type":"article","og_title":"MARING\u00c1 - Gaetano di Mauro \u00e9 o primeiro refor\u00e7o da Hot Car na temporada 2023 da Stock Car Pro Series","og_description":"Uma das equipes que demonstrou maior evolu\u00e7\u00e3o durante a campanha de 2022 da Stock\u00a0Car\u00a0Pro Series, com tr\u00eas p\u00f3dios,\u00a0duas pole\u00a0positions\u00a0e uma vit\u00f3ria, a Hot\u00a0CarCompeti\u00e7\u00f5es\u00a0contar\u00e1 com Gaetano\u00a0di\u00a0Mauro em um de seus dois carros. O piloto de 25 anos, um dos grandes talentos da principal categoria do automobilismo brasileiro, faz sua quinta temporada na Stock\u00a0Car, agora defendendo as [&hellip;]","og_url":"https:\/\/maringapost.com.br\/orlandogonzalez\/2023\/02\/07\/maringa-gaetano-di-mauro-e-o-primeiro-reforco-da-hot-car-na-temporada-2023-da-stock-car-pro-series\/","og_site_name":"Orlando Gonzalez","article_author":"https:\/\/www.facebook.com\/profile.php?id=100011095815065","article_published_time":"2023-02-07T13:30:34+00:00","article_modified_time":"2023-02-07T13:31:14+00:00","og_image":[{"width":600,"height":398,"url":"https:\/\/maringapost.com.br\/orlandogonzalez\/wp-content\/uploads\/sites\/17\/2023\/02\/dupla-1.jpg","type":"image\/jpeg"}],"author":"Orlando Gonzalez","twitter_card":"summary_large_image","twitter_creator":"@gonzalezorlando","twitter_misc":{"Escrito por":false,"Est. tempo de leitura":"4 minutos"},"schema":{"@context":"https:\/\/schema.org","@graph":[{"@type":"WebPage","@id":"https:\/\/maringapost.com.br\/orlandogonzalez\/2023\/02\/07\/maringa-gaetano-di-mauro-e-o-primeiro-reforco-da-hot-car-na-temporada-2023-da-stock-car-pro-series\/","url":"https:\/\/maringapost.com.br\/orlandogonzalez\/2023\/02\/07\/maringa-gaetano-di-mauro-e-o-primeiro-reforco-da-hot-car-na-temporada-2023-da-stock-car-pro-series\/","name":"MARING\u00c1 - Gaetano di Mauro \u00e9 o primeiro refor\u00e7o da Hot Car na temporada 2023 da Stock Car Pro Series - Orlando Gonzalez","isPartOf":{"@id":"https:\/\/maringapost.com.br\/orlandogonzalez\/#website"},"primaryImageOfPage":{"@id":"https:\/\/maringapost.com.br\/orlandogonzalez\/2023\/02\/07\/maringa-gaetano-di-mauro-e-o-primeiro-reforco-da-hot-car-na-temporada-2023-da-stock-car-pro-series\/#primaryimage"},"image":{"@id":"https:\/\/maringapost.com.br\/orlandogonzalez\/2023\/02\/07\/maringa-gaetano-di-mauro-e-o-primeiro-reforco-da-hot-car-na-temporada-2023-da-stock-car-pro-series\/#primaryimage"},"thumbnailUrl":"https:\/\/maringapost.com.br\/orlandogonzalez\/wp-content\/uploads\/sites\/17\/2023\/02\/dupla-1.jpg","datePublished":"2023-02-07T13:30:34+00:00","dateModified":"2023-02-07T13:31:14+00:00","author":{"@id":"https:\/\/maringapost.com.br\/orlandogonzalez\/#\/schema\/person\/5cbe6257d08edea6afc9ebaa613b0633"},"inLanguage":"pt-BR","potentialAction":[{"@type":"ReadAction","target":["https:\/\/maringapost.com.br\/orlandogonzalez\/2023\/02\/07\/maringa-gaetano-di-mauro-e-o-primeiro-reforco-da-hot-car-na-temporada-2023-da-stock-car-pro-series\/"]}]},{"@type":"ImageObject","inLanguage":"pt-BR","@id":"https:\/\/maringapost.com.br\/orlandogonzalez\/2023\/02\/07\/maringa-gaetano-di-mauro-e-o-primeiro-reforco-da-hot-car-na-temporada-2023-da-stock-car-pro-series\/#primaryimage","url":"https:\/\/maringapost.com.br\/orlandogonzalez\/wp-content\/uploads\/sites\/17\/2023\/02\/dupla-1.jpg","contentUrl":"https:\/\/maringapost.com.br\/orlandogonzalez\/wp-content\/uploads\/sites\/17\/2023\/02\/dupla-1.jpg","width":600,"height":398},{"@type":"WebSite","@id":"https:\/\/maringapost.com.br\/orlandogonzalez\/#website","url":"https:\/\/maringapost.com.br\/orlandogonzalez\/","name":"Orlando Gonzalez","description":"Destaca o esporte de Maring\u00e1! Destaca o esporte do Paran\u00e1! Destaca o esporte do Brasil!","potentialAction":[{"@type":"SearchAction","target":{"@type":"EntryPoint","urlTemplate":"https:\/\/maringapost.com.br\/orlandogonzalez\/?s={search_term_string}"},"query-input":"required name=search_term_string"}],"inLanguage":"pt-BR"},{"@type":"Person","@id":"https:\/\/maringapost.com.br\/orlandogonzalez\/#\/schema\/person\/5cbe6257d08edea6afc9ebaa613b0633","name":"Orlando Gonzalez","image":{"@type":"ImageObject","inLanguage":"pt-BR","@id":"https:\/\/maringapost.com.br\/orlandogonzalez\/#\/schema\/person\/image\/","url":"https:\/\/secure.gravatar.com\/avatar\/ecef9d1c9afe5ebdafadde8369065ba5?s=96&d=mm&r=g","contentUrl":"https:\/\/secure.gravatar.com\/avatar\/ecef9d1c9afe5ebdafadde8369065ba5?s=96&d=mm&r=g","caption":"Orlando Gonzalez"},"description":"H\u00e1 29 anos na cobertura do esporte de Maring\u00e1. Plant\u00e3o e narrador esportivo. Presta\u00e7\u00e3o de assessoria de imprensa esportiva, cobertura e transmiss\u00f5es ao vivo de eventos esportivos. E-mail: orlandogonzalez.assessoria@gmail.com WhatsApp: (44) 9 9126-6119","sameAs":["http:\/\/www.radiomaringa.com.br\/","https:\/\/www.facebook.com\/profile.php?id=100011095815065","https:\/\/www.instagram.com\/orlandomgonzalez\/","https:\/\/br.pinterest.com\/ogonzalez0530\/","https:\/\/x.com\/gonzalezorlando","https:\/\/www.youtube.com\/channel\/UCvFpl55btth8wjnKiSS1ibA","https:\/\/radiomaringaweb.tumblr.com\/"],"url":"https:\/\/maringapost.com.br\/orlandogonzalez\/author\/orlando\/"}]}},"_links":{"self":[{"href":"https:\/\/maringapost.com.br\/orlandogonzalez\/wp-json\/wp\/v2\/posts\/56572"}],"collection":[{"href":"https:\/\/maringapost.com.br\/orlandogonzalez\/wp-json\/wp\/v2\/posts"}],"about":[{"href":"https:\/\/maringapost.com.br\/orlandogonzalez\/wp-json\/wp\/v2\/types\/post"}],"author":[{"embeddable":true,"href":"https:\/\/maringapost.com.br\/orlandogonzalez\/wp-json\/wp\/v2\/users\/6307"}],"replies":[{"embeddable":true,"href":"https:\/\/maringapost.com.br\/orlandogonzalez\/wp-json\/wp\/v2\/comments?post=56572"}],"version-history":[{"count":2,"href":"https:\/\/maringapost.com.br\/orlandogonzalez\/wp-json\/wp\/v2\/posts\/56572\/revisions"}],"predecessor-version":[{"id":56575,"href":"https:\/\/maringapost.com.br\/orlandogonzalez\/wp-json\/wp\/v2\/posts\/56572\/revisions\/56575"}],"wp:featuredmedia":[{"embeddable":true,"href":"https:\/\/maringapost.com.br\/orlandogonzalez\/wp-json\/wp\/v2\/media\/56573"}],"wp:attachment":[{"href":"https:\/\/maringapost.com.br\/orlandogonzalez\/wp-json\/wp\/v2\/media?parent=56572"}],"wp:term":[{"taxonomy":"category","embeddable":true,"href":"https:\/\/maringapost.com.br\/orlandogonzalez\/wp-json\/wp\/v2\/categories?post=56572"},{"taxonomy":"post_tag","embeddable":true,"href":"https:\/\/maringapost.com.br\/orlandogonzalez\/wp-json\/wp\/v2\/tags?post=56572"}],"curies":[{"name":"wp","href":"https:\/\/api.w.org\/{rel}","templated":true}]}}