{"id":56227,"date":"2023-01-04T11:35:23","date_gmt":"2023-01-04T14:35:23","guid":{"rendered":"https:\/\/maringapost.com.br\/orlandogonzalez\/?p=56227"},"modified":"2023-01-04T11:35:23","modified_gmt":"2023-01-04T14:35:23","slug":"maringa-time-do-maringa-fc-estreia-hoje-na-copa-sao-paulo-junior","status":"publish","type":"post","link":"https:\/\/maringapost.com.br\/orlandogonzalez\/2023\/01\/04\/maringa-time-do-maringa-fc-estreia-hoje-na-copa-sao-paulo-junior\/","title":{"rendered":"MARING\u00c1 &#8211; Time do Maring\u00e1 FC estreia hoje na Copa S\u00e3o Paulo J\u00fanior"},"content":{"rendered":"<p><span style=\"font-size: 24px\">O Maring\u00e1 Futebol Clube come\u00e7a a escrever hoje, 4, uma nova hist\u00f3ria. Pela primeira vez um clube maringaense vai disputar a Copa S\u00e3o Paulo de Futebol J\u00fanior e a estreia ser\u00e1 diante do ABC de Natal, \u00e0s 19h00, no Est\u00e1dio Bruno Lazzarini, em Leme &#8211; SP.\u00a0<\/span><\/p>\n<p><span style=\"font-size: 24px\">A partida \u00e9 v\u00e1lida pela primeira rodada do grupo 20, que ainda conta com Red Bull Bragantino e Lemense.\u00a0<\/span><\/p>\n<p><span style=\"font-size: 24px\">De acordo com o t\u00e9cnico Edinho, o time se preparou bem e vai buscar uma das duas vagas para a pr\u00f3xima fase. \u201cTemos uma equipe muito competitiva, queremos buscar uma das vagas para conseguir a classifica\u00e7\u00e3o para a pr\u00f3xima fase, mas sabemos tamb\u00e9m que temos advers\u00e1rios dif\u00edceis e que vamos precisar de muita aten\u00e7\u00e3o e disposi\u00e7\u00e3o nas partidas para alcan\u00e7ar nosso primeiro objetivo. Tivemos praticamente 45 dias de prepara\u00e7\u00e3o e os meninos est\u00e3o prontos para a estreia\u201d, explicou o treinador.<\/span><\/p>\n<p><span style=\"font-size: 24px\">A delega\u00e7\u00e3o tricolor chegou na cidade paulista na noite da \u00faltima segunda-feira, 2, e realizou um treinamento antes da partida de estreia na tarde de ter\u00e7a-feira, 3. Ao todo, viajaram 23 atletas, nascidos entre os anos de 2003 e 2006. A m\u00e9dia de idade do time maringaense \u00e9 de 17,5 anos e o diretor da categoria de base, Giovanni Galv\u00e3o explica que essa ser\u00e1 uma tend\u00eancia da base do Maring\u00e1 FC.<\/span><\/p>\n<p><span style=\"font-size: 24px\">\u201cTemos como objetivo nos tornar um clube formador e j\u00e1 \u00e9 nossa metodologia trabalhar com atletas jovens. Nossa m\u00e9dia de idade para essa copinha \u00e9 baixa em rela\u00e7\u00e3o a maioria das outras equipes e mesmo assim temos um time competitivo e que tenho certeza que teremos atletas se destacando e ficando na vitrine do futebol brasileiro\u201d, explicou o diretor.<\/span><\/p>\n<p><span style=\"font-size: 24px\">Ap\u00f3s a estreia de hoje, os meninos do ing\u00e1 voltam a jogar no s\u00e1bado, 7, diante da equipe da casa, o Lemense, \u00e0s 16h00 e encerra a participa\u00e7\u00e3o na primeira fase na ter\u00e7a-feira, 10, diante do Red Bull Bragantino. Todas as partidas do Maring\u00e1 podem ser acompanhadas ao vivo pelo Paulist\u00e3o Play de forma gratuita &#8211; https:\/\/paulistaoplay.com.br\/.\u00a0<\/span><\/p>\n<p>&nbsp;<\/p>\n<p><span style=\"font-size: 24px\">Elenco do Maring\u00e1 FC para a Copinha:<\/span><\/p>\n<p>&nbsp;<\/p>\n<p><span style=\"font-size: 24px\">Goleiros: Eduardo Zanella, Vitor Gomes e Antony Kaipers<\/span><\/p>\n<p><span style=\"font-size: 24px\">Laterais: Jhuan Gabriel, Arthur Mascaro, Guiso e Silvio Cesar.<\/span><\/p>\n<p><span style=\"font-size: 24px\">Zagueiros: Davi Felipe, Pedro Henrique, Kaua Vitorino, Jo\u00e3o Bett<\/span><\/p>\n<p><span style=\"font-size: 24px\">Meio-campistas: Poty, Jo\u00e3o Croti, Aron Felipe, Rafinha e Tony<\/span><\/p>\n<p><span style=\"font-size: 24px\">Atacantes: Gabriel Brumes, Mhuriel Abdias, Wesley Di Maria, Juan Vieira, Thiago Silva, Kelvin Costa e Ernani Santos.<\/span><\/p>\n<p><span style=\"font-size: 24px\">T\u00e9cnico: Edimo Ferreira (Edinho)<\/span><\/p>\n<p><span style=\"font-size: 24px\">(Foto: Rodrigo Ara\u00fajo\/MFC)<\/span><\/p>\n","protected":false},"excerpt":{"rendered":"<p>O Maring\u00e1 Futebol Clube come\u00e7a a escrever hoje, 4, uma nova hist\u00f3ria. Pela primeira vez um clube maringaense vai disputar a Copa S\u00e3o Paulo de Futebol J\u00fanior e a estreia ser\u00e1 diante do ABC de Natal, \u00e0s 19h00, no Est\u00e1dio Bruno Lazzarini, em Leme &#8211; SP.\u00a0 A partida \u00e9 v\u00e1lida pela primeira rodada do grupo [&hellip;]<\/p>\n","protected":false},"author":6307,"featured_media":56228,"comment_status":"open","ping_status":"open","sticky":false,"template":"","format":"standard","meta":{"_exactmetrics_skip_tracking":false,"_exactmetrics_sitenote_active":false,"_exactmetrics_sitenote_note":"","_exactmetrics_sitenote_category":0,"footnotes":""},"categories":[15128],"tags":[15121,140],"yoast_head":"<!-- This site is optimized with the Yoast SEO Premium plugin v22.7 (Yoast SEO v22.7) - https:\/\/yoast.com\/wordpress\/plugins\/seo\/ -->\n<title>MARING\u00c1 - Time do Maring\u00e1 FC estreia hoje na Copa S\u00e3o Paulo J\u00fanior - Orlando Gonzalez<\/title>\n<meta name=\"robots\" content=\"index, follow, max-snippet:-1, max-image-preview:large, max-video-preview:-1\" \/>\n<link rel=\"canonical\" href=\"https:\/\/maringapost.com.br\/orlandogonzalez\/2023\/01\/04\/maringa-time-do-maringa-fc-estreia-hoje-na-copa-sao-paulo-junior\/\" \/>\n<meta property=\"og:locale\" content=\"pt_BR\" \/>\n<meta property=\"og:type\" content=\"article\" \/>\n<meta property=\"og:title\" content=\"MARING\u00c1 - Time do Maring\u00e1 FC estreia hoje na Copa S\u00e3o Paulo J\u00fanior\" \/>\n<meta property=\"og:description\" content=\"O Maring\u00e1 Futebol Clube come\u00e7a a escrever hoje, 4, uma nova hist\u00f3ria. Pela primeira vez um clube maringaense vai disputar a Copa S\u00e3o Paulo de Futebol J\u00fanior e a estreia ser\u00e1 diante do ABC de Natal, \u00e0s 19h00, no Est\u00e1dio Bruno Lazzarini, em Leme &#8211; SP.\u00a0 A partida \u00e9 v\u00e1lida pela primeira rodada do grupo [&hellip;]\" \/>\n<meta property=\"og:url\" content=\"https:\/\/maringapost.com.br\/orlandogonzalez\/2023\/01\/04\/maringa-time-do-maringa-fc-estreia-hoje-na-copa-sao-paulo-junior\/\" \/>\n<meta property=\"og:site_name\" content=\"Orlando Gonzalez\" \/>\n<meta property=\"article:author\" content=\"https:\/\/www.facebook.com\/profile.php?id=100011095815065\" \/>\n<meta property=\"article:published_time\" content=\"2023-01-04T14:35:23+00:00\" \/>\n<meta property=\"og:image\" content=\"https:\/\/maringapost.com.br\/orlandogonzalez\/wp-content\/uploads\/sites\/17\/2023\/01\/copasp.jpg\" \/>\n\t<meta property=\"og:image:width\" content=\"1280\" \/>\n\t<meta property=\"og:image:height\" content=\"853\" \/>\n\t<meta property=\"og:image:type\" content=\"image\/jpeg\" \/>\n<meta name=\"author\" content=\"Orlando Gonzalez\" \/>\n<meta name=\"twitter:card\" content=\"summary_large_image\" \/>\n<meta name=\"twitter:creator\" content=\"@gonzalezorlando\" \/>\n<meta name=\"twitter:label1\" content=\"Escrito por\" \/>\n\t<meta name=\"twitter:data1\" content=\"\" \/>\n\t<meta name=\"twitter:label2\" content=\"Est. tempo de leitura\" \/>\n\t<meta name=\"twitter:data2\" content=\"3 minutos\" \/>\n<script type=\"application\/ld+json\" class=\"yoast-schema-graph\">{\"@context\":\"https:\/\/schema.org\",\"@graph\":[{\"@type\":\"WebPage\",\"@id\":\"https:\/\/maringapost.com.br\/orlandogonzalez\/2023\/01\/04\/maringa-time-do-maringa-fc-estreia-hoje-na-copa-sao-paulo-junior\/\",\"url\":\"https:\/\/maringapost.com.br\/orlandogonzalez\/2023\/01\/04\/maringa-time-do-maringa-fc-estreia-hoje-na-copa-sao-paulo-junior\/\",\"name\":\"MARING\u00c1 - Time do Maring\u00e1 FC estreia hoje na Copa S\u00e3o Paulo J\u00fanior - Orlando Gonzalez\",\"isPartOf\":{\"@id\":\"https:\/\/maringapost.com.br\/orlandogonzalez\/#website\"},\"primaryImageOfPage\":{\"@id\":\"https:\/\/maringapost.com.br\/orlandogonzalez\/2023\/01\/04\/maringa-time-do-maringa-fc-estreia-hoje-na-copa-sao-paulo-junior\/#primaryimage\"},\"image\":{\"@id\":\"https:\/\/maringapost.com.br\/orlandogonzalez\/2023\/01\/04\/maringa-time-do-maringa-fc-estreia-hoje-na-copa-sao-paulo-junior\/#primaryimage\"},\"thumbnailUrl\":\"https:\/\/maringapost.com.br\/orlandogonzalez\/wp-content\/uploads\/sites\/17\/2023\/01\/copasp.jpg\",\"datePublished\":\"2023-01-04T14:35:23+00:00\",\"dateModified\":\"2023-01-04T14:35:23+00:00\",\"author\":{\"@id\":\"https:\/\/maringapost.com.br\/orlandogonzalez\/#\/schema\/person\/5cbe6257d08edea6afc9ebaa613b0633\"},\"inLanguage\":\"pt-BR\",\"potentialAction\":[{\"@type\":\"ReadAction\",\"target\":[\"https:\/\/maringapost.com.br\/orlandogonzalez\/2023\/01\/04\/maringa-time-do-maringa-fc-estreia-hoje-na-copa-sao-paulo-junior\/\"]}]},{\"@type\":\"ImageObject\",\"inLanguage\":\"pt-BR\",\"@id\":\"https:\/\/maringapost.com.br\/orlandogonzalez\/2023\/01\/04\/maringa-time-do-maringa-fc-estreia-hoje-na-copa-sao-paulo-junior\/#primaryimage\",\"url\":\"https:\/\/maringapost.com.br\/orlandogonzalez\/wp-content\/uploads\/sites\/17\/2023\/01\/copasp.jpg\",\"contentUrl\":\"https:\/\/maringapost.com.br\/orlandogonzalez\/wp-content\/uploads\/sites\/17\/2023\/01\/copasp.jpg\",\"width\":1280,\"height\":853},{\"@type\":\"WebSite\",\"@id\":\"https:\/\/maringapost.com.br\/orlandogonzalez\/#website\",\"url\":\"https:\/\/maringapost.com.br\/orlandogonzalez\/\",\"name\":\"Orlando Gonzalez\",\"description\":\"Destaca o esporte de Maring\u00e1! Destaca o esporte do Paran\u00e1! Destaca o esporte do Brasil!\",\"potentialAction\":[{\"@type\":\"SearchAction\",\"target\":{\"@type\":\"EntryPoint\",\"urlTemplate\":\"https:\/\/maringapost.com.br\/orlandogonzalez\/?s={search_term_string}\"},\"query-input\":\"required name=search_term_string\"}],\"inLanguage\":\"pt-BR\"},{\"@type\":\"Person\",\"@id\":\"https:\/\/maringapost.com.br\/orlandogonzalez\/#\/schema\/person\/5cbe6257d08edea6afc9ebaa613b0633\",\"name\":\"Orlando Gonzalez\",\"image\":{\"@type\":\"ImageObject\",\"inLanguage\":\"pt-BR\",\"@id\":\"https:\/\/maringapost.com.br\/orlandogonzalez\/#\/schema\/person\/image\/\",\"url\":\"https:\/\/secure.gravatar.com\/avatar\/ecef9d1c9afe5ebdafadde8369065ba5?s=96&d=mm&r=g\",\"contentUrl\":\"https:\/\/secure.gravatar.com\/avatar\/ecef9d1c9afe5ebdafadde8369065ba5?s=96&d=mm&r=g\",\"caption\":\"Orlando Gonzalez\"},\"description\":\"H\u00e1 29 anos na cobertura do esporte de Maring\u00e1. Plant\u00e3o e narrador esportivo. Presta\u00e7\u00e3o de assessoria de imprensa esportiva, cobertura e transmiss\u00f5es ao vivo de eventos esportivos. E-mail: orlandogonzalez.assessoria@gmail.com WhatsApp: (44) 9 9126-6119\",\"sameAs\":[\"http:\/\/www.radiomaringa.com.br\/\",\"https:\/\/www.facebook.com\/profile.php?id=100011095815065\",\"https:\/\/www.instagram.com\/orlandomgonzalez\/\",\"https:\/\/br.pinterest.com\/ogonzalez0530\/\",\"https:\/\/x.com\/gonzalezorlando\",\"https:\/\/www.youtube.com\/channel\/UCvFpl55btth8wjnKiSS1ibA\",\"https:\/\/radiomaringaweb.tumblr.com\/\"],\"url\":\"https:\/\/maringapost.com.br\/orlandogonzalez\/author\/orlando\/\"}]}<\/script>\n<!-- \/ Yoast SEO Premium plugin. -->","yoast_head_json":{"title":"MARING\u00c1 - Time do Maring\u00e1 FC estreia hoje na Copa S\u00e3o Paulo J\u00fanior - Orlando Gonzalez","robots":{"index":"index","follow":"follow","max-snippet":"max-snippet:-1","max-image-preview":"max-image-preview:large","max-video-preview":"max-video-preview:-1"},"canonical":"https:\/\/maringapost.com.br\/orlandogonzalez\/2023\/01\/04\/maringa-time-do-maringa-fc-estreia-hoje-na-copa-sao-paulo-junior\/","og_locale":"pt_BR","og_type":"article","og_title":"MARING\u00c1 - Time do Maring\u00e1 FC estreia hoje na Copa S\u00e3o Paulo J\u00fanior","og_description":"O Maring\u00e1 Futebol Clube come\u00e7a a escrever hoje, 4, uma nova hist\u00f3ria. Pela primeira vez um clube maringaense vai disputar a Copa S\u00e3o Paulo de Futebol J\u00fanior e a estreia ser\u00e1 diante do ABC de Natal, \u00e0s 19h00, no Est\u00e1dio Bruno Lazzarini, em Leme &#8211; SP.\u00a0 A partida \u00e9 v\u00e1lida pela primeira rodada do grupo [&hellip;]","og_url":"https:\/\/maringapost.com.br\/orlandogonzalez\/2023\/01\/04\/maringa-time-do-maringa-fc-estreia-hoje-na-copa-sao-paulo-junior\/","og_site_name":"Orlando Gonzalez","article_author":"https:\/\/www.facebook.com\/profile.php?id=100011095815065","article_published_time":"2023-01-04T14:35:23+00:00","og_image":[{"width":1280,"height":853,"url":"https:\/\/maringapost.com.br\/orlandogonzalez\/wp-content\/uploads\/sites\/17\/2023\/01\/copasp.jpg","type":"image\/jpeg"}],"author":"Orlando Gonzalez","twitter_card":"summary_large_image","twitter_creator":"@gonzalezorlando","twitter_misc":{"Escrito por":false,"Est. tempo de leitura":"3 minutos"},"schema":{"@context":"https:\/\/schema.org","@graph":[{"@type":"WebPage","@id":"https:\/\/maringapost.com.br\/orlandogonzalez\/2023\/01\/04\/maringa-time-do-maringa-fc-estreia-hoje-na-copa-sao-paulo-junior\/","url":"https:\/\/maringapost.com.br\/orlandogonzalez\/2023\/01\/04\/maringa-time-do-maringa-fc-estreia-hoje-na-copa-sao-paulo-junior\/","name":"MARING\u00c1 - Time do Maring\u00e1 FC estreia hoje na Copa S\u00e3o Paulo J\u00fanior - Orlando Gonzalez","isPartOf":{"@id":"https:\/\/maringapost.com.br\/orlandogonzalez\/#website"},"primaryImageOfPage":{"@id":"https:\/\/maringapost.com.br\/orlandogonzalez\/2023\/01\/04\/maringa-time-do-maringa-fc-estreia-hoje-na-copa-sao-paulo-junior\/#primaryimage"},"image":{"@id":"https:\/\/maringapost.com.br\/orlandogonzalez\/2023\/01\/04\/maringa-time-do-maringa-fc-estreia-hoje-na-copa-sao-paulo-junior\/#primaryimage"},"thumbnailUrl":"https:\/\/maringapost.com.br\/orlandogonzalez\/wp-content\/uploads\/sites\/17\/2023\/01\/copasp.jpg","datePublished":"2023-01-04T14:35:23+00:00","dateModified":"2023-01-04T14:35:23+00:00","author":{"@id":"https:\/\/maringapost.com.br\/orlandogonzalez\/#\/schema\/person\/5cbe6257d08edea6afc9ebaa613b0633"},"inLanguage":"pt-BR","potentialAction":[{"@type":"ReadAction","target":["https:\/\/maringapost.com.br\/orlandogonzalez\/2023\/01\/04\/maringa-time-do-maringa-fc-estreia-hoje-na-copa-sao-paulo-junior\/"]}]},{"@type":"ImageObject","inLanguage":"pt-BR","@id":"https:\/\/maringapost.com.br\/orlandogonzalez\/2023\/01\/04\/maringa-time-do-maringa-fc-estreia-hoje-na-copa-sao-paulo-junior\/#primaryimage","url":"https:\/\/maringapost.com.br\/orlandogonzalez\/wp-content\/uploads\/sites\/17\/2023\/01\/copasp.jpg","contentUrl":"https:\/\/maringapost.com.br\/orlandogonzalez\/wp-content\/uploads\/sites\/17\/2023\/01\/copasp.jpg","width":1280,"height":853},{"@type":"WebSite","@id":"https:\/\/maringapost.com.br\/orlandogonzalez\/#website","url":"https:\/\/maringapost.com.br\/orlandogonzalez\/","name":"Orlando Gonzalez","description":"Destaca o esporte de Maring\u00e1! Destaca o esporte do Paran\u00e1! Destaca o esporte do Brasil!","potentialAction":[{"@type":"SearchAction","target":{"@type":"EntryPoint","urlTemplate":"https:\/\/maringapost.com.br\/orlandogonzalez\/?s={search_term_string}"},"query-input":"required name=search_term_string"}],"inLanguage":"pt-BR"},{"@type":"Person","@id":"https:\/\/maringapost.com.br\/orlandogonzalez\/#\/schema\/person\/5cbe6257d08edea6afc9ebaa613b0633","name":"Orlando Gonzalez","image":{"@type":"ImageObject","inLanguage":"pt-BR","@id":"https:\/\/maringapost.com.br\/orlandogonzalez\/#\/schema\/person\/image\/","url":"https:\/\/secure.gravatar.com\/avatar\/ecef9d1c9afe5ebdafadde8369065ba5?s=96&d=mm&r=g","contentUrl":"https:\/\/secure.gravatar.com\/avatar\/ecef9d1c9afe5ebdafadde8369065ba5?s=96&d=mm&r=g","caption":"Orlando Gonzalez"},"description":"H\u00e1 29 anos na cobertura do esporte de Maring\u00e1. Plant\u00e3o e narrador esportivo. Presta\u00e7\u00e3o de assessoria de imprensa esportiva, cobertura e transmiss\u00f5es ao vivo de eventos esportivos. E-mail: orlandogonzalez.assessoria@gmail.com WhatsApp: (44) 9 9126-6119","sameAs":["http:\/\/www.radiomaringa.com.br\/","https:\/\/www.facebook.com\/profile.php?id=100011095815065","https:\/\/www.instagram.com\/orlandomgonzalez\/","https:\/\/br.pinterest.com\/ogonzalez0530\/","https:\/\/x.com\/gonzalezorlando","https:\/\/www.youtube.com\/channel\/UCvFpl55btth8wjnKiSS1ibA","https:\/\/radiomaringaweb.tumblr.com\/"],"url":"https:\/\/maringapost.com.br\/orlandogonzalez\/author\/orlando\/"}]}},"_links":{"self":[{"href":"https:\/\/maringapost.com.br\/orlandogonzalez\/wp-json\/wp\/v2\/posts\/56227"}],"collection":[{"href":"https:\/\/maringapost.com.br\/orlandogonzalez\/wp-json\/wp\/v2\/posts"}],"about":[{"href":"https:\/\/maringapost.com.br\/orlandogonzalez\/wp-json\/wp\/v2\/types\/post"}],"author":[{"embeddable":true,"href":"https:\/\/maringapost.com.br\/orlandogonzalez\/wp-json\/wp\/v2\/users\/6307"}],"replies":[{"embeddable":true,"href":"https:\/\/maringapost.com.br\/orlandogonzalez\/wp-json\/wp\/v2\/comments?post=56227"}],"version-history":[{"count":1,"href":"https:\/\/maringapost.com.br\/orlandogonzalez\/wp-json\/wp\/v2\/posts\/56227\/revisions"}],"predecessor-version":[{"id":56229,"href":"https:\/\/maringapost.com.br\/orlandogonzalez\/wp-json\/wp\/v2\/posts\/56227\/revisions\/56229"}],"wp:featuredmedia":[{"embeddable":true,"href":"https:\/\/maringapost.com.br\/orlandogonzalez\/wp-json\/wp\/v2\/media\/56228"}],"wp:attachment":[{"href":"https:\/\/maringapost.com.br\/orlandogonzalez\/wp-json\/wp\/v2\/media?parent=56227"}],"wp:term":[{"taxonomy":"category","embeddable":true,"href":"https:\/\/maringapost.com.br\/orlandogonzalez\/wp-json\/wp\/v2\/categories?post=56227"},{"taxonomy":"post_tag","embeddable":true,"href":"https:\/\/maringapost.com.br\/orlandogonzalez\/wp-json\/wp\/v2\/tags?post=56227"}],"curies":[{"name":"wp","href":"https:\/\/api.w.org\/{rel}","templated":true}]}}