{"id":56213,"date":"2022-12-28T10:49:11","date_gmt":"2022-12-28T13:49:11","guid":{"rendered":"https:\/\/maringapost.com.br\/orlandogonzalez\/?p=56213"},"modified":"2022-12-28T11:46:07","modified_gmt":"2022-12-28T14:46:07","slug":"maringa-time-do-maringa-fc-treina-para-a-copa-sao-paulo-de-juniores","status":"publish","type":"post","link":"https:\/\/maringapost.com.br\/orlandogonzalez\/2022\/12\/28\/maringa-time-do-maringa-fc-treina-para-a-copa-sao-paulo-de-juniores\/","title":{"rendered":"MARING\u00c1 &#8211; Time do Maring\u00e1 FC treina para a Copa S\u00e3o Paulo de Juniores"},"content":{"rendered":"<p><span style=\"font-size: x-large\">\u00a0Ap\u00f3s o recesso de Natal, o Maring\u00e1 Futebol Clube retomou, na segunda-feira, 26, os trabalhos para a temporada 2023, tanto com a equipe principal, quanto com o time sub-20, que ir\u00e1 disputar a famosa Copa S\u00e3o Paulo de Futebol Junior, a Copinha, pela primeira vez em sua hist\u00f3ria.<\/span><\/p>\n<p><span style=\"font-size: x-large\">Os meninos do ing\u00e1, como s\u00e3o chamados os atletas da base ou revelados no Maring\u00e1 Futebol Clube, viajam para Leme \u2013 SP, onde ser\u00e1 a sede do grupo 20, no dia 2 de janeiro, e a estreia na competi\u00e7\u00e3o ser\u00e1 no dia 4, contra o ABC de Natal, \u00e0s 19h00. O segundo jogo do Tricolor ser\u00e1 no dia 7 contra a equipe da casa, o Lemense, \u00e0s 16h45 e a \u00faltima partida da primeira fase ser\u00e1 no dia 10, contra o Red Bull Bragantino, \u00e0s 16h45. Todos os jogos ser\u00e3o transmitidos ao vivo pela FPF TV (TV oficial da Federa\u00e7\u00e3o Paulista de Futebol:\u00a0<a href=\"https:\/\/futebolpaulista.com.br\/FPF-TV\/\" data-saferedirecturl=\"https:\/\/www.google.com\/url?q=https:\/\/futebolpaulista.com.br\/FPF-TV\/&amp;source=gmail&amp;ust=1672321311868000&amp;usg=AOvVaw1D_DzV7L8JvAOZE6ZhHVGC\">https:\/\/futebolpaulista.com.br\/FPF-TV\/<\/a>.<\/span><\/p>\n<p><span style=\"font-size: x-large\">Para o t\u00e9cnico Edinho, o time teve uma boa prepara\u00e7\u00e3o e essa semana ser\u00e1 de ajustes t\u00e1ticos para a disputa da competi\u00e7\u00e3o. \u201cEstamos na reta final da prepara\u00e7\u00e3o. Agora ser\u00e1 mais trabalhos t\u00e1ticos, jogadas ensaiadas e detalhes que queremos utilizar na competi\u00e7\u00e3o. Nossa prepara\u00e7\u00e3o foi muito boa, intensa e acreditamos que faremos uma boa competi\u00e7\u00e3o com uma equipe muito competitiva. Nosso grupo \u00e9 forte, tem equipes de camisa, e mesmo respeitando os advers\u00e1rios, vamos buscar uma das vagas para a segunda fase\u201d, projetou o treinador da equipe maringaense.<\/span><\/p>\n<p><span style=\"font-size: x-large\">O Maring\u00e1 FC garantiu a classifica\u00e7\u00e3o para a Copinha pela excelente campanha no Campeonato Paranaense 2022, quando foi vice-campe\u00e3o e no Paranaense sub-20 deste ano, quando ficou na quarta coloca\u00e7\u00e3o geral. A competi\u00e7\u00e3o \u00e9 considerada a maior do mundo na categoria sub-20 e conta com 128 equipes divididas em 32 grupos de quatro times. Na primeira fase se classificam os dois melhores de cada grupo e depois iniciam os play-offs, com partidas eliminat\u00f3rias \u00fanicas. O \u00faltimo campe\u00e3o da competi\u00e7\u00e3o foi o Palmeiras, em 2022.<\/span><\/p>\n<p><span style=\"font-size: x-large\">Os treinamentos dos meninos do ing\u00e1 iniciam na tarde de hoje, \u00e0s 15h30, no est\u00e1dio de Iguatemi e v\u00e3o at\u00e9 o pr\u00f3ximo s\u00e1bado, 31, pela manh\u00e3. De ter\u00e7a \u00e0 sexta, os trabalhos ser\u00e3o realizados em dois per\u00edodos.<\/span><\/p>\n<p><span style=\"font-size: x-large\">(Foto: Rodrigo Ara\u00fajo\/MFC)<\/span><\/p>\n","protected":false},"excerpt":{"rendered":"<p>\u00a0Ap\u00f3s o recesso de Natal, o Maring\u00e1 Futebol Clube retomou, na segunda-feira, 26, os trabalhos para a temporada 2023, tanto com a equipe principal, quanto com o time sub-20, que ir\u00e1 disputar a famosa Copa S\u00e3o Paulo de Futebol Junior, a Copinha, pela primeira vez em sua hist\u00f3ria. Os meninos do ing\u00e1, como s\u00e3o chamados [&hellip;]<\/p>\n","protected":false},"author":6307,"featured_media":56214,"comment_status":"open","ping_status":"open","sticky":false,"template":"","format":"standard","meta":{"_exactmetrics_skip_tracking":false,"_exactmetrics_sitenote_active":false,"_exactmetrics_sitenote_note":"","_exactmetrics_sitenote_category":0,"footnotes":""},"categories":[15128],"tags":[140],"yoast_head":"<!-- This site is optimized with the Yoast SEO Premium plugin v22.7 (Yoast SEO v22.7) - https:\/\/yoast.com\/wordpress\/plugins\/seo\/ -->\n<title>MARING\u00c1 - Time do Maring\u00e1 FC treina para a Copa S\u00e3o Paulo de Juniores - Orlando Gonzalez<\/title>\n<meta name=\"robots\" content=\"index, follow, max-snippet:-1, max-image-preview:large, max-video-preview:-1\" \/>\n<link rel=\"canonical\" href=\"https:\/\/maringapost.com.br\/orlandogonzalez\/2022\/12\/28\/maringa-time-do-maringa-fc-treina-para-a-copa-sao-paulo-de-juniores\/\" \/>\n<meta property=\"og:locale\" content=\"pt_BR\" \/>\n<meta property=\"og:type\" content=\"article\" \/>\n<meta property=\"og:title\" content=\"MARING\u00c1 - Time do Maring\u00e1 FC treina para a Copa S\u00e3o Paulo de Juniores\" \/>\n<meta property=\"og:description\" content=\"\u00a0Ap\u00f3s o recesso de Natal, o Maring\u00e1 Futebol Clube retomou, na segunda-feira, 26, os trabalhos para a temporada 2023, tanto com a equipe principal, quanto com o time sub-20, que ir\u00e1 disputar a famosa Copa S\u00e3o Paulo de Futebol Junior, a Copinha, pela primeira vez em sua hist\u00f3ria. Os meninos do ing\u00e1, como s\u00e3o chamados [&hellip;]\" \/>\n<meta property=\"og:url\" content=\"https:\/\/maringapost.com.br\/orlandogonzalez\/2022\/12\/28\/maringa-time-do-maringa-fc-treina-para-a-copa-sao-paulo-de-juniores\/\" \/>\n<meta property=\"og:site_name\" content=\"Orlando Gonzalez\" \/>\n<meta property=\"article:author\" content=\"https:\/\/www.facebook.com\/profile.php?id=100011095815065\" \/>\n<meta property=\"article:published_time\" content=\"2022-12-28T13:49:11+00:00\" \/>\n<meta property=\"article:modified_time\" content=\"2022-12-28T14:46:07+00:00\" \/>\n<meta property=\"og:image\" content=\"https:\/\/maringapost.com.br\/orlandogonzalez\/wp-content\/uploads\/sites\/17\/2022\/12\/Treino-Prof-x-Sub20.jpeg\" \/>\n\t<meta property=\"og:image:width\" content=\"1280\" \/>\n\t<meta property=\"og:image:height\" content=\"840\" \/>\n\t<meta property=\"og:image:type\" content=\"image\/jpeg\" \/>\n<meta name=\"author\" content=\"Orlando Gonzalez\" \/>\n<meta name=\"twitter:card\" content=\"summary_large_image\" \/>\n<meta name=\"twitter:creator\" content=\"@gonzalezorlando\" \/>\n<meta name=\"twitter:label1\" content=\"Escrito por\" \/>\n\t<meta name=\"twitter:data1\" content=\"\" \/>\n\t<meta name=\"twitter:label2\" content=\"Est. tempo de leitura\" \/>\n\t<meta name=\"twitter:data2\" content=\"3 minutos\" \/>\n<script type=\"application\/ld+json\" class=\"yoast-schema-graph\">{\"@context\":\"https:\/\/schema.org\",\"@graph\":[{\"@type\":\"WebPage\",\"@id\":\"https:\/\/maringapost.com.br\/orlandogonzalez\/2022\/12\/28\/maringa-time-do-maringa-fc-treina-para-a-copa-sao-paulo-de-juniores\/\",\"url\":\"https:\/\/maringapost.com.br\/orlandogonzalez\/2022\/12\/28\/maringa-time-do-maringa-fc-treina-para-a-copa-sao-paulo-de-juniores\/\",\"name\":\"MARING\u00c1 - Time do Maring\u00e1 FC treina para a Copa S\u00e3o Paulo de Juniores - Orlando Gonzalez\",\"isPartOf\":{\"@id\":\"https:\/\/maringapost.com.br\/orlandogonzalez\/#website\"},\"primaryImageOfPage\":{\"@id\":\"https:\/\/maringapost.com.br\/orlandogonzalez\/2022\/12\/28\/maringa-time-do-maringa-fc-treina-para-a-copa-sao-paulo-de-juniores\/#primaryimage\"},\"image\":{\"@id\":\"https:\/\/maringapost.com.br\/orlandogonzalez\/2022\/12\/28\/maringa-time-do-maringa-fc-treina-para-a-copa-sao-paulo-de-juniores\/#primaryimage\"},\"thumbnailUrl\":\"https:\/\/maringapost.com.br\/orlandogonzalez\/wp-content\/uploads\/sites\/17\/2022\/12\/Treino-Prof-x-Sub20.jpeg\",\"datePublished\":\"2022-12-28T13:49:11+00:00\",\"dateModified\":\"2022-12-28T14:46:07+00:00\",\"author\":{\"@id\":\"https:\/\/maringapost.com.br\/orlandogonzalez\/#\/schema\/person\/5cbe6257d08edea6afc9ebaa613b0633\"},\"inLanguage\":\"pt-BR\",\"potentialAction\":[{\"@type\":\"ReadAction\",\"target\":[\"https:\/\/maringapost.com.br\/orlandogonzalez\/2022\/12\/28\/maringa-time-do-maringa-fc-treina-para-a-copa-sao-paulo-de-juniores\/\"]}]},{\"@type\":\"ImageObject\",\"inLanguage\":\"pt-BR\",\"@id\":\"https:\/\/maringapost.com.br\/orlandogonzalez\/2022\/12\/28\/maringa-time-do-maringa-fc-treina-para-a-copa-sao-paulo-de-juniores\/#primaryimage\",\"url\":\"https:\/\/maringapost.com.br\/orlandogonzalez\/wp-content\/uploads\/sites\/17\/2022\/12\/Treino-Prof-x-Sub20.jpeg\",\"contentUrl\":\"https:\/\/maringapost.com.br\/orlandogonzalez\/wp-content\/uploads\/sites\/17\/2022\/12\/Treino-Prof-x-Sub20.jpeg\",\"width\":1280,\"height\":840},{\"@type\":\"WebSite\",\"@id\":\"https:\/\/maringapost.com.br\/orlandogonzalez\/#website\",\"url\":\"https:\/\/maringapost.com.br\/orlandogonzalez\/\",\"name\":\"Orlando Gonzalez\",\"description\":\"Destaca o esporte de Maring\u00e1! Destaca o esporte do Paran\u00e1! Destaca o esporte do Brasil!\",\"potentialAction\":[{\"@type\":\"SearchAction\",\"target\":{\"@type\":\"EntryPoint\",\"urlTemplate\":\"https:\/\/maringapost.com.br\/orlandogonzalez\/?s={search_term_string}\"},\"query-input\":\"required name=search_term_string\"}],\"inLanguage\":\"pt-BR\"},{\"@type\":\"Person\",\"@id\":\"https:\/\/maringapost.com.br\/orlandogonzalez\/#\/schema\/person\/5cbe6257d08edea6afc9ebaa613b0633\",\"name\":\"Orlando Gonzalez\",\"image\":{\"@type\":\"ImageObject\",\"inLanguage\":\"pt-BR\",\"@id\":\"https:\/\/maringapost.com.br\/orlandogonzalez\/#\/schema\/person\/image\/\",\"url\":\"https:\/\/secure.gravatar.com\/avatar\/ecef9d1c9afe5ebdafadde8369065ba5?s=96&d=mm&r=g\",\"contentUrl\":\"https:\/\/secure.gravatar.com\/avatar\/ecef9d1c9afe5ebdafadde8369065ba5?s=96&d=mm&r=g\",\"caption\":\"Orlando Gonzalez\"},\"description\":\"H\u00e1 29 anos na cobertura do esporte de Maring\u00e1. Plant\u00e3o e narrador esportivo. Presta\u00e7\u00e3o de assessoria de imprensa esportiva, cobertura e transmiss\u00f5es ao vivo de eventos esportivos. E-mail: orlandogonzalez.assessoria@gmail.com WhatsApp: (44) 9 9126-6119\",\"sameAs\":[\"http:\/\/www.radiomaringa.com.br\/\",\"https:\/\/www.facebook.com\/profile.php?id=100011095815065\",\"https:\/\/www.instagram.com\/orlandomgonzalez\/\",\"https:\/\/br.pinterest.com\/ogonzalez0530\/\",\"https:\/\/x.com\/gonzalezorlando\",\"https:\/\/www.youtube.com\/channel\/UCvFpl55btth8wjnKiSS1ibA\",\"https:\/\/radiomaringaweb.tumblr.com\/\"],\"url\":\"https:\/\/maringapost.com.br\/orlandogonzalez\/author\/orlando\/\"}]}<\/script>\n<!-- \/ Yoast SEO Premium plugin. -->","yoast_head_json":{"title":"MARING\u00c1 - Time do Maring\u00e1 FC treina para a Copa S\u00e3o Paulo de Juniores - Orlando Gonzalez","robots":{"index":"index","follow":"follow","max-snippet":"max-snippet:-1","max-image-preview":"max-image-preview:large","max-video-preview":"max-video-preview:-1"},"canonical":"https:\/\/maringapost.com.br\/orlandogonzalez\/2022\/12\/28\/maringa-time-do-maringa-fc-treina-para-a-copa-sao-paulo-de-juniores\/","og_locale":"pt_BR","og_type":"article","og_title":"MARING\u00c1 - Time do Maring\u00e1 FC treina para a Copa S\u00e3o Paulo de Juniores","og_description":"\u00a0Ap\u00f3s o recesso de Natal, o Maring\u00e1 Futebol Clube retomou, na segunda-feira, 26, os trabalhos para a temporada 2023, tanto com a equipe principal, quanto com o time sub-20, que ir\u00e1 disputar a famosa Copa S\u00e3o Paulo de Futebol Junior, a Copinha, pela primeira vez em sua hist\u00f3ria. Os meninos do ing\u00e1, como s\u00e3o chamados [&hellip;]","og_url":"https:\/\/maringapost.com.br\/orlandogonzalez\/2022\/12\/28\/maringa-time-do-maringa-fc-treina-para-a-copa-sao-paulo-de-juniores\/","og_site_name":"Orlando Gonzalez","article_author":"https:\/\/www.facebook.com\/profile.php?id=100011095815065","article_published_time":"2022-12-28T13:49:11+00:00","article_modified_time":"2022-12-28T14:46:07+00:00","og_image":[{"width":1280,"height":840,"url":"https:\/\/maringapost.com.br\/orlandogonzalez\/wp-content\/uploads\/sites\/17\/2022\/12\/Treino-Prof-x-Sub20.jpeg","type":"image\/jpeg"}],"author":"Orlando Gonzalez","twitter_card":"summary_large_image","twitter_creator":"@gonzalezorlando","twitter_misc":{"Escrito por":false,"Est. tempo de leitura":"3 minutos"},"schema":{"@context":"https:\/\/schema.org","@graph":[{"@type":"WebPage","@id":"https:\/\/maringapost.com.br\/orlandogonzalez\/2022\/12\/28\/maringa-time-do-maringa-fc-treina-para-a-copa-sao-paulo-de-juniores\/","url":"https:\/\/maringapost.com.br\/orlandogonzalez\/2022\/12\/28\/maringa-time-do-maringa-fc-treina-para-a-copa-sao-paulo-de-juniores\/","name":"MARING\u00c1 - Time do Maring\u00e1 FC treina para a Copa S\u00e3o Paulo de Juniores - Orlando Gonzalez","isPartOf":{"@id":"https:\/\/maringapost.com.br\/orlandogonzalez\/#website"},"primaryImageOfPage":{"@id":"https:\/\/maringapost.com.br\/orlandogonzalez\/2022\/12\/28\/maringa-time-do-maringa-fc-treina-para-a-copa-sao-paulo-de-juniores\/#primaryimage"},"image":{"@id":"https:\/\/maringapost.com.br\/orlandogonzalez\/2022\/12\/28\/maringa-time-do-maringa-fc-treina-para-a-copa-sao-paulo-de-juniores\/#primaryimage"},"thumbnailUrl":"https:\/\/maringapost.com.br\/orlandogonzalez\/wp-content\/uploads\/sites\/17\/2022\/12\/Treino-Prof-x-Sub20.jpeg","datePublished":"2022-12-28T13:49:11+00:00","dateModified":"2022-12-28T14:46:07+00:00","author":{"@id":"https:\/\/maringapost.com.br\/orlandogonzalez\/#\/schema\/person\/5cbe6257d08edea6afc9ebaa613b0633"},"inLanguage":"pt-BR","potentialAction":[{"@type":"ReadAction","target":["https:\/\/maringapost.com.br\/orlandogonzalez\/2022\/12\/28\/maringa-time-do-maringa-fc-treina-para-a-copa-sao-paulo-de-juniores\/"]}]},{"@type":"ImageObject","inLanguage":"pt-BR","@id":"https:\/\/maringapost.com.br\/orlandogonzalez\/2022\/12\/28\/maringa-time-do-maringa-fc-treina-para-a-copa-sao-paulo-de-juniores\/#primaryimage","url":"https:\/\/maringapost.com.br\/orlandogonzalez\/wp-content\/uploads\/sites\/17\/2022\/12\/Treino-Prof-x-Sub20.jpeg","contentUrl":"https:\/\/maringapost.com.br\/orlandogonzalez\/wp-content\/uploads\/sites\/17\/2022\/12\/Treino-Prof-x-Sub20.jpeg","width":1280,"height":840},{"@type":"WebSite","@id":"https:\/\/maringapost.com.br\/orlandogonzalez\/#website","url":"https:\/\/maringapost.com.br\/orlandogonzalez\/","name":"Orlando Gonzalez","description":"Destaca o esporte de Maring\u00e1! Destaca o esporte do Paran\u00e1! Destaca o esporte do Brasil!","potentialAction":[{"@type":"SearchAction","target":{"@type":"EntryPoint","urlTemplate":"https:\/\/maringapost.com.br\/orlandogonzalez\/?s={search_term_string}"},"query-input":"required name=search_term_string"}],"inLanguage":"pt-BR"},{"@type":"Person","@id":"https:\/\/maringapost.com.br\/orlandogonzalez\/#\/schema\/person\/5cbe6257d08edea6afc9ebaa613b0633","name":"Orlando Gonzalez","image":{"@type":"ImageObject","inLanguage":"pt-BR","@id":"https:\/\/maringapost.com.br\/orlandogonzalez\/#\/schema\/person\/image\/","url":"https:\/\/secure.gravatar.com\/avatar\/ecef9d1c9afe5ebdafadde8369065ba5?s=96&d=mm&r=g","contentUrl":"https:\/\/secure.gravatar.com\/avatar\/ecef9d1c9afe5ebdafadde8369065ba5?s=96&d=mm&r=g","caption":"Orlando Gonzalez"},"description":"H\u00e1 29 anos na cobertura do esporte de Maring\u00e1. Plant\u00e3o e narrador esportivo. Presta\u00e7\u00e3o de assessoria de imprensa esportiva, cobertura e transmiss\u00f5es ao vivo de eventos esportivos. E-mail: orlandogonzalez.assessoria@gmail.com WhatsApp: (44) 9 9126-6119","sameAs":["http:\/\/www.radiomaringa.com.br\/","https:\/\/www.facebook.com\/profile.php?id=100011095815065","https:\/\/www.instagram.com\/orlandomgonzalez\/","https:\/\/br.pinterest.com\/ogonzalez0530\/","https:\/\/x.com\/gonzalezorlando","https:\/\/www.youtube.com\/channel\/UCvFpl55btth8wjnKiSS1ibA","https:\/\/radiomaringaweb.tumblr.com\/"],"url":"https:\/\/maringapost.com.br\/orlandogonzalez\/author\/orlando\/"}]}},"_links":{"self":[{"href":"https:\/\/maringapost.com.br\/orlandogonzalez\/wp-json\/wp\/v2\/posts\/56213"}],"collection":[{"href":"https:\/\/maringapost.com.br\/orlandogonzalez\/wp-json\/wp\/v2\/posts"}],"about":[{"href":"https:\/\/maringapost.com.br\/orlandogonzalez\/wp-json\/wp\/v2\/types\/post"}],"author":[{"embeddable":true,"href":"https:\/\/maringapost.com.br\/orlandogonzalez\/wp-json\/wp\/v2\/users\/6307"}],"replies":[{"embeddable":true,"href":"https:\/\/maringapost.com.br\/orlandogonzalez\/wp-json\/wp\/v2\/comments?post=56213"}],"version-history":[{"count":2,"href":"https:\/\/maringapost.com.br\/orlandogonzalez\/wp-json\/wp\/v2\/posts\/56213\/revisions"}],"predecessor-version":[{"id":56216,"href":"https:\/\/maringapost.com.br\/orlandogonzalez\/wp-json\/wp\/v2\/posts\/56213\/revisions\/56216"}],"wp:featuredmedia":[{"embeddable":true,"href":"https:\/\/maringapost.com.br\/orlandogonzalez\/wp-json\/wp\/v2\/media\/56214"}],"wp:attachment":[{"href":"https:\/\/maringapost.com.br\/orlandogonzalez\/wp-json\/wp\/v2\/media?parent=56213"}],"wp:term":[{"taxonomy":"category","embeddable":true,"href":"https:\/\/maringapost.com.br\/orlandogonzalez\/wp-json\/wp\/v2\/categories?post=56213"},{"taxonomy":"post_tag","embeddable":true,"href":"https:\/\/maringapost.com.br\/orlandogonzalez\/wp-json\/wp\/v2\/tags?post=56213"}],"curies":[{"name":"wp","href":"https:\/\/api.w.org\/{rel}","templated":true}]}}