{"id":56135,"date":"2022-12-08T08:22:11","date_gmt":"2022-12-08T11:22:11","guid":{"rendered":"https:\/\/maringapost.com.br\/orlandogonzalez\/?p=56135"},"modified":"2022-12-08T08:22:11","modified_gmt":"2022-12-08T11:22:11","slug":"maringa-copa-shell-hb20-vai-conhecer-campeoes-da-temporada-neste-fim-de-semana","status":"publish","type":"post","link":"https:\/\/maringapost.com.br\/orlandogonzalez\/2022\/12\/08\/maringa-copa-shell-hb20-vai-conhecer-campeoes-da-temporada-neste-fim-de-semana\/","title":{"rendered":"MARING\u00c1 &#8211; Copa Shell HB20 vai conhecer campe\u00f5es da temporada neste fim de semana"},"content":{"rendered":"<p><span style=\"font-size: 24px\">Palco da abertura e do fechamento do \u201cprimeiro turno\u201d do campeonato, a Copa Shell HB20 retorna ao Aut\u00f3dromo Jos\u00e9 Carlos Pace, em Interlagos, na capital paulista, neste fim de semana. Com atividades entre quinta-feira (8) e domingo (11), os pilotos dos mais de 40 Hyundai HB20 v\u00e3o acelerar para fechar a temporada e encerrar o ciclo com a primeira gera\u00e7\u00e3o dos carros de corrida. Em 2023, os competidores v\u00e3o acelerar o Novo Hyundai HB20, de configura\u00e7\u00e3o atualizada e design moderno. Quem chega a Interlagos liderando os campeonatos s\u00e3o os pilotos Leonardo Reis (PRO), Leo Rufino (ELITE) e Jo\u00e3o Bortoluzzi (SUPER). Colocando um tempero a mais na disputa, o regulamento da Copa Shell HB20 2022 prev\u00ea o descarte dos quatro piores resultados de cada piloto.<\/span><\/p>\n<p><span style=\"font-size: 24px\">Pela categoria PRO, 27 pontos separam os irm\u00e3os Reis da ponta da tabela. Leonardo tem 230 pontos somados e Rafael tem 213 tentos no campeonato. Correndo por fora vem Alberto Cattucci, com 197 pontos, buscando seu segundo t\u00edtulo na Copa Shell HB20.<\/span><\/p>\n<p><span style=\"font-size: 24px\">A maior diferen\u00e7a est\u00e1 na categoria ELITE, onde Leo Rufino lidera com 43 pontos de vantagem sobre o segundo colocado Arthur Scherer. Rufino conquistou 209 pontos na temporada contra 166 de Scherer. Lucas Bornemann vem no encal\u00e7o de Scherer com 162 pontos conquistados na terceira coloca\u00e7\u00e3o.<\/span><\/p>\n<p><span style=\"font-size: 24px\">Apenas 14 pontos separam l\u00edder e vice-l\u00edderes na categoria SUPER. Jo\u00e3o Bortoluzzi lidera com 206 pontos e est\u00e1 na mira da dupla Vito e Agostinho Ardito que somam 192 pontos no campeonato.<\/span><\/p>\n<p><span style=\"font-size: 24px\">A pista de Interlagos tem extens\u00e3o de 4.309 metros a uma altitude de 786 metros em rela\u00e7\u00e3o ao n\u00edvel do mar. As corridas s\u00e3o disputadas no sentido anti-hor\u00e1rio, com 13 curvas no total (nove \u00e0 esquerda e quatro \u00e0 direita). O pneu mais exigido dos carros \u00e9 o traseiro direito.<\/span><\/p>\n<p><span style=\"font-size: 24px\">A primeira atividade oficial de pista da oitava etapa da temporada 2022 da Copa Shell HB20 ser\u00e1 na quinta-feira (8), com o dia todo dedicado a tr\u00eas treinos livres. Na sexta-feira (9) pela manh\u00e3 os pilotos ter\u00e3o mais uma sess\u00e3o de treinos antes do classificat\u00f3rio, que ser\u00e1 \u00e0s 11h45. A primeira corrida ser\u00e1 no s\u00e1bado (10), \u00e0s 16h30 e a corrida de encerramento da temporada acontece no domingo (11) \u00e0s 16h20.<\/span><\/p>\n<p><span style=\"font-size: 24px\">A Copa Shell HB20 t\u00eam transmiss\u00e3o pelo YouTube do site Motorsport.com (ao vivo) e tamb\u00e9m pela RedeTV!.<\/span><\/p>\n<p><span style=\"font-size: 24px\"><strong>Programa\u00e7\u00e3o da quarta etapa da Copa Shell HB20 em Interlagos:<\/strong><\/span><\/p>\n<p><span style=\"font-size: 24px\"><strong>Quinta-feira, dia 8<\/strong><\/span><br \/>\n<span style=\"font-size: 24px\">9h50 \u2013 Treino Livre 1<\/span><br \/>\n<span style=\"font-size: 24px\">11h50 \u2013 Treino Livre 2<\/span><br \/>\n<span style=\"font-size: 24px\">14h \u2013 Treino de duplas<\/span><\/p>\n<p><span style=\"font-size: 24px\"><strong>Sexta-feira, dia 9<br \/>\n<\/strong>7h \u2013 Treino Livre 4<\/span><br \/>\n<span style=\"font-size: 24px\">11h45 \u2013 Classifica\u00e7\u00e3o<\/span><\/p>\n<p><span style=\"font-size: 24px\"><strong>S\u00e1bado, dia 10<br \/>\n<\/strong>16h30 \u2013 Corrida 1 (25 minutos + 1 volta)<\/span><\/p>\n<p><span style=\"font-size: 24px\"><strong>Domingo, dia 11<br \/>\n<\/strong>16h20 \u2013 Corrida 2 (25 minutos + 1 volta)<\/span><\/p>\n<p><span style=\"font-size: 24px\"><strong>Confira a classifica\u00e7\u00e3o do campeonato:<\/strong><\/span><\/p>\n<p><span style=\"font-size: 24px\"><strong>Pro<\/strong><\/span><br \/>\n<span style=\"font-size: 24px\">1. Leonardo Reis, 230 pontos<\/span><br \/>\n<span style=\"font-size: 24px\">2. Rafael Reis, 213<\/span><br \/>\n<span style=\"font-size: 24px\">3. Alberto Cattucci, 197<\/span><br \/>\n<span style=\"font-size: 24px\">4. Luis Sena Jr., 164<\/span><br \/>\n<span style=\"font-size: 24px\">5. E. Fuentes\/Fernando Jr., 152<\/span><br \/>\n<span style=\"font-size: 24px\">6. Beto Cavaleiro, 151<\/span><br \/>\n<span style=\"font-size: 24px\">7. Bruno Testa, 142<\/span><br \/>\n<span style=\"font-size: 24px\">8. Thiago Riberi, 140<\/span><br \/>\n<span style=\"font-size: 24px\">9. Daniel Nino, 132<\/span><br \/>\n<span style=\"font-size: 24px\">10. Humberto Guerra, 97<\/span><br \/>\n<span style=\"font-size: 24px\">11. Bernardo Cardoso, 86<\/span><br \/>\n<span style=\"font-size: 24px\">12. Chris Bornemann, 73<\/span><br \/>\n<span style=\"font-size: 24px\">13. Luciano Viscardi, 68<\/span><br \/>\n<span style=\"font-size: 24px\">14. Rodrigo Barone, 57<\/span><br \/>\n<span style=\"font-size: 24px\">15. Raphael Teixeira, 53<\/span><br \/>\n<span style=\"font-size: 24px\">16. Francisco Meireles, 41<\/span><br \/>\n<span style=\"font-size: 24px\">17. J. Vieira\/R. Cruzeiro, 38<\/span><br \/>\n<span style=\"font-size: 24px\">18. Diego Vallini, 28<\/span><br \/>\n<span style=\"font-size: 24px\">19. Juca Lisboa, 13<\/span><br \/>\n<span style=\"font-size: 24px\">20. T. Tambasco\/L. Matos, 11<\/span><br \/>\n<span style=\"font-size: 24px\">21. Diego Augusto, 3<\/span><\/p>\n<p><span style=\"font-size: 24px\"><strong>Elite<\/strong><\/span><br \/>\n<span style=\"font-size: 24px\">1. Leo Rufino, 209 pontos<\/span><br \/>\n<span style=\"font-size: 24px\">2. Arthur Scherer, 166<\/span><br \/>\n<span style=\"font-size: 24px\">3. Lucas Bornemann, 162<\/span><br \/>\n<span style=\"font-size: 24px\">4. Ernani Kuhn, 159<\/span><br \/>\n<span style=\"font-size: 24px\">5. Edgar Colamarino, 159<\/span><br \/>\n<span style=\"font-size: 24px\">6. Bruno Pierozan, 154<\/span><br \/>\n<span style=\"font-size: 24px\">7. Marcus \u00cdndio, 140<\/span><br \/>\n<span style=\"font-size: 24px\">8. Enzo Gianfratti, 133<\/span><br \/>\n<span style=\"font-size: 24px\">9. R. Molinari\/P. Perdoncini, 101<\/span><br \/>\n<span style=\"font-size: 24px\">10. Thaline Chicoski, 77<\/span><br \/>\n<span style=\"font-size: 24px\">11. Gustavo Teixeira, 71<\/span><br \/>\n<span style=\"font-size: 24px\">12. Antonio Junqueira, 54<\/span><br \/>\n<span style=\"font-size: 24px\">13. Marcelo Zebra, 49<\/span><br \/>\n<span style=\"font-size: 24px\">14. Roberto Possas, 22<\/span><br \/>\n<span style=\"font-size: 24px\">15. Glauco Oliveira, 10<\/span><br \/>\n<span style=\"font-size: 24px\">16. Felipe Pick, 0<\/span><\/p>\n<p><span style=\"font-size: 24px\"><strong>Super<\/strong><\/span><br \/>\n<span style=\"font-size: 24px\">1. Jo\u00e3o Bortoluzzi, 206<\/span><br \/>\n<span style=\"font-size: 24px\">2. A. Ardito\/V. Ardito, 192<\/span><br \/>\n<span style=\"font-size: 24px\">3. Leo Martins, 164<\/span><br \/>\n<span style=\"font-size: 24px\">4. Thiago Lopes, 127<\/span><br \/>\n<span style=\"font-size: 24px\">5. Leandro Parizotto, 124<\/span><br \/>\n<span style=\"font-size: 24px\">6. Victor Andrade, 122<\/span><br \/>\n<span style=\"font-size: 24px\">7. Thiago Sansana, 114<\/span><br \/>\n<span style=\"font-size: 24px\">8. V. Bortolozzo \/G. Bortolozzo, 100\/99<\/span><br \/>\n<span style=\"font-size: 24px\">9. Diego Peroni, 97<\/span><br \/>\n<span style=\"font-size: 24px\">10. Thiago Rizzo, 96<\/span><br \/>\n<span style=\"font-size: 24px\">11. Augusto Freitas, 83<\/span><br \/>\n<span style=\"font-size: 24px\">12. Silvio Gat\u00e3o, 75<\/span><br \/>\n<span style=\"font-size: 24px\">13. Ivo Zamgirolami, 71<\/span><br \/>\n<span style=\"font-size: 24px\">14. Thiago Freitas, 69<\/span><br \/>\n<span style=\"font-size: 24px\">15. Sandro Siqueira, 62<\/span><br \/>\n<span style=\"font-size: 24px\">16. Rafael Velho, 56<\/span><br \/>\n<span style=\"font-size: 24px\">17. L. Doriguel\/E. Doriguel, 46\/40<\/span><br \/>\n<span style=\"font-size: 24px\">18. Ricardo Gargiulo, 24<\/span><br \/>\n<span style=\"font-size: 24px\">19. Carolina Nunes, 9<\/span><br \/>\n<span style=\"font-size: 24px\">20. Lucas Beux, 2<\/span><\/p>\n<p><span style=\"font-size: 24px\">(Texto: Assessoria. Foto:\u00a0<span style=\"text-align: center\">Duda Bairros\/Copa Shell HB20)<\/span><\/span><\/p>\n","protected":false},"excerpt":{"rendered":"<p>Palco da abertura e do fechamento do \u201cprimeiro turno\u201d do campeonato, a Copa Shell HB20 retorna ao Aut\u00f3dromo Jos\u00e9 Carlos Pace, em Interlagos, na capital paulista, neste fim de semana. Com atividades entre quinta-feira (8) e domingo (11), os pilotos dos mais de 40 Hyundai HB20 v\u00e3o acelerar para fechar a temporada e encerrar o [&hellip;]<\/p>\n","protected":false},"author":6307,"featured_media":56136,"comment_status":"open","ping_status":"open","sticky":false,"template":"","format":"standard","meta":{"_exactmetrics_skip_tracking":false,"_exactmetrics_sitenote_active":false,"_exactmetrics_sitenote_note":"","_exactmetrics_sitenote_category":0,"footnotes":""},"categories":[1267],"tags":[8910],"yoast_head":"<!-- This site is optimized with the Yoast SEO Premium plugin v22.7 (Yoast SEO v22.7) - https:\/\/yoast.com\/wordpress\/plugins\/seo\/ -->\n<title>MARING\u00c1 - Copa Shell HB20 vai conhecer campe\u00f5es da temporada neste fim de semana - Orlando Gonzalez<\/title>\n<meta name=\"robots\" content=\"index, follow, max-snippet:-1, max-image-preview:large, max-video-preview:-1\" \/>\n<link rel=\"canonical\" href=\"https:\/\/maringapost.com.br\/orlandogonzalez\/2022\/12\/08\/maringa-copa-shell-hb20-vai-conhecer-campeoes-da-temporada-neste-fim-de-semana\/\" \/>\n<meta property=\"og:locale\" content=\"pt_BR\" \/>\n<meta property=\"og:type\" content=\"article\" \/>\n<meta property=\"og:title\" content=\"MARING\u00c1 - Copa Shell HB20 vai conhecer campe\u00f5es da temporada neste fim de semana\" \/>\n<meta property=\"og:description\" content=\"Palco da abertura e do fechamento do \u201cprimeiro turno\u201d do campeonato, a Copa Shell HB20 retorna ao Aut\u00f3dromo Jos\u00e9 Carlos Pace, em Interlagos, na capital paulista, neste fim de semana. Com atividades entre quinta-feira (8) e domingo (11), os pilotos dos mais de 40 Hyundai HB20 v\u00e3o acelerar para fechar a temporada e encerrar o [&hellip;]\" \/>\n<meta property=\"og:url\" content=\"https:\/\/maringapost.com.br\/orlandogonzalez\/2022\/12\/08\/maringa-copa-shell-hb20-vai-conhecer-campeoes-da-temporada-neste-fim-de-semana\/\" \/>\n<meta property=\"og:site_name\" content=\"Orlando Gonzalez\" \/>\n<meta property=\"article:author\" content=\"https:\/\/www.facebook.com\/profile.php?id=100011095815065\" \/>\n<meta property=\"article:published_time\" content=\"2022-12-08T11:22:11+00:00\" \/>\n<meta property=\"og:image\" content=\"https:\/\/maringapost.com.br\/orlandogonzalez\/wp-content\/uploads\/sites\/17\/2022\/12\/416632_1042713_04_copahb20_2022_dudabairros_interlagos_058876_web_.jpg\" \/>\n\t<meta property=\"og:image:width\" content=\"600\" \/>\n\t<meta property=\"og:image:height\" content=\"399\" \/>\n\t<meta property=\"og:image:type\" content=\"image\/jpeg\" \/>\n<meta name=\"author\" content=\"Orlando Gonzalez\" \/>\n<meta name=\"twitter:card\" content=\"summary_large_image\" \/>\n<meta name=\"twitter:creator\" content=\"@gonzalezorlando\" \/>\n<meta name=\"twitter:label1\" content=\"Escrito por\" \/>\n\t<meta name=\"twitter:data1\" content=\"\" \/>\n\t<meta name=\"twitter:label2\" content=\"Est. tempo de leitura\" \/>\n\t<meta name=\"twitter:data2\" content=\"4 minutos\" \/>\n<script type=\"application\/ld+json\" class=\"yoast-schema-graph\">{\"@context\":\"https:\/\/schema.org\",\"@graph\":[{\"@type\":\"WebPage\",\"@id\":\"https:\/\/maringapost.com.br\/orlandogonzalez\/2022\/12\/08\/maringa-copa-shell-hb20-vai-conhecer-campeoes-da-temporada-neste-fim-de-semana\/\",\"url\":\"https:\/\/maringapost.com.br\/orlandogonzalez\/2022\/12\/08\/maringa-copa-shell-hb20-vai-conhecer-campeoes-da-temporada-neste-fim-de-semana\/\",\"name\":\"MARING\u00c1 - Copa Shell HB20 vai conhecer campe\u00f5es da temporada neste fim de semana - Orlando Gonzalez\",\"isPartOf\":{\"@id\":\"https:\/\/maringapost.com.br\/orlandogonzalez\/#website\"},\"primaryImageOfPage\":{\"@id\":\"https:\/\/maringapost.com.br\/orlandogonzalez\/2022\/12\/08\/maringa-copa-shell-hb20-vai-conhecer-campeoes-da-temporada-neste-fim-de-semana\/#primaryimage\"},\"image\":{\"@id\":\"https:\/\/maringapost.com.br\/orlandogonzalez\/2022\/12\/08\/maringa-copa-shell-hb20-vai-conhecer-campeoes-da-temporada-neste-fim-de-semana\/#primaryimage\"},\"thumbnailUrl\":\"https:\/\/maringapost.com.br\/orlandogonzalez\/wp-content\/uploads\/sites\/17\/2022\/12\/416632_1042713_04_copahb20_2022_dudabairros_interlagos_058876_web_.jpg\",\"datePublished\":\"2022-12-08T11:22:11+00:00\",\"dateModified\":\"2022-12-08T11:22:11+00:00\",\"author\":{\"@id\":\"https:\/\/maringapost.com.br\/orlandogonzalez\/#\/schema\/person\/5cbe6257d08edea6afc9ebaa613b0633\"},\"inLanguage\":\"pt-BR\",\"potentialAction\":[{\"@type\":\"ReadAction\",\"target\":[\"https:\/\/maringapost.com.br\/orlandogonzalez\/2022\/12\/08\/maringa-copa-shell-hb20-vai-conhecer-campeoes-da-temporada-neste-fim-de-semana\/\"]}]},{\"@type\":\"ImageObject\",\"inLanguage\":\"pt-BR\",\"@id\":\"https:\/\/maringapost.com.br\/orlandogonzalez\/2022\/12\/08\/maringa-copa-shell-hb20-vai-conhecer-campeoes-da-temporada-neste-fim-de-semana\/#primaryimage\",\"url\":\"https:\/\/maringapost.com.br\/orlandogonzalez\/wp-content\/uploads\/sites\/17\/2022\/12\/416632_1042713_04_copahb20_2022_dudabairros_interlagos_058876_web_.jpg\",\"contentUrl\":\"https:\/\/maringapost.com.br\/orlandogonzalez\/wp-content\/uploads\/sites\/17\/2022\/12\/416632_1042713_04_copahb20_2022_dudabairros_interlagos_058876_web_.jpg\",\"width\":600,\"height\":399},{\"@type\":\"WebSite\",\"@id\":\"https:\/\/maringapost.com.br\/orlandogonzalez\/#website\",\"url\":\"https:\/\/maringapost.com.br\/orlandogonzalez\/\",\"name\":\"Orlando Gonzalez\",\"description\":\"Destaca o esporte de Maring\u00e1! Destaca o esporte do Paran\u00e1! Destaca o esporte do Brasil!\",\"potentialAction\":[{\"@type\":\"SearchAction\",\"target\":{\"@type\":\"EntryPoint\",\"urlTemplate\":\"https:\/\/maringapost.com.br\/orlandogonzalez\/?s={search_term_string}\"},\"query-input\":\"required name=search_term_string\"}],\"inLanguage\":\"pt-BR\"},{\"@type\":\"Person\",\"@id\":\"https:\/\/maringapost.com.br\/orlandogonzalez\/#\/schema\/person\/5cbe6257d08edea6afc9ebaa613b0633\",\"name\":\"Orlando Gonzalez\",\"image\":{\"@type\":\"ImageObject\",\"inLanguage\":\"pt-BR\",\"@id\":\"https:\/\/maringapost.com.br\/orlandogonzalez\/#\/schema\/person\/image\/\",\"url\":\"https:\/\/secure.gravatar.com\/avatar\/ecef9d1c9afe5ebdafadde8369065ba5?s=96&d=mm&r=g\",\"contentUrl\":\"https:\/\/secure.gravatar.com\/avatar\/ecef9d1c9afe5ebdafadde8369065ba5?s=96&d=mm&r=g\",\"caption\":\"Orlando Gonzalez\"},\"description\":\"H\u00e1 29 anos na cobertura do esporte de Maring\u00e1. Plant\u00e3o e narrador esportivo. Presta\u00e7\u00e3o de assessoria de imprensa esportiva, cobertura e transmiss\u00f5es ao vivo de eventos esportivos. E-mail: orlandogonzalez.assessoria@gmail.com WhatsApp: (44) 9 9126-6119\",\"sameAs\":[\"http:\/\/www.radiomaringa.com.br\/\",\"https:\/\/www.facebook.com\/profile.php?id=100011095815065\",\"https:\/\/www.instagram.com\/orlandomgonzalez\/\",\"https:\/\/br.pinterest.com\/ogonzalez0530\/\",\"https:\/\/x.com\/gonzalezorlando\",\"https:\/\/www.youtube.com\/channel\/UCvFpl55btth8wjnKiSS1ibA\",\"https:\/\/radiomaringaweb.tumblr.com\/\"],\"url\":\"https:\/\/maringapost.com.br\/orlandogonzalez\/author\/orlando\/\"}]}<\/script>\n<!-- \/ Yoast SEO Premium plugin. -->","yoast_head_json":{"title":"MARING\u00c1 - Copa Shell HB20 vai conhecer campe\u00f5es da temporada neste fim de semana - Orlando Gonzalez","robots":{"index":"index","follow":"follow","max-snippet":"max-snippet:-1","max-image-preview":"max-image-preview:large","max-video-preview":"max-video-preview:-1"},"canonical":"https:\/\/maringapost.com.br\/orlandogonzalez\/2022\/12\/08\/maringa-copa-shell-hb20-vai-conhecer-campeoes-da-temporada-neste-fim-de-semana\/","og_locale":"pt_BR","og_type":"article","og_title":"MARING\u00c1 - Copa Shell HB20 vai conhecer campe\u00f5es da temporada neste fim de semana","og_description":"Palco da abertura e do fechamento do \u201cprimeiro turno\u201d do campeonato, a Copa Shell HB20 retorna ao Aut\u00f3dromo Jos\u00e9 Carlos Pace, em Interlagos, na capital paulista, neste fim de semana. Com atividades entre quinta-feira (8) e domingo (11), os pilotos dos mais de 40 Hyundai HB20 v\u00e3o acelerar para fechar a temporada e encerrar o [&hellip;]","og_url":"https:\/\/maringapost.com.br\/orlandogonzalez\/2022\/12\/08\/maringa-copa-shell-hb20-vai-conhecer-campeoes-da-temporada-neste-fim-de-semana\/","og_site_name":"Orlando Gonzalez","article_author":"https:\/\/www.facebook.com\/profile.php?id=100011095815065","article_published_time":"2022-12-08T11:22:11+00:00","og_image":[{"width":600,"height":399,"url":"https:\/\/maringapost.com.br\/orlandogonzalez\/wp-content\/uploads\/sites\/17\/2022\/12\/416632_1042713_04_copahb20_2022_dudabairros_interlagos_058876_web_.jpg","type":"image\/jpeg"}],"author":"Orlando Gonzalez","twitter_card":"summary_large_image","twitter_creator":"@gonzalezorlando","twitter_misc":{"Escrito por":false,"Est. tempo de leitura":"4 minutos"},"schema":{"@context":"https:\/\/schema.org","@graph":[{"@type":"WebPage","@id":"https:\/\/maringapost.com.br\/orlandogonzalez\/2022\/12\/08\/maringa-copa-shell-hb20-vai-conhecer-campeoes-da-temporada-neste-fim-de-semana\/","url":"https:\/\/maringapost.com.br\/orlandogonzalez\/2022\/12\/08\/maringa-copa-shell-hb20-vai-conhecer-campeoes-da-temporada-neste-fim-de-semana\/","name":"MARING\u00c1 - Copa Shell HB20 vai conhecer campe\u00f5es da temporada neste fim de semana - Orlando Gonzalez","isPartOf":{"@id":"https:\/\/maringapost.com.br\/orlandogonzalez\/#website"},"primaryImageOfPage":{"@id":"https:\/\/maringapost.com.br\/orlandogonzalez\/2022\/12\/08\/maringa-copa-shell-hb20-vai-conhecer-campeoes-da-temporada-neste-fim-de-semana\/#primaryimage"},"image":{"@id":"https:\/\/maringapost.com.br\/orlandogonzalez\/2022\/12\/08\/maringa-copa-shell-hb20-vai-conhecer-campeoes-da-temporada-neste-fim-de-semana\/#primaryimage"},"thumbnailUrl":"https:\/\/maringapost.com.br\/orlandogonzalez\/wp-content\/uploads\/sites\/17\/2022\/12\/416632_1042713_04_copahb20_2022_dudabairros_interlagos_058876_web_.jpg","datePublished":"2022-12-08T11:22:11+00:00","dateModified":"2022-12-08T11:22:11+00:00","author":{"@id":"https:\/\/maringapost.com.br\/orlandogonzalez\/#\/schema\/person\/5cbe6257d08edea6afc9ebaa613b0633"},"inLanguage":"pt-BR","potentialAction":[{"@type":"ReadAction","target":["https:\/\/maringapost.com.br\/orlandogonzalez\/2022\/12\/08\/maringa-copa-shell-hb20-vai-conhecer-campeoes-da-temporada-neste-fim-de-semana\/"]}]},{"@type":"ImageObject","inLanguage":"pt-BR","@id":"https:\/\/maringapost.com.br\/orlandogonzalez\/2022\/12\/08\/maringa-copa-shell-hb20-vai-conhecer-campeoes-da-temporada-neste-fim-de-semana\/#primaryimage","url":"https:\/\/maringapost.com.br\/orlandogonzalez\/wp-content\/uploads\/sites\/17\/2022\/12\/416632_1042713_04_copahb20_2022_dudabairros_interlagos_058876_web_.jpg","contentUrl":"https:\/\/maringapost.com.br\/orlandogonzalez\/wp-content\/uploads\/sites\/17\/2022\/12\/416632_1042713_04_copahb20_2022_dudabairros_interlagos_058876_web_.jpg","width":600,"height":399},{"@type":"WebSite","@id":"https:\/\/maringapost.com.br\/orlandogonzalez\/#website","url":"https:\/\/maringapost.com.br\/orlandogonzalez\/","name":"Orlando Gonzalez","description":"Destaca o esporte de Maring\u00e1! Destaca o esporte do Paran\u00e1! Destaca o esporte do Brasil!","potentialAction":[{"@type":"SearchAction","target":{"@type":"EntryPoint","urlTemplate":"https:\/\/maringapost.com.br\/orlandogonzalez\/?s={search_term_string}"},"query-input":"required name=search_term_string"}],"inLanguage":"pt-BR"},{"@type":"Person","@id":"https:\/\/maringapost.com.br\/orlandogonzalez\/#\/schema\/person\/5cbe6257d08edea6afc9ebaa613b0633","name":"Orlando Gonzalez","image":{"@type":"ImageObject","inLanguage":"pt-BR","@id":"https:\/\/maringapost.com.br\/orlandogonzalez\/#\/schema\/person\/image\/","url":"https:\/\/secure.gravatar.com\/avatar\/ecef9d1c9afe5ebdafadde8369065ba5?s=96&d=mm&r=g","contentUrl":"https:\/\/secure.gravatar.com\/avatar\/ecef9d1c9afe5ebdafadde8369065ba5?s=96&d=mm&r=g","caption":"Orlando Gonzalez"},"description":"H\u00e1 29 anos na cobertura do esporte de Maring\u00e1. Plant\u00e3o e narrador esportivo. Presta\u00e7\u00e3o de assessoria de imprensa esportiva, cobertura e transmiss\u00f5es ao vivo de eventos esportivos. E-mail: orlandogonzalez.assessoria@gmail.com WhatsApp: (44) 9 9126-6119","sameAs":["http:\/\/www.radiomaringa.com.br\/","https:\/\/www.facebook.com\/profile.php?id=100011095815065","https:\/\/www.instagram.com\/orlandomgonzalez\/","https:\/\/br.pinterest.com\/ogonzalez0530\/","https:\/\/x.com\/gonzalezorlando","https:\/\/www.youtube.com\/channel\/UCvFpl55btth8wjnKiSS1ibA","https:\/\/radiomaringaweb.tumblr.com\/"],"url":"https:\/\/maringapost.com.br\/orlandogonzalez\/author\/orlando\/"}]}},"_links":{"self":[{"href":"https:\/\/maringapost.com.br\/orlandogonzalez\/wp-json\/wp\/v2\/posts\/56135"}],"collection":[{"href":"https:\/\/maringapost.com.br\/orlandogonzalez\/wp-json\/wp\/v2\/posts"}],"about":[{"href":"https:\/\/maringapost.com.br\/orlandogonzalez\/wp-json\/wp\/v2\/types\/post"}],"author":[{"embeddable":true,"href":"https:\/\/maringapost.com.br\/orlandogonzalez\/wp-json\/wp\/v2\/users\/6307"}],"replies":[{"embeddable":true,"href":"https:\/\/maringapost.com.br\/orlandogonzalez\/wp-json\/wp\/v2\/comments?post=56135"}],"version-history":[{"count":1,"href":"https:\/\/maringapost.com.br\/orlandogonzalez\/wp-json\/wp\/v2\/posts\/56135\/revisions"}],"predecessor-version":[{"id":56137,"href":"https:\/\/maringapost.com.br\/orlandogonzalez\/wp-json\/wp\/v2\/posts\/56135\/revisions\/56137"}],"wp:featuredmedia":[{"embeddable":true,"href":"https:\/\/maringapost.com.br\/orlandogonzalez\/wp-json\/wp\/v2\/media\/56136"}],"wp:attachment":[{"href":"https:\/\/maringapost.com.br\/orlandogonzalez\/wp-json\/wp\/v2\/media?parent=56135"}],"wp:term":[{"taxonomy":"category","embeddable":true,"href":"https:\/\/maringapost.com.br\/orlandogonzalez\/wp-json\/wp\/v2\/categories?post=56135"},{"taxonomy":"post_tag","embeddable":true,"href":"https:\/\/maringapost.com.br\/orlandogonzalez\/wp-json\/wp\/v2\/tags?post=56135"}],"curies":[{"name":"wp","href":"https:\/\/api.w.org\/{rel}","templated":true}]}}