{"id":56094,"date":"2022-12-04T21:30:14","date_gmt":"2022-12-05T00:30:14","guid":{"rendered":"https:\/\/maringapost.com.br\/orlandogonzalez\/?p=56094"},"modified":"2022-12-04T21:30:14","modified_gmt":"2022-12-05T00:30:14","slug":"maringa-oito-provas-chuva-e-muita-adrenalina-definem-seis-campeoes-na-turismo-nacional","status":"publish","type":"post","link":"https:\/\/maringapost.com.br\/orlandogonzalez\/2022\/12\/04\/maringa-oito-provas-chuva-e-muita-adrenalina-definem-seis-campeoes-na-turismo-nacional\/","title":{"rendered":"MARING\u00c1 &#8211; Oito provas, chuva e muita adrenalina definem seis campe\u00f5es na Turismo Nacional"},"content":{"rendered":"<p><span style=\"font-size: 24px\">A Turismo Nacional viveu de muita competi\u00e7\u00e3o (e chuva) neste domingo (4) em Goi\u00e2nia. O Aut\u00f3dromo Internacional Ayrton Senna recebeu as oito \u00faltimas provas da temporada 2022 e foi palco da coroa\u00e7\u00e3o dos campe\u00f5es das seis classes em disputa na categoria dos carros mais vendidos do Brasil. Juninho Berlanda tornou-se o primeiro campe\u00e3o da TN PRO, Gustavo Magnabosco confirmou a conquista do bicampeonato da Super e a dupla formada por Nilton Rossoni e Fabr\u00edcio Lan\u00e7oni ficou com a ta\u00e7a na Elite. Henrique Basso terminou o ano como campe\u00e3o da categoria A, Ricardo Raimundo assegurou em casa o t\u00edtulo da B e Guto Baldo garantiu o campeonato na S\u00eanior \u2014 destinada aos pilotos acima de 54 anos das classes A e B.<\/span><br \/>\n<span style=\"font-size: 24px\">Men\u00e7\u00e3o honrosa tamb\u00e9m aos vice-campe\u00f5es das respectivas categorias: Mathias de Valle (TN PRO), Gustavo Mascarenhas (Super), Eduardo Pavelski (Elite), Gabriel Ymagava (A), Lorenzo Massaro (B) e Andr\u00e9 Jacob (S\u00eanior). Entre as equipes, a S\u00e9rgio Ferrari foi a campe\u00e3 na Super, a Rossoni Motorsports terminou como a melhor na Elite, a Roger Prepara\u00e7\u00f5es foi a primeira colocada na classe A e a Brand\u00e3o Motorsports obteve a primazia na categoria B.<\/span><br \/>\n<span style=\"font-size: 24px\">As provas deste domingo seguiram a t\u00f4nica do que foi a Turismo Nacional desde o in\u00edcio da temporada: in\u00fameras ultrapassagens e disputas decididas na linha de chegada, com muita emo\u00e7\u00e3o do come\u00e7o ao fim. A TN PRO, por exemplo, viu o desfecho do acirrado embate entre o goiano Mathias de Valle (Citro\u00ebn C3) e Juninho Berlanda (Toyota Yaris). Com jornada mais linear ao longo do fim de semana, o catarinense virou o jogo na casa do advers\u00e1rio e faturou o primeiro t\u00edtulo da nova categoria TN PRO ap\u00f3s vencer 11 corridas.<\/span><br \/>\n<span style=\"font-size: 24px\">Os campe\u00f5es das categorias Super, A e S\u00eanior foram definidos pela manh\u00e3. Com a conquista do primeiro lugar, o catarinense Gustavo Magnabosco (Volkswagen Gol) consolidou uma campanha muito forte para cravar o bicampeonato da Super. Pouco depois, o competidor venceu de novo, pela nona vez na temporada. Conterr\u00e2neo de Magnabosco, Henrique Basso coroou seu t\u00edtulo na classe A com vit\u00f3ria, a sexta da sua campanha em 2022. Guto Baldo comemorou a conquista na S\u00eanior tamb\u00e9m no primeiro per\u00edodo.<\/span><\/p>\n<p><span style=\"font-size: 24px\"><strong>Haja cora\u00e7\u00e3o! \u2014<\/strong>\u00a0As decis\u00f5es para as classes TN PRO, Elite e B ficaram para o per\u00edodo da tarde. De Valle precisava terminar as duas \u00faltimas provas da PRO \u00e0 frente de Juninho Berlanda para ser campe\u00e3o. Mas o piloto do Citro\u00ebn C3 #16 escorregou no piso ainda \u00famido e viu o oponente fazer a ultrapassagem na Corrida 3. Juninho fez sua parte, terminou a primeira disputa em segundo lugar. No \u00faltimo embate do campeonato, Berlanda repetiu a segunda posi\u00e7\u00e3o e enfim p\u00f4de comemorar o t\u00edtulo.<\/span><br \/>\n<span style=\"font-size: 24px\">A dram\u00e1tica decis\u00e3o da B ficou entre o goiano Ricardo Raimundo (Fiat Uno) e o paranaense Lorenzo Massaro (Chevrolet Onix). Em \u00faltima volta inacredit\u00e1vel, Raimundo escapou quando vinha tranquilo para buscar o t\u00edtulo. A decis\u00e3o ganhou contornos dram\u00e1ticos, mas o quinto lugar lhe bastou para comemorar a ta\u00e7a da B com nove vit\u00f3rias na temporada. Para aumentar ainda mais o drama, Arthur de Paula foi desclassificado por infra\u00e7\u00e3o t\u00e9cnica e perdeu o primeiro lugar, que foi herdado por Massaro, mas mesmo assim Raimundo confirmou o t\u00edtulo.<\/span><br \/>\n<span style=\"font-size: 24px\">A \u00faltima corrida da temporada 2022 da Turismo Nacional definiu o campe\u00e3o da Elite. Bastava apenas completar a prova para a dupla Nilton Rossoni\/Fabr\u00edcio Lan\u00e7oni comemorar o t\u00edtulo. Rossoni adotou uma pilotagem bastante conservadora para escapar de incidentes e garantir a conquista, que foi consolidada na tarde deste domingo no Aut\u00f3dromo Internacional Ayrton Senna.<\/span><\/p>\n<p><span style=\"font-size: 24px\"><strong>Os vencedores do domingo \u2014<\/strong>\u00a0Guilherme Sirtoli conseguiu um feito pouco comum e venceu as quatro provas em um mesmo dia. O cascavelense brilhou neste domingo ao varrer as corridas na TN PRO, provando o grande desempenho do seu Chevrolet New Onix, montado h\u00e1 apenas dez dias.<\/span><br \/>\n<span style=\"font-size: 24px\">Evandro Maldonado, que corre em dupla com Roberto Bonato, levou o Hyundai HB20 \u00e0 vit\u00f3ria na Corrida 3 do fim de semana na categoria A. Horas mais tarde, Henrique Basso fechou sua temporada com chave de ouro. Na classe B, Ricardo Raimundo levou a vit\u00f3ria na prova da manh\u00e3 e, no per\u00edodo da tarde, o triunfo foi herdado por Lorenzo Massaro ap\u00f3s puni\u00e7\u00e3o a Arthur de Paula. Na S\u00eanior, Ewerson Dias ficou em primeiro lugar nas duas corridas.<\/span><br \/>\n<span style=\"font-size: 24px\">Com pilotagem not\u00e1vel, Gustavo Magnabosco encerrou em grande estilo sua jornada rumo ao bicampeonato da Super. Com duas vit\u00f3rias neste domingo, sendo a \u00faltima depois de espetacular duelo com o mineiro Gustavo Mascarenhas, o catarinense completou com brilho a temporada. O duo Nilton Rossoni\/Fabr\u00edcio Lan\u00e7oni terminou na frente pela manh\u00e3 na Elite e, no per\u00edodo da tarde, Eduardo Pavelski cruzou a linha de chegada em primeiro lugar.<\/span><br \/>\n<span style=\"font-size: 24px\">A Turismo Nacional agora se prepara para a temporada 2023, que ter\u00e1 in\u00edcio em Goi\u00e2nia nos dias 24 a 26 de mar\u00e7o.<\/span><\/p>\n<p><span style=\"font-size: 24px\"><strong>Categoria TN PRO<br \/>\nCorrida 1, sexta etapa<\/strong><\/span><br \/>\n<span style=\"font-size: 24px\">1\u00ba &#8211; Guilherme Sirtoli (Chevrolet New Onix), 10 voltas em 17min57s380<\/span><br \/>\n<span style=\"font-size: 24px\">2\u00ba &#8211; Juninho Berlanda (Toyota Yaris), a 1s780<\/span><br \/>\n<span style=\"font-size: 24px\">3\u00ba &#8211; Mathias de Valle (Citro\u00ebn C3), a 2s283<\/span><br \/>\n<span style=\"font-size: 24px\">4\u00ba &#8211; Marcelo Ditripa (Fiat Argo), a 8s999<\/span><br \/>\n<span style=\"font-size: 24px\">5\u00ba &#8211; Fernando Meirelles (Fiat Argo), a 9s389<\/span><\/p>\n<p><span style=\"font-size: 24px\"><strong>Corrida 2, sexta etapa<\/strong><\/span><br \/>\n<span style=\"font-size: 24px\">1\u00ba &#8211; Guilherme Sirtoli (Chevrolet New Onix), 10 voltas em 17min57s138<\/span><br \/>\n<span style=\"font-size: 24px\">2\u00ba &#8211; Juninho Berlanda (Toyota Yaris), a 4s256<\/span><br \/>\n<span style=\"font-size: 24px\">3\u00ba &#8211; Mathias de Valle (Citro\u00ebn C3), a 4s499<\/span><br \/>\n<span style=\"font-size: 24px\">4\u00ba &#8211; Francisco Meirelles (Fiat Argo), a 4s853<\/span><br \/>\n<span style=\"font-size: 24px\">5\u00ba &#8211; Marcelo Ditripa (Fiat Argo), a 11s334<\/span><\/p>\n<p><span style=\"font-size: 24px\"><strong>Corrida 3, sexta etapa<\/strong><\/span><br \/>\n<span style=\"font-size: 24px\">1\u00ba &#8211; Guilherme Sirtoli (Chevrolet New Onix), 10 voltas em 18min17s611<\/span><br \/>\n<span style=\"font-size: 24px\">2\u00ba &#8211; Juninho Berlanda (Toyota Yaris), a 1s667<\/span><br \/>\n<span style=\"font-size: 24px\">3\u00ba &#8211; Francisco Meirelles (Fiat Argo), a 2s322<\/span><br \/>\n<span style=\"font-size: 24px\">4\u00ba &#8211; Mathias de Valle (Citro\u00ebn C3), a 9s942<\/span><br \/>\n<span style=\"font-size: 24px\">5\u00ba &#8211; Leo Rufino (Chevrolet Onix), a 10s587<\/span><\/p>\n<p><span style=\"font-size: 24px\"><strong>Corrida 4, sexta etapa<\/strong><\/span><br \/>\n<span style=\"font-size: 24px\">1\u00ba &#8211; Guilherme Sirtoli (Chevrolet New Onix), 10 voltas em 17min58s533<\/span><br \/>\n<span style=\"font-size: 24px\">2\u00ba &#8211; Juninho Berlanda (Toyota Yaris), a 2s090<\/span><br \/>\n<span style=\"font-size: 24px\">3\u00ba &#8211; Francisco Meirelles (Fiat Argo), a 5s663<\/span><br \/>\n<span style=\"font-size: 24px\">4\u00ba &#8211; Marcelo Ditripa (Fiat Argo), a 9s380<\/span><br \/>\n<span style=\"font-size: 24px\">5\u00ba &#8211; Higor Hoffmann (Hyundai HB20S), a 16s573<\/span><\/p>\n<p><span style=\"font-size: 24px\"><strong>Categorias A e B\/S\u00eanior<br \/>\nCorrida 3, sexta etapa<br \/>\n<\/strong>1\u00ba &#8211; Evandro Maldonado\/Roberto Bonato (A, Hyundai HB20), 11 voltas em 21min40s652<\/span><br \/>\n<span style=\"font-size: 24px\">2\u00ba &#8211; Henrique Basso (A, Volkswagen Gol), a 3s637<\/span><br \/>\n<span style=\"font-size: 24px\">3\u00ba &#8211; Gabriel Ymagava (A, Volkswagen Gol), a 4s071<\/span><br \/>\n<span style=\"font-size: 24px\">4\u00ba &#8211; Eduardo Bacarin (A, Fiat Mobi), a 14s629<\/span><br \/>\n<span style=\"font-size: 24px\">5\u00ba &#8211; Ted Barbirato (A, Volkswagen Gol), a 14s270<\/span><br \/>\n<span style=\"font-size: 24px\"><em><br \/>\nVencedor na B<br \/>\n<\/em>6\u00ba &#8211; Ricardo Raimundo (B, Fiat Uno), a 14s683<em><\/p>\n<p>Vencedor na S\u00eanior<br \/>\n<\/em>7\u00ba &#8211; Ewerson Dias (B, S\u00eanior, Fiat Mobi), a 15s705<\/span><\/p>\n<p><span style=\"font-size: 24px\"><strong>Corrida 4, sexta etapa<br \/>\n<\/strong>1\u00ba &#8211; Henrique Basso (A, Volkswagen Gol), 12 voltas em 21min12s725<\/span><br \/>\n<span style=\"font-size: 24px\">2\u00ba &#8211; Gabriel Ymagava (A, Volkswagen Gol), a 5s501<\/span><br \/>\n<span style=\"font-size: 24px\">3\u00ba &#8211; Glauco Tavares (A, Chevrolet New Onix), a 8s170<\/span><br \/>\n<span style=\"font-size: 24px\">4\u00ba &#8211; Welbertt Fran\u00e7a\/Adriano Juliani (A, Fiat Mobi), a 28s342<\/span><br \/>\n<span style=\"font-size: 24px\">5\u00ba &#8211; Dorivaldo Gondra (A, Volkswagen Up), a 28s554<\/span><\/p>\n<p><span style=\"font-size: 24px\"><em>Vencedor na B<br \/>\n<\/em>8\u00ba &#8211; Lorenzo Massaro (B, Chevrolet Onix), a 34s815<\/span><\/p>\n<p><span style=\"font-size: 24px\"><em>Vencedor na S\u00eanior<\/em><\/span><br \/>\n<span style=\"font-size: 24px\">10\u00ba &#8211; Ewerson Dias (B, S\u00eanior, Fiat Mobi), a 49s675<\/span><br \/>\n<span style=\"font-size: 24px\"><strong><br \/>\n<\/strong><\/span><br \/>\n<span style=\"font-size: 24px\"><strong>Categorias Super e Elite<br \/>\nCorrida 3, sexta etapa<\/strong><\/span><br \/>\n<span style=\"font-size: 24px\">1\u00ba &#8211; Gustavo Magnabosco (Super, Volkswagen Gol), 10 voltas em 20min44s621<\/span><br \/>\n<span style=\"font-size: 24px\">2\u00ba &#8211; Richard Heidrich (Super, Fiat Mobi), a 3s441<\/span><br \/>\n<span style=\"font-size: 24px\">3\u00ba &#8211; Rafael Barranco (Super, Volkswagen Gol), a 3s490<\/span><br \/>\n<span style=\"font-size: 24px\">4\u00ba &#8211; Wanderson Freitas\/Leandro Freitas (Super, Volkswagen Gol), a 4s587<\/span><br \/>\n<span style=\"font-size: 24px\">5\u00ba &#8211; Gustavo Mascarenhas (Super, Fiat Uno), a 4s965<\/span><\/p>\n<p><span style=\"font-size: 24px\"><em>Melhor colocado na Elite<br \/>\n<\/em>7\u00ba &#8211; Nilton Rossoni\/Fabr\u00edcio Lan\u00e7oni (Elite, Volkswagen Gol), a 12s686<\/span><\/p>\n<p><span style=\"font-size: 24px\"><strong>Corrida 4, sexta etapa<\/strong><\/span><br \/>\n<span style=\"font-size: 24px\">1\u00ba &#8211; Gustavo Magnabosco (Super, Volkswagen Gol), 12 voltas em 21min16s856<\/span><br \/>\n<span style=\"font-size: 24px\">2\u00ba &#8211; Gustavo Mascarenhas (Super, Fiat Uno), a 4s417<\/span><br \/>\n<span style=\"font-size: 24px\">3\u00ba &#8211; Rafael Barranco (Super, Volkswagen Gol), a 5s226<\/span><br \/>\n<span style=\"font-size: 24px\">4\u00ba &#8211; Eduardo Pavelski (Elite, Volkswagen Gol), a 10s010<\/span><br \/>\n<span style=\"font-size: 24px\">5\u00ba &#8211; Lu\u00eds Carlos Ribeiro (Super, Toyota Etios), a 11s122<\/span><\/p>\n<p><span style=\"font-size: 24px\"><strong>Classifica\u00e7\u00e3o dos campeonatos (dez primeiros colocados), pontua\u00e7\u00e3o extraoficial:<\/strong><\/span><br \/>\n<span style=\"font-size: 24px\"><strong>TN PRO<\/strong><\/span><br \/>\n<span style=\"font-size: 24px\"><strong>Campe\u00e3o<\/strong>\u00a0&#8211; Juninho Berlanda, 446<\/span><br \/>\n<span style=\"font-size: 24px\">2\u00ba &#8211; Mathias de Valle, 411,5<\/span><br \/>\n<span style=\"font-size: 24px\">3\u00ba &#8211; Guilherme Sirtoli, 378,5<\/span><br \/>\n<span style=\"font-size: 24px\">4\u00ba &#8211; Marcelo Ditripa, 372<\/span><br \/>\n<span style=\"font-size: 24px\">5\u00ba &#8211; Leo Rufino, 313,5<\/span><br \/>\n<span style=\"font-size: 24px\">6\u00ba &#8211; Higor Hoffmann, 252,5<\/span><br \/>\n<span style=\"font-size: 24px\">7\u00ba &#8211; Cezar Martins, 166<\/span><br \/>\n<span style=\"font-size: 24px\">8\u00ba &#8211; Rodrigo Santos, 162,5<\/span><br \/>\n<span style=\"font-size: 24px\">9\u00ba &#8211; Francisco Meirelles, 159<\/span><br \/>\n<span style=\"font-size: 24px\">10\u00ba &#8211; Augusto Freitas, 108<\/span><\/p>\n<p><span style=\"font-size: 24px\"><strong>Super<\/strong><\/span><br \/>\n<span style=\"font-size: 24px\"><strong>Campe\u00e3o\u00a0<\/strong>\u2013 Gustavo Magnabosco, 663 pontos<\/span><br \/>\n<span style=\"font-size: 24px\">2\u00ba &#8211; Gustavo Mascarenhas, 558,5<\/span><br \/>\n<span style=\"font-size: 24px\">3\u00ba &#8211; Fausto De Lucca, 533,5<\/span><br \/>\n<span style=\"font-size: 24px\">4\u00ba &#8211; Wanderson Freitas, 473,5<\/span><br \/>\n<span style=\"font-size: 24px\">5\u00ba &#8211; Rafael Barranco, 466<\/span><br \/>\n<span style=\"font-size: 24px\">6\u00ba &#8211; Leandro Freitas, 428,5<\/span><br \/>\n<span style=\"font-size: 24px\">7\u00ba &#8211; Cesinha Bonilha, 423<\/span><br \/>\n<span style=\"font-size: 24px\">8\u00ba &#8211; Richard Heidrich, 313<\/span><br \/>\n<span style=\"font-size: 24px\">9\u00ba &#8211; Peter Ferter, 271,5<\/span><br \/>\n<span style=\"font-size: 24px\">10\u00ba &#8211; Lamartine Pinotti, 224<\/span><\/p>\n<p><span style=\"font-size: 24px\"><strong>Elite<\/strong><\/span><br \/>\n<span style=\"font-size: 24px\"><strong>Campe\u00f5es<\/strong>\u00a0\u2013 Nilton Rossoni e Fabr\u00edcio Lan\u00e7oni, 639,5 pontos<\/span><br \/>\n<span style=\"font-size: 24px\">2\u00ba &#8211; Eduardo Pavelski, 630,5<\/span><br \/>\n<span style=\"font-size: 24px\">3\u00ba &#8211; Marcelo Beux, 470,5<\/span><br \/>\n<span style=\"font-size: 24px\">4\u00ba &#8211; Davi Dal Pizzol, 373,5<\/span><br \/>\n<span style=\"font-size: 24px\">5\u00ba &#8211; Willian Perillo, 357<\/span><br \/>\n<span style=\"font-size: 24px\">6\u00ba &#8211; Gustavo Dal Pizzol, 307,5<\/span><br \/>\n<span style=\"font-size: 24px\">7\u00ba &#8211; Guilherme Sirtoli, 167<\/span><br \/>\n<span style=\"font-size: 24px\">8\u00ba &#8211; Marcelo Andrade, 68<\/span><br \/>\n<span style=\"font-size: 24px\">9\u00ba &#8211; Vitor Perillo, 46<\/span><br \/>\n<span style=\"font-size: 24px\">10\u00ba &#8211; Carlos Machado, 10<\/span><\/p>\n<p><span style=\"font-size: 24px\"><strong>Categoria A<\/strong><\/span><br \/>\n<span style=\"font-size: 24px\"><strong>Campe\u00e3o<\/strong>\u00a0&#8211; Henrique Basso, 561,5 pontos<\/span><br \/>\n<span style=\"font-size: 24px\">2\u00ba &#8211; Gabriel Ymagava, 485<\/span><br \/>\n<span style=\"font-size: 24px\">3\u00ba &#8211; Wyllian Cezarotto\/Natan Sperafico, 432,5<\/span><br \/>\n<span style=\"font-size: 24px\">4\u00ba &#8211; Evandro Maldonado\/Roberto Bonato, 387<\/span><br \/>\n<span style=\"font-size: 24px\">5\u00ba &#8211; Glauco Tavares, 340,5<\/span><br \/>\n<span style=\"font-size: 24px\">6\u00ba &#8211; Guto Baldo, 349,5<\/span><br \/>\n<span style=\"font-size: 24px\">7\u00ba &#8211; Ted Barbirato, 344<\/span><br \/>\n<span style=\"font-size: 24px\">8\u00ba &#8211; Fernando Pessoa, 336<\/span><br \/>\n<span style=\"font-size: 24px\">9\u00ba &#8211; Eduardo Bacarin, 327<\/span><br \/>\n<span style=\"font-size: 24px\">10\u00ba &#8211; Dorivaldo Gondra, 326,5<\/span><\/p>\n<p><span style=\"font-size: 24px\"><strong>Categoria B<\/strong><\/span><br \/>\n<span style=\"font-size: 24px\"><strong>Campe\u00e3o<\/strong>\u00a0&#8211; Ricardo Raimundo, 583,5 pontos<\/span><br \/>\n<span style=\"font-size: 24px\">2\u00ba &#8211; Lorenzo Massaro, 579<\/span><br \/>\n<span style=\"font-size: 24px\">3\u00ba &#8211; Bruno Tanq, 511,5<\/span><br \/>\n<span style=\"font-size: 24px\">4\u00ba &#8211; Dudu Moratelli, 488<\/span><br \/>\n<span style=\"font-size: 24px\">5\u00ba &#8211; Faruk Ara\u00fajo, 359,5<\/span><br \/>\n<span style=\"font-size: 24px\">6\u00ba &#8211; Ewerson Dias, 358<\/span><br \/>\n<span style=\"font-size: 24px\">7\u00ba &#8211; Jairo Andrade, 322,5<\/span><br \/>\n<span style=\"font-size: 24px\">8\u00ba &#8211; Thiago Guinzelli, 387<\/span><br \/>\n<span style=\"font-size: 24px\">9\u00ba &#8211; Luiz Cl\u00e1udio Reis, 242,5<\/span><br \/>\n<span style=\"font-size: 24px\">10\u00ba &#8211; Arthur de Paula, 166,5<\/span><\/p>\n<p><span style=\"font-size: 24px\"><strong>Categoria S\u00eanior<\/strong><\/span><br \/>\n<span style=\"font-size: 24px\"><strong>Campe\u00e3o<\/strong>\u00a0&#8211; Guto Baldo, 387 pontos<\/span><br \/>\n<span style=\"font-size: 24px\">2\u00ba &#8211; Andr\u00e9 Jacob, 312,5<\/span><br \/>\n<span style=\"font-size: 24px\">3\u00ba &#8211; Beto Pontes, 307<\/span><br \/>\n<span style=\"font-size: 24px\">4\u00ba &#8211; Algacir Sermann, 266,5<\/span><br \/>\n<span style=\"font-size: 24px\">5\u00ba &#8211; Ewerson Dias, 219<\/span><br \/>\n<span style=\"font-size: 24px\">6\u00ba &#8211; Luiz Cl\u00e1udio Reis, 184,5<\/span><br \/>\n<span style=\"font-size: 24px\">7\u00ba &#8211; Richard Heidrich, 126<\/span><br \/>\n<span style=\"font-size: 24px\">8\u00ba &#8211; Ariel Barranco, 101<\/span><br \/>\n<span style=\"font-size: 24px\">9\u00ba &#8211; Miguel Laste, 50<\/span><br \/>\n<span style=\"font-size: 24px\">10\u00ba &#8211; Marcelo Perillo, 46<\/span><\/p>\n<p><span style=\"font-size: 24px\">(Texto: Assessoria. Foto:\u00a0<span style=\"text-align: center\">Cleocinei Zonta\/Fabio Cesar)<\/span><\/span><\/p>\n","protected":false},"excerpt":{"rendered":"<p>A Turismo Nacional viveu de muita competi\u00e7\u00e3o (e chuva) neste domingo (4) em Goi\u00e2nia. O Aut\u00f3dromo Internacional Ayrton Senna recebeu as oito \u00faltimas provas da temporada 2022 e foi palco da coroa\u00e7\u00e3o dos campe\u00f5es das seis classes em disputa na categoria dos carros mais vendidos do Brasil. Juninho Berlanda tornou-se o primeiro campe\u00e3o da TN [&hellip;]<\/p>\n","protected":false},"author":6307,"featured_media":56095,"comment_status":"open","ping_status":"open","sticky":false,"template":"","format":"standard","meta":{"_exactmetrics_skip_tracking":false,"_exactmetrics_sitenote_active":false,"_exactmetrics_sitenote_note":"","_exactmetrics_sitenote_category":0,"footnotes":""},"categories":[1267],"tags":[8910],"yoast_head":"<!-- This site is optimized with the Yoast SEO Premium plugin v22.7 (Yoast SEO v22.7) - https:\/\/yoast.com\/wordpress\/plugins\/seo\/ -->\n<title>MARING\u00c1 - Oito provas, chuva e muita adrenalina definem seis campe\u00f5es na Turismo Nacional - Orlando Gonzalez<\/title>\n<meta name=\"robots\" content=\"index, follow, max-snippet:-1, max-image-preview:large, max-video-preview:-1\" \/>\n<link rel=\"canonical\" href=\"https:\/\/maringapost.com.br\/orlandogonzalez\/2022\/12\/04\/maringa-oito-provas-chuva-e-muita-adrenalina-definem-seis-campeoes-na-turismo-nacional\/\" \/>\n<meta property=\"og:locale\" content=\"pt_BR\" \/>\n<meta property=\"og:type\" content=\"article\" \/>\n<meta property=\"og:title\" content=\"MARING\u00c1 - Oito provas, chuva e muita adrenalina definem seis campe\u00f5es na Turismo Nacional\" \/>\n<meta property=\"og:description\" content=\"A Turismo Nacional viveu de muita competi\u00e7\u00e3o (e chuva) neste domingo (4) em Goi\u00e2nia. O Aut\u00f3dromo Internacional Ayrton Senna recebeu as oito \u00faltimas provas da temporada 2022 e foi palco da coroa\u00e7\u00e3o dos campe\u00f5es das seis classes em disputa na categoria dos carros mais vendidos do Brasil. Juninho Berlanda tornou-se o primeiro campe\u00e3o da TN [&hellip;]\" \/>\n<meta property=\"og:url\" content=\"https:\/\/maringapost.com.br\/orlandogonzalez\/2022\/12\/04\/maringa-oito-provas-chuva-e-muita-adrenalina-definem-seis-campeoes-na-turismo-nacional\/\" \/>\n<meta property=\"og:site_name\" content=\"Orlando Gonzalez\" \/>\n<meta property=\"article:author\" content=\"https:\/\/www.facebook.com\/profile.php?id=100011095815065\" \/>\n<meta property=\"article:published_time\" content=\"2022-12-05T00:30:14+00:00\" \/>\n<meta property=\"og:image\" content=\"https:\/\/maringapost.com.br\/orlandogonzalez\/wp-content\/uploads\/sites\/17\/2022\/12\/416469_1042193__cr79709_web_.jpg\" \/>\n\t<meta property=\"og:image:width\" content=\"600\" \/>\n\t<meta property=\"og:image:height\" content=\"400\" \/>\n\t<meta property=\"og:image:type\" content=\"image\/jpeg\" \/>\n<meta name=\"author\" content=\"Orlando Gonzalez\" \/>\n<meta name=\"twitter:card\" content=\"summary_large_image\" \/>\n<meta name=\"twitter:creator\" content=\"@gonzalezorlando\" \/>\n<meta name=\"twitter:label1\" content=\"Escrito por\" \/>\n\t<meta name=\"twitter:data1\" content=\"\" \/>\n\t<meta name=\"twitter:label2\" content=\"Est. tempo de leitura\" \/>\n\t<meta name=\"twitter:data2\" content=\"9 minutos\" \/>\n<script type=\"application\/ld+json\" class=\"yoast-schema-graph\">{\"@context\":\"https:\/\/schema.org\",\"@graph\":[{\"@type\":\"WebPage\",\"@id\":\"https:\/\/maringapost.com.br\/orlandogonzalez\/2022\/12\/04\/maringa-oito-provas-chuva-e-muita-adrenalina-definem-seis-campeoes-na-turismo-nacional\/\",\"url\":\"https:\/\/maringapost.com.br\/orlandogonzalez\/2022\/12\/04\/maringa-oito-provas-chuva-e-muita-adrenalina-definem-seis-campeoes-na-turismo-nacional\/\",\"name\":\"MARING\u00c1 - Oito provas, chuva e muita adrenalina definem seis campe\u00f5es na Turismo Nacional - Orlando Gonzalez\",\"isPartOf\":{\"@id\":\"https:\/\/maringapost.com.br\/orlandogonzalez\/#website\"},\"primaryImageOfPage\":{\"@id\":\"https:\/\/maringapost.com.br\/orlandogonzalez\/2022\/12\/04\/maringa-oito-provas-chuva-e-muita-adrenalina-definem-seis-campeoes-na-turismo-nacional\/#primaryimage\"},\"image\":{\"@id\":\"https:\/\/maringapost.com.br\/orlandogonzalez\/2022\/12\/04\/maringa-oito-provas-chuva-e-muita-adrenalina-definem-seis-campeoes-na-turismo-nacional\/#primaryimage\"},\"thumbnailUrl\":\"https:\/\/maringapost.com.br\/orlandogonzalez\/wp-content\/uploads\/sites\/17\/2022\/12\/416469_1042193__cr79709_web_.jpg\",\"datePublished\":\"2022-12-05T00:30:14+00:00\",\"dateModified\":\"2022-12-05T00:30:14+00:00\",\"author\":{\"@id\":\"https:\/\/maringapost.com.br\/orlandogonzalez\/#\/schema\/person\/5cbe6257d08edea6afc9ebaa613b0633\"},\"inLanguage\":\"pt-BR\",\"potentialAction\":[{\"@type\":\"ReadAction\",\"target\":[\"https:\/\/maringapost.com.br\/orlandogonzalez\/2022\/12\/04\/maringa-oito-provas-chuva-e-muita-adrenalina-definem-seis-campeoes-na-turismo-nacional\/\"]}]},{\"@type\":\"ImageObject\",\"inLanguage\":\"pt-BR\",\"@id\":\"https:\/\/maringapost.com.br\/orlandogonzalez\/2022\/12\/04\/maringa-oito-provas-chuva-e-muita-adrenalina-definem-seis-campeoes-na-turismo-nacional\/#primaryimage\",\"url\":\"https:\/\/maringapost.com.br\/orlandogonzalez\/wp-content\/uploads\/sites\/17\/2022\/12\/416469_1042193__cr79709_web_.jpg\",\"contentUrl\":\"https:\/\/maringapost.com.br\/orlandogonzalez\/wp-content\/uploads\/sites\/17\/2022\/12\/416469_1042193__cr79709_web_.jpg\",\"width\":600,\"height\":400},{\"@type\":\"WebSite\",\"@id\":\"https:\/\/maringapost.com.br\/orlandogonzalez\/#website\",\"url\":\"https:\/\/maringapost.com.br\/orlandogonzalez\/\",\"name\":\"Orlando Gonzalez\",\"description\":\"Destaca o esporte de Maring\u00e1! Destaca o esporte do Paran\u00e1! Destaca o esporte do Brasil!\",\"potentialAction\":[{\"@type\":\"SearchAction\",\"target\":{\"@type\":\"EntryPoint\",\"urlTemplate\":\"https:\/\/maringapost.com.br\/orlandogonzalez\/?s={search_term_string}\"},\"query-input\":\"required name=search_term_string\"}],\"inLanguage\":\"pt-BR\"},{\"@type\":\"Person\",\"@id\":\"https:\/\/maringapost.com.br\/orlandogonzalez\/#\/schema\/person\/5cbe6257d08edea6afc9ebaa613b0633\",\"name\":\"Orlando Gonzalez\",\"image\":{\"@type\":\"ImageObject\",\"inLanguage\":\"pt-BR\",\"@id\":\"https:\/\/maringapost.com.br\/orlandogonzalez\/#\/schema\/person\/image\/\",\"url\":\"https:\/\/secure.gravatar.com\/avatar\/ecef9d1c9afe5ebdafadde8369065ba5?s=96&d=mm&r=g\",\"contentUrl\":\"https:\/\/secure.gravatar.com\/avatar\/ecef9d1c9afe5ebdafadde8369065ba5?s=96&d=mm&r=g\",\"caption\":\"Orlando Gonzalez\"},\"description\":\"H\u00e1 29 anos na cobertura do esporte de Maring\u00e1. Plant\u00e3o e narrador esportivo. Presta\u00e7\u00e3o de assessoria de imprensa esportiva, cobertura e transmiss\u00f5es ao vivo de eventos esportivos. E-mail: orlandogonzalez.assessoria@gmail.com WhatsApp: (44) 9 9126-6119\",\"sameAs\":[\"http:\/\/www.radiomaringa.com.br\/\",\"https:\/\/www.facebook.com\/profile.php?id=100011095815065\",\"https:\/\/www.instagram.com\/orlandomgonzalez\/\",\"https:\/\/br.pinterest.com\/ogonzalez0530\/\",\"https:\/\/x.com\/gonzalezorlando\",\"https:\/\/www.youtube.com\/channel\/UCvFpl55btth8wjnKiSS1ibA\",\"https:\/\/radiomaringaweb.tumblr.com\/\"],\"url\":\"https:\/\/maringapost.com.br\/orlandogonzalez\/author\/orlando\/\"}]}<\/script>\n<!-- \/ Yoast SEO Premium plugin. -->","yoast_head_json":{"title":"MARING\u00c1 - Oito provas, chuva e muita adrenalina definem seis campe\u00f5es na Turismo Nacional - Orlando Gonzalez","robots":{"index":"index","follow":"follow","max-snippet":"max-snippet:-1","max-image-preview":"max-image-preview:large","max-video-preview":"max-video-preview:-1"},"canonical":"https:\/\/maringapost.com.br\/orlandogonzalez\/2022\/12\/04\/maringa-oito-provas-chuva-e-muita-adrenalina-definem-seis-campeoes-na-turismo-nacional\/","og_locale":"pt_BR","og_type":"article","og_title":"MARING\u00c1 - Oito provas, chuva e muita adrenalina definem seis campe\u00f5es na Turismo Nacional","og_description":"A Turismo Nacional viveu de muita competi\u00e7\u00e3o (e chuva) neste domingo (4) em Goi\u00e2nia. O Aut\u00f3dromo Internacional Ayrton Senna recebeu as oito \u00faltimas provas da temporada 2022 e foi palco da coroa\u00e7\u00e3o dos campe\u00f5es das seis classes em disputa na categoria dos carros mais vendidos do Brasil. Juninho Berlanda tornou-se o primeiro campe\u00e3o da TN [&hellip;]","og_url":"https:\/\/maringapost.com.br\/orlandogonzalez\/2022\/12\/04\/maringa-oito-provas-chuva-e-muita-adrenalina-definem-seis-campeoes-na-turismo-nacional\/","og_site_name":"Orlando Gonzalez","article_author":"https:\/\/www.facebook.com\/profile.php?id=100011095815065","article_published_time":"2022-12-05T00:30:14+00:00","og_image":[{"width":600,"height":400,"url":"https:\/\/maringapost.com.br\/orlandogonzalez\/wp-content\/uploads\/sites\/17\/2022\/12\/416469_1042193__cr79709_web_.jpg","type":"image\/jpeg"}],"author":"Orlando Gonzalez","twitter_card":"summary_large_image","twitter_creator":"@gonzalezorlando","twitter_misc":{"Escrito por":false,"Est. tempo de leitura":"9 minutos"},"schema":{"@context":"https:\/\/schema.org","@graph":[{"@type":"WebPage","@id":"https:\/\/maringapost.com.br\/orlandogonzalez\/2022\/12\/04\/maringa-oito-provas-chuva-e-muita-adrenalina-definem-seis-campeoes-na-turismo-nacional\/","url":"https:\/\/maringapost.com.br\/orlandogonzalez\/2022\/12\/04\/maringa-oito-provas-chuva-e-muita-adrenalina-definem-seis-campeoes-na-turismo-nacional\/","name":"MARING\u00c1 - Oito provas, chuva e muita adrenalina definem seis campe\u00f5es na Turismo Nacional - Orlando Gonzalez","isPartOf":{"@id":"https:\/\/maringapost.com.br\/orlandogonzalez\/#website"},"primaryImageOfPage":{"@id":"https:\/\/maringapost.com.br\/orlandogonzalez\/2022\/12\/04\/maringa-oito-provas-chuva-e-muita-adrenalina-definem-seis-campeoes-na-turismo-nacional\/#primaryimage"},"image":{"@id":"https:\/\/maringapost.com.br\/orlandogonzalez\/2022\/12\/04\/maringa-oito-provas-chuva-e-muita-adrenalina-definem-seis-campeoes-na-turismo-nacional\/#primaryimage"},"thumbnailUrl":"https:\/\/maringapost.com.br\/orlandogonzalez\/wp-content\/uploads\/sites\/17\/2022\/12\/416469_1042193__cr79709_web_.jpg","datePublished":"2022-12-05T00:30:14+00:00","dateModified":"2022-12-05T00:30:14+00:00","author":{"@id":"https:\/\/maringapost.com.br\/orlandogonzalez\/#\/schema\/person\/5cbe6257d08edea6afc9ebaa613b0633"},"inLanguage":"pt-BR","potentialAction":[{"@type":"ReadAction","target":["https:\/\/maringapost.com.br\/orlandogonzalez\/2022\/12\/04\/maringa-oito-provas-chuva-e-muita-adrenalina-definem-seis-campeoes-na-turismo-nacional\/"]}]},{"@type":"ImageObject","inLanguage":"pt-BR","@id":"https:\/\/maringapost.com.br\/orlandogonzalez\/2022\/12\/04\/maringa-oito-provas-chuva-e-muita-adrenalina-definem-seis-campeoes-na-turismo-nacional\/#primaryimage","url":"https:\/\/maringapost.com.br\/orlandogonzalez\/wp-content\/uploads\/sites\/17\/2022\/12\/416469_1042193__cr79709_web_.jpg","contentUrl":"https:\/\/maringapost.com.br\/orlandogonzalez\/wp-content\/uploads\/sites\/17\/2022\/12\/416469_1042193__cr79709_web_.jpg","width":600,"height":400},{"@type":"WebSite","@id":"https:\/\/maringapost.com.br\/orlandogonzalez\/#website","url":"https:\/\/maringapost.com.br\/orlandogonzalez\/","name":"Orlando Gonzalez","description":"Destaca o esporte de Maring\u00e1! Destaca o esporte do Paran\u00e1! Destaca o esporte do Brasil!","potentialAction":[{"@type":"SearchAction","target":{"@type":"EntryPoint","urlTemplate":"https:\/\/maringapost.com.br\/orlandogonzalez\/?s={search_term_string}"},"query-input":"required name=search_term_string"}],"inLanguage":"pt-BR"},{"@type":"Person","@id":"https:\/\/maringapost.com.br\/orlandogonzalez\/#\/schema\/person\/5cbe6257d08edea6afc9ebaa613b0633","name":"Orlando Gonzalez","image":{"@type":"ImageObject","inLanguage":"pt-BR","@id":"https:\/\/maringapost.com.br\/orlandogonzalez\/#\/schema\/person\/image\/","url":"https:\/\/secure.gravatar.com\/avatar\/ecef9d1c9afe5ebdafadde8369065ba5?s=96&d=mm&r=g","contentUrl":"https:\/\/secure.gravatar.com\/avatar\/ecef9d1c9afe5ebdafadde8369065ba5?s=96&d=mm&r=g","caption":"Orlando Gonzalez"},"description":"H\u00e1 29 anos na cobertura do esporte de Maring\u00e1. Plant\u00e3o e narrador esportivo. Presta\u00e7\u00e3o de assessoria de imprensa esportiva, cobertura e transmiss\u00f5es ao vivo de eventos esportivos. E-mail: orlandogonzalez.assessoria@gmail.com WhatsApp: (44) 9 9126-6119","sameAs":["http:\/\/www.radiomaringa.com.br\/","https:\/\/www.facebook.com\/profile.php?id=100011095815065","https:\/\/www.instagram.com\/orlandomgonzalez\/","https:\/\/br.pinterest.com\/ogonzalez0530\/","https:\/\/x.com\/gonzalezorlando","https:\/\/www.youtube.com\/channel\/UCvFpl55btth8wjnKiSS1ibA","https:\/\/radiomaringaweb.tumblr.com\/"],"url":"https:\/\/maringapost.com.br\/orlandogonzalez\/author\/orlando\/"}]}},"_links":{"self":[{"href":"https:\/\/maringapost.com.br\/orlandogonzalez\/wp-json\/wp\/v2\/posts\/56094"}],"collection":[{"href":"https:\/\/maringapost.com.br\/orlandogonzalez\/wp-json\/wp\/v2\/posts"}],"about":[{"href":"https:\/\/maringapost.com.br\/orlandogonzalez\/wp-json\/wp\/v2\/types\/post"}],"author":[{"embeddable":true,"href":"https:\/\/maringapost.com.br\/orlandogonzalez\/wp-json\/wp\/v2\/users\/6307"}],"replies":[{"embeddable":true,"href":"https:\/\/maringapost.com.br\/orlandogonzalez\/wp-json\/wp\/v2\/comments?post=56094"}],"version-history":[{"count":1,"href":"https:\/\/maringapost.com.br\/orlandogonzalez\/wp-json\/wp\/v2\/posts\/56094\/revisions"}],"predecessor-version":[{"id":56096,"href":"https:\/\/maringapost.com.br\/orlandogonzalez\/wp-json\/wp\/v2\/posts\/56094\/revisions\/56096"}],"wp:featuredmedia":[{"embeddable":true,"href":"https:\/\/maringapost.com.br\/orlandogonzalez\/wp-json\/wp\/v2\/media\/56095"}],"wp:attachment":[{"href":"https:\/\/maringapost.com.br\/orlandogonzalez\/wp-json\/wp\/v2\/media?parent=56094"}],"wp:term":[{"taxonomy":"category","embeddable":true,"href":"https:\/\/maringapost.com.br\/orlandogonzalez\/wp-json\/wp\/v2\/categories?post=56094"},{"taxonomy":"post_tag","embeddable":true,"href":"https:\/\/maringapost.com.br\/orlandogonzalez\/wp-json\/wp\/v2\/tags?post=56094"}],"curies":[{"name":"wp","href":"https:\/\/api.w.org\/{rel}","templated":true}]}}