{"id":55923,"date":"2022-10-14T09:21:39","date_gmt":"2022-10-14T12:21:39","guid":{"rendered":"https:\/\/maringapost.com.br\/orlandogonzalez\/?p=55923"},"modified":"2022-10-14T09:21:39","modified_gmt":"2022-10-14T12:21:39","slug":"maringa-time-do-maringa-fc-confirma-participacao-na-copa-sao-paulo-de-juniores","status":"publish","type":"post","link":"https:\/\/maringapost.com.br\/orlandogonzalez\/2022\/10\/14\/maringa-time-do-maringa-fc-confirma-participacao-na-copa-sao-paulo-de-juniores\/","title":{"rendered":"MARING\u00c1 &#8211; Time do Maring\u00e1 FC confirma participa\u00e7\u00e3o na Copa S\u00e3o Paulo de Juniores"},"content":{"rendered":"<p class=\"selectable-text copyable-text\"><span class=\"selectable-text copyable-text\"><span style=\"font-size: x-large\">O Maring\u00e1 Futebol Clube confirmou nesta sexta-feira, 14, a participa\u00e7\u00e3o na Copa S\u00e3o Paulo de Futebol J\u00fanior do ano de 2023. O clube recebeu o convite da Federa\u00e7\u00e3o Paranaense de Futebol pelo excelente desempenho nos campeonatos estaduais da primeira divis\u00e3o e da categoria sub-20.<\/span><\/span><\/p>\n<p class=\"selectable-text copyable-text\"><span class=\"selectable-text copyable-text\"><span style=\"font-size: x-large\">Esta ser\u00e1 a primeira vez que um clube maringaense disputar\u00e1 uma das principais competi\u00e7\u00f5es de base do mundo e a principal do Brasil na categoria. A competi\u00e7\u00e3o ainda n\u00e3o tem data certa para iniciar, mas a final ser\u00e1 realizada no dia 25 de janeiro. De acordo com o presidente do tricolor maringaense, Jo\u00e3o Vitor Mazzer, esse convite coroa a excelente temporada do clube em 2022.<\/span><\/span><\/p>\n<p class=\"selectable-text copyable-text\"><span class=\"selectable-text copyable-text\"><span style=\"font-size: x-large\">\u201cEstamos muito felizes com o convite. Entendemos que nossa participa\u00e7\u00e3o na Copa S\u00e3o Paulo coroa o trabalho de todos os atletas, comiss\u00e3o t\u00e9cnica, colaboradores, diretores, investidores e patrocinadores, al\u00e9m de presentear o torcedor que vem sendo fundamental nessa constru\u00e7\u00e3o do Maring\u00e1 Futebol Clube. Vamos precisar nos estruturar ainda mais para iniciar a temporada 2023, quando teremos, al\u00e9m da Copa S\u00e3o Paulo, o Paranaense, a Copa do Brasil e o Campeonato Brasileiro S\u00e9rie D\u201d, explicou Mazzer.<\/span><\/span><\/p>\n<p class=\"selectable-text copyable-text\"><span class=\"selectable-text copyable-text\"><span style=\"font-size: x-large\">Ainda segundo o presidente, a participa\u00e7\u00e3o do clube na competi\u00e7\u00e3o, mostra a seriedade do trabalho do tricolor maringaense. \u201cNossa gest\u00e3o assumiu o clube em 2017 e tivemos muitos momentos bons e dif\u00edceis, mas tudo isso fez com que o MFC crescesse e amadurecesse. A Copa S\u00e3o Paulo \u00e9 mais uma excelente oportunidade para mostrar o Maring\u00e1 Futebol Clube para o Brasil e para o mundo. Sem d\u00favida essa participa\u00e7\u00e3o ser\u00e1 a primeira de muitas\u201d, projetou o presidente.<\/span><\/span><\/p>\n<p class=\"selectable-text copyable-text\"><span class=\"selectable-text copyable-text\"><span style=\"font-size: x-large\">A Copa S\u00e3o Paulo de Futebol J\u00fanior 2023 ter\u00e1 o mesmo formato da competi\u00e7\u00e3o deste ano, contendo 128 clubes divididos em 32 grupos. A pr\u00f3xima edi\u00e7\u00e3o ser\u00e1 a de n\u00famero 53 do campeonato, que tem como \u00faltimo campe\u00e3o o Palmeiras.<\/span><\/span><\/p>\n<p class=\"selectable-text copyable-text\"><span class=\"selectable-text copyable-text\"><span style=\"font-size: x-large\">A prepara\u00e7\u00e3o dos meninos do ing\u00e1 come\u00e7a ap\u00f3s a disputa do Campeonato Paranaense sub-20, competi\u00e7\u00e3o em que o Maring\u00e1 busca a vaga para a semifinal no confronto deste s\u00e1bado, 15, diante do Paran\u00e1 Clube, no Willie Davids, \u00e0s 15h30. A entrada para a partida ser\u00e1 apenas um quilo de alimento n\u00e3o perec\u00edvel.<\/span><\/span><\/p>\n<p class=\"selectable-text copyable-text\"><span class=\"selectable-text copyable-text\"><span style=\"font-size: x-large\">(Rodrigo Ara\u00fajo\/MFC)<\/span><\/span><\/p>\n","protected":false},"excerpt":{"rendered":"<p>O Maring\u00e1 Futebol Clube confirmou nesta sexta-feira, 14, a participa\u00e7\u00e3o na Copa S\u00e3o Paulo de Futebol J\u00fanior do ano de 2023. O clube recebeu o convite da Federa\u00e7\u00e3o Paranaense de Futebol pelo excelente desempenho nos campeonatos estaduais da primeira divis\u00e3o e da categoria sub-20. Esta ser\u00e1 a primeira vez que um clube maringaense disputar\u00e1 uma [&hellip;]<\/p>\n","protected":false},"author":6307,"featured_media":55924,"comment_status":"open","ping_status":"open","sticky":false,"template":"","format":"standard","meta":{"_exactmetrics_skip_tracking":false,"_exactmetrics_sitenote_active":false,"_exactmetrics_sitenote_note":"","_exactmetrics_sitenote_category":0,"footnotes":""},"categories":[15128],"tags":[265],"yoast_head":"<!-- This site is optimized with the Yoast SEO Premium plugin v22.7 (Yoast SEO v22.7) - https:\/\/yoast.com\/wordpress\/plugins\/seo\/ -->\n<title>MARING\u00c1 - Time do Maring\u00e1 FC confirma participa\u00e7\u00e3o na Copa S\u00e3o Paulo de Juniores - Orlando Gonzalez<\/title>\n<meta name=\"robots\" content=\"index, follow, max-snippet:-1, max-image-preview:large, max-video-preview:-1\" \/>\n<link rel=\"canonical\" href=\"https:\/\/maringapost.com.br\/orlandogonzalez\/2022\/10\/14\/maringa-time-do-maringa-fc-confirma-participacao-na-copa-sao-paulo-de-juniores\/\" \/>\n<meta property=\"og:locale\" content=\"pt_BR\" \/>\n<meta property=\"og:type\" content=\"article\" \/>\n<meta property=\"og:title\" content=\"MARING\u00c1 - Time do Maring\u00e1 FC confirma participa\u00e7\u00e3o na Copa S\u00e3o Paulo de Juniores\" \/>\n<meta property=\"og:description\" content=\"O Maring\u00e1 Futebol Clube confirmou nesta sexta-feira, 14, a participa\u00e7\u00e3o na Copa S\u00e3o Paulo de Futebol J\u00fanior do ano de 2023. O clube recebeu o convite da Federa\u00e7\u00e3o Paranaense de Futebol pelo excelente desempenho nos campeonatos estaduais da primeira divis\u00e3o e da categoria sub-20. Esta ser\u00e1 a primeira vez que um clube maringaense disputar\u00e1 uma [&hellip;]\" \/>\n<meta property=\"og:url\" content=\"https:\/\/maringapost.com.br\/orlandogonzalez\/2022\/10\/14\/maringa-time-do-maringa-fc-confirma-participacao-na-copa-sao-paulo-de-juniores\/\" \/>\n<meta property=\"og:site_name\" content=\"Orlando Gonzalez\" \/>\n<meta property=\"article:author\" content=\"https:\/\/www.facebook.com\/profile.php?id=100011095815065\" \/>\n<meta property=\"article:published_time\" content=\"2022-10-14T12:21:39+00:00\" \/>\n<meta property=\"og:image\" content=\"https:\/\/maringapost.com.br\/orlandogonzalez\/wp-content\/uploads\/sites\/17\/2022\/10\/IMG_7336.jpg\" \/>\n\t<meta property=\"og:image:width\" content=\"1280\" \/>\n\t<meta property=\"og:image:height\" content=\"818\" \/>\n\t<meta property=\"og:image:type\" content=\"image\/jpeg\" \/>\n<meta name=\"author\" content=\"Orlando Gonzalez\" \/>\n<meta name=\"twitter:card\" content=\"summary_large_image\" \/>\n<meta name=\"twitter:creator\" content=\"@gonzalezorlando\" \/>\n<meta name=\"twitter:label1\" content=\"Escrito por\" \/>\n\t<meta name=\"twitter:data1\" content=\"\" \/>\n\t<meta name=\"twitter:label2\" content=\"Est. tempo de leitura\" \/>\n\t<meta name=\"twitter:data2\" content=\"2 minutos\" \/>\n<script type=\"application\/ld+json\" class=\"yoast-schema-graph\">{\"@context\":\"https:\/\/schema.org\",\"@graph\":[{\"@type\":\"WebPage\",\"@id\":\"https:\/\/maringapost.com.br\/orlandogonzalez\/2022\/10\/14\/maringa-time-do-maringa-fc-confirma-participacao-na-copa-sao-paulo-de-juniores\/\",\"url\":\"https:\/\/maringapost.com.br\/orlandogonzalez\/2022\/10\/14\/maringa-time-do-maringa-fc-confirma-participacao-na-copa-sao-paulo-de-juniores\/\",\"name\":\"MARING\u00c1 - Time do Maring\u00e1 FC confirma participa\u00e7\u00e3o na Copa S\u00e3o Paulo de Juniores - Orlando Gonzalez\",\"isPartOf\":{\"@id\":\"https:\/\/maringapost.com.br\/orlandogonzalez\/#website\"},\"primaryImageOfPage\":{\"@id\":\"https:\/\/maringapost.com.br\/orlandogonzalez\/2022\/10\/14\/maringa-time-do-maringa-fc-confirma-participacao-na-copa-sao-paulo-de-juniores\/#primaryimage\"},\"image\":{\"@id\":\"https:\/\/maringapost.com.br\/orlandogonzalez\/2022\/10\/14\/maringa-time-do-maringa-fc-confirma-participacao-na-copa-sao-paulo-de-juniores\/#primaryimage\"},\"thumbnailUrl\":\"https:\/\/maringapost.com.br\/orlandogonzalez\/wp-content\/uploads\/sites\/17\/2022\/10\/IMG_7336.jpg\",\"datePublished\":\"2022-10-14T12:21:39+00:00\",\"dateModified\":\"2022-10-14T12:21:39+00:00\",\"author\":{\"@id\":\"https:\/\/maringapost.com.br\/orlandogonzalez\/#\/schema\/person\/5cbe6257d08edea6afc9ebaa613b0633\"},\"inLanguage\":\"pt-BR\",\"potentialAction\":[{\"@type\":\"ReadAction\",\"target\":[\"https:\/\/maringapost.com.br\/orlandogonzalez\/2022\/10\/14\/maringa-time-do-maringa-fc-confirma-participacao-na-copa-sao-paulo-de-juniores\/\"]}]},{\"@type\":\"ImageObject\",\"inLanguage\":\"pt-BR\",\"@id\":\"https:\/\/maringapost.com.br\/orlandogonzalez\/2022\/10\/14\/maringa-time-do-maringa-fc-confirma-participacao-na-copa-sao-paulo-de-juniores\/#primaryimage\",\"url\":\"https:\/\/maringapost.com.br\/orlandogonzalez\/wp-content\/uploads\/sites\/17\/2022\/10\/IMG_7336.jpg\",\"contentUrl\":\"https:\/\/maringapost.com.br\/orlandogonzalez\/wp-content\/uploads\/sites\/17\/2022\/10\/IMG_7336.jpg\",\"width\":1280,\"height\":818},{\"@type\":\"WebSite\",\"@id\":\"https:\/\/maringapost.com.br\/orlandogonzalez\/#website\",\"url\":\"https:\/\/maringapost.com.br\/orlandogonzalez\/\",\"name\":\"Orlando Gonzalez\",\"description\":\"Destaca o esporte de Maring\u00e1! Destaca o esporte do Paran\u00e1! Destaca o esporte do Brasil!\",\"potentialAction\":[{\"@type\":\"SearchAction\",\"target\":{\"@type\":\"EntryPoint\",\"urlTemplate\":\"https:\/\/maringapost.com.br\/orlandogonzalez\/?s={search_term_string}\"},\"query-input\":\"required name=search_term_string\"}],\"inLanguage\":\"pt-BR\"},{\"@type\":\"Person\",\"@id\":\"https:\/\/maringapost.com.br\/orlandogonzalez\/#\/schema\/person\/5cbe6257d08edea6afc9ebaa613b0633\",\"name\":\"Orlando Gonzalez\",\"image\":{\"@type\":\"ImageObject\",\"inLanguage\":\"pt-BR\",\"@id\":\"https:\/\/maringapost.com.br\/orlandogonzalez\/#\/schema\/person\/image\/\",\"url\":\"https:\/\/secure.gravatar.com\/avatar\/ecef9d1c9afe5ebdafadde8369065ba5?s=96&d=mm&r=g\",\"contentUrl\":\"https:\/\/secure.gravatar.com\/avatar\/ecef9d1c9afe5ebdafadde8369065ba5?s=96&d=mm&r=g\",\"caption\":\"Orlando Gonzalez\"},\"description\":\"H\u00e1 29 anos na cobertura do esporte de Maring\u00e1. Plant\u00e3o e narrador esportivo. Presta\u00e7\u00e3o de assessoria de imprensa esportiva, cobertura e transmiss\u00f5es ao vivo de eventos esportivos. E-mail: orlandogonzalez.assessoria@gmail.com WhatsApp: (44) 9 9126-6119\",\"sameAs\":[\"http:\/\/www.radiomaringa.com.br\/\",\"https:\/\/www.facebook.com\/profile.php?id=100011095815065\",\"https:\/\/www.instagram.com\/orlandomgonzalez\/\",\"https:\/\/br.pinterest.com\/ogonzalez0530\/\",\"https:\/\/x.com\/gonzalezorlando\",\"https:\/\/www.youtube.com\/channel\/UCvFpl55btth8wjnKiSS1ibA\",\"https:\/\/radiomaringaweb.tumblr.com\/\"],\"url\":\"https:\/\/maringapost.com.br\/orlandogonzalez\/author\/orlando\/\"}]}<\/script>\n<!-- \/ Yoast SEO Premium plugin. -->","yoast_head_json":{"title":"MARING\u00c1 - Time do Maring\u00e1 FC confirma participa\u00e7\u00e3o na Copa S\u00e3o Paulo de Juniores - Orlando Gonzalez","robots":{"index":"index","follow":"follow","max-snippet":"max-snippet:-1","max-image-preview":"max-image-preview:large","max-video-preview":"max-video-preview:-1"},"canonical":"https:\/\/maringapost.com.br\/orlandogonzalez\/2022\/10\/14\/maringa-time-do-maringa-fc-confirma-participacao-na-copa-sao-paulo-de-juniores\/","og_locale":"pt_BR","og_type":"article","og_title":"MARING\u00c1 - Time do Maring\u00e1 FC confirma participa\u00e7\u00e3o na Copa S\u00e3o Paulo de Juniores","og_description":"O Maring\u00e1 Futebol Clube confirmou nesta sexta-feira, 14, a participa\u00e7\u00e3o na Copa S\u00e3o Paulo de Futebol J\u00fanior do ano de 2023. O clube recebeu o convite da Federa\u00e7\u00e3o Paranaense de Futebol pelo excelente desempenho nos campeonatos estaduais da primeira divis\u00e3o e da categoria sub-20. Esta ser\u00e1 a primeira vez que um clube maringaense disputar\u00e1 uma [&hellip;]","og_url":"https:\/\/maringapost.com.br\/orlandogonzalez\/2022\/10\/14\/maringa-time-do-maringa-fc-confirma-participacao-na-copa-sao-paulo-de-juniores\/","og_site_name":"Orlando Gonzalez","article_author":"https:\/\/www.facebook.com\/profile.php?id=100011095815065","article_published_time":"2022-10-14T12:21:39+00:00","og_image":[{"width":1280,"height":818,"url":"https:\/\/maringapost.com.br\/orlandogonzalez\/wp-content\/uploads\/sites\/17\/2022\/10\/IMG_7336.jpg","type":"image\/jpeg"}],"author":"Orlando Gonzalez","twitter_card":"summary_large_image","twitter_creator":"@gonzalezorlando","twitter_misc":{"Escrito por":false,"Est. tempo de leitura":"2 minutos"},"schema":{"@context":"https:\/\/schema.org","@graph":[{"@type":"WebPage","@id":"https:\/\/maringapost.com.br\/orlandogonzalez\/2022\/10\/14\/maringa-time-do-maringa-fc-confirma-participacao-na-copa-sao-paulo-de-juniores\/","url":"https:\/\/maringapost.com.br\/orlandogonzalez\/2022\/10\/14\/maringa-time-do-maringa-fc-confirma-participacao-na-copa-sao-paulo-de-juniores\/","name":"MARING\u00c1 - Time do Maring\u00e1 FC confirma participa\u00e7\u00e3o na Copa S\u00e3o Paulo de Juniores - Orlando Gonzalez","isPartOf":{"@id":"https:\/\/maringapost.com.br\/orlandogonzalez\/#website"},"primaryImageOfPage":{"@id":"https:\/\/maringapost.com.br\/orlandogonzalez\/2022\/10\/14\/maringa-time-do-maringa-fc-confirma-participacao-na-copa-sao-paulo-de-juniores\/#primaryimage"},"image":{"@id":"https:\/\/maringapost.com.br\/orlandogonzalez\/2022\/10\/14\/maringa-time-do-maringa-fc-confirma-participacao-na-copa-sao-paulo-de-juniores\/#primaryimage"},"thumbnailUrl":"https:\/\/maringapost.com.br\/orlandogonzalez\/wp-content\/uploads\/sites\/17\/2022\/10\/IMG_7336.jpg","datePublished":"2022-10-14T12:21:39+00:00","dateModified":"2022-10-14T12:21:39+00:00","author":{"@id":"https:\/\/maringapost.com.br\/orlandogonzalez\/#\/schema\/person\/5cbe6257d08edea6afc9ebaa613b0633"},"inLanguage":"pt-BR","potentialAction":[{"@type":"ReadAction","target":["https:\/\/maringapost.com.br\/orlandogonzalez\/2022\/10\/14\/maringa-time-do-maringa-fc-confirma-participacao-na-copa-sao-paulo-de-juniores\/"]}]},{"@type":"ImageObject","inLanguage":"pt-BR","@id":"https:\/\/maringapost.com.br\/orlandogonzalez\/2022\/10\/14\/maringa-time-do-maringa-fc-confirma-participacao-na-copa-sao-paulo-de-juniores\/#primaryimage","url":"https:\/\/maringapost.com.br\/orlandogonzalez\/wp-content\/uploads\/sites\/17\/2022\/10\/IMG_7336.jpg","contentUrl":"https:\/\/maringapost.com.br\/orlandogonzalez\/wp-content\/uploads\/sites\/17\/2022\/10\/IMG_7336.jpg","width":1280,"height":818},{"@type":"WebSite","@id":"https:\/\/maringapost.com.br\/orlandogonzalez\/#website","url":"https:\/\/maringapost.com.br\/orlandogonzalez\/","name":"Orlando Gonzalez","description":"Destaca o esporte de Maring\u00e1! Destaca o esporte do Paran\u00e1! Destaca o esporte do Brasil!","potentialAction":[{"@type":"SearchAction","target":{"@type":"EntryPoint","urlTemplate":"https:\/\/maringapost.com.br\/orlandogonzalez\/?s={search_term_string}"},"query-input":"required name=search_term_string"}],"inLanguage":"pt-BR"},{"@type":"Person","@id":"https:\/\/maringapost.com.br\/orlandogonzalez\/#\/schema\/person\/5cbe6257d08edea6afc9ebaa613b0633","name":"Orlando Gonzalez","image":{"@type":"ImageObject","inLanguage":"pt-BR","@id":"https:\/\/maringapost.com.br\/orlandogonzalez\/#\/schema\/person\/image\/","url":"https:\/\/secure.gravatar.com\/avatar\/ecef9d1c9afe5ebdafadde8369065ba5?s=96&d=mm&r=g","contentUrl":"https:\/\/secure.gravatar.com\/avatar\/ecef9d1c9afe5ebdafadde8369065ba5?s=96&d=mm&r=g","caption":"Orlando Gonzalez"},"description":"H\u00e1 29 anos na cobertura do esporte de Maring\u00e1. Plant\u00e3o e narrador esportivo. Presta\u00e7\u00e3o de assessoria de imprensa esportiva, cobertura e transmiss\u00f5es ao vivo de eventos esportivos. E-mail: orlandogonzalez.assessoria@gmail.com WhatsApp: (44) 9 9126-6119","sameAs":["http:\/\/www.radiomaringa.com.br\/","https:\/\/www.facebook.com\/profile.php?id=100011095815065","https:\/\/www.instagram.com\/orlandomgonzalez\/","https:\/\/br.pinterest.com\/ogonzalez0530\/","https:\/\/x.com\/gonzalezorlando","https:\/\/www.youtube.com\/channel\/UCvFpl55btth8wjnKiSS1ibA","https:\/\/radiomaringaweb.tumblr.com\/"],"url":"https:\/\/maringapost.com.br\/orlandogonzalez\/author\/orlando\/"}]}},"_links":{"self":[{"href":"https:\/\/maringapost.com.br\/orlandogonzalez\/wp-json\/wp\/v2\/posts\/55923"}],"collection":[{"href":"https:\/\/maringapost.com.br\/orlandogonzalez\/wp-json\/wp\/v2\/posts"}],"about":[{"href":"https:\/\/maringapost.com.br\/orlandogonzalez\/wp-json\/wp\/v2\/types\/post"}],"author":[{"embeddable":true,"href":"https:\/\/maringapost.com.br\/orlandogonzalez\/wp-json\/wp\/v2\/users\/6307"}],"replies":[{"embeddable":true,"href":"https:\/\/maringapost.com.br\/orlandogonzalez\/wp-json\/wp\/v2\/comments?post=55923"}],"version-history":[{"count":1,"href":"https:\/\/maringapost.com.br\/orlandogonzalez\/wp-json\/wp\/v2\/posts\/55923\/revisions"}],"predecessor-version":[{"id":55925,"href":"https:\/\/maringapost.com.br\/orlandogonzalez\/wp-json\/wp\/v2\/posts\/55923\/revisions\/55925"}],"wp:featuredmedia":[{"embeddable":true,"href":"https:\/\/maringapost.com.br\/orlandogonzalez\/wp-json\/wp\/v2\/media\/55924"}],"wp:attachment":[{"href":"https:\/\/maringapost.com.br\/orlandogonzalez\/wp-json\/wp\/v2\/media?parent=55923"}],"wp:term":[{"taxonomy":"category","embeddable":true,"href":"https:\/\/maringapost.com.br\/orlandogonzalez\/wp-json\/wp\/v2\/categories?post=55923"},{"taxonomy":"post_tag","embeddable":true,"href":"https:\/\/maringapost.com.br\/orlandogonzalez\/wp-json\/wp\/v2\/tags?post=55923"}],"curies":[{"name":"wp","href":"https:\/\/api.w.org\/{rel}","templated":true}]}}