{"id":55911,"date":"2022-10-12T11:22:55","date_gmt":"2022-10-12T14:22:55","guid":{"rendered":"https:\/\/maringapost.com.br\/orlandogonzalez\/?p=55911"},"modified":"2022-10-12T11:22:55","modified_gmt":"2022-10-12T14:22:55","slug":"maringa-turismo-nacional-encara-etapa-decisiva-em-londrina","status":"publish","type":"post","link":"https:\/\/maringapost.com.br\/orlandogonzalez\/2022\/10\/12\/maringa-turismo-nacional-encara-etapa-decisiva-em-londrina\/","title":{"rendered":"MARING\u00c1 &#8211; Turismo Nacional encara etapa decisiva em Londrina"},"content":{"rendered":"<p><span style=\"font-size: 24px\">A Turismo Nacional se prepara para a disputa de uma etapa decisiva neste fim de semana. Entre 14 e 16 de outubro, a categoria dos carros l\u00edderes de mercado acelera no Aut\u00f3dromo Internacional Ayrton Senna, em Londrina, no Norte do Paran\u00e1, em um dos palcos mais tradicionais do esporte a motor brasileiro. Ser\u00e1 a quinta etapa para as classes Super, Elite, A, B e S\u00eanior e terceira e quarta para os competidores da categoria TN PRO. Todas elas tendem a ter um cen\u00e1rio mais claro sobre quem vai definir o t\u00edtulo na etapa final do campeonato.<\/span><br \/>\n<span style=\"font-size: 24px\">A pista londrinense tem extens\u00e3o de 3.146 metros de extens\u00e3o, dez curvas e recebe frequentemente as principais categorias do automobilismo brasileiro. A Turismo Nacional promete encher o tra\u00e7ado com a previs\u00e3o de contar com quase 60 carros no fim de semana.<\/span><br \/>\n<span style=\"font-size: 24px\">Nove marcas estar\u00e3o representadas no grid: Chevrolet, Toyota, Volkswagen, Ford, Hyundai, Peugeot, Citro\u00ebn, Fiat e Nissan. E nada menos que 13 modelos v\u00e3o acelerar no Norte do Paran\u00e1: Chevrolet Onix, Toyota Yaris, Toyota Etios, Volkswagen Gol, Volkswagen UP!, Ford New Ka, Hyundai HB20, Peugeot 208, Fiat Mobi, Fiat Uno, Fiat Argo, Citro\u00ebn C3 e Nissan March.<\/span><\/p>\n<p><span style=\"font-size: 24px\">Tempos de decis\u00e3o \u2014\u00a0De acordo com o regulamento para todas as classes em disputa na Turismo Nacional, com exce\u00e7\u00e3o da TN PRO, na quinta etapa a pontua\u00e7\u00e3o em cada uma das corridas vale 50% a mais, de modo que \u00e9 poss\u00edvel para um piloto marcar at\u00e9 164,50 tentos neste pr\u00f3ximo fim de semana, j\u00e1 contando as bonifica\u00e7\u00f5es. De qualquer forma, o campeonato seguir\u00e1 aberto at\u00e9 a prova final, j\u00e1 que a etapa derradeira do campeonato tem pontua\u00e7\u00e3o dobrada, com um total de 210 pontos em jogo, mais as bonifica\u00e7\u00f5es por pole e voltas mais r\u00e1pidas.<\/span><br \/>\n<span style=\"font-size: 24px\">Na TN PRO, o sistema de pontua\u00e7\u00e3o \u00e9 diferente: neste fim de semana, ser\u00e3o\u00a082\u00a0tentos em jogo, sendo dois deles pela conquista da pole position. Ser\u00e3o descartadas as seis piores pontua\u00e7\u00f5es ao fim da pen\u00faltima etapa, em cen\u00e1rio que vai deixar de forma cristalina os postulantes ao t\u00edtulo da mais nova categoria da Turismo Nacional.<\/span><br \/>\n<span style=\"font-size: 24px\">Como est\u00e3o os campeonatos \u2014\u00a0A TN PRO tem como l\u00edder o goiano Mathias de Valle, que marcou at\u00e9 agora 181 pontos, contra 136 de Marcelo Ditripa e 108 de Juninho Berlanda e Augusto de Freitas. Atual campe\u00e3o da Super, Gustavo Magnabosco comanda a tabela da categoria e soma 329 pontos no total. Fausto de Lucca aparece em segundo, com 272 tentos, seguido por Gustavo Mascarenhas, com 252, e Wanderson Freitas, que tem 243.<\/span><br \/>\n<span style=\"font-size: 24px\">A categoria Elite tem Eduardo Pavelski no comando da tabela com 330 tentos, contra a dupla formada por Nilton Rossoni e Fabr\u00edcio Lan\u00e7oni, que acumula um total de 311 pontos. Davi Dal Pizzol vem em terceiro com 262, logo \u00e0 frente do filho, Gustavo Dal Pizzol, que tem 223. J\u00e1 na classe A, Henrique Basso segue l\u00edder do campeonato, com 307 pontos somados. Em seguida, aparecem as duplas Wyllian Cezarotto\/Natan Sperafico e Evandro Maldonado\/Roberto Bonato, que t\u00eam 265 e 224 tentos, respectivamente. Glauco Tavares aparece em quarto, com 205.<\/span><br \/>\n<span style=\"font-size: 24px\">Ricardo Raimundo segue dando o tom da categoria B. O piloto marcou 338 pontos at\u00e9 agora. Lorenzo Massaro \u00e9 o vice-l\u00edder do campeonato para a classe, com 277, e Faruk Ara\u00fajo \u00e9 o terceiro, com 253. A dupla formada por Dudu Moratelli e Thiago Guinzelli est\u00e1 a apenas dois pontos do top-3 da tabela. E na S\u00eanior, categoria destinada aos pilotos acima de 54 anos das classes A e B, Guto Baldo continua l\u00edder, com 326 pontos no total, \u00e0 frente de Luiz Cl\u00e1udio Reis (246), Andr\u00e9 Jacob (228) e Beto Pontes (225).<\/span><\/p>\n<p><span style=\"font-size: 24px\">Programa\u00e7\u00e3o e transmiss\u00e3o \u2014\u00a0O cronograma de um fim de semana cheio de velocidade em Londrina come\u00e7a na sexta-feira com a realiza\u00e7\u00e3o dos treinos livres. O s\u00e1bado contempla as sess\u00f5es classificat\u00f3rias e, ao longo do dia, ser\u00e3o disputadas nada menos que oito corridas.<\/span><br \/>\n<span style=\"font-size: 24px\">O domingo traz na programa\u00e7\u00e3o a visita\u00e7\u00e3o aos boxes, a partir de 12h, e mais oito corridas. A Turismo Nacional tem transmiss\u00e3o ao vivo pelas m\u00eddias oficiais da categoria (YouTube e Facebook).<\/span><\/p>\n<p><span style=\"font-size: 24px\">Turismo Nacional, etapa de Londrina, programa\u00e7\u00e3o<\/span><br \/>\n<span style=\"font-size: 24px\">Sexta-feira, 14 de outubro:<\/span><br \/>\n<span style=\"font-size: 24px\">09h00 \u2013 TN PRO \u2013 Shakedown<\/span><br \/>\n<span style=\"font-size: 24px\">09h30 \u2013 A e B \u2013 Shakedown<\/span><br \/>\n<span style=\"font-size: 24px\">10h00 \u2013 Super e Elite \u2013 Shakedown<\/span><br \/>\n<span style=\"font-size: 24px\">10h30 \u2013 TN PRO \u2013 Treino Livre 1<\/span><br \/>\n<span style=\"font-size: 24px\">11h10 \u2013 A e B \u2013 Treino Livre 1<\/span><br \/>\n<span style=\"font-size: 24px\">11h50 \u2013 Super e Elite \u2013 Treino Livre 1<\/span><br \/>\n<span style=\"font-size: 24px\">13h25 \u2013 TN PRO \u2013 Treino Livre 2<\/span><br \/>\n<span style=\"font-size: 24px\">14h10 \u2013 A e B \u2013 Treino Livre 2<\/span><br \/>\n<span style=\"font-size: 24px\">14h50 \u2013 Super e Elite \u2013 Treino Livre 2<\/span><br \/>\n<span style=\"font-size: 24px\">15h30 \u2013 TN PRO \u2013 Treino Livre 3<\/span><br \/>\n<span style=\"font-size: 24px\">16h10 \u2013 A e B \u2013 Treino Livre 3<\/span><br \/>\n<span style=\"font-size: 24px\">16h50 \u2013 Super e Elite \u2013 Treino Livre 3<\/span><\/p>\n<p><span style=\"font-size: 24px\">S\u00e1bado, 15 de outubro:<\/span><br \/>\n<span style=\"font-size: 24px\">08h00 \u2013 TN PRO \u2013 Shakedown<\/span><br \/>\n<span style=\"font-size: 24px\">08h20 \u2013 A e B \u2013 Shakedown<\/span><br \/>\n<span style=\"font-size: 24px\">08h40 \u2013 Super e Elite \u2013 Shakedown<\/span><br \/>\n<span style=\"font-size: 24px\">09h00 \u2013 TN PRO \u2013 Classifica\u00e7\u00e3o<\/span><br \/>\n<span style=\"font-size: 24px\">09h20 \u2013 A e B \u2013 Classifica\u00e7\u00e3o<\/span><br \/>\n<span style=\"font-size: 24px\">09h40 \u2013 Super e Elite \u2013 Classifica\u00e7\u00e3o<\/span><br \/>\n<span style=\"font-size: 24px\">10h20 \u2013 TN PRO \u2013 3\u00aa etapa &#8211; Corrida 1 (15 minutos + 1 volta)<\/span><br \/>\n<span style=\"font-size: 24px\">10h45 \u2013 TN PRO \u2013 3\u00aa etapa &#8211; Corrida 2 (15 minutos + 1 volta)<\/span><br \/>\n<span style=\"font-size: 24px\">11h35 \u2013 A e B \u2013 Corrida 1 (20 minutos)<\/span><br \/>\n<span style=\"font-size: 24px\">12h30 \u2013 Super e Elite \u2013 Corrida 1 (20 minutos)<\/span><br \/>\n<span style=\"font-size: 24px\">14h25 \u2013 TN PRO \u2013 3\u00aa etapa &#8211; Corrida 3 (15 minutos + 1 volta)<\/span><br \/>\n<span style=\"font-size: 24px\">14h50 \u2013 TN PRO \u2013 3\u00aa etapa &#8211; Corrida 4 (15 minutos + 1 volta)<\/span><br \/>\n<span style=\"font-size: 24px\">15h45 \u2013 A e B \u2013 Corrida 2 (20 minutos)<\/span><br \/>\n<span style=\"font-size: 24px\">16h40 \u2013 Super e Elite \u2013 Corrida 2 (20 minutos)<\/span><\/p>\n<p><span style=\"font-size: 24px\">Domingo, 16 de outubro:<\/span><br \/>\n<span style=\"font-size: 24px\">09h15 \u2013 TN PRO \u2013 4\u00aa etapa \u2013 Corrida 1 (15 minutos + 1 volta)<\/span><br \/>\n<span style=\"font-size: 24px\">09h40 \u2013 TN PRO \u2013 4\u00aa etapa \u2013 Corrida 2 (15 minutos + 1 volta)<\/span><br \/>\n<span style=\"font-size: 24px\">10h30 \u2013 A e B \u2013 Corrida 3 (20 minutos)<\/span><br \/>\n<span style=\"font-size: 24px\">11h25 \u2013 Super e Elite \u2013 Corrida 3 (20 minutos)<\/span><br \/>\n<span style=\"font-size: 24px\">12h00 \u2013 Visita\u00e7\u00e3o aos boxes<\/span><br \/>\n<span style=\"font-size: 24px\">13h25 \u2013 TN PRO \u2013 4\u00aa etapa \u2013 Corrida 3 (15 minutos + 1 volta)<\/span><br \/>\n<span style=\"font-size: 24px\">13h50 \u2013 TN PRO \u2013 4\u00aa etapa \u2013 Corrida 4 (15 minutos + 1 volta)<\/span><br \/>\n<span style=\"font-size: 24px\">14h45 \u2013 A e B \u2013 Corrida 4 (20 minutos)<\/span><br \/>\n<span style=\"font-size: 24px\">15h45 \u2013 Super e Elite \u2013 Corrida 4 (20 minutos)<\/span><\/p>\n<p><span style=\"font-size: 24px\">(Texto: Assessoria. Foto:\u00a0<span style=\"text-align: center\">Cleocinei Zonta\/F\u00e1bio Leal)<\/span><\/span><\/p>\n","protected":false},"excerpt":{"rendered":"<p>A Turismo Nacional se prepara para a disputa de uma etapa decisiva neste fim de semana. Entre 14 e 16 de outubro, a categoria dos carros l\u00edderes de mercado acelera no Aut\u00f3dromo Internacional Ayrton Senna, em Londrina, no Norte do Paran\u00e1, em um dos palcos mais tradicionais do esporte a motor brasileiro. Ser\u00e1 a quinta [&hellip;]<\/p>\n","protected":false},"author":6307,"featured_media":55912,"comment_status":"open","ping_status":"open","sticky":false,"template":"","format":"standard","meta":{"_exactmetrics_skip_tracking":false,"_exactmetrics_sitenote_active":false,"_exactmetrics_sitenote_note":"","_exactmetrics_sitenote_category":0,"footnotes":""},"categories":[1267],"tags":[8910],"yoast_head":"<!-- This site is optimized with the Yoast SEO Premium plugin v22.7 (Yoast SEO v22.7) - https:\/\/yoast.com\/wordpress\/plugins\/seo\/ -->\n<title>MARING\u00c1 - Turismo Nacional encara etapa decisiva em Londrina - Orlando Gonzalez<\/title>\n<meta name=\"robots\" content=\"index, follow, max-snippet:-1, max-image-preview:large, max-video-preview:-1\" \/>\n<link rel=\"canonical\" href=\"https:\/\/maringapost.com.br\/orlandogonzalez\/2022\/10\/12\/maringa-turismo-nacional-encara-etapa-decisiva-em-londrina\/\" \/>\n<meta property=\"og:locale\" content=\"pt_BR\" \/>\n<meta property=\"og:type\" content=\"article\" \/>\n<meta property=\"og:title\" content=\"MARING\u00c1 - Turismo Nacional encara etapa decisiva em Londrina\" \/>\n<meta property=\"og:description\" content=\"A Turismo Nacional se prepara para a disputa de uma etapa decisiva neste fim de semana. Entre 14 e 16 de outubro, a categoria dos carros l\u00edderes de mercado acelera no Aut\u00f3dromo Internacional Ayrton Senna, em Londrina, no Norte do Paran\u00e1, em um dos palcos mais tradicionais do esporte a motor brasileiro. Ser\u00e1 a quinta [&hellip;]\" \/>\n<meta property=\"og:url\" content=\"https:\/\/maringapost.com.br\/orlandogonzalez\/2022\/10\/12\/maringa-turismo-nacional-encara-etapa-decisiva-em-londrina\/\" \/>\n<meta property=\"og:site_name\" content=\"Orlando Gonzalez\" \/>\n<meta property=\"article:author\" content=\"https:\/\/www.facebook.com\/profile.php?id=100011095815065\" \/>\n<meta property=\"article:published_time\" content=\"2022-10-12T14:22:55+00:00\" \/>\n<meta property=\"og:image\" content=\"https:\/\/maringapost.com.br\/orlandogonzalez\/wp-content\/uploads\/sites\/17\/2022\/10\/414240_1035481_rally0334_web_-1.jpg\" \/>\n\t<meta property=\"og:image:width\" content=\"600\" \/>\n\t<meta property=\"og:image:height\" content=\"391\" \/>\n\t<meta property=\"og:image:type\" content=\"image\/jpeg\" \/>\n<meta name=\"author\" content=\"Orlando Gonzalez\" \/>\n<meta name=\"twitter:card\" content=\"summary_large_image\" \/>\n<meta name=\"twitter:creator\" content=\"@gonzalezorlando\" \/>\n<meta name=\"twitter:label1\" content=\"Escrito por\" \/>\n\t<meta name=\"twitter:data1\" content=\"\" \/>\n\t<meta name=\"twitter:label2\" content=\"Est. tempo de leitura\" \/>\n\t<meta name=\"twitter:data2\" content=\"6 minutos\" \/>\n<script type=\"application\/ld+json\" class=\"yoast-schema-graph\">{\"@context\":\"https:\/\/schema.org\",\"@graph\":[{\"@type\":\"WebPage\",\"@id\":\"https:\/\/maringapost.com.br\/orlandogonzalez\/2022\/10\/12\/maringa-turismo-nacional-encara-etapa-decisiva-em-londrina\/\",\"url\":\"https:\/\/maringapost.com.br\/orlandogonzalez\/2022\/10\/12\/maringa-turismo-nacional-encara-etapa-decisiva-em-londrina\/\",\"name\":\"MARING\u00c1 - Turismo Nacional encara etapa decisiva em Londrina - Orlando Gonzalez\",\"isPartOf\":{\"@id\":\"https:\/\/maringapost.com.br\/orlandogonzalez\/#website\"},\"primaryImageOfPage\":{\"@id\":\"https:\/\/maringapost.com.br\/orlandogonzalez\/2022\/10\/12\/maringa-turismo-nacional-encara-etapa-decisiva-em-londrina\/#primaryimage\"},\"image\":{\"@id\":\"https:\/\/maringapost.com.br\/orlandogonzalez\/2022\/10\/12\/maringa-turismo-nacional-encara-etapa-decisiva-em-londrina\/#primaryimage\"},\"thumbnailUrl\":\"https:\/\/maringapost.com.br\/orlandogonzalez\/wp-content\/uploads\/sites\/17\/2022\/10\/414240_1035481_rally0334_web_-1.jpg\",\"datePublished\":\"2022-10-12T14:22:55+00:00\",\"dateModified\":\"2022-10-12T14:22:55+00:00\",\"author\":{\"@id\":\"https:\/\/maringapost.com.br\/orlandogonzalez\/#\/schema\/person\/5cbe6257d08edea6afc9ebaa613b0633\"},\"inLanguage\":\"pt-BR\",\"potentialAction\":[{\"@type\":\"ReadAction\",\"target\":[\"https:\/\/maringapost.com.br\/orlandogonzalez\/2022\/10\/12\/maringa-turismo-nacional-encara-etapa-decisiva-em-londrina\/\"]}]},{\"@type\":\"ImageObject\",\"inLanguage\":\"pt-BR\",\"@id\":\"https:\/\/maringapost.com.br\/orlandogonzalez\/2022\/10\/12\/maringa-turismo-nacional-encara-etapa-decisiva-em-londrina\/#primaryimage\",\"url\":\"https:\/\/maringapost.com.br\/orlandogonzalez\/wp-content\/uploads\/sites\/17\/2022\/10\/414240_1035481_rally0334_web_-1.jpg\",\"contentUrl\":\"https:\/\/maringapost.com.br\/orlandogonzalez\/wp-content\/uploads\/sites\/17\/2022\/10\/414240_1035481_rally0334_web_-1.jpg\",\"width\":600,\"height\":391},{\"@type\":\"WebSite\",\"@id\":\"https:\/\/maringapost.com.br\/orlandogonzalez\/#website\",\"url\":\"https:\/\/maringapost.com.br\/orlandogonzalez\/\",\"name\":\"Orlando Gonzalez\",\"description\":\"Destaca o esporte de Maring\u00e1! Destaca o esporte do Paran\u00e1! Destaca o esporte do Brasil!\",\"potentialAction\":[{\"@type\":\"SearchAction\",\"target\":{\"@type\":\"EntryPoint\",\"urlTemplate\":\"https:\/\/maringapost.com.br\/orlandogonzalez\/?s={search_term_string}\"},\"query-input\":\"required name=search_term_string\"}],\"inLanguage\":\"pt-BR\"},{\"@type\":\"Person\",\"@id\":\"https:\/\/maringapost.com.br\/orlandogonzalez\/#\/schema\/person\/5cbe6257d08edea6afc9ebaa613b0633\",\"name\":\"Orlando Gonzalez\",\"image\":{\"@type\":\"ImageObject\",\"inLanguage\":\"pt-BR\",\"@id\":\"https:\/\/maringapost.com.br\/orlandogonzalez\/#\/schema\/person\/image\/\",\"url\":\"https:\/\/secure.gravatar.com\/avatar\/ecef9d1c9afe5ebdafadde8369065ba5?s=96&d=mm&r=g\",\"contentUrl\":\"https:\/\/secure.gravatar.com\/avatar\/ecef9d1c9afe5ebdafadde8369065ba5?s=96&d=mm&r=g\",\"caption\":\"Orlando Gonzalez\"},\"description\":\"H\u00e1 29 anos na cobertura do esporte de Maring\u00e1. Plant\u00e3o e narrador esportivo. Presta\u00e7\u00e3o de assessoria de imprensa esportiva, cobertura e transmiss\u00f5es ao vivo de eventos esportivos. E-mail: orlandogonzalez.assessoria@gmail.com WhatsApp: (44) 9 9126-6119\",\"sameAs\":[\"http:\/\/www.radiomaringa.com.br\/\",\"https:\/\/www.facebook.com\/profile.php?id=100011095815065\",\"https:\/\/www.instagram.com\/orlandomgonzalez\/\",\"https:\/\/br.pinterest.com\/ogonzalez0530\/\",\"https:\/\/x.com\/gonzalezorlando\",\"https:\/\/www.youtube.com\/channel\/UCvFpl55btth8wjnKiSS1ibA\",\"https:\/\/radiomaringaweb.tumblr.com\/\"],\"url\":\"https:\/\/maringapost.com.br\/orlandogonzalez\/author\/orlando\/\"}]}<\/script>\n<!-- \/ Yoast SEO Premium plugin. -->","yoast_head_json":{"title":"MARING\u00c1 - Turismo Nacional encara etapa decisiva em Londrina - Orlando Gonzalez","robots":{"index":"index","follow":"follow","max-snippet":"max-snippet:-1","max-image-preview":"max-image-preview:large","max-video-preview":"max-video-preview:-1"},"canonical":"https:\/\/maringapost.com.br\/orlandogonzalez\/2022\/10\/12\/maringa-turismo-nacional-encara-etapa-decisiva-em-londrina\/","og_locale":"pt_BR","og_type":"article","og_title":"MARING\u00c1 - Turismo Nacional encara etapa decisiva em Londrina","og_description":"A Turismo Nacional se prepara para a disputa de uma etapa decisiva neste fim de semana. Entre 14 e 16 de outubro, a categoria dos carros l\u00edderes de mercado acelera no Aut\u00f3dromo Internacional Ayrton Senna, em Londrina, no Norte do Paran\u00e1, em um dos palcos mais tradicionais do esporte a motor brasileiro. Ser\u00e1 a quinta [&hellip;]","og_url":"https:\/\/maringapost.com.br\/orlandogonzalez\/2022\/10\/12\/maringa-turismo-nacional-encara-etapa-decisiva-em-londrina\/","og_site_name":"Orlando Gonzalez","article_author":"https:\/\/www.facebook.com\/profile.php?id=100011095815065","article_published_time":"2022-10-12T14:22:55+00:00","og_image":[{"width":600,"height":391,"url":"https:\/\/maringapost.com.br\/orlandogonzalez\/wp-content\/uploads\/sites\/17\/2022\/10\/414240_1035481_rally0334_web_-1.jpg","type":"image\/jpeg"}],"author":"Orlando Gonzalez","twitter_card":"summary_large_image","twitter_creator":"@gonzalezorlando","twitter_misc":{"Escrito por":false,"Est. tempo de leitura":"6 minutos"},"schema":{"@context":"https:\/\/schema.org","@graph":[{"@type":"WebPage","@id":"https:\/\/maringapost.com.br\/orlandogonzalez\/2022\/10\/12\/maringa-turismo-nacional-encara-etapa-decisiva-em-londrina\/","url":"https:\/\/maringapost.com.br\/orlandogonzalez\/2022\/10\/12\/maringa-turismo-nacional-encara-etapa-decisiva-em-londrina\/","name":"MARING\u00c1 - Turismo Nacional encara etapa decisiva em Londrina - Orlando Gonzalez","isPartOf":{"@id":"https:\/\/maringapost.com.br\/orlandogonzalez\/#website"},"primaryImageOfPage":{"@id":"https:\/\/maringapost.com.br\/orlandogonzalez\/2022\/10\/12\/maringa-turismo-nacional-encara-etapa-decisiva-em-londrina\/#primaryimage"},"image":{"@id":"https:\/\/maringapost.com.br\/orlandogonzalez\/2022\/10\/12\/maringa-turismo-nacional-encara-etapa-decisiva-em-londrina\/#primaryimage"},"thumbnailUrl":"https:\/\/maringapost.com.br\/orlandogonzalez\/wp-content\/uploads\/sites\/17\/2022\/10\/414240_1035481_rally0334_web_-1.jpg","datePublished":"2022-10-12T14:22:55+00:00","dateModified":"2022-10-12T14:22:55+00:00","author":{"@id":"https:\/\/maringapost.com.br\/orlandogonzalez\/#\/schema\/person\/5cbe6257d08edea6afc9ebaa613b0633"},"inLanguage":"pt-BR","potentialAction":[{"@type":"ReadAction","target":["https:\/\/maringapost.com.br\/orlandogonzalez\/2022\/10\/12\/maringa-turismo-nacional-encara-etapa-decisiva-em-londrina\/"]}]},{"@type":"ImageObject","inLanguage":"pt-BR","@id":"https:\/\/maringapost.com.br\/orlandogonzalez\/2022\/10\/12\/maringa-turismo-nacional-encara-etapa-decisiva-em-londrina\/#primaryimage","url":"https:\/\/maringapost.com.br\/orlandogonzalez\/wp-content\/uploads\/sites\/17\/2022\/10\/414240_1035481_rally0334_web_-1.jpg","contentUrl":"https:\/\/maringapost.com.br\/orlandogonzalez\/wp-content\/uploads\/sites\/17\/2022\/10\/414240_1035481_rally0334_web_-1.jpg","width":600,"height":391},{"@type":"WebSite","@id":"https:\/\/maringapost.com.br\/orlandogonzalez\/#website","url":"https:\/\/maringapost.com.br\/orlandogonzalez\/","name":"Orlando Gonzalez","description":"Destaca o esporte de Maring\u00e1! Destaca o esporte do Paran\u00e1! Destaca o esporte do Brasil!","potentialAction":[{"@type":"SearchAction","target":{"@type":"EntryPoint","urlTemplate":"https:\/\/maringapost.com.br\/orlandogonzalez\/?s={search_term_string}"},"query-input":"required name=search_term_string"}],"inLanguage":"pt-BR"},{"@type":"Person","@id":"https:\/\/maringapost.com.br\/orlandogonzalez\/#\/schema\/person\/5cbe6257d08edea6afc9ebaa613b0633","name":"Orlando Gonzalez","image":{"@type":"ImageObject","inLanguage":"pt-BR","@id":"https:\/\/maringapost.com.br\/orlandogonzalez\/#\/schema\/person\/image\/","url":"https:\/\/secure.gravatar.com\/avatar\/ecef9d1c9afe5ebdafadde8369065ba5?s=96&d=mm&r=g","contentUrl":"https:\/\/secure.gravatar.com\/avatar\/ecef9d1c9afe5ebdafadde8369065ba5?s=96&d=mm&r=g","caption":"Orlando Gonzalez"},"description":"H\u00e1 29 anos na cobertura do esporte de Maring\u00e1. Plant\u00e3o e narrador esportivo. Presta\u00e7\u00e3o de assessoria de imprensa esportiva, cobertura e transmiss\u00f5es ao vivo de eventos esportivos. E-mail: orlandogonzalez.assessoria@gmail.com WhatsApp: (44) 9 9126-6119","sameAs":["http:\/\/www.radiomaringa.com.br\/","https:\/\/www.facebook.com\/profile.php?id=100011095815065","https:\/\/www.instagram.com\/orlandomgonzalez\/","https:\/\/br.pinterest.com\/ogonzalez0530\/","https:\/\/x.com\/gonzalezorlando","https:\/\/www.youtube.com\/channel\/UCvFpl55btth8wjnKiSS1ibA","https:\/\/radiomaringaweb.tumblr.com\/"],"url":"https:\/\/maringapost.com.br\/orlandogonzalez\/author\/orlando\/"}]}},"_links":{"self":[{"href":"https:\/\/maringapost.com.br\/orlandogonzalez\/wp-json\/wp\/v2\/posts\/55911"}],"collection":[{"href":"https:\/\/maringapost.com.br\/orlandogonzalez\/wp-json\/wp\/v2\/posts"}],"about":[{"href":"https:\/\/maringapost.com.br\/orlandogonzalez\/wp-json\/wp\/v2\/types\/post"}],"author":[{"embeddable":true,"href":"https:\/\/maringapost.com.br\/orlandogonzalez\/wp-json\/wp\/v2\/users\/6307"}],"replies":[{"embeddable":true,"href":"https:\/\/maringapost.com.br\/orlandogonzalez\/wp-json\/wp\/v2\/comments?post=55911"}],"version-history":[{"count":1,"href":"https:\/\/maringapost.com.br\/orlandogonzalez\/wp-json\/wp\/v2\/posts\/55911\/revisions"}],"predecessor-version":[{"id":55913,"href":"https:\/\/maringapost.com.br\/orlandogonzalez\/wp-json\/wp\/v2\/posts\/55911\/revisions\/55913"}],"wp:featuredmedia":[{"embeddable":true,"href":"https:\/\/maringapost.com.br\/orlandogonzalez\/wp-json\/wp\/v2\/media\/55912"}],"wp:attachment":[{"href":"https:\/\/maringapost.com.br\/orlandogonzalez\/wp-json\/wp\/v2\/media?parent=55911"}],"wp:term":[{"taxonomy":"category","embeddable":true,"href":"https:\/\/maringapost.com.br\/orlandogonzalez\/wp-json\/wp\/v2\/categories?post=55911"},{"taxonomy":"post_tag","embeddable":true,"href":"https:\/\/maringapost.com.br\/orlandogonzalez\/wp-json\/wp\/v2\/tags?post=55911"}],"curies":[{"name":"wp","href":"https:\/\/api.w.org\/{rel}","templated":true}]}}