{"id":55795,"date":"2022-10-04T08:35:26","date_gmt":"2022-10-04T11:35:26","guid":{"rendered":"https:\/\/maringapost.com.br\/orlandogonzalez\/?p=55795"},"modified":"2022-10-04T08:35:26","modified_gmt":"2022-10-04T11:35:26","slug":"maringa-parque-do-peao-volta-a-ser-palco-do-rally-barretos","status":"publish","type":"post","link":"https:\/\/maringapost.com.br\/orlandogonzalez\/2022\/10\/04\/maringa-parque-do-peao-volta-a-ser-palco-do-rally-barretos\/","title":{"rendered":"MARING\u00c1 &#8211; Parque do Pe\u00e3o volta a ser palco do Rally Barretos"},"content":{"rendered":"<p style=\"line-height: inherit;color: #555555;font-family: 'Trebuchet MS', Verdana, Geneva, sans-serif;text-align: justify\"><span style=\"font-size: 24px\">Est\u00e1 chegando a hora do 12\u00ba Rally Barretos. Entre os dias 07 e 09 de outubro, carros, motos, quadriciclos e UTVs v\u00e3o acelerar por estradas de terra pelas fazendas da regi\u00e3o da cidade de Barretos (SP), conhecida mundialmente pela Festa do Pe\u00e3o. O tradicional evento re\u00fane anualmente (no m\u00eas de agosto), centenas de milhares de pessoas para uma programa\u00e7\u00e3o de rodeios, shows, exposi\u00e7\u00f5es e a famosa queima do alho.\u00a0<\/span><\/p>\n<p style=\"line-height: inherit;color: #555555;font-family: 'Trebuchet MS', Verdana, Geneva, sans-serif;text-align: justify\"><span style=\"font-size: 24px\">E os pilotos e navegadores da prova v\u00e1lida pelos campeonatos Brasileiro de Rally Cross-Country (CBA) e Rally Baja (CBM) v\u00e3o experimentar muito desse ambiente festivo. Afinal, o Parque do Pe\u00e3o volta a ser a base da disputa, recebendo a \u00e1rea de apoio mec\u00e2nico com a estrutura das equipes, as vistorias t\u00e9cnicas e administrativas e a premia\u00e7\u00e3o dos vencedores. O que foi poss\u00edvel gra\u00e7as ao apoio do clube Os Independentes, respons\u00e1vel pela organiza\u00e7\u00e3o da Festa do Pe\u00e3o.\u00a0<\/span><\/p>\n<p style=\"line-height: inherit;color: #555555;font-family: 'Trebuchet MS', Verdana, Geneva, sans-serif;text-align: justify\"><span style=\"font-size: 24px\">Trata-se de uma estrutura com 2 milh\u00f5es de metros quadrados de \u00e1rea total, o que faz do Parque o maior complexo de eventos do pa\u00eds. Entre os destaques est\u00e1 a arena projetada por Oscar Niemeyer para receber as competi\u00e7\u00f5es em que os pe\u00f5es mostram toda a sua habilidade sobre touros e cavalos, com capacidade para 35 mil pessoas sentadas. H\u00e1 ainda um museu hist\u00f3rico e folcl\u00f3rico; o centro de lazer e eventos Berrant\u00e3o; ranchos, lojas e postos de atendimento m\u00e9dico e odontol\u00f3gico.\u00a0<\/span><\/p>\n<p style=\"line-height: inherit;color: #555555;font-family: 'Trebuchet MS', Verdana, Geneva, sans-serif;text-align: justify\"><span style=\"font-size: 24px\">O presidente do Os Independentes, Jer\u00f4nimo Luiz Muzetti (o Jerominho) destaca a oportunidade de acolher o Rally Barretos.\u00a0<em style=\"line-height: inherit\">&#8220;\u00c9 um acontecimento extremamente relevante no setor e temos orgulho de receb\u00ea-lo na estrutura do Parque do Pe\u00e3o. Nosso objetivo sempre foi manter o complexo ativo durante o ano todo, movimentando a cidade e trazendo atra\u00e7\u00f5es de qualidade. O retorno do Rally Barretos \u00e9 motivo de comemora\u00e7\u00e3o para Os Independentes e todos os envolvidos&#8221;<\/em>, afirmou.\u00a0<\/span><\/p>\n<p style=\"line-height: inherit;color: #555555;font-family: 'Trebuchet MS', Verdana, Geneva, sans-serif;text-align: justify\"><span style=\"font-size: 24px\">Na outra ponta, o diretor geral da Rallymakers, Fernando Bentivoglio, agradece a acolhida.\u00a0<em style=\"line-height: inherit\">\u201cSomos gratos ao Os Independentes por poder desfrutar mais uma vez deste espa\u00e7o fant\u00e1stico e torn\u00e1-lo parte do Rally Barretos. A Festa do Pe\u00e3o eleva o nome da cidade e, nada mais justo, que destac\u00e1-la tamb\u00e9m no cen\u00e1rio do automobilismo e do motociclismo. Chegamos \u00e0 12\u00aa edi\u00e7\u00e3o da nossa prova, e \u00e9 muito bom saber que ela tamb\u00e9m se tornou um marco importante para o munic\u00edpio&#8221;<\/em>, destaca Bentivoglio.<\/span><\/p>\n<p style=\"line-height: inherit;color: #555555;font-family: 'Trebuchet MS', Verdana, Geneva, sans-serif;text-align: justify\"><span style=\"font-size: 24px\">O percurso do Rally Barretos 2022 ter\u00e1 cerca de 390 quil\u00f4metros cronometrados para os carros e 260 para motos, quads e UTVs, divididos entre o s\u00e1bado (07) e o domingo (08). As inscri\u00e7\u00f5es para a disputa podem ser feitas pelo site\u00a0<a style=\"line-height: inherit;color: #1155cc\" href=\"https:\/\/click.presskit.com.br\/url\/9015247d2e\/48373406e41\" target=\"_blank\" rel=\"noopener noreferrer\" data-saferedirecturl=\"https:\/\/www.google.com\/url?q=https:\/\/click.presskit.com.br\/url\/9015247d2e\/48373406e41&amp;source=gmail&amp;ust=1664968574709000&amp;usg=AOvVaw29Nej19mtO75YlShevk-ib\">www.rallymakers.com.br<\/a>.<\/span><\/p>\n<p style=\"line-height: inherit;color: #555555;font-family: 'Trebuchet MS', Verdana, Geneva, sans-serif;text-align: justify\"><span style=\"font-size: 24px\">\u00a0<\/span><\/p>\n<p style=\"line-height: inherit;color: #555555;font-family: 'Trebuchet MS', Verdana, Geneva, sans-serif;text-align: justify\"><span style=\"font-size: 24px\"><strong style=\"line-height: inherit\">Programa\u00e7\u00e3o \u2013 12\u00ba Rally Barretos<\/strong><\/span><\/p>\n<p style=\"line-height: inherit;color: #555555;font-family: 'Trebuchet MS', Verdana, Geneva, sans-serif;text-align: justify\"><span style=\"font-size: 24px\">\u00a0<\/span><\/p>\n<p style=\"line-height: inherit;color: #555555;font-family: 'Trebuchet MS', Verdana, Geneva, sans-serif;text-align: justify\"><span style=\"font-size: 24px\"><strong style=\"line-height: inherit\">06 de outubro \u2013 quinta-feira<\/strong><\/span><\/p>\n<p style=\"line-height: inherit;color: #555555;font-family: 'Trebuchet MS', Verdana, Geneva, sans-serif;text-align: justify\"><span style=\"font-size: 24px\"><strong style=\"line-height: inherit\">12h &#8211;<\/strong>\u00a0Abertura do Parque de Apoio para montagem de boxes<\/span><\/p>\n<p style=\"line-height: inherit;color: #555555;font-family: 'Trebuchet MS', Verdana, Geneva, sans-serif;text-align: justify\"><span style=\"font-size: 24px\">\u00a0<\/span><\/p>\n<p style=\"line-height: inherit;color: #555555;font-family: 'Trebuchet MS', Verdana, Geneva, sans-serif;text-align: justify\"><span style=\"font-size: 24px\"><strong style=\"line-height: inherit\">07 de outubro \u2013 sexta-feira\u00a0<\/strong><\/span><\/p>\n<p style=\"line-height: inherit;color: #555555;font-family: 'Trebuchet MS', Verdana, Geneva, sans-serif;text-align: justify\"><span style=\"font-size: 24px\"><strong style=\"line-height: inherit\">9h30 &#8211;<\/strong>\u00a0abertura de secretaria &#8211; instala\u00e7\u00e3o Stella<\/span><\/p>\n<p style=\"line-height: inherit;color: #555555;font-family: 'Trebuchet MS', Verdana, Geneva, sans-serif;text-align: justify\"><span style=\"font-size: 24px\"><strong style=\"line-height: inherit\">13h \u00e0s 17h30 &#8211;<\/strong>\u00a0vistorias t\u00e9cnicas CBM<\/span><\/p>\n<p style=\"line-height: inherit;color: #555555;font-family: 'Trebuchet MS', Verdana, Geneva, sans-serif;text-align: justify\"><span style=\"font-size: 24px\"><strong style=\"line-height: inherit\">13h \u00e0s 18h &#8211;<\/strong>\u00a0vistorias t\u00e9cnicas CBA<\/span><\/p>\n<p style=\"line-height: inherit;color: #555555;font-family: 'Trebuchet MS', Verdana, Geneva, sans-serif;text-align: justify\"><span style=\"font-size: 24px\"><strong style=\"line-height: inherit\">15h \u00e0s 17h30 &#8211;<\/strong>\u00a0reconhecimento do pr\u00f3logo para UTVs(a p\u00e9 ou bicicleta)<\/span><\/p>\n<p style=\"line-height: inherit;color: #555555;font-family: 'Trebuchet MS', Verdana, Geneva, sans-serif;text-align: justify\"><span style=\"font-size: 24px\"><strong style=\"line-height: inherit\">18h30 &#8211;<\/strong>\u00a0fechamento da secretaria<\/span><\/p>\n<p style=\"line-height: inherit;color: #555555;font-family: 'Trebuchet MS', Verdana, Geneva, sans-serif;text-align: justify\"><span style=\"font-size: 24px\"><strong style=\"line-height: inherit\">19h &#8211;<\/strong>\u00a0Briefing Geral<\/span><\/p>\n<p style=\"line-height: inherit;color: #555555;font-family: 'Trebuchet MS', Verdana, Geneva, sans-serif;text-align: justify\"><span style=\"font-size: 24px\">\u00a0<\/span><\/p>\n<p style=\"line-height: inherit;color: #555555;font-family: 'Trebuchet MS', Verdana, Geneva, sans-serif;text-align: justify\"><span style=\"font-size: 24px\"><strong style=\"line-height: inherit\">08 de outubro \u2013 s\u00e1bado\u00a0<\/strong><\/span><\/p>\n<p style=\"line-height: inherit;color: #555555;font-family: 'Trebuchet MS', Verdana, Geneva, sans-serif;text-align: justify\"><span style=\"font-size: 24px\"><strong style=\"line-height: inherit\">8h &#8211;<\/strong>\u00a0Previs\u00e3o de largada do primeiro carro na primeira Especial<\/span><\/p>\n<p style=\"line-height: inherit;color: #555555;font-family: 'Trebuchet MS', Verdana, Geneva, sans-serif;text-align: justify\"><span style=\"font-size: 24px\"><strong style=\"line-height: inherit\">8h &#8211;<\/strong>\u00a0Pr\u00f3logo dos UTVs em circuito<\/span><\/p>\n<p style=\"line-height: inherit;color: #555555;font-family: 'Trebuchet MS', Verdana, Geneva, sans-serif;text-align: justify\"><span style=\"font-size: 24px\"><strong style=\"line-height: inherit\">9h20 &#8211;<\/strong>\u00a0Largada Motos na Especial (130 km)*<\/span><\/p>\n<p style=\"line-height: inherit;color: #555555;font-family: 'Trebuchet MS', Verdana, Geneva, sans-serif;text-align: justify\"><span style=\"font-size: 24px\"><strong style=\"line-height: inherit\">10h30 &#8211;<\/strong>\u00a0Largada UTVs na Especial (130 km)*<\/span><\/p>\n<p style=\"line-height: inherit;color: #555555;font-family: 'Trebuchet MS', Verdana, Geneva, sans-serif;text-align: justify\"><span style=\"font-size: 24px\"><strong style=\"line-height: inherit\">13h &#8211;<\/strong>\u00a0Previs\u00e3o de largada do primeiro carro na segunda Especial<\/span><\/p>\n<p style=\"line-height: inherit;color: #555555;font-family: 'Trebuchet MS', Verdana, Geneva, sans-serif;text-align: justify\"><span style=\"font-size: 24px\"><strong style=\"line-height: inherit\">15h &#8211;<\/strong>\u00a0Super Prime CBM<\/span><\/p>\n<p style=\"line-height: inherit;color: #555555;font-family: 'Trebuchet MS', Verdana, Geneva, sans-serif;text-align: justify\"><span style=\"font-size: 24px\">\u00a0<\/span><\/p>\n<p style=\"line-height: inherit;color: #555555;font-family: 'Trebuchet MS', Verdana, Geneva, sans-serif;text-align: justify\"><span style=\"font-size: 24px\"><strong style=\"line-height: inherit\">09 de outubro \u2013 domingo\u00a0<\/strong><\/span><\/p>\n<p style=\"line-height: inherit;color: #555555;font-family: 'Trebuchet MS', Verdana, Geneva, sans-serif;text-align: justify\"><span style=\"font-size: 24px\"><strong style=\"line-height: inherit\">8h &#8211;<\/strong>\u00a0Largada primeira moto na Especial (130 km)*<\/span><\/p>\n<p style=\"line-height: inherit;color: #555555;font-family: 'Trebuchet MS', Verdana, Geneva, sans-serif;text-align: justify\"><span style=\"font-size: 24px\"><strong style=\"line-height: inherit\">15h &#8211;<\/strong>\u00a0Cerimonial de encerramento e premia\u00e7\u00e3o<\/span><\/p>\n<p style=\"line-height: inherit;color: #555555;font-family: 'Trebuchet MS', Verdana, Geneva, sans-serif;text-align: justify\"><span style=\"font-size: 24px\">(Texto: Assessoria. Foto:<span style=\"text-align: center\">Alessandro Couto\/DFOTOS)<\/span><\/span><\/p>\n","protected":false},"excerpt":{"rendered":"<p>Est\u00e1 chegando a hora do 12\u00ba Rally Barretos. Entre os dias 07 e 09 de outubro, carros, motos, quadriciclos e UTVs v\u00e3o acelerar por estradas de terra pelas fazendas da regi\u00e3o da cidade de Barretos (SP), conhecida mundialmente pela Festa do Pe\u00e3o. O tradicional evento re\u00fane anualmente (no m\u00eas de agosto), centenas de milhares de [&hellip;]<\/p>\n","protected":false},"author":6307,"featured_media":55796,"comment_status":"open","ping_status":"open","sticky":false,"template":"","format":"standard","meta":{"_exactmetrics_skip_tracking":false,"_exactmetrics_sitenote_active":false,"_exactmetrics_sitenote_note":"","_exactmetrics_sitenote_category":0,"footnotes":""},"categories":[1267],"tags":[8910],"yoast_head":"<!-- This site is optimized with the Yoast SEO Premium plugin v22.7 (Yoast SEO v22.7) - https:\/\/yoast.com\/wordpress\/plugins\/seo\/ -->\n<title>MARING\u00c1 - Parque do Pe\u00e3o volta a ser palco do Rally Barretos - Orlando Gonzalez<\/title>\n<meta name=\"robots\" content=\"index, follow, max-snippet:-1, max-image-preview:large, max-video-preview:-1\" \/>\n<link rel=\"canonical\" href=\"https:\/\/maringapost.com.br\/orlandogonzalez\/2022\/10\/04\/maringa-parque-do-peao-volta-a-ser-palco-do-rally-barretos\/\" \/>\n<meta property=\"og:locale\" content=\"pt_BR\" \/>\n<meta property=\"og:type\" content=\"article\" \/>\n<meta property=\"og:title\" content=\"MARING\u00c1 - Parque do Pe\u00e3o volta a ser palco do Rally Barretos\" \/>\n<meta property=\"og:description\" content=\"Est\u00e1 chegando a hora do 12\u00ba Rally Barretos. Entre os dias 07 e 09 de outubro, carros, motos, quadriciclos e UTVs v\u00e3o acelerar por estradas de terra pelas fazendas da regi\u00e3o da cidade de Barretos (SP), conhecida mundialmente pela Festa do Pe\u00e3o. O tradicional evento re\u00fane anualmente (no m\u00eas de agosto), centenas de milhares de [&hellip;]\" \/>\n<meta property=\"og:url\" content=\"https:\/\/maringapost.com.br\/orlandogonzalez\/2022\/10\/04\/maringa-parque-do-peao-volta-a-ser-palco-do-rally-barretos\/\" \/>\n<meta property=\"og:site_name\" content=\"Orlando Gonzalez\" \/>\n<meta property=\"article:author\" content=\"https:\/\/www.facebook.com\/profile.php?id=100011095815065\" \/>\n<meta property=\"article:published_time\" content=\"2022-10-04T11:35:26+00:00\" \/>\n<meta property=\"og:image\" content=\"https:\/\/maringapost.com.br\/orlandogonzalez\/wp-content\/uploads\/sites\/17\/2022\/10\/413815_1034377_016_alessandrocouto_2846_web_.jpg\" \/>\n\t<meta property=\"og:image:width\" content=\"600\" \/>\n\t<meta property=\"og:image:height\" content=\"400\" \/>\n\t<meta property=\"og:image:type\" content=\"image\/jpeg\" \/>\n<meta name=\"author\" content=\"Orlando Gonzalez\" \/>\n<meta name=\"twitter:card\" content=\"summary_large_image\" \/>\n<meta name=\"twitter:creator\" content=\"@gonzalezorlando\" \/>\n<meta name=\"twitter:label1\" content=\"Escrito por\" \/>\n\t<meta name=\"twitter:data1\" content=\"\" \/>\n\t<meta name=\"twitter:label2\" content=\"Est. tempo de leitura\" \/>\n\t<meta name=\"twitter:data2\" content=\"4 minutos\" \/>\n<script type=\"application\/ld+json\" class=\"yoast-schema-graph\">{\"@context\":\"https:\/\/schema.org\",\"@graph\":[{\"@type\":\"WebPage\",\"@id\":\"https:\/\/maringapost.com.br\/orlandogonzalez\/2022\/10\/04\/maringa-parque-do-peao-volta-a-ser-palco-do-rally-barretos\/\",\"url\":\"https:\/\/maringapost.com.br\/orlandogonzalez\/2022\/10\/04\/maringa-parque-do-peao-volta-a-ser-palco-do-rally-barretos\/\",\"name\":\"MARING\u00c1 - Parque do Pe\u00e3o volta a ser palco do Rally Barretos - Orlando Gonzalez\",\"isPartOf\":{\"@id\":\"https:\/\/maringapost.com.br\/orlandogonzalez\/#website\"},\"primaryImageOfPage\":{\"@id\":\"https:\/\/maringapost.com.br\/orlandogonzalez\/2022\/10\/04\/maringa-parque-do-peao-volta-a-ser-palco-do-rally-barretos\/#primaryimage\"},\"image\":{\"@id\":\"https:\/\/maringapost.com.br\/orlandogonzalez\/2022\/10\/04\/maringa-parque-do-peao-volta-a-ser-palco-do-rally-barretos\/#primaryimage\"},\"thumbnailUrl\":\"https:\/\/maringapost.com.br\/orlandogonzalez\/wp-content\/uploads\/sites\/17\/2022\/10\/413815_1034377_016_alessandrocouto_2846_web_.jpg\",\"datePublished\":\"2022-10-04T11:35:26+00:00\",\"dateModified\":\"2022-10-04T11:35:26+00:00\",\"author\":{\"@id\":\"https:\/\/maringapost.com.br\/orlandogonzalez\/#\/schema\/person\/5cbe6257d08edea6afc9ebaa613b0633\"},\"inLanguage\":\"pt-BR\",\"potentialAction\":[{\"@type\":\"ReadAction\",\"target\":[\"https:\/\/maringapost.com.br\/orlandogonzalez\/2022\/10\/04\/maringa-parque-do-peao-volta-a-ser-palco-do-rally-barretos\/\"]}]},{\"@type\":\"ImageObject\",\"inLanguage\":\"pt-BR\",\"@id\":\"https:\/\/maringapost.com.br\/orlandogonzalez\/2022\/10\/04\/maringa-parque-do-peao-volta-a-ser-palco-do-rally-barretos\/#primaryimage\",\"url\":\"https:\/\/maringapost.com.br\/orlandogonzalez\/wp-content\/uploads\/sites\/17\/2022\/10\/413815_1034377_016_alessandrocouto_2846_web_.jpg\",\"contentUrl\":\"https:\/\/maringapost.com.br\/orlandogonzalez\/wp-content\/uploads\/sites\/17\/2022\/10\/413815_1034377_016_alessandrocouto_2846_web_.jpg\",\"width\":600,\"height\":400},{\"@type\":\"WebSite\",\"@id\":\"https:\/\/maringapost.com.br\/orlandogonzalez\/#website\",\"url\":\"https:\/\/maringapost.com.br\/orlandogonzalez\/\",\"name\":\"Orlando Gonzalez\",\"description\":\"Destaca o esporte de Maring\u00e1! Destaca o esporte do Paran\u00e1! Destaca o esporte do Brasil!\",\"potentialAction\":[{\"@type\":\"SearchAction\",\"target\":{\"@type\":\"EntryPoint\",\"urlTemplate\":\"https:\/\/maringapost.com.br\/orlandogonzalez\/?s={search_term_string}\"},\"query-input\":\"required name=search_term_string\"}],\"inLanguage\":\"pt-BR\"},{\"@type\":\"Person\",\"@id\":\"https:\/\/maringapost.com.br\/orlandogonzalez\/#\/schema\/person\/5cbe6257d08edea6afc9ebaa613b0633\",\"name\":\"Orlando Gonzalez\",\"image\":{\"@type\":\"ImageObject\",\"inLanguage\":\"pt-BR\",\"@id\":\"https:\/\/maringapost.com.br\/orlandogonzalez\/#\/schema\/person\/image\/\",\"url\":\"https:\/\/secure.gravatar.com\/avatar\/ecef9d1c9afe5ebdafadde8369065ba5?s=96&d=mm&r=g\",\"contentUrl\":\"https:\/\/secure.gravatar.com\/avatar\/ecef9d1c9afe5ebdafadde8369065ba5?s=96&d=mm&r=g\",\"caption\":\"Orlando Gonzalez\"},\"description\":\"H\u00e1 29 anos na cobertura do esporte de Maring\u00e1. Plant\u00e3o e narrador esportivo. Presta\u00e7\u00e3o de assessoria de imprensa esportiva, cobertura e transmiss\u00f5es ao vivo de eventos esportivos. E-mail: orlandogonzalez.assessoria@gmail.com WhatsApp: (44) 9 9126-6119\",\"sameAs\":[\"http:\/\/www.radiomaringa.com.br\/\",\"https:\/\/www.facebook.com\/profile.php?id=100011095815065\",\"https:\/\/www.instagram.com\/orlandomgonzalez\/\",\"https:\/\/br.pinterest.com\/ogonzalez0530\/\",\"https:\/\/x.com\/gonzalezorlando\",\"https:\/\/www.youtube.com\/channel\/UCvFpl55btth8wjnKiSS1ibA\",\"https:\/\/radiomaringaweb.tumblr.com\/\"],\"url\":\"https:\/\/maringapost.com.br\/orlandogonzalez\/author\/orlando\/\"}]}<\/script>\n<!-- \/ Yoast SEO Premium plugin. -->","yoast_head_json":{"title":"MARING\u00c1 - Parque do Pe\u00e3o volta a ser palco do Rally Barretos - Orlando Gonzalez","robots":{"index":"index","follow":"follow","max-snippet":"max-snippet:-1","max-image-preview":"max-image-preview:large","max-video-preview":"max-video-preview:-1"},"canonical":"https:\/\/maringapost.com.br\/orlandogonzalez\/2022\/10\/04\/maringa-parque-do-peao-volta-a-ser-palco-do-rally-barretos\/","og_locale":"pt_BR","og_type":"article","og_title":"MARING\u00c1 - Parque do Pe\u00e3o volta a ser palco do Rally Barretos","og_description":"Est\u00e1 chegando a hora do 12\u00ba Rally Barretos. Entre os dias 07 e 09 de outubro, carros, motos, quadriciclos e UTVs v\u00e3o acelerar por estradas de terra pelas fazendas da regi\u00e3o da cidade de Barretos (SP), conhecida mundialmente pela Festa do Pe\u00e3o. O tradicional evento re\u00fane anualmente (no m\u00eas de agosto), centenas de milhares de [&hellip;]","og_url":"https:\/\/maringapost.com.br\/orlandogonzalez\/2022\/10\/04\/maringa-parque-do-peao-volta-a-ser-palco-do-rally-barretos\/","og_site_name":"Orlando Gonzalez","article_author":"https:\/\/www.facebook.com\/profile.php?id=100011095815065","article_published_time":"2022-10-04T11:35:26+00:00","og_image":[{"width":600,"height":400,"url":"https:\/\/maringapost.com.br\/orlandogonzalez\/wp-content\/uploads\/sites\/17\/2022\/10\/413815_1034377_016_alessandrocouto_2846_web_.jpg","type":"image\/jpeg"}],"author":"Orlando Gonzalez","twitter_card":"summary_large_image","twitter_creator":"@gonzalezorlando","twitter_misc":{"Escrito por":false,"Est. tempo de leitura":"4 minutos"},"schema":{"@context":"https:\/\/schema.org","@graph":[{"@type":"WebPage","@id":"https:\/\/maringapost.com.br\/orlandogonzalez\/2022\/10\/04\/maringa-parque-do-peao-volta-a-ser-palco-do-rally-barretos\/","url":"https:\/\/maringapost.com.br\/orlandogonzalez\/2022\/10\/04\/maringa-parque-do-peao-volta-a-ser-palco-do-rally-barretos\/","name":"MARING\u00c1 - Parque do Pe\u00e3o volta a ser palco do Rally Barretos - Orlando Gonzalez","isPartOf":{"@id":"https:\/\/maringapost.com.br\/orlandogonzalez\/#website"},"primaryImageOfPage":{"@id":"https:\/\/maringapost.com.br\/orlandogonzalez\/2022\/10\/04\/maringa-parque-do-peao-volta-a-ser-palco-do-rally-barretos\/#primaryimage"},"image":{"@id":"https:\/\/maringapost.com.br\/orlandogonzalez\/2022\/10\/04\/maringa-parque-do-peao-volta-a-ser-palco-do-rally-barretos\/#primaryimage"},"thumbnailUrl":"https:\/\/maringapost.com.br\/orlandogonzalez\/wp-content\/uploads\/sites\/17\/2022\/10\/413815_1034377_016_alessandrocouto_2846_web_.jpg","datePublished":"2022-10-04T11:35:26+00:00","dateModified":"2022-10-04T11:35:26+00:00","author":{"@id":"https:\/\/maringapost.com.br\/orlandogonzalez\/#\/schema\/person\/5cbe6257d08edea6afc9ebaa613b0633"},"inLanguage":"pt-BR","potentialAction":[{"@type":"ReadAction","target":["https:\/\/maringapost.com.br\/orlandogonzalez\/2022\/10\/04\/maringa-parque-do-peao-volta-a-ser-palco-do-rally-barretos\/"]}]},{"@type":"ImageObject","inLanguage":"pt-BR","@id":"https:\/\/maringapost.com.br\/orlandogonzalez\/2022\/10\/04\/maringa-parque-do-peao-volta-a-ser-palco-do-rally-barretos\/#primaryimage","url":"https:\/\/maringapost.com.br\/orlandogonzalez\/wp-content\/uploads\/sites\/17\/2022\/10\/413815_1034377_016_alessandrocouto_2846_web_.jpg","contentUrl":"https:\/\/maringapost.com.br\/orlandogonzalez\/wp-content\/uploads\/sites\/17\/2022\/10\/413815_1034377_016_alessandrocouto_2846_web_.jpg","width":600,"height":400},{"@type":"WebSite","@id":"https:\/\/maringapost.com.br\/orlandogonzalez\/#website","url":"https:\/\/maringapost.com.br\/orlandogonzalez\/","name":"Orlando Gonzalez","description":"Destaca o esporte de Maring\u00e1! Destaca o esporte do Paran\u00e1! Destaca o esporte do Brasil!","potentialAction":[{"@type":"SearchAction","target":{"@type":"EntryPoint","urlTemplate":"https:\/\/maringapost.com.br\/orlandogonzalez\/?s={search_term_string}"},"query-input":"required name=search_term_string"}],"inLanguage":"pt-BR"},{"@type":"Person","@id":"https:\/\/maringapost.com.br\/orlandogonzalez\/#\/schema\/person\/5cbe6257d08edea6afc9ebaa613b0633","name":"Orlando Gonzalez","image":{"@type":"ImageObject","inLanguage":"pt-BR","@id":"https:\/\/maringapost.com.br\/orlandogonzalez\/#\/schema\/person\/image\/","url":"https:\/\/secure.gravatar.com\/avatar\/ecef9d1c9afe5ebdafadde8369065ba5?s=96&d=mm&r=g","contentUrl":"https:\/\/secure.gravatar.com\/avatar\/ecef9d1c9afe5ebdafadde8369065ba5?s=96&d=mm&r=g","caption":"Orlando Gonzalez"},"description":"H\u00e1 29 anos na cobertura do esporte de Maring\u00e1. Plant\u00e3o e narrador esportivo. Presta\u00e7\u00e3o de assessoria de imprensa esportiva, cobertura e transmiss\u00f5es ao vivo de eventos esportivos. E-mail: orlandogonzalez.assessoria@gmail.com WhatsApp: (44) 9 9126-6119","sameAs":["http:\/\/www.radiomaringa.com.br\/","https:\/\/www.facebook.com\/profile.php?id=100011095815065","https:\/\/www.instagram.com\/orlandomgonzalez\/","https:\/\/br.pinterest.com\/ogonzalez0530\/","https:\/\/x.com\/gonzalezorlando","https:\/\/www.youtube.com\/channel\/UCvFpl55btth8wjnKiSS1ibA","https:\/\/radiomaringaweb.tumblr.com\/"],"url":"https:\/\/maringapost.com.br\/orlandogonzalez\/author\/orlando\/"}]}},"_links":{"self":[{"href":"https:\/\/maringapost.com.br\/orlandogonzalez\/wp-json\/wp\/v2\/posts\/55795"}],"collection":[{"href":"https:\/\/maringapost.com.br\/orlandogonzalez\/wp-json\/wp\/v2\/posts"}],"about":[{"href":"https:\/\/maringapost.com.br\/orlandogonzalez\/wp-json\/wp\/v2\/types\/post"}],"author":[{"embeddable":true,"href":"https:\/\/maringapost.com.br\/orlandogonzalez\/wp-json\/wp\/v2\/users\/6307"}],"replies":[{"embeddable":true,"href":"https:\/\/maringapost.com.br\/orlandogonzalez\/wp-json\/wp\/v2\/comments?post=55795"}],"version-history":[{"count":1,"href":"https:\/\/maringapost.com.br\/orlandogonzalez\/wp-json\/wp\/v2\/posts\/55795\/revisions"}],"predecessor-version":[{"id":55797,"href":"https:\/\/maringapost.com.br\/orlandogonzalez\/wp-json\/wp\/v2\/posts\/55795\/revisions\/55797"}],"wp:featuredmedia":[{"embeddable":true,"href":"https:\/\/maringapost.com.br\/orlandogonzalez\/wp-json\/wp\/v2\/media\/55796"}],"wp:attachment":[{"href":"https:\/\/maringapost.com.br\/orlandogonzalez\/wp-json\/wp\/v2\/media?parent=55795"}],"wp:term":[{"taxonomy":"category","embeddable":true,"href":"https:\/\/maringapost.com.br\/orlandogonzalez\/wp-json\/wp\/v2\/categories?post=55795"},{"taxonomy":"post_tag","embeddable":true,"href":"https:\/\/maringapost.com.br\/orlandogonzalez\/wp-json\/wp\/v2\/tags?post=55795"}],"curies":[{"name":"wp","href":"https:\/\/api.w.org\/{rel}","templated":true}]}}