{"id":55790,"date":"2022-10-04T08:27:50","date_gmt":"2022-10-04T11:27:50","guid":{"rendered":"https:\/\/maringapost.com.br\/orlandogonzalez\/?p=55790"},"modified":"2022-10-04T08:34:26","modified_gmt":"2022-10-04T11:34:26","slug":"maringa-segunda-edicao-do-aparados-off-road-e-agora-em-outubro","status":"publish","type":"post","link":"https:\/\/maringapost.com.br\/orlandogonzalez\/2022\/10\/04\/maringa-segunda-edicao-do-aparados-off-road-e-agora-em-outubro\/","title":{"rendered":"MARING\u00c1 &#8211; Segunda edi\u00e7\u00e3o do Aparados Off-Road \u00e9 agora em outubro"},"content":{"rendered":"<p><span style=\"font-size: 24px\">Rally de regularidade e passeio. Entre os dias 12 a 15 de outubro, entra em a\u00e7\u00e3o o 2\u00ba Aparados Off-Road \u2013 evento 4&#215;4 organizado pela Associa\u00e7\u00e3o Ga\u00facha de Pilotos e Navegadores Trancos e Barrancos, em parceria com a empresa Trecho 1. Ser\u00e3o aproximadamente 600 quil\u00f4metros pelo interior do Rio Grande do Sul, com largada de Vacaria e chegada em S\u00e3o Francisco de Paula. As demais cidades anfitri\u00e3s s\u00e3o Bom Jesus e Cambar\u00e1 do Sul.\u00a0<\/span><\/p>\n<p><span style=\"font-size: 24px\">Formado pelas categorias Rally de Regularidade, Trilha 4&#215;4, Passeio e Passeio Radical, um dos pilares deste encontro \u00e9 promover o turismo do estado, com destaque para a regi\u00e3o do Parque Nacional Aparados da Serra que, inclusive, inspirou o nome do evento.\u00a0<\/span><\/p>\n<p><span style=\"font-size: 24px\">De acordo com o diretor geral do Aparados Off-Road, Alexandre Rech, a expectativa para 2022 \u00e9 reunir um grid de mais de 70 ve\u00edculos.\u00a0<em>\u201cEssa \u00e9 a segunda edi\u00e7\u00e3o do evento e, mesmo diante de um ano com a economia inst\u00e1vel, conseguimos manter uma linha t\u00eanue de crescimento de inscritos, o que mostra que estamos no caminho certo\u201d<\/em>, avalia Rech.\u00a0<em>\u201cAl\u00e9m de oferecer provas de rally de regularidade de alto n\u00edvel t\u00e9cnico, e passeios com trilhas desafiadoras, nossa miss\u00e3o tamb\u00e9m \u00e9 potencializar os tesouros ga\u00fachos para todo o Brasil\u201d<\/em>, completou.\u00a0<\/span><\/p>\n<p><span style=\"font-size: 24px\">Ao longo do roteiro, os participantes passar\u00e3o pelo Despraiado, localizado no Rio das Antas (entre S\u00e3o Jos\u00e9 dos Ausentes e Cambar\u00e1 do Sul). Trata-se de uma travessia de rio, em um enorme lajeado, seguido de uma bela cachoeira.\u00a0<\/span><\/p>\n<p><span style=\"font-size: 24px\"><em>\u201cTodos os dias, em todas as categorias, teremos algo de especial para mostrar, a exemplo tamb\u00e9m do Parque do Itaimbezinho, uma das \u00e1reas de visita\u00e7\u00e3o do Parque Aparados da Serra, considerado um dos c\u00e2nions mais bonitos do complexo\u201d<\/em>, adianta Rech. Outros destaques s\u00e3o Passo da Ilha e Rio Tainhas.\u00a0<\/span><\/p>\n<p><span style=\"font-size: 24px\">A secret\u00e1ria de turismo, cultura e desporto de S\u00e3o Francisco de Paula, Vanessa Spindler afirma que receber o Aparados Off-Road tamb\u00e9m gera benef\u00edcios para a cidade como um todo, envolvendo os setores de gastronomia, hospedagem, automotivos, entre outros.\u00a0<em>\u201cO munic\u00edpio tem atra\u00eddo eventos esportivos de v\u00e1rias esferas, e o off-road veio em um bom momento. At\u00e9 ent\u00e3o, t\u00ednhamos apenas bike e corrida\u201d<\/em>, explicou.\u00a0<\/span><\/p>\n<p><span style=\"font-size: 24px\">A chegada do 2\u00ba Aparados Off-Road ser\u00e1 no Lago S\u00e3o Bernardo \u2013 cart\u00e3o postal de S\u00e3o Francisco de Paula. A premia\u00e7\u00e3o e o jantar ser\u00e3o no M\u00e1tria Parque das Flores. As inscri\u00e7\u00f5es para o 2\u00ba Rally Aparados Off-Road seguem abertas e podem ser feitas pelo site\u00a0<a href=\"https:\/\/click.presskit.com.br\/url\/901577a327\/48373406e41\" target=\"_blank\" rel=\"noopener\" data-saferedirecturl=\"https:\/\/www.google.com\/url?q=https:\/\/click.presskit.com.br\/url\/901577a327\/48373406e41&amp;source=gmail&amp;ust=1664968574691000&amp;usg=AOvVaw1-lSrTXLtDoD6XwS78lYLy\">www.aparadosoffroad.com.br<\/a>.\u00a0<\/span><\/p>\n<p><span style=\"font-size: 24px\">(Texto: Assessoria. Foto:\u00a0<span style=\"text-align: center\">Vini Malagutti\/Com 4&#215;4)<\/span><\/span><\/p>\n","protected":false},"excerpt":{"rendered":"<p>Rally de regularidade e passeio. Entre os dias 12 a 15 de outubro, entra em a\u00e7\u00e3o o 2\u00ba Aparados Off-Road \u2013 evento 4&#215;4 organizado pela Associa\u00e7\u00e3o Ga\u00facha de Pilotos e Navegadores Trancos e Barrancos, em parceria com a empresa Trecho 1. Ser\u00e3o aproximadamente 600 quil\u00f4metros pelo interior do Rio Grande do Sul, com largada de [&hellip;]<\/p>\n","protected":false},"author":6307,"featured_media":0,"comment_status":"open","ping_status":"open","sticky":false,"template":"","format":"standard","meta":{"_exactmetrics_skip_tracking":false,"_exactmetrics_sitenote_active":false,"_exactmetrics_sitenote_note":"","_exactmetrics_sitenote_category":0,"footnotes":""},"categories":[1267],"tags":[8910],"yoast_head":"<!-- This site is optimized with the Yoast SEO Premium plugin v22.7 (Yoast SEO v22.7) - https:\/\/yoast.com\/wordpress\/plugins\/seo\/ -->\n<title>MARING\u00c1 - Segunda edi\u00e7\u00e3o do Aparados Off-Road \u00e9 agora em outubro - Orlando Gonzalez<\/title>\n<meta name=\"robots\" content=\"index, follow, max-snippet:-1, max-image-preview:large, max-video-preview:-1\" \/>\n<link rel=\"canonical\" href=\"https:\/\/maringapost.com.br\/orlandogonzalez\/2022\/10\/04\/maringa-segunda-edicao-do-aparados-off-road-e-agora-em-outubro\/\" \/>\n<meta property=\"og:locale\" content=\"pt_BR\" \/>\n<meta property=\"og:type\" content=\"article\" \/>\n<meta property=\"og:title\" content=\"MARING\u00c1 - Segunda edi\u00e7\u00e3o do Aparados Off-Road \u00e9 agora em outubro\" \/>\n<meta property=\"og:description\" content=\"Rally de regularidade e passeio. Entre os dias 12 a 15 de outubro, entra em a\u00e7\u00e3o o 2\u00ba Aparados Off-Road \u2013 evento 4&#215;4 organizado pela Associa\u00e7\u00e3o Ga\u00facha de Pilotos e Navegadores Trancos e Barrancos, em parceria com a empresa Trecho 1. Ser\u00e3o aproximadamente 600 quil\u00f4metros pelo interior do Rio Grande do Sul, com largada de [&hellip;]\" \/>\n<meta property=\"og:url\" content=\"https:\/\/maringapost.com.br\/orlandogonzalez\/2022\/10\/04\/maringa-segunda-edicao-do-aparados-off-road-e-agora-em-outubro\/\" \/>\n<meta property=\"og:site_name\" content=\"Orlando Gonzalez\" \/>\n<meta property=\"article:author\" content=\"https:\/\/www.facebook.com\/profile.php?id=100011095815065\" \/>\n<meta property=\"article:published_time\" content=\"2022-10-04T11:27:50+00:00\" \/>\n<meta property=\"article:modified_time\" content=\"2022-10-04T11:34:26+00:00\" \/>\n<meta name=\"author\" content=\"Orlando Gonzalez\" \/>\n<meta name=\"twitter:card\" content=\"summary_large_image\" \/>\n<meta name=\"twitter:creator\" content=\"@gonzalezorlando\" \/>\n<meta name=\"twitter:label1\" content=\"Escrito por\" \/>\n\t<meta name=\"twitter:data1\" content=\"\" \/>\n\t<meta name=\"twitter:label2\" content=\"Est. tempo de leitura\" \/>\n\t<meta name=\"twitter:data2\" content=\"3 minutos\" \/>\n<script type=\"application\/ld+json\" class=\"yoast-schema-graph\">{\"@context\":\"https:\/\/schema.org\",\"@graph\":[{\"@type\":\"WebPage\",\"@id\":\"https:\/\/maringapost.com.br\/orlandogonzalez\/2022\/10\/04\/maringa-segunda-edicao-do-aparados-off-road-e-agora-em-outubro\/\",\"url\":\"https:\/\/maringapost.com.br\/orlandogonzalez\/2022\/10\/04\/maringa-segunda-edicao-do-aparados-off-road-e-agora-em-outubro\/\",\"name\":\"MARING\u00c1 - Segunda edi\u00e7\u00e3o do Aparados Off-Road \u00e9 agora em outubro - Orlando Gonzalez\",\"isPartOf\":{\"@id\":\"https:\/\/maringapost.com.br\/orlandogonzalez\/#website\"},\"datePublished\":\"2022-10-04T11:27:50+00:00\",\"dateModified\":\"2022-10-04T11:34:26+00:00\",\"author\":{\"@id\":\"https:\/\/maringapost.com.br\/orlandogonzalez\/#\/schema\/person\/5cbe6257d08edea6afc9ebaa613b0633\"},\"inLanguage\":\"pt-BR\",\"potentialAction\":[{\"@type\":\"ReadAction\",\"target\":[\"https:\/\/maringapost.com.br\/orlandogonzalez\/2022\/10\/04\/maringa-segunda-edicao-do-aparados-off-road-e-agora-em-outubro\/\"]}]},{\"@type\":\"WebSite\",\"@id\":\"https:\/\/maringapost.com.br\/orlandogonzalez\/#website\",\"url\":\"https:\/\/maringapost.com.br\/orlandogonzalez\/\",\"name\":\"Orlando Gonzalez\",\"description\":\"Destaca o esporte de Maring\u00e1! Destaca o esporte do Paran\u00e1! Destaca o esporte do Brasil!\",\"potentialAction\":[{\"@type\":\"SearchAction\",\"target\":{\"@type\":\"EntryPoint\",\"urlTemplate\":\"https:\/\/maringapost.com.br\/orlandogonzalez\/?s={search_term_string}\"},\"query-input\":\"required name=search_term_string\"}],\"inLanguage\":\"pt-BR\"},{\"@type\":\"Person\",\"@id\":\"https:\/\/maringapost.com.br\/orlandogonzalez\/#\/schema\/person\/5cbe6257d08edea6afc9ebaa613b0633\",\"name\":\"Orlando Gonzalez\",\"image\":{\"@type\":\"ImageObject\",\"inLanguage\":\"pt-BR\",\"@id\":\"https:\/\/maringapost.com.br\/orlandogonzalez\/#\/schema\/person\/image\/\",\"url\":\"https:\/\/secure.gravatar.com\/avatar\/ecef9d1c9afe5ebdafadde8369065ba5?s=96&d=mm&r=g\",\"contentUrl\":\"https:\/\/secure.gravatar.com\/avatar\/ecef9d1c9afe5ebdafadde8369065ba5?s=96&d=mm&r=g\",\"caption\":\"Orlando Gonzalez\"},\"description\":\"H\u00e1 29 anos na cobertura do esporte de Maring\u00e1. Plant\u00e3o e narrador esportivo. Presta\u00e7\u00e3o de assessoria de imprensa esportiva, cobertura e transmiss\u00f5es ao vivo de eventos esportivos. E-mail: orlandogonzalez.assessoria@gmail.com WhatsApp: (44) 9 9126-6119\",\"sameAs\":[\"http:\/\/www.radiomaringa.com.br\/\",\"https:\/\/www.facebook.com\/profile.php?id=100011095815065\",\"https:\/\/www.instagram.com\/orlandomgonzalez\/\",\"https:\/\/br.pinterest.com\/ogonzalez0530\/\",\"https:\/\/x.com\/gonzalezorlando\",\"https:\/\/www.youtube.com\/channel\/UCvFpl55btth8wjnKiSS1ibA\",\"https:\/\/radiomaringaweb.tumblr.com\/\"],\"url\":\"https:\/\/maringapost.com.br\/orlandogonzalez\/author\/orlando\/\"}]}<\/script>\n<!-- \/ Yoast SEO Premium plugin. -->","yoast_head_json":{"title":"MARING\u00c1 - Segunda edi\u00e7\u00e3o do Aparados Off-Road \u00e9 agora em outubro - Orlando Gonzalez","robots":{"index":"index","follow":"follow","max-snippet":"max-snippet:-1","max-image-preview":"max-image-preview:large","max-video-preview":"max-video-preview:-1"},"canonical":"https:\/\/maringapost.com.br\/orlandogonzalez\/2022\/10\/04\/maringa-segunda-edicao-do-aparados-off-road-e-agora-em-outubro\/","og_locale":"pt_BR","og_type":"article","og_title":"MARING\u00c1 - Segunda edi\u00e7\u00e3o do Aparados Off-Road \u00e9 agora em outubro","og_description":"Rally de regularidade e passeio. Entre os dias 12 a 15 de outubro, entra em a\u00e7\u00e3o o 2\u00ba Aparados Off-Road \u2013 evento 4&#215;4 organizado pela Associa\u00e7\u00e3o Ga\u00facha de Pilotos e Navegadores Trancos e Barrancos, em parceria com a empresa Trecho 1. Ser\u00e3o aproximadamente 600 quil\u00f4metros pelo interior do Rio Grande do Sul, com largada de [&hellip;]","og_url":"https:\/\/maringapost.com.br\/orlandogonzalez\/2022\/10\/04\/maringa-segunda-edicao-do-aparados-off-road-e-agora-em-outubro\/","og_site_name":"Orlando Gonzalez","article_author":"https:\/\/www.facebook.com\/profile.php?id=100011095815065","article_published_time":"2022-10-04T11:27:50+00:00","article_modified_time":"2022-10-04T11:34:26+00:00","author":"Orlando Gonzalez","twitter_card":"summary_large_image","twitter_creator":"@gonzalezorlando","twitter_misc":{"Escrito por":false,"Est. tempo de leitura":"3 minutos"},"schema":{"@context":"https:\/\/schema.org","@graph":[{"@type":"WebPage","@id":"https:\/\/maringapost.com.br\/orlandogonzalez\/2022\/10\/04\/maringa-segunda-edicao-do-aparados-off-road-e-agora-em-outubro\/","url":"https:\/\/maringapost.com.br\/orlandogonzalez\/2022\/10\/04\/maringa-segunda-edicao-do-aparados-off-road-e-agora-em-outubro\/","name":"MARING\u00c1 - Segunda edi\u00e7\u00e3o do Aparados Off-Road \u00e9 agora em outubro - Orlando Gonzalez","isPartOf":{"@id":"https:\/\/maringapost.com.br\/orlandogonzalez\/#website"},"datePublished":"2022-10-04T11:27:50+00:00","dateModified":"2022-10-04T11:34:26+00:00","author":{"@id":"https:\/\/maringapost.com.br\/orlandogonzalez\/#\/schema\/person\/5cbe6257d08edea6afc9ebaa613b0633"},"inLanguage":"pt-BR","potentialAction":[{"@type":"ReadAction","target":["https:\/\/maringapost.com.br\/orlandogonzalez\/2022\/10\/04\/maringa-segunda-edicao-do-aparados-off-road-e-agora-em-outubro\/"]}]},{"@type":"WebSite","@id":"https:\/\/maringapost.com.br\/orlandogonzalez\/#website","url":"https:\/\/maringapost.com.br\/orlandogonzalez\/","name":"Orlando Gonzalez","description":"Destaca o esporte de Maring\u00e1! Destaca o esporte do Paran\u00e1! Destaca o esporte do Brasil!","potentialAction":[{"@type":"SearchAction","target":{"@type":"EntryPoint","urlTemplate":"https:\/\/maringapost.com.br\/orlandogonzalez\/?s={search_term_string}"},"query-input":"required name=search_term_string"}],"inLanguage":"pt-BR"},{"@type":"Person","@id":"https:\/\/maringapost.com.br\/orlandogonzalez\/#\/schema\/person\/5cbe6257d08edea6afc9ebaa613b0633","name":"Orlando Gonzalez","image":{"@type":"ImageObject","inLanguage":"pt-BR","@id":"https:\/\/maringapost.com.br\/orlandogonzalez\/#\/schema\/person\/image\/","url":"https:\/\/secure.gravatar.com\/avatar\/ecef9d1c9afe5ebdafadde8369065ba5?s=96&d=mm&r=g","contentUrl":"https:\/\/secure.gravatar.com\/avatar\/ecef9d1c9afe5ebdafadde8369065ba5?s=96&d=mm&r=g","caption":"Orlando Gonzalez"},"description":"H\u00e1 29 anos na cobertura do esporte de Maring\u00e1. Plant\u00e3o e narrador esportivo. Presta\u00e7\u00e3o de assessoria de imprensa esportiva, cobertura e transmiss\u00f5es ao vivo de eventos esportivos. E-mail: orlandogonzalez.assessoria@gmail.com WhatsApp: (44) 9 9126-6119","sameAs":["http:\/\/www.radiomaringa.com.br\/","https:\/\/www.facebook.com\/profile.php?id=100011095815065","https:\/\/www.instagram.com\/orlandomgonzalez\/","https:\/\/br.pinterest.com\/ogonzalez0530\/","https:\/\/x.com\/gonzalezorlando","https:\/\/www.youtube.com\/channel\/UCvFpl55btth8wjnKiSS1ibA","https:\/\/radiomaringaweb.tumblr.com\/"],"url":"https:\/\/maringapost.com.br\/orlandogonzalez\/author\/orlando\/"}]}},"_links":{"self":[{"href":"https:\/\/maringapost.com.br\/orlandogonzalez\/wp-json\/wp\/v2\/posts\/55790"}],"collection":[{"href":"https:\/\/maringapost.com.br\/orlandogonzalez\/wp-json\/wp\/v2\/posts"}],"about":[{"href":"https:\/\/maringapost.com.br\/orlandogonzalez\/wp-json\/wp\/v2\/types\/post"}],"author":[{"embeddable":true,"href":"https:\/\/maringapost.com.br\/orlandogonzalez\/wp-json\/wp\/v2\/users\/6307"}],"replies":[{"embeddable":true,"href":"https:\/\/maringapost.com.br\/orlandogonzalez\/wp-json\/wp\/v2\/comments?post=55790"}],"version-history":[{"count":2,"href":"https:\/\/maringapost.com.br\/orlandogonzalez\/wp-json\/wp\/v2\/posts\/55790\/revisions"}],"predecessor-version":[{"id":55794,"href":"https:\/\/maringapost.com.br\/orlandogonzalez\/wp-json\/wp\/v2\/posts\/55790\/revisions\/55794"}],"wp:attachment":[{"href":"https:\/\/maringapost.com.br\/orlandogonzalez\/wp-json\/wp\/v2\/media?parent=55790"}],"wp:term":[{"taxonomy":"category","embeddable":true,"href":"https:\/\/maringapost.com.br\/orlandogonzalez\/wp-json\/wp\/v2\/categories?post=55790"},{"taxonomy":"post_tag","embeddable":true,"href":"https:\/\/maringapost.com.br\/orlandogonzalez\/wp-json\/wp\/v2\/tags?post=55790"}],"curies":[{"name":"wp","href":"https:\/\/api.w.org\/{rel}","templated":true}]}}