{"id":55626,"date":"2022-09-14T07:49:46","date_gmt":"2022-09-14T10:49:46","guid":{"rendered":"https:\/\/maringapost.com.br\/orlandogonzalez\/?p=55626"},"modified":"2022-09-14T07:49:46","modified_gmt":"2022-09-14T10:49:46","slug":"maringa-flamengo-e-sao-paulo-se-enfrentam-por-vaga-na-final-da-copa-do-brasil","status":"publish","type":"post","link":"https:\/\/maringapost.com.br\/orlandogonzalez\/2022\/09\/14\/maringa-flamengo-e-sao-paulo-se-enfrentam-por-vaga-na-final-da-copa-do-brasil\/","title":{"rendered":"MARING\u00c1 &#8211; Flamengo e S\u00e3o Paulo se enfrentam por vaga na final da Copa do Brasil"},"content":{"rendered":"<p><span style=\"font-size: 24px\"><span style=\"background-color: #f7f8f9;color: #495057;font-family: 'Source Serif Pro', serif\">Flamengo e S\u00e3o Paulo decidem, a partir das 21h30 (hor\u00e1rio de Bras\u00edlia) desta quarta-feira (14) no est\u00e1dio do Maracan\u00e3, quem ser\u00e1 o primeiro finalista da Copa do Brasil. A\u00a0<\/span><span style=\"color: #495057;font-family: 'Source Serif Pro', serif;font-weight: bolder\">R\u00e1dio Nacional<\/span><span style=\"background-color: #f7f8f9;color: #495057;font-family: 'Source Serif Pro', serif\">\u00a0<\/span><span style=\"background-color: #f7f8f9;color: #495057;font-family: 'Source Serif Pro', serif\">transmite a partida decisiva ao vivo.<\/span><img decoding=\"async\" style=\"color: #495057;font-family: 'Source Serif Pro', serif;font-size: 16px;border: 0px none;vertical-align: middle;height: 1px;width: 1px\" src=\"https:\/\/agenciabrasil.ebc.com.br\/ebc.png?id=1482225&amp;o=node\" \/><img decoding=\"async\" style=\"color: #495057;font-family: 'Source Serif Pro', serif;font-size: 16px;border: 0px none;vertical-align: middle;height: 1px;width: 1px\" src=\"https:\/\/agenciabrasil.ebc.com.br\/ebc.gif?id=1482225&amp;o=node\" \/><\/span><\/p>\n<p style=\"margin: 0px 0px 1.3rem;color: #495057;font-family: 'Source Serif Pro', serif;font-size: 16px;background-color: #f7f8f9\"><span style=\"font-size: 24px\">Ap\u00f3s vencer por 3 a 1 no confronto de ida das semifinais, o Rubro-Negro entra em campo nesta quarta em situa\u00e7\u00e3o confort\u00e1vel, garantindo a classifica\u00e7\u00e3o nos 90 minutos mesmo com uma derrota por um gol de diferen\u00e7a.<\/span><\/p>\n<p style=\"margin: 0px 0px 1.3rem;color: #495057;font-family: 'Source Serif Pro', serif;font-size: 16px;background-color: #f7f8f9\"><span style=\"font-size: 24px\">Mesmo com a boa vantagem constru\u00edda no Morumbi, a expectativa \u00e9 de que o t\u00e9cnico Dorival J\u00fanior escale a equipe com o que tem de melhor: Santos; Rodinei, David Luiz, L\u00e9o Pereira e Filipe Lu\u00eds; Thiago Maia, Jo\u00e3o Gomes, Everton Ribeiro e Arrascaeta; Pedro e Gabriel Barbosa.<\/span><\/p>\n<p style=\"margin: 0px 0px 1.3rem;color: #495057;font-family: 'Source Serif Pro', serif;font-size: 16px;background-color: #f7f8f9\"><span style=\"font-size: 24px\">Segundo o treinador, o S\u00e3o Paulo j\u00e1 deu provas na temporada de que pode reverter situa\u00e7\u00f5es adversas: \u201cVamos ter um grande jogo, pode ter certeza disso. Isso serve de alerta para a nossa equipe [a virada do S\u00e3o Paulo sobre o Atl\u00e9tico-GO na semifinal da Copa Sul-Americana], para n\u00e3o chegarmos a um momento como esse. Por isso mandarei a campo a melhor equipe poss\u00edvel\u201d.<\/span><\/p>\n<p style=\"margin: 0px 0px 1.3rem;color: #495057;font-family: 'Source Serif Pro', serif;font-size: 16px;background-color: #f7f8f9\"><span style=\"font-size: 24px\">J\u00e1 o S\u00e3o Paulo ter\u00e1 pela frente um grande desafio, de ao menos vencer por dois gols de diferen\u00e7a para levar o jogo para a disputa de p\u00eanaltis. Classifica\u00e7\u00e3o nos 90 minutos apenas no caso de triunfo por tr\u00eas ou mais gols de vantagem. Mas \u00e9 bom lembrar que o Tricolor perdeu nos tr\u00eas jogos que fez com o Rubro-Negro na temporada (al\u00e9m do rev\u00e9s na Copa do Brasil, derrotas no Brasileiro, por 2 a 0 no Morumbi e por 3 a 1 no Maracan\u00e3).<\/span><\/p>\n<p style=\"margin: 0px 0px 1.3rem;color: #495057;font-family: 'Source Serif Pro', serif;font-size: 16px;background-color: #f7f8f9\"><span style=\"font-size: 24px\">Por\u00e9m, mesmo com um retrospecto t\u00e3o desfavor\u00e1vel o t\u00e9cnico Rog\u00e9rio Ceni insiste que continua a acreditar na classifica\u00e7\u00e3o, que, na sua opini\u00e3o, s\u00f3 vir\u00e1 com uma atua\u00e7\u00e3o perfeita de sua equipe: \u201c[A partida do S\u00e3o Paulo] tem que ser perfeita, e mesmo perfeita n\u00e3o temos a garantia de que consigamos sair [classificados], mas temos a oportunidade. Ent\u00e3o, n\u00e3o vamos jogar fora essa oportunidade. N\u00f3s temos mais 90 minutos [&#8230;]. Se eu n\u00e3o acreditar que \u00e9 poss\u00edvel, como \u00e9 que vou mostrar para eles que \u00e9 poss\u00edvel? [&#8230;]. N\u00f3s temos a oportunidade e temos que ir l\u00e1 fazer o melhor\u201d.<\/span><\/p>\n<p style=\"margin: 0px 0px 1.3rem;color: #495057;font-family: 'Source Serif Pro', serif;font-size: 16px;background-color: #f7f8f9\"><span style=\"font-size: 24px\">E para buscar a classifica\u00e7\u00e3o para a decis\u00e3o da Copa do Brasil, Ceni deve mandar a campo a seguinte escala\u00e7\u00e3o: Jandrei; Igor Vinicius, Diego Costa, L\u00e9o e Reinaldo; Pablo Maia, Rodrigo Nestor, Alisson e Patrick; Luciano e Calleri.<\/span><\/p>\n<p style=\"margin: 0px 0px 1.3rem;color: #495057;font-family: 'Source Serif Pro', serif;font-size: 16px;background-color: #f7f8f9\"><span style=\"font-size: 24px\">(Texto: Ag\u00eancia Brasil. Foto: Rubens Chiri\/S\u00e3o Paulo)<\/span><\/p>\n<h2 style=\"margin-top: 0px;margin-bottom: 0.5rem;font-family: 'Open Sans', sans-serif;font-weight: 500;line-height: 1.2;color: #343a40;font-size: 32px;background-color: #f7f8f9\"><span style=\"font-size: 24px\">Transmiss\u00e3o da R\u00e1dio Nacional<\/span><\/h2>\n<p style=\"margin: 0px 0px 1.3rem;color: #495057;font-family: 'Source Serif Pro', serif;font-size: 16px;background-color: #f7f8f9\"><span style=\"font-size: 24px\">A\u00a0<span style=\"font-weight: bolder\">R\u00e1dio Nacional\u00a0<\/span>transmite Flamengo e S\u00e3o Paulo com a narra\u00e7\u00e3o de Rodrigo Campos, coment\u00e1rios de Waldir Luiz, reportagem de Mauricio Costa e plant\u00e3o de Bruno Mendes. Voc\u00ea acompanha o Show de Bola Nacional aqui:<\/span><\/p>\n<p style=\"margin: 0px 0px 1.3rem;color: #495057;font-family: 'Source Serif Pro', serif;font-size: 16px;background-color: #f7f8f9\">\n<p style=\"margin: 0px 0px 1.3rem;color: #495057;font-family: 'Source Serif Pro', serif;font-size: 16px;background-color: #f7f8f9\">\n","protected":false},"excerpt":{"rendered":"<p>Flamengo e S\u00e3o Paulo decidem, a partir das 21h30 (hor\u00e1rio de Bras\u00edlia) desta quarta-feira (14) no est\u00e1dio do Maracan\u00e3, quem ser\u00e1 o primeiro finalista da Copa do Brasil. A\u00a0R\u00e1dio Nacional\u00a0transmite a partida decisiva ao vivo. Ap\u00f3s vencer por 3 a 1 no confronto de ida das semifinais, o Rubro-Negro entra em campo nesta quarta em [&hellip;]<\/p>\n","protected":false},"author":6307,"featured_media":55627,"comment_status":"open","ping_status":"open","sticky":false,"template":"","format":"standard","meta":{"_exactmetrics_skip_tracking":false,"_exactmetrics_sitenote_active":false,"_exactmetrics_sitenote_note":"","_exactmetrics_sitenote_category":0,"footnotes":""},"categories":[1505],"tags":[93],"yoast_head":"<!-- This site is optimized with the Yoast SEO Premium plugin v22.7 (Yoast SEO v22.7) - https:\/\/yoast.com\/wordpress\/plugins\/seo\/ -->\n<title>MARING\u00c1 - Flamengo e S\u00e3o Paulo se enfrentam por vaga na final da Copa do Brasil - Orlando Gonzalez<\/title>\n<meta name=\"robots\" content=\"index, follow, max-snippet:-1, max-image-preview:large, max-video-preview:-1\" \/>\n<link rel=\"canonical\" href=\"https:\/\/maringapost.com.br\/orlandogonzalez\/2022\/09\/14\/maringa-flamengo-e-sao-paulo-se-enfrentam-por-vaga-na-final-da-copa-do-brasil\/\" \/>\n<meta property=\"og:locale\" content=\"pt_BR\" \/>\n<meta property=\"og:type\" content=\"article\" \/>\n<meta property=\"og:title\" content=\"MARING\u00c1 - Flamengo e S\u00e3o Paulo se enfrentam por vaga na final da Copa do Brasil\" \/>\n<meta property=\"og:description\" content=\"Flamengo e S\u00e3o Paulo decidem, a partir das 21h30 (hor\u00e1rio de Bras\u00edlia) desta quarta-feira (14) no est\u00e1dio do Maracan\u00e3, quem ser\u00e1 o primeiro finalista da Copa do Brasil. A\u00a0R\u00e1dio Nacional\u00a0transmite a partida decisiva ao vivo. Ap\u00f3s vencer por 3 a 1 no confronto de ida das semifinais, o Rubro-Negro entra em campo nesta quarta em [&hellip;]\" \/>\n<meta property=\"og:url\" content=\"https:\/\/maringapost.com.br\/orlandogonzalez\/2022\/09\/14\/maringa-flamengo-e-sao-paulo-se-enfrentam-por-vaga-na-final-da-copa-do-brasil\/\" \/>\n<meta property=\"og:site_name\" content=\"Orlando Gonzalez\" \/>\n<meta property=\"article:author\" content=\"https:\/\/www.facebook.com\/profile.php?id=100011095815065\" \/>\n<meta property=\"article:published_time\" content=\"2022-09-14T10:49:46+00:00\" \/>\n<meta property=\"og:image\" content=\"https:\/\/maringapost.com.br\/orlandogonzalez\/wp-content\/uploads\/sites\/17\/2022\/09\/sampa.jpg\" \/>\n\t<meta property=\"og:image:width\" content=\"800\" \/>\n\t<meta property=\"og:image:height\" content=\"515\" \/>\n\t<meta property=\"og:image:type\" content=\"image\/jpeg\" \/>\n<meta name=\"author\" content=\"Orlando Gonzalez\" \/>\n<meta name=\"twitter:card\" content=\"summary_large_image\" \/>\n<meta name=\"twitter:creator\" content=\"@gonzalezorlando\" \/>\n<meta name=\"twitter:label1\" content=\"Escrito por\" \/>\n\t<meta name=\"twitter:data1\" content=\"\" \/>\n\t<meta name=\"twitter:label2\" content=\"Est. tempo de leitura\" \/>\n\t<meta name=\"twitter:data2\" content=\"3 minutos\" \/>\n<script type=\"application\/ld+json\" class=\"yoast-schema-graph\">{\"@context\":\"https:\/\/schema.org\",\"@graph\":[{\"@type\":\"WebPage\",\"@id\":\"https:\/\/maringapost.com.br\/orlandogonzalez\/2022\/09\/14\/maringa-flamengo-e-sao-paulo-se-enfrentam-por-vaga-na-final-da-copa-do-brasil\/\",\"url\":\"https:\/\/maringapost.com.br\/orlandogonzalez\/2022\/09\/14\/maringa-flamengo-e-sao-paulo-se-enfrentam-por-vaga-na-final-da-copa-do-brasil\/\",\"name\":\"MARING\u00c1 - Flamengo e S\u00e3o Paulo se enfrentam por vaga na final da Copa do Brasil - Orlando Gonzalez\",\"isPartOf\":{\"@id\":\"https:\/\/maringapost.com.br\/orlandogonzalez\/#website\"},\"primaryImageOfPage\":{\"@id\":\"https:\/\/maringapost.com.br\/orlandogonzalez\/2022\/09\/14\/maringa-flamengo-e-sao-paulo-se-enfrentam-por-vaga-na-final-da-copa-do-brasil\/#primaryimage\"},\"image\":{\"@id\":\"https:\/\/maringapost.com.br\/orlandogonzalez\/2022\/09\/14\/maringa-flamengo-e-sao-paulo-se-enfrentam-por-vaga-na-final-da-copa-do-brasil\/#primaryimage\"},\"thumbnailUrl\":\"https:\/\/maringapost.com.br\/orlandogonzalez\/wp-content\/uploads\/sites\/17\/2022\/09\/sampa.jpg\",\"datePublished\":\"2022-09-14T10:49:46+00:00\",\"dateModified\":\"2022-09-14T10:49:46+00:00\",\"author\":{\"@id\":\"https:\/\/maringapost.com.br\/orlandogonzalez\/#\/schema\/person\/5cbe6257d08edea6afc9ebaa613b0633\"},\"inLanguage\":\"pt-BR\",\"potentialAction\":[{\"@type\":\"ReadAction\",\"target\":[\"https:\/\/maringapost.com.br\/orlandogonzalez\/2022\/09\/14\/maringa-flamengo-e-sao-paulo-se-enfrentam-por-vaga-na-final-da-copa-do-brasil\/\"]}]},{\"@type\":\"ImageObject\",\"inLanguage\":\"pt-BR\",\"@id\":\"https:\/\/maringapost.com.br\/orlandogonzalez\/2022\/09\/14\/maringa-flamengo-e-sao-paulo-se-enfrentam-por-vaga-na-final-da-copa-do-brasil\/#primaryimage\",\"url\":\"https:\/\/maringapost.com.br\/orlandogonzalez\/wp-content\/uploads\/sites\/17\/2022\/09\/sampa.jpg\",\"contentUrl\":\"https:\/\/maringapost.com.br\/orlandogonzalez\/wp-content\/uploads\/sites\/17\/2022\/09\/sampa.jpg\",\"width\":800,\"height\":515},{\"@type\":\"WebSite\",\"@id\":\"https:\/\/maringapost.com.br\/orlandogonzalez\/#website\",\"url\":\"https:\/\/maringapost.com.br\/orlandogonzalez\/\",\"name\":\"Orlando Gonzalez\",\"description\":\"Destaca o esporte de Maring\u00e1! Destaca o esporte do Paran\u00e1! Destaca o esporte do Brasil!\",\"potentialAction\":[{\"@type\":\"SearchAction\",\"target\":{\"@type\":\"EntryPoint\",\"urlTemplate\":\"https:\/\/maringapost.com.br\/orlandogonzalez\/?s={search_term_string}\"},\"query-input\":\"required name=search_term_string\"}],\"inLanguage\":\"pt-BR\"},{\"@type\":\"Person\",\"@id\":\"https:\/\/maringapost.com.br\/orlandogonzalez\/#\/schema\/person\/5cbe6257d08edea6afc9ebaa613b0633\",\"name\":\"Orlando Gonzalez\",\"image\":{\"@type\":\"ImageObject\",\"inLanguage\":\"pt-BR\",\"@id\":\"https:\/\/maringapost.com.br\/orlandogonzalez\/#\/schema\/person\/image\/\",\"url\":\"https:\/\/secure.gravatar.com\/avatar\/ecef9d1c9afe5ebdafadde8369065ba5?s=96&d=mm&r=g\",\"contentUrl\":\"https:\/\/secure.gravatar.com\/avatar\/ecef9d1c9afe5ebdafadde8369065ba5?s=96&d=mm&r=g\",\"caption\":\"Orlando Gonzalez\"},\"description\":\"H\u00e1 29 anos na cobertura do esporte de Maring\u00e1. Plant\u00e3o e narrador esportivo. Presta\u00e7\u00e3o de assessoria de imprensa esportiva, cobertura e transmiss\u00f5es ao vivo de eventos esportivos. E-mail: orlandogonzalez.assessoria@gmail.com WhatsApp: (44) 9 9126-6119\",\"sameAs\":[\"http:\/\/www.radiomaringa.com.br\/\",\"https:\/\/www.facebook.com\/profile.php?id=100011095815065\",\"https:\/\/www.instagram.com\/orlandomgonzalez\/\",\"https:\/\/br.pinterest.com\/ogonzalez0530\/\",\"https:\/\/x.com\/gonzalezorlando\",\"https:\/\/www.youtube.com\/channel\/UCvFpl55btth8wjnKiSS1ibA\",\"https:\/\/radiomaringaweb.tumblr.com\/\"],\"url\":\"https:\/\/maringapost.com.br\/orlandogonzalez\/author\/orlando\/\"}]}<\/script>\n<!-- \/ Yoast SEO Premium plugin. -->","yoast_head_json":{"title":"MARING\u00c1 - Flamengo e S\u00e3o Paulo se enfrentam por vaga na final da Copa do Brasil - Orlando Gonzalez","robots":{"index":"index","follow":"follow","max-snippet":"max-snippet:-1","max-image-preview":"max-image-preview:large","max-video-preview":"max-video-preview:-1"},"canonical":"https:\/\/maringapost.com.br\/orlandogonzalez\/2022\/09\/14\/maringa-flamengo-e-sao-paulo-se-enfrentam-por-vaga-na-final-da-copa-do-brasil\/","og_locale":"pt_BR","og_type":"article","og_title":"MARING\u00c1 - Flamengo e S\u00e3o Paulo se enfrentam por vaga na final da Copa do Brasil","og_description":"Flamengo e S\u00e3o Paulo decidem, a partir das 21h30 (hor\u00e1rio de Bras\u00edlia) desta quarta-feira (14) no est\u00e1dio do Maracan\u00e3, quem ser\u00e1 o primeiro finalista da Copa do Brasil. A\u00a0R\u00e1dio Nacional\u00a0transmite a partida decisiva ao vivo. Ap\u00f3s vencer por 3 a 1 no confronto de ida das semifinais, o Rubro-Negro entra em campo nesta quarta em [&hellip;]","og_url":"https:\/\/maringapost.com.br\/orlandogonzalez\/2022\/09\/14\/maringa-flamengo-e-sao-paulo-se-enfrentam-por-vaga-na-final-da-copa-do-brasil\/","og_site_name":"Orlando Gonzalez","article_author":"https:\/\/www.facebook.com\/profile.php?id=100011095815065","article_published_time":"2022-09-14T10:49:46+00:00","og_image":[{"width":800,"height":515,"url":"https:\/\/maringapost.com.br\/orlandogonzalez\/wp-content\/uploads\/sites\/17\/2022\/09\/sampa.jpg","type":"image\/jpeg"}],"author":"Orlando Gonzalez","twitter_card":"summary_large_image","twitter_creator":"@gonzalezorlando","twitter_misc":{"Escrito por":false,"Est. tempo de leitura":"3 minutos"},"schema":{"@context":"https:\/\/schema.org","@graph":[{"@type":"WebPage","@id":"https:\/\/maringapost.com.br\/orlandogonzalez\/2022\/09\/14\/maringa-flamengo-e-sao-paulo-se-enfrentam-por-vaga-na-final-da-copa-do-brasil\/","url":"https:\/\/maringapost.com.br\/orlandogonzalez\/2022\/09\/14\/maringa-flamengo-e-sao-paulo-se-enfrentam-por-vaga-na-final-da-copa-do-brasil\/","name":"MARING\u00c1 - Flamengo e S\u00e3o Paulo se enfrentam por vaga na final da Copa do Brasil - Orlando Gonzalez","isPartOf":{"@id":"https:\/\/maringapost.com.br\/orlandogonzalez\/#website"},"primaryImageOfPage":{"@id":"https:\/\/maringapost.com.br\/orlandogonzalez\/2022\/09\/14\/maringa-flamengo-e-sao-paulo-se-enfrentam-por-vaga-na-final-da-copa-do-brasil\/#primaryimage"},"image":{"@id":"https:\/\/maringapost.com.br\/orlandogonzalez\/2022\/09\/14\/maringa-flamengo-e-sao-paulo-se-enfrentam-por-vaga-na-final-da-copa-do-brasil\/#primaryimage"},"thumbnailUrl":"https:\/\/maringapost.com.br\/orlandogonzalez\/wp-content\/uploads\/sites\/17\/2022\/09\/sampa.jpg","datePublished":"2022-09-14T10:49:46+00:00","dateModified":"2022-09-14T10:49:46+00:00","author":{"@id":"https:\/\/maringapost.com.br\/orlandogonzalez\/#\/schema\/person\/5cbe6257d08edea6afc9ebaa613b0633"},"inLanguage":"pt-BR","potentialAction":[{"@type":"ReadAction","target":["https:\/\/maringapost.com.br\/orlandogonzalez\/2022\/09\/14\/maringa-flamengo-e-sao-paulo-se-enfrentam-por-vaga-na-final-da-copa-do-brasil\/"]}]},{"@type":"ImageObject","inLanguage":"pt-BR","@id":"https:\/\/maringapost.com.br\/orlandogonzalez\/2022\/09\/14\/maringa-flamengo-e-sao-paulo-se-enfrentam-por-vaga-na-final-da-copa-do-brasil\/#primaryimage","url":"https:\/\/maringapost.com.br\/orlandogonzalez\/wp-content\/uploads\/sites\/17\/2022\/09\/sampa.jpg","contentUrl":"https:\/\/maringapost.com.br\/orlandogonzalez\/wp-content\/uploads\/sites\/17\/2022\/09\/sampa.jpg","width":800,"height":515},{"@type":"WebSite","@id":"https:\/\/maringapost.com.br\/orlandogonzalez\/#website","url":"https:\/\/maringapost.com.br\/orlandogonzalez\/","name":"Orlando Gonzalez","description":"Destaca o esporte de Maring\u00e1! Destaca o esporte do Paran\u00e1! Destaca o esporte do Brasil!","potentialAction":[{"@type":"SearchAction","target":{"@type":"EntryPoint","urlTemplate":"https:\/\/maringapost.com.br\/orlandogonzalez\/?s={search_term_string}"},"query-input":"required name=search_term_string"}],"inLanguage":"pt-BR"},{"@type":"Person","@id":"https:\/\/maringapost.com.br\/orlandogonzalez\/#\/schema\/person\/5cbe6257d08edea6afc9ebaa613b0633","name":"Orlando Gonzalez","image":{"@type":"ImageObject","inLanguage":"pt-BR","@id":"https:\/\/maringapost.com.br\/orlandogonzalez\/#\/schema\/person\/image\/","url":"https:\/\/secure.gravatar.com\/avatar\/ecef9d1c9afe5ebdafadde8369065ba5?s=96&d=mm&r=g","contentUrl":"https:\/\/secure.gravatar.com\/avatar\/ecef9d1c9afe5ebdafadde8369065ba5?s=96&d=mm&r=g","caption":"Orlando Gonzalez"},"description":"H\u00e1 29 anos na cobertura do esporte de Maring\u00e1. Plant\u00e3o e narrador esportivo. Presta\u00e7\u00e3o de assessoria de imprensa esportiva, cobertura e transmiss\u00f5es ao vivo de eventos esportivos. E-mail: orlandogonzalez.assessoria@gmail.com WhatsApp: (44) 9 9126-6119","sameAs":["http:\/\/www.radiomaringa.com.br\/","https:\/\/www.facebook.com\/profile.php?id=100011095815065","https:\/\/www.instagram.com\/orlandomgonzalez\/","https:\/\/br.pinterest.com\/ogonzalez0530\/","https:\/\/x.com\/gonzalezorlando","https:\/\/www.youtube.com\/channel\/UCvFpl55btth8wjnKiSS1ibA","https:\/\/radiomaringaweb.tumblr.com\/"],"url":"https:\/\/maringapost.com.br\/orlandogonzalez\/author\/orlando\/"}]}},"_links":{"self":[{"href":"https:\/\/maringapost.com.br\/orlandogonzalez\/wp-json\/wp\/v2\/posts\/55626"}],"collection":[{"href":"https:\/\/maringapost.com.br\/orlandogonzalez\/wp-json\/wp\/v2\/posts"}],"about":[{"href":"https:\/\/maringapost.com.br\/orlandogonzalez\/wp-json\/wp\/v2\/types\/post"}],"author":[{"embeddable":true,"href":"https:\/\/maringapost.com.br\/orlandogonzalez\/wp-json\/wp\/v2\/users\/6307"}],"replies":[{"embeddable":true,"href":"https:\/\/maringapost.com.br\/orlandogonzalez\/wp-json\/wp\/v2\/comments?post=55626"}],"version-history":[{"count":1,"href":"https:\/\/maringapost.com.br\/orlandogonzalez\/wp-json\/wp\/v2\/posts\/55626\/revisions"}],"predecessor-version":[{"id":55628,"href":"https:\/\/maringapost.com.br\/orlandogonzalez\/wp-json\/wp\/v2\/posts\/55626\/revisions\/55628"}],"wp:featuredmedia":[{"embeddable":true,"href":"https:\/\/maringapost.com.br\/orlandogonzalez\/wp-json\/wp\/v2\/media\/55627"}],"wp:attachment":[{"href":"https:\/\/maringapost.com.br\/orlandogonzalez\/wp-json\/wp\/v2\/media?parent=55626"}],"wp:term":[{"taxonomy":"category","embeddable":true,"href":"https:\/\/maringapost.com.br\/orlandogonzalez\/wp-json\/wp\/v2\/categories?post=55626"},{"taxonomy":"post_tag","embeddable":true,"href":"https:\/\/maringapost.com.br\/orlandogonzalez\/wp-json\/wp\/v2\/tags?post=55626"}],"curies":[{"name":"wp","href":"https:\/\/api.w.org\/{rel}","templated":true}]}}