{"id":55567,"date":"2022-09-08T07:07:46","date_gmt":"2022-09-08T10:07:46","guid":{"rendered":"https:\/\/maringapost.com.br\/orlandogonzalez\/?p=55567"},"modified":"2022-09-08T07:07:46","modified_gmt":"2022-09-08T10:07:46","slug":"maringa-em-aracaju-cob-monta-centro-de-avaliacao-e-monitoramento-dos-atletas-nos-jogos-da-juventude","status":"publish","type":"post","link":"https:\/\/maringapost.com.br\/orlandogonzalez\/2022\/09\/08\/maringa-em-aracaju-cob-monta-centro-de-avaliacao-e-monitoramento-dos-atletas-nos-jogos-da-juventude\/","title":{"rendered":"MARING\u00c1 &#8211; Em Aracaju, COB monta Centro de Avalia\u00e7\u00e3o e Monitoramento dos atletas nos Jogos da Juventude"},"content":{"rendered":"<p style=\"margin-top: 0px;margin-bottom: 1rem;color: #212529;font-family: effraregular;font-size: 20px\"><span style=\"font-size: 24px\">A assinatura \u201cDesenvolvendo campe\u00f5es\u201d que os Jogos da Juventude carregam \u00e9 mais que um lema. Em busca da excel\u00eancia e de processos que sustentem a forma\u00e7\u00e3o de atletas de alto rendimento no pa\u00eds, o Comit\u00ea Ol\u00edmpico do Brasil (COB) montou no Centro de Conven\u00e7\u00f5es de Aracaju, em paralelo \u00e0s competi\u00e7\u00f5es, o Centro de Avalia\u00e7\u00e3o e Monitoramento. O local recebe os mais de 4.000 atletas do evento diariamente para um mapeamento sem precedentes.\u00a0<\/span><\/p>\n<p style=\"margin-top: 0px;margin-bottom: 1rem;color: #212529;font-family: effraregular;font-size: 20px\"><span style=\"font-size: 24px\">\u201cNo COB n\u00f3s sempre entendemos que nos Jogos da Juventude passam atletas medalhistas ol\u00edmpicos, campe\u00f5es mundiais e isso \u00e9 um dado bastante positivo. N\u00f3s queremos ir al\u00e9m e entender como esses atletas s\u00e3o quando t\u00eam 15, 16 anos de idade\u201d, explica Kenji Saito, diretor de Desenvolvimento e Ci\u00eancias do Esporte do COB.<\/span><\/p>\n<p style=\"margin-top: 0px;margin-bottom: 1rem;color: #212529;font-family: effraregular;font-size: 20px\"><span style=\"font-size: 24px\">O objetivo do Centro de Avalia\u00e7\u00e3o e Monitoramento \u00e9 come\u00e7ar a mapear esses atletas num est\u00e1gio ainda mais inicial do que historicamente tem sido feito. Como conta Kenji, \u201cnum momento em que eles est\u00e3o come\u00e7ando no caminho ol\u00edmpico, no esporte de rendimento para junto das confedera\u00e7\u00f5es trabalharmos\u201d.\u00a0 Assim, \u00e9 poss\u00edvel monitorarmos esses jovens por anos. \u201cAt\u00e9 eles chegarem a integrar uma sele\u00e7\u00e3o ol\u00edmpica e representar o nosso pa\u00eds em grandes Jogos multiesportivos internacionais\u201d, espera o diretor do COB.<\/span><\/p>\n<p style=\"margin-top: 0px;margin-bottom: 1rem;color: #212529;font-family: effraregular;font-size: 20px\"><span style=\"font-size: 24px\">Para Felipe Lucero, Supervisor de Ci\u00eancia e Tecnologia Esportiva do COB, esta \u00e9 uma necessidade dos nossos tempos.\u00a0<\/span><\/p>\n<p style=\"margin-top: 0px;margin-bottom: 1rem;color: #212529;font-family: effraregular;font-size: 20px\"><span style=\"font-size: 24px\">\u201cEste trabalho \u00e9 fundamental para que no futuro a gente tenha mais campe\u00f5es ol\u00edmpicos, medalhas e campe\u00f5es mundiais. Hoje em dia n\u00e3o se pode desvencilhar o treinamento da tecnologia, da an\u00e1lise de dados, da estrutura de banco de dados para melhorar os treinos\u201d, diz.\u00a0\u00a0<\/span><\/p>\n<p style=\"margin-top: 0px;margin-bottom: 1rem;color: #212529;font-family: effraregular;font-size: 20px\"><span style=\"font-size: 24px\">A inten\u00e7\u00e3o \u00e9 coletar uma s\u00e9rie de dados em rela\u00e7\u00e3o aos atletas em idade escolar para come\u00e7ar a catalogar perfis dos atletas brasileiros tanto considerando diferentes modalidades como num corte por estados.\u00a0<\/span><\/p>\n<p style=\"margin-top: 0px;margin-bottom: 1rem;color: #212529;font-family: effraregular;font-size: 20px\"><span style=\"font-size: 24px\">\u201cCom isso podemos gerar n\u00fameros que, usados ao longo de anos, permitam um estudo melhor do desenvolvimento do esporte a partir da escola. Muitas vezes o atleta de alto rendimento \u00e9 altamente avaliado em v\u00e1rios aspectos minuciosamente e a gente n\u00e3o tem os registros anteriores dele quando ainda era um adolescente e estava em desenvolvimento\u201d, acrescenta Lucero.<\/span><\/p>\n<p style=\"margin-top: 0px;margin-bottom: 1rem;color: #212529;font-family: effraregular;font-size: 20px\"><span style=\"font-size: 24px\">Este rastreio, quando estabelecido, permitir\u00e1 diferentes abordagens, ainda de acordo com Lucero. \u201cA gente pode olhar isso com o tempo para frente e para tr\u00e1s. Quando virmos quem chegou no p\u00f3dio, poderemos selecionar os dados deste medalhista aos 16 anos, por exemplo, e comparar com jovens atletas que estejam nesta idade. Se identificarmos algu\u00e9m com marcadores semelhantes, j\u00e1 ser\u00e1 poss\u00edvel direcion\u00e1-lo de forma mais adequada para seu futuro esportivo.\u201d<\/span><\/p>\n<p style=\"margin-top: 0px;margin-bottom: 1rem;color: #212529;font-family: effraregular;font-size: 20px\"><span style=\"font-size: 24px\">Para isso, \u00e9 conveniente aproveitar a presen\u00e7a dos melhores atletas jovens do pa\u00eds em um mesmo local para o desenvolvimento do projeto. Assim, a estrutura montada em Aracaju faz uso de equipamento que est\u00e1 \u00e0 disposi\u00e7\u00e3o dos atletas profissionais na sede do COB.\u00a0<\/span><\/p>\n<p style=\"margin-top: 0px;margin-bottom: 1rem;color: #212529;font-family: effraregular;font-size: 20px\"><span style=\"font-size: 24px\">\u201cOs materiais utilizados s\u00e3o do Laborat\u00f3rio Ol\u00edmpico, trouxemos do Rio de Janeiro para Sergipe. Temos aqui uma equipe de 10 especialistas do laborat\u00f3rio entre preparadores f\u00edsicos, fisioterapeutas, pessoas de an\u00e1lise de desempenho e de dados\u201d, enumera. Tudo isso para aproveitar a chance de ouro. \u201cA amostra nos Jogos da Juventude \u00e9 \u00f3tima. S\u00e3o os principais atletas que temos nesta idade escolar nas sele\u00e7\u00f5es de base. Por consequ\u00eancia, este \u00e9 o melhor par\u00e2metro para produzir algum tipo de estudo e entendimento de como isto est\u00e1 se desenvolvendo no Brasil\u201d, prossegue Lucero.<\/span><\/p>\n<p style=\"margin-top: 0px;margin-bottom: 1rem;color: #212529;font-family: effraregular;font-size: 20px\"><span style=\"font-size: 24px\">No entanto, h\u00e1 um grande cuidado no que diz respeito ao que est\u00e1 sendo aplicado e como esta coleta de dados \u00e9 feita. \u201c\u00c9 um conjunto de testes motores e f\u00edsicos gen\u00e9ricos. Simples. Nada espec\u00edfico para nenhuma modalidade. N\u00e3o estamos reinventando a roda. Apenas desenhamos um processo pr\u00e1tico e eficiente de avalia\u00e7\u00e3o que pode ser reproduzido pelos treinadores na sua vida di\u00e1ria. Assim, ao longo do tempo eles tamb\u00e9m mandar atualiza\u00e7\u00f5es de resultados para continuarmos o acompanhamento. Produzimos um documento que est\u00e1 dispon\u00edvel a todos os treinadores e professores para levar para sua cidade\u201d, destaca o especialista.\u00a0<\/span><\/p>\n<p style=\"margin-top: 0px;margin-bottom: 1rem;color: #212529;font-family: effraregular;font-size: 20px\"><span style=\"font-size: 24px\">N\u00e3o apenas docentes e t\u00e9cnicos s\u00e3o bem-vindos. A ideia \u00e9 abastecer toda a cadeia do esporte brasileiro. \u201cTodas as confedera\u00e7\u00f5es que solicitarem v\u00e3o receber essas informa\u00e7\u00f5es. Algumas j\u00e1 pediram e vamos enviar assim que tivermos os dados tratados\u201d, informa Felipe.<\/span><\/p>\n<p style=\"margin-top: 0px;margin-bottom: 1rem;color: #212529;font-family: effraregular;font-size: 20px\"><span style=\"font-size: 24px\">\u00c9 mais uma ferramenta em busca da excel\u00eancia. Mas que, no caso brasileiro, tem uma peculiaridade. \u201cA gente sabe que o esporte \u00e9 uma coisa que n\u00e3o tem muita l\u00f3gica. N\u00e3o \u00e9 uma receita de bolo. Com isso v\u00e3o ter surpresas positivas e negativas, mas o importante \u00e9 organizar os dados, coletar, analisar, acompanhar, monitorar realmente esses atletas nas suas carreiras para a gente cada vez ter uma estrutura mais forte de informa\u00e7\u00e3o e de compara\u00e7\u00e3o dentro do Brasil\u201d, diz Lucero.\u00a0<\/span><\/p>\n<p style=\"margin-top: 0px;margin-bottom: 1rem;color: #212529;font-family: effraregular;font-size: 20px\"><span style=\"font-size: 24px\">Porque mesmo que a literatura esportiva mundial tenha descri\u00e7\u00e3o de aspectos diferentes que podem servir de base para o fomento ao esporte, o Brasil nem sempre consegue se beneficiar totalmente disso. \u201cNosso pa\u00eds \u00e9 muito miscigenado. N\u00e3o temos um perfil gen\u00e9tico dominante. Nossos padr\u00f5es, mesmo dos nossos campe\u00f5es, fogem muito do que se v\u00ea em outros pa\u00edses. Temos fen\u00f4menos s\u00f3 nossos. Este \u00e9 um interesse muito grande nosso: achar estes perfis. N\u00e3o h\u00e1 mapeamento no Brasil deste tipo de coisa\u201d, esclarece o supervisor do COB.\u00a0<\/span><\/p>\n<p style=\"margin-top: 0px;margin-bottom: 1rem;color: #212529;font-family: effraregular;font-size: 20px\"><span style=\"font-size: 24px\">Como exemplo ele cita Darlan Romani, destaque brasileiro no arremesso do peso. \u201cSe ele tivesse nascido em algum pa\u00eds europeu, \u00e9 prov\u00e1vel que jamais tivesse sido instigado a tentar o arremesso do peso, porque ele tem uma estatura menor que a m\u00e9dia de atletas desta modalidade\u201d, aponta. Ou ainda Let\u00edcia Oro Melo, que conquistou medalha de bronze no Mundial de Atletismo no salto em dist\u00e2ncia. \u201cEla n\u00e3o tem pernas t\u00e3o longas como \u00e9 comum vermos. Se fossem aplicar os padr\u00f5es de outros pa\u00edses, ningu\u00e9m jamais teria incentivado a Let\u00edcia a fazer salto em dist\u00e2ncia\u201d.\u00a0<\/span><\/p>\n<p style=\"margin-top: 0px;margin-bottom: 1rem;color: #212529;font-family: effraregular;font-size: 20px\"><span style=\"font-size: 24px\">Por isso a miscigena\u00e7\u00e3o brasileira \u00e9 um desafio, mas tamb\u00e9m um trunfo neste mapeamento. \u201cConsiderando nossa realidade, temos que ter uma amostragem muito grande durante muito tempo para identificar padr\u00f5es. Aqui em Aracaju queremos avaliar todos os mais 4 mil atletas, mas temos que fazer isso por no m\u00ednimo 10 anos\u201d.\u00a0<\/span><\/p>\n<p style=\"margin-top: 0px;margin-bottom: 1rem;color: #212529;font-family: effraregular;font-size: 20px\"><span style=\"font-size: 24px\">Vai ser trabalhoso e, sim, talvez demorado. Mas o que o Comit\u00ea Ol\u00edmpico do Brasil vislumbra \u00e9 algo bem consistente. \u201cEste tipo de a\u00e7\u00e3o demonstra o interesse do COB com as futuras gera\u00e7\u00f5es. Ao monitorar desde cedo este atleta a gente consegue, com tempo e no longo prazo, ter uma medida muito mais pr\u00f3xima deste desenvolvimento e isso servir\u00e1 de base para as futuras gera\u00e7\u00f5es terem uma m\u00e9trica de compara\u00e7\u00e3o\u201d, diz Lucero. E quando isso acontecer ele projeta processos r\u00e1pidos na busca por bons resultados. \u201cQuando entendermos nossa realidade e aprendermos melhor sobre os nossos perfis, vai ser bem mais f\u00e1cil de perceber nossos jovens que s\u00e3o fora da curva cada vez mais cedo e dar a eles todas as ferramentas para eles chegarem mais e mais longe em seus resultados\u201d, finaliza Felipe Lucero.<\/span><\/p>\n<p><span style=\"font-size: 24px\">(Texto: COB. Foto: Alexandre Loureiro\/COB)<\/span><\/p>\n","protected":false},"excerpt":{"rendered":"<p>A assinatura \u201cDesenvolvendo campe\u00f5es\u201d que os Jogos da Juventude carregam \u00e9 mais que um lema. Em busca da excel\u00eancia e de processos que sustentem a forma\u00e7\u00e3o de atletas de alto rendimento no pa\u00eds, o Comit\u00ea Ol\u00edmpico do Brasil (COB) montou no Centro de Conven\u00e7\u00f5es de Aracaju, em paralelo \u00e0s competi\u00e7\u00f5es, o Centro de Avalia\u00e7\u00e3o e [&hellip;]<\/p>\n","protected":false},"author":6307,"featured_media":55568,"comment_status":"open","ping_status":"open","sticky":false,"template":"","format":"standard","meta":{"_exactmetrics_skip_tracking":false,"_exactmetrics_sitenote_active":false,"_exactmetrics_sitenote_note":"","_exactmetrics_sitenote_category":0,"footnotes":""},"categories":[3089],"tags":[15227],"yoast_head":"<!-- This site is optimized with the Yoast SEO Premium plugin v22.7 (Yoast SEO v22.7) - https:\/\/yoast.com\/wordpress\/plugins\/seo\/ -->\n<title>MARING\u00c1 - Em Aracaju, COB monta Centro de Avalia\u00e7\u00e3o e Monitoramento dos atletas nos Jogos da Juventude - Orlando Gonzalez<\/title>\n<meta name=\"robots\" content=\"index, follow, max-snippet:-1, max-image-preview:large, max-video-preview:-1\" \/>\n<link rel=\"canonical\" href=\"https:\/\/maringapost.com.br\/orlandogonzalez\/2022\/09\/08\/maringa-em-aracaju-cob-monta-centro-de-avaliacao-e-monitoramento-dos-atletas-nos-jogos-da-juventude\/\" \/>\n<meta property=\"og:locale\" content=\"pt_BR\" \/>\n<meta property=\"og:type\" content=\"article\" \/>\n<meta property=\"og:title\" content=\"MARING\u00c1 - Em Aracaju, COB monta Centro de Avalia\u00e7\u00e3o e Monitoramento dos atletas nos Jogos da Juventude\" \/>\n<meta property=\"og:description\" content=\"A assinatura \u201cDesenvolvendo campe\u00f5es\u201d que os Jogos da Juventude carregam \u00e9 mais que um lema. Em busca da excel\u00eancia e de processos que sustentem a forma\u00e7\u00e3o de atletas de alto rendimento no pa\u00eds, o Comit\u00ea Ol\u00edmpico do Brasil (COB) montou no Centro de Conven\u00e7\u00f5es de Aracaju, em paralelo \u00e0s competi\u00e7\u00f5es, o Centro de Avalia\u00e7\u00e3o e [&hellip;]\" \/>\n<meta property=\"og:url\" content=\"https:\/\/maringapost.com.br\/orlandogonzalez\/2022\/09\/08\/maringa-em-aracaju-cob-monta-centro-de-avaliacao-e-monitoramento-dos-atletas-nos-jogos-da-juventude\/\" \/>\n<meta property=\"og:site_name\" content=\"Orlando Gonzalez\" \/>\n<meta property=\"article:author\" content=\"https:\/\/www.facebook.com\/profile.php?id=100011095815065\" \/>\n<meta property=\"article:published_time\" content=\"2022-09-08T10:07:46+00:00\" \/>\n<meta property=\"og:image\" content=\"https:\/\/maringapost.com.br\/orlandogonzalez\/wp-content\/uploads\/sites\/17\/2022\/09\/atletas.jpg\" \/>\n\t<meta property=\"og:image:width\" content=\"600\" \/>\n\t<meta property=\"og:image:height\" content=\"399\" \/>\n\t<meta property=\"og:image:type\" content=\"image\/jpeg\" \/>\n<meta name=\"author\" content=\"Orlando Gonzalez\" \/>\n<meta name=\"twitter:card\" content=\"summary_large_image\" \/>\n<meta name=\"twitter:creator\" content=\"@gonzalezorlando\" \/>\n<meta name=\"twitter:label1\" content=\"Escrito por\" \/>\n\t<meta name=\"twitter:data1\" content=\"\" \/>\n\t<meta name=\"twitter:label2\" content=\"Est. tempo de leitura\" \/>\n\t<meta name=\"twitter:data2\" content=\"7 minutos\" \/>\n<script type=\"application\/ld+json\" class=\"yoast-schema-graph\">{\"@context\":\"https:\/\/schema.org\",\"@graph\":[{\"@type\":\"WebPage\",\"@id\":\"https:\/\/maringapost.com.br\/orlandogonzalez\/2022\/09\/08\/maringa-em-aracaju-cob-monta-centro-de-avaliacao-e-monitoramento-dos-atletas-nos-jogos-da-juventude\/\",\"url\":\"https:\/\/maringapost.com.br\/orlandogonzalez\/2022\/09\/08\/maringa-em-aracaju-cob-monta-centro-de-avaliacao-e-monitoramento-dos-atletas-nos-jogos-da-juventude\/\",\"name\":\"MARING\u00c1 - Em Aracaju, COB monta Centro de Avalia\u00e7\u00e3o e Monitoramento dos atletas nos Jogos da Juventude - Orlando Gonzalez\",\"isPartOf\":{\"@id\":\"https:\/\/maringapost.com.br\/orlandogonzalez\/#website\"},\"primaryImageOfPage\":{\"@id\":\"https:\/\/maringapost.com.br\/orlandogonzalez\/2022\/09\/08\/maringa-em-aracaju-cob-monta-centro-de-avaliacao-e-monitoramento-dos-atletas-nos-jogos-da-juventude\/#primaryimage\"},\"image\":{\"@id\":\"https:\/\/maringapost.com.br\/orlandogonzalez\/2022\/09\/08\/maringa-em-aracaju-cob-monta-centro-de-avaliacao-e-monitoramento-dos-atletas-nos-jogos-da-juventude\/#primaryimage\"},\"thumbnailUrl\":\"https:\/\/maringapost.com.br\/orlandogonzalez\/wp-content\/uploads\/sites\/17\/2022\/09\/atletas.jpg\",\"datePublished\":\"2022-09-08T10:07:46+00:00\",\"dateModified\":\"2022-09-08T10:07:46+00:00\",\"author\":{\"@id\":\"https:\/\/maringapost.com.br\/orlandogonzalez\/#\/schema\/person\/5cbe6257d08edea6afc9ebaa613b0633\"},\"inLanguage\":\"pt-BR\",\"potentialAction\":[{\"@type\":\"ReadAction\",\"target\":[\"https:\/\/maringapost.com.br\/orlandogonzalez\/2022\/09\/08\/maringa-em-aracaju-cob-monta-centro-de-avaliacao-e-monitoramento-dos-atletas-nos-jogos-da-juventude\/\"]}]},{\"@type\":\"ImageObject\",\"inLanguage\":\"pt-BR\",\"@id\":\"https:\/\/maringapost.com.br\/orlandogonzalez\/2022\/09\/08\/maringa-em-aracaju-cob-monta-centro-de-avaliacao-e-monitoramento-dos-atletas-nos-jogos-da-juventude\/#primaryimage\",\"url\":\"https:\/\/maringapost.com.br\/orlandogonzalez\/wp-content\/uploads\/sites\/17\/2022\/09\/atletas.jpg\",\"contentUrl\":\"https:\/\/maringapost.com.br\/orlandogonzalez\/wp-content\/uploads\/sites\/17\/2022\/09\/atletas.jpg\",\"width\":600,\"height\":399},{\"@type\":\"WebSite\",\"@id\":\"https:\/\/maringapost.com.br\/orlandogonzalez\/#website\",\"url\":\"https:\/\/maringapost.com.br\/orlandogonzalez\/\",\"name\":\"Orlando Gonzalez\",\"description\":\"Destaca o esporte de Maring\u00e1! Destaca o esporte do Paran\u00e1! Destaca o esporte do Brasil!\",\"potentialAction\":[{\"@type\":\"SearchAction\",\"target\":{\"@type\":\"EntryPoint\",\"urlTemplate\":\"https:\/\/maringapost.com.br\/orlandogonzalez\/?s={search_term_string}\"},\"query-input\":\"required name=search_term_string\"}],\"inLanguage\":\"pt-BR\"},{\"@type\":\"Person\",\"@id\":\"https:\/\/maringapost.com.br\/orlandogonzalez\/#\/schema\/person\/5cbe6257d08edea6afc9ebaa613b0633\",\"name\":\"Orlando Gonzalez\",\"image\":{\"@type\":\"ImageObject\",\"inLanguage\":\"pt-BR\",\"@id\":\"https:\/\/maringapost.com.br\/orlandogonzalez\/#\/schema\/person\/image\/\",\"url\":\"https:\/\/secure.gravatar.com\/avatar\/ecef9d1c9afe5ebdafadde8369065ba5?s=96&d=mm&r=g\",\"contentUrl\":\"https:\/\/secure.gravatar.com\/avatar\/ecef9d1c9afe5ebdafadde8369065ba5?s=96&d=mm&r=g\",\"caption\":\"Orlando Gonzalez\"},\"description\":\"H\u00e1 29 anos na cobertura do esporte de Maring\u00e1. Plant\u00e3o e narrador esportivo. Presta\u00e7\u00e3o de assessoria de imprensa esportiva, cobertura e transmiss\u00f5es ao vivo de eventos esportivos. E-mail: orlandogonzalez.assessoria@gmail.com WhatsApp: (44) 9 9126-6119\",\"sameAs\":[\"http:\/\/www.radiomaringa.com.br\/\",\"https:\/\/www.facebook.com\/profile.php?id=100011095815065\",\"https:\/\/www.instagram.com\/orlandomgonzalez\/\",\"https:\/\/br.pinterest.com\/ogonzalez0530\/\",\"https:\/\/x.com\/gonzalezorlando\",\"https:\/\/www.youtube.com\/channel\/UCvFpl55btth8wjnKiSS1ibA\",\"https:\/\/radiomaringaweb.tumblr.com\/\"],\"url\":\"https:\/\/maringapost.com.br\/orlandogonzalez\/author\/orlando\/\"}]}<\/script>\n<!-- \/ Yoast SEO Premium plugin. -->","yoast_head_json":{"title":"MARING\u00c1 - Em Aracaju, COB monta Centro de Avalia\u00e7\u00e3o e Monitoramento dos atletas nos Jogos da Juventude - Orlando Gonzalez","robots":{"index":"index","follow":"follow","max-snippet":"max-snippet:-1","max-image-preview":"max-image-preview:large","max-video-preview":"max-video-preview:-1"},"canonical":"https:\/\/maringapost.com.br\/orlandogonzalez\/2022\/09\/08\/maringa-em-aracaju-cob-monta-centro-de-avaliacao-e-monitoramento-dos-atletas-nos-jogos-da-juventude\/","og_locale":"pt_BR","og_type":"article","og_title":"MARING\u00c1 - Em Aracaju, COB monta Centro de Avalia\u00e7\u00e3o e Monitoramento dos atletas nos Jogos da Juventude","og_description":"A assinatura \u201cDesenvolvendo campe\u00f5es\u201d que os Jogos da Juventude carregam \u00e9 mais que um lema. Em busca da excel\u00eancia e de processos que sustentem a forma\u00e7\u00e3o de atletas de alto rendimento no pa\u00eds, o Comit\u00ea Ol\u00edmpico do Brasil (COB) montou no Centro de Conven\u00e7\u00f5es de Aracaju, em paralelo \u00e0s competi\u00e7\u00f5es, o Centro de Avalia\u00e7\u00e3o e [&hellip;]","og_url":"https:\/\/maringapost.com.br\/orlandogonzalez\/2022\/09\/08\/maringa-em-aracaju-cob-monta-centro-de-avaliacao-e-monitoramento-dos-atletas-nos-jogos-da-juventude\/","og_site_name":"Orlando Gonzalez","article_author":"https:\/\/www.facebook.com\/profile.php?id=100011095815065","article_published_time":"2022-09-08T10:07:46+00:00","og_image":[{"width":600,"height":399,"url":"https:\/\/maringapost.com.br\/orlandogonzalez\/wp-content\/uploads\/sites\/17\/2022\/09\/atletas.jpg","type":"image\/jpeg"}],"author":"Orlando Gonzalez","twitter_card":"summary_large_image","twitter_creator":"@gonzalezorlando","twitter_misc":{"Escrito por":false,"Est. tempo de leitura":"7 minutos"},"schema":{"@context":"https:\/\/schema.org","@graph":[{"@type":"WebPage","@id":"https:\/\/maringapost.com.br\/orlandogonzalez\/2022\/09\/08\/maringa-em-aracaju-cob-monta-centro-de-avaliacao-e-monitoramento-dos-atletas-nos-jogos-da-juventude\/","url":"https:\/\/maringapost.com.br\/orlandogonzalez\/2022\/09\/08\/maringa-em-aracaju-cob-monta-centro-de-avaliacao-e-monitoramento-dos-atletas-nos-jogos-da-juventude\/","name":"MARING\u00c1 - Em Aracaju, COB monta Centro de Avalia\u00e7\u00e3o e Monitoramento dos atletas nos Jogos da Juventude - Orlando Gonzalez","isPartOf":{"@id":"https:\/\/maringapost.com.br\/orlandogonzalez\/#website"},"primaryImageOfPage":{"@id":"https:\/\/maringapost.com.br\/orlandogonzalez\/2022\/09\/08\/maringa-em-aracaju-cob-monta-centro-de-avaliacao-e-monitoramento-dos-atletas-nos-jogos-da-juventude\/#primaryimage"},"image":{"@id":"https:\/\/maringapost.com.br\/orlandogonzalez\/2022\/09\/08\/maringa-em-aracaju-cob-monta-centro-de-avaliacao-e-monitoramento-dos-atletas-nos-jogos-da-juventude\/#primaryimage"},"thumbnailUrl":"https:\/\/maringapost.com.br\/orlandogonzalez\/wp-content\/uploads\/sites\/17\/2022\/09\/atletas.jpg","datePublished":"2022-09-08T10:07:46+00:00","dateModified":"2022-09-08T10:07:46+00:00","author":{"@id":"https:\/\/maringapost.com.br\/orlandogonzalez\/#\/schema\/person\/5cbe6257d08edea6afc9ebaa613b0633"},"inLanguage":"pt-BR","potentialAction":[{"@type":"ReadAction","target":["https:\/\/maringapost.com.br\/orlandogonzalez\/2022\/09\/08\/maringa-em-aracaju-cob-monta-centro-de-avaliacao-e-monitoramento-dos-atletas-nos-jogos-da-juventude\/"]}]},{"@type":"ImageObject","inLanguage":"pt-BR","@id":"https:\/\/maringapost.com.br\/orlandogonzalez\/2022\/09\/08\/maringa-em-aracaju-cob-monta-centro-de-avaliacao-e-monitoramento-dos-atletas-nos-jogos-da-juventude\/#primaryimage","url":"https:\/\/maringapost.com.br\/orlandogonzalez\/wp-content\/uploads\/sites\/17\/2022\/09\/atletas.jpg","contentUrl":"https:\/\/maringapost.com.br\/orlandogonzalez\/wp-content\/uploads\/sites\/17\/2022\/09\/atletas.jpg","width":600,"height":399},{"@type":"WebSite","@id":"https:\/\/maringapost.com.br\/orlandogonzalez\/#website","url":"https:\/\/maringapost.com.br\/orlandogonzalez\/","name":"Orlando Gonzalez","description":"Destaca o esporte de Maring\u00e1! Destaca o esporte do Paran\u00e1! Destaca o esporte do Brasil!","potentialAction":[{"@type":"SearchAction","target":{"@type":"EntryPoint","urlTemplate":"https:\/\/maringapost.com.br\/orlandogonzalez\/?s={search_term_string}"},"query-input":"required name=search_term_string"}],"inLanguage":"pt-BR"},{"@type":"Person","@id":"https:\/\/maringapost.com.br\/orlandogonzalez\/#\/schema\/person\/5cbe6257d08edea6afc9ebaa613b0633","name":"Orlando Gonzalez","image":{"@type":"ImageObject","inLanguage":"pt-BR","@id":"https:\/\/maringapost.com.br\/orlandogonzalez\/#\/schema\/person\/image\/","url":"https:\/\/secure.gravatar.com\/avatar\/ecef9d1c9afe5ebdafadde8369065ba5?s=96&d=mm&r=g","contentUrl":"https:\/\/secure.gravatar.com\/avatar\/ecef9d1c9afe5ebdafadde8369065ba5?s=96&d=mm&r=g","caption":"Orlando Gonzalez"},"description":"H\u00e1 29 anos na cobertura do esporte de Maring\u00e1. Plant\u00e3o e narrador esportivo. Presta\u00e7\u00e3o de assessoria de imprensa esportiva, cobertura e transmiss\u00f5es ao vivo de eventos esportivos. E-mail: orlandogonzalez.assessoria@gmail.com WhatsApp: (44) 9 9126-6119","sameAs":["http:\/\/www.radiomaringa.com.br\/","https:\/\/www.facebook.com\/profile.php?id=100011095815065","https:\/\/www.instagram.com\/orlandomgonzalez\/","https:\/\/br.pinterest.com\/ogonzalez0530\/","https:\/\/x.com\/gonzalezorlando","https:\/\/www.youtube.com\/channel\/UCvFpl55btth8wjnKiSS1ibA","https:\/\/radiomaringaweb.tumblr.com\/"],"url":"https:\/\/maringapost.com.br\/orlandogonzalez\/author\/orlando\/"}]}},"_links":{"self":[{"href":"https:\/\/maringapost.com.br\/orlandogonzalez\/wp-json\/wp\/v2\/posts\/55567"}],"collection":[{"href":"https:\/\/maringapost.com.br\/orlandogonzalez\/wp-json\/wp\/v2\/posts"}],"about":[{"href":"https:\/\/maringapost.com.br\/orlandogonzalez\/wp-json\/wp\/v2\/types\/post"}],"author":[{"embeddable":true,"href":"https:\/\/maringapost.com.br\/orlandogonzalez\/wp-json\/wp\/v2\/users\/6307"}],"replies":[{"embeddable":true,"href":"https:\/\/maringapost.com.br\/orlandogonzalez\/wp-json\/wp\/v2\/comments?post=55567"}],"version-history":[{"count":1,"href":"https:\/\/maringapost.com.br\/orlandogonzalez\/wp-json\/wp\/v2\/posts\/55567\/revisions"}],"predecessor-version":[{"id":55569,"href":"https:\/\/maringapost.com.br\/orlandogonzalez\/wp-json\/wp\/v2\/posts\/55567\/revisions\/55569"}],"wp:featuredmedia":[{"embeddable":true,"href":"https:\/\/maringapost.com.br\/orlandogonzalez\/wp-json\/wp\/v2\/media\/55568"}],"wp:attachment":[{"href":"https:\/\/maringapost.com.br\/orlandogonzalez\/wp-json\/wp\/v2\/media?parent=55567"}],"wp:term":[{"taxonomy":"category","embeddable":true,"href":"https:\/\/maringapost.com.br\/orlandogonzalez\/wp-json\/wp\/v2\/categories?post=55567"},{"taxonomy":"post_tag","embeddable":true,"href":"https:\/\/maringapost.com.br\/orlandogonzalez\/wp-json\/wp\/v2\/tags?post=55567"}],"curies":[{"name":"wp","href":"https:\/\/api.w.org\/{rel}","templated":true}]}}