{"id":55561,"date":"2022-09-08T04:51:42","date_gmt":"2022-09-08T07:51:42","guid":{"rendered":"https:\/\/maringapost.com.br\/orlandogonzalez\/?p=55561"},"modified":"2022-09-08T04:51:42","modified_gmt":"2022-09-08T07:51:42","slug":"maringa-festa-nas-arquibancadas-no-primeiro-dia-do-taekwondo-nos-jogos-da-juventude","status":"publish","type":"post","link":"https:\/\/maringapost.com.br\/orlandogonzalez\/2022\/09\/08\/maringa-festa-nas-arquibancadas-no-primeiro-dia-do-taekwondo-nos-jogos-da-juventude\/","title":{"rendered":"MARING\u00c1 &#8211; Festa nas arquibancadas no primeiro dia do taekwondo nos Jogos da Juventude"},"content":{"rendered":"<p><span style=\"font-size: 24px\">O primeiro dia de disputas do taekwondo nos Jogos da Juventude \u2013 na quarta-feira apenas a categoria feminina \u2013 foi uma grande festa do esporte, com destaque para as torcidas dos estados. Enquanto as competidoras lutavam por medalhas, do lado de fora do tatame, nas arquibancadas, amigos, atletas de outras modalidades, parentes, se esgoelavam para ver quem cantava mais alto. Foi com a ajuda da torcida que Karen Eduarda, da Para\u00edba, acabou virando o placar a seu favor, derrotou sua oponente Marina Souza, de S\u00e3o Paulo, e conquistou a medalha de ouro na categoria at\u00e9 44kg. Enquanto ela, emocionada, abra\u00e7ava o seu treinador, ao seu redor ecoava o grito de \u201cUh, \u00e9 Para\u00edba!\u201d, \u201cUh, \u00e9 Para\u00edba!\u201d, cantado por pessoas tamb\u00e9m de outros estados do Nordeste \u2013 abra\u00e7ados \u00e0s respectivas bandeiras.<\/span><\/p>\n<p><span style=\"font-size: 24px\">\u201cA Karen, al\u00e9m de muito querida no meio do taekwondo, contou com essa forcinha a\u00ed, n\u00e9? Sabia que o Nordeste ia se unir e torcer por ela\u201d, afirmou o t\u00e9cnico da atleta, Tomaz Andr\u00e9.<\/span><\/p>\n<p><span style=\"font-size: 24px\">Outra luta que \u201cdividiu\u201d as arquibancadas foi entre Ana Graziely Farias, do Amap\u00e1, e Fernanda Morais, de S\u00e3o Paulo, na categoria at\u00e9 55kg. Diante de um combate muito equilibrado, paulistanos incentivavam Fernanda, mas a torcida do Amap\u00e1, engrossada por atletas do futsal, cantou alto e empurrou a conterr\u00e2nea Ana para a vit\u00f3ria.\u00a0<\/span><\/p>\n<p><span style=\"font-size: 24px\">\u201cBom, essa vit\u00f3ria foi fruto de muito esfor\u00e7o e for\u00e7a de vontade da minha parte. Mas a torcida tamb\u00e9m ajudou muito\u201d, disse Ana, mais uma atleta ovacionada pelos torcedores.<\/span><\/p>\n<p><span style=\"font-size: 24px\">Abaixo, as ganhadoras da medalha de ouro no primeiro dia de competi\u00e7\u00f5es do taekwondo:<\/span><\/p>\n<p><span style=\"font-size: 24px\">Karen Eduarda Monteiro (PB) \u2013 at\u00e9 44kg<\/span><\/p>\n<p><span style=\"font-size: 24px\">Ana J\u00falia Oliveira (SP) \u2013 at\u00e9 49kg<\/span><\/p>\n<p><span style=\"font-size: 24px\">Ana Graziely Farias (AP) \u2013 at\u00e9 55kg<\/span><\/p>\n<p><span style=\"font-size: 24px\">Maria Eduarda Casagrande (SC) \u2013 at\u00e9 63kg<\/span><\/p>\n<p><span style=\"font-size: 24px\">Vit\u00f3ria Oto dos Santos (SC) \u2013 + 63kg\u00a0<\/span><\/p>\n<p><span style=\"font-size: 24px\">(Texto: COB. Foto: Luiza Moraes\/COB)<\/span><\/p>\n","protected":false},"excerpt":{"rendered":"<p>O primeiro dia de disputas do taekwondo nos Jogos da Juventude \u2013 na quarta-feira apenas a categoria feminina \u2013 foi uma grande festa do esporte, com destaque para as torcidas dos estados. Enquanto as competidoras lutavam por medalhas, do lado de fora do tatame, nas arquibancadas, amigos, atletas de outras modalidades, parentes, se esgoelavam para [&hellip;]<\/p>\n","protected":false},"author":6307,"featured_media":55562,"comment_status":"open","ping_status":"open","sticky":false,"template":"","format":"standard","meta":{"_exactmetrics_skip_tracking":false,"_exactmetrics_sitenote_active":false,"_exactmetrics_sitenote_note":"","_exactmetrics_sitenote_category":0,"footnotes":""},"categories":[3089],"tags":[15227],"yoast_head":"<!-- This site is optimized with the Yoast SEO Premium plugin v22.7 (Yoast SEO v22.7) - https:\/\/yoast.com\/wordpress\/plugins\/seo\/ -->\n<title>MARING\u00c1 - Festa nas arquibancadas no primeiro dia do taekwondo nos Jogos da Juventude - Orlando Gonzalez<\/title>\n<meta name=\"robots\" content=\"index, follow, max-snippet:-1, max-image-preview:large, max-video-preview:-1\" \/>\n<link rel=\"canonical\" href=\"https:\/\/maringapost.com.br\/orlandogonzalez\/2022\/09\/08\/maringa-festa-nas-arquibancadas-no-primeiro-dia-do-taekwondo-nos-jogos-da-juventude\/\" \/>\n<meta property=\"og:locale\" content=\"pt_BR\" \/>\n<meta property=\"og:type\" content=\"article\" \/>\n<meta property=\"og:title\" content=\"MARING\u00c1 - Festa nas arquibancadas no primeiro dia do taekwondo nos Jogos da Juventude\" \/>\n<meta property=\"og:description\" content=\"O primeiro dia de disputas do taekwondo nos Jogos da Juventude \u2013 na quarta-feira apenas a categoria feminina \u2013 foi uma grande festa do esporte, com destaque para as torcidas dos estados. Enquanto as competidoras lutavam por medalhas, do lado de fora do tatame, nas arquibancadas, amigos, atletas de outras modalidades, parentes, se esgoelavam para [&hellip;]\" \/>\n<meta property=\"og:url\" content=\"https:\/\/maringapost.com.br\/orlandogonzalez\/2022\/09\/08\/maringa-festa-nas-arquibancadas-no-primeiro-dia-do-taekwondo-nos-jogos-da-juventude\/\" \/>\n<meta property=\"og:site_name\" content=\"Orlando Gonzalez\" \/>\n<meta property=\"article:author\" content=\"https:\/\/www.facebook.com\/profile.php?id=100011095815065\" \/>\n<meta property=\"article:published_time\" content=\"2022-09-08T07:51:42+00:00\" \/>\n<meta property=\"og:image\" content=\"https:\/\/maringapost.com.br\/orlandogonzalez\/wp-content\/uploads\/sites\/17\/2022\/09\/tae.jpg\" \/>\n\t<meta property=\"og:image:width\" content=\"1200\" \/>\n\t<meta property=\"og:image:height\" content=\"801\" \/>\n\t<meta property=\"og:image:type\" content=\"image\/jpeg\" \/>\n<meta name=\"author\" content=\"Orlando Gonzalez\" \/>\n<meta name=\"twitter:card\" content=\"summary_large_image\" \/>\n<meta name=\"twitter:creator\" content=\"@gonzalezorlando\" \/>\n<meta name=\"twitter:label1\" content=\"Escrito por\" \/>\n\t<meta name=\"twitter:data1\" content=\"\" \/>\n\t<meta name=\"twitter:label2\" content=\"Est. tempo de leitura\" \/>\n\t<meta name=\"twitter:data2\" content=\"2 minutos\" \/>\n<script type=\"application\/ld+json\" class=\"yoast-schema-graph\">{\"@context\":\"https:\/\/schema.org\",\"@graph\":[{\"@type\":\"WebPage\",\"@id\":\"https:\/\/maringapost.com.br\/orlandogonzalez\/2022\/09\/08\/maringa-festa-nas-arquibancadas-no-primeiro-dia-do-taekwondo-nos-jogos-da-juventude\/\",\"url\":\"https:\/\/maringapost.com.br\/orlandogonzalez\/2022\/09\/08\/maringa-festa-nas-arquibancadas-no-primeiro-dia-do-taekwondo-nos-jogos-da-juventude\/\",\"name\":\"MARING\u00c1 - Festa nas arquibancadas no primeiro dia do taekwondo nos Jogos da Juventude - Orlando Gonzalez\",\"isPartOf\":{\"@id\":\"https:\/\/maringapost.com.br\/orlandogonzalez\/#website\"},\"primaryImageOfPage\":{\"@id\":\"https:\/\/maringapost.com.br\/orlandogonzalez\/2022\/09\/08\/maringa-festa-nas-arquibancadas-no-primeiro-dia-do-taekwondo-nos-jogos-da-juventude\/#primaryimage\"},\"image\":{\"@id\":\"https:\/\/maringapost.com.br\/orlandogonzalez\/2022\/09\/08\/maringa-festa-nas-arquibancadas-no-primeiro-dia-do-taekwondo-nos-jogos-da-juventude\/#primaryimage\"},\"thumbnailUrl\":\"https:\/\/maringapost.com.br\/orlandogonzalez\/wp-content\/uploads\/sites\/17\/2022\/09\/tae.jpg\",\"datePublished\":\"2022-09-08T07:51:42+00:00\",\"dateModified\":\"2022-09-08T07:51:42+00:00\",\"author\":{\"@id\":\"https:\/\/maringapost.com.br\/orlandogonzalez\/#\/schema\/person\/5cbe6257d08edea6afc9ebaa613b0633\"},\"inLanguage\":\"pt-BR\",\"potentialAction\":[{\"@type\":\"ReadAction\",\"target\":[\"https:\/\/maringapost.com.br\/orlandogonzalez\/2022\/09\/08\/maringa-festa-nas-arquibancadas-no-primeiro-dia-do-taekwondo-nos-jogos-da-juventude\/\"]}]},{\"@type\":\"ImageObject\",\"inLanguage\":\"pt-BR\",\"@id\":\"https:\/\/maringapost.com.br\/orlandogonzalez\/2022\/09\/08\/maringa-festa-nas-arquibancadas-no-primeiro-dia-do-taekwondo-nos-jogos-da-juventude\/#primaryimage\",\"url\":\"https:\/\/maringapost.com.br\/orlandogonzalez\/wp-content\/uploads\/sites\/17\/2022\/09\/tae.jpg\",\"contentUrl\":\"https:\/\/maringapost.com.br\/orlandogonzalez\/wp-content\/uploads\/sites\/17\/2022\/09\/tae.jpg\",\"width\":1200,\"height\":801},{\"@type\":\"WebSite\",\"@id\":\"https:\/\/maringapost.com.br\/orlandogonzalez\/#website\",\"url\":\"https:\/\/maringapost.com.br\/orlandogonzalez\/\",\"name\":\"Orlando Gonzalez\",\"description\":\"Destaca o esporte de Maring\u00e1! Destaca o esporte do Paran\u00e1! Destaca o esporte do Brasil!\",\"potentialAction\":[{\"@type\":\"SearchAction\",\"target\":{\"@type\":\"EntryPoint\",\"urlTemplate\":\"https:\/\/maringapost.com.br\/orlandogonzalez\/?s={search_term_string}\"},\"query-input\":\"required name=search_term_string\"}],\"inLanguage\":\"pt-BR\"},{\"@type\":\"Person\",\"@id\":\"https:\/\/maringapost.com.br\/orlandogonzalez\/#\/schema\/person\/5cbe6257d08edea6afc9ebaa613b0633\",\"name\":\"Orlando Gonzalez\",\"image\":{\"@type\":\"ImageObject\",\"inLanguage\":\"pt-BR\",\"@id\":\"https:\/\/maringapost.com.br\/orlandogonzalez\/#\/schema\/person\/image\/\",\"url\":\"https:\/\/secure.gravatar.com\/avatar\/ecef9d1c9afe5ebdafadde8369065ba5?s=96&d=mm&r=g\",\"contentUrl\":\"https:\/\/secure.gravatar.com\/avatar\/ecef9d1c9afe5ebdafadde8369065ba5?s=96&d=mm&r=g\",\"caption\":\"Orlando Gonzalez\"},\"description\":\"H\u00e1 29 anos na cobertura do esporte de Maring\u00e1. Plant\u00e3o e narrador esportivo. Presta\u00e7\u00e3o de assessoria de imprensa esportiva, cobertura e transmiss\u00f5es ao vivo de eventos esportivos. E-mail: orlandogonzalez.assessoria@gmail.com WhatsApp: (44) 9 9126-6119\",\"sameAs\":[\"http:\/\/www.radiomaringa.com.br\/\",\"https:\/\/www.facebook.com\/profile.php?id=100011095815065\",\"https:\/\/www.instagram.com\/orlandomgonzalez\/\",\"https:\/\/br.pinterest.com\/ogonzalez0530\/\",\"https:\/\/x.com\/gonzalezorlando\",\"https:\/\/www.youtube.com\/channel\/UCvFpl55btth8wjnKiSS1ibA\",\"https:\/\/radiomaringaweb.tumblr.com\/\"],\"url\":\"https:\/\/maringapost.com.br\/orlandogonzalez\/author\/orlando\/\"}]}<\/script>\n<!-- \/ Yoast SEO Premium plugin. -->","yoast_head_json":{"title":"MARING\u00c1 - Festa nas arquibancadas no primeiro dia do taekwondo nos Jogos da Juventude - Orlando Gonzalez","robots":{"index":"index","follow":"follow","max-snippet":"max-snippet:-1","max-image-preview":"max-image-preview:large","max-video-preview":"max-video-preview:-1"},"canonical":"https:\/\/maringapost.com.br\/orlandogonzalez\/2022\/09\/08\/maringa-festa-nas-arquibancadas-no-primeiro-dia-do-taekwondo-nos-jogos-da-juventude\/","og_locale":"pt_BR","og_type":"article","og_title":"MARING\u00c1 - Festa nas arquibancadas no primeiro dia do taekwondo nos Jogos da Juventude","og_description":"O primeiro dia de disputas do taekwondo nos Jogos da Juventude \u2013 na quarta-feira apenas a categoria feminina \u2013 foi uma grande festa do esporte, com destaque para as torcidas dos estados. Enquanto as competidoras lutavam por medalhas, do lado de fora do tatame, nas arquibancadas, amigos, atletas de outras modalidades, parentes, se esgoelavam para [&hellip;]","og_url":"https:\/\/maringapost.com.br\/orlandogonzalez\/2022\/09\/08\/maringa-festa-nas-arquibancadas-no-primeiro-dia-do-taekwondo-nos-jogos-da-juventude\/","og_site_name":"Orlando Gonzalez","article_author":"https:\/\/www.facebook.com\/profile.php?id=100011095815065","article_published_time":"2022-09-08T07:51:42+00:00","og_image":[{"width":1200,"height":801,"url":"https:\/\/maringapost.com.br\/orlandogonzalez\/wp-content\/uploads\/sites\/17\/2022\/09\/tae.jpg","type":"image\/jpeg"}],"author":"Orlando Gonzalez","twitter_card":"summary_large_image","twitter_creator":"@gonzalezorlando","twitter_misc":{"Escrito por":false,"Est. tempo de leitura":"2 minutos"},"schema":{"@context":"https:\/\/schema.org","@graph":[{"@type":"WebPage","@id":"https:\/\/maringapost.com.br\/orlandogonzalez\/2022\/09\/08\/maringa-festa-nas-arquibancadas-no-primeiro-dia-do-taekwondo-nos-jogos-da-juventude\/","url":"https:\/\/maringapost.com.br\/orlandogonzalez\/2022\/09\/08\/maringa-festa-nas-arquibancadas-no-primeiro-dia-do-taekwondo-nos-jogos-da-juventude\/","name":"MARING\u00c1 - Festa nas arquibancadas no primeiro dia do taekwondo nos Jogos da Juventude - Orlando Gonzalez","isPartOf":{"@id":"https:\/\/maringapost.com.br\/orlandogonzalez\/#website"},"primaryImageOfPage":{"@id":"https:\/\/maringapost.com.br\/orlandogonzalez\/2022\/09\/08\/maringa-festa-nas-arquibancadas-no-primeiro-dia-do-taekwondo-nos-jogos-da-juventude\/#primaryimage"},"image":{"@id":"https:\/\/maringapost.com.br\/orlandogonzalez\/2022\/09\/08\/maringa-festa-nas-arquibancadas-no-primeiro-dia-do-taekwondo-nos-jogos-da-juventude\/#primaryimage"},"thumbnailUrl":"https:\/\/maringapost.com.br\/orlandogonzalez\/wp-content\/uploads\/sites\/17\/2022\/09\/tae.jpg","datePublished":"2022-09-08T07:51:42+00:00","dateModified":"2022-09-08T07:51:42+00:00","author":{"@id":"https:\/\/maringapost.com.br\/orlandogonzalez\/#\/schema\/person\/5cbe6257d08edea6afc9ebaa613b0633"},"inLanguage":"pt-BR","potentialAction":[{"@type":"ReadAction","target":["https:\/\/maringapost.com.br\/orlandogonzalez\/2022\/09\/08\/maringa-festa-nas-arquibancadas-no-primeiro-dia-do-taekwondo-nos-jogos-da-juventude\/"]}]},{"@type":"ImageObject","inLanguage":"pt-BR","@id":"https:\/\/maringapost.com.br\/orlandogonzalez\/2022\/09\/08\/maringa-festa-nas-arquibancadas-no-primeiro-dia-do-taekwondo-nos-jogos-da-juventude\/#primaryimage","url":"https:\/\/maringapost.com.br\/orlandogonzalez\/wp-content\/uploads\/sites\/17\/2022\/09\/tae.jpg","contentUrl":"https:\/\/maringapost.com.br\/orlandogonzalez\/wp-content\/uploads\/sites\/17\/2022\/09\/tae.jpg","width":1200,"height":801},{"@type":"WebSite","@id":"https:\/\/maringapost.com.br\/orlandogonzalez\/#website","url":"https:\/\/maringapost.com.br\/orlandogonzalez\/","name":"Orlando Gonzalez","description":"Destaca o esporte de Maring\u00e1! Destaca o esporte do Paran\u00e1! Destaca o esporte do Brasil!","potentialAction":[{"@type":"SearchAction","target":{"@type":"EntryPoint","urlTemplate":"https:\/\/maringapost.com.br\/orlandogonzalez\/?s={search_term_string}"},"query-input":"required name=search_term_string"}],"inLanguage":"pt-BR"},{"@type":"Person","@id":"https:\/\/maringapost.com.br\/orlandogonzalez\/#\/schema\/person\/5cbe6257d08edea6afc9ebaa613b0633","name":"Orlando Gonzalez","image":{"@type":"ImageObject","inLanguage":"pt-BR","@id":"https:\/\/maringapost.com.br\/orlandogonzalez\/#\/schema\/person\/image\/","url":"https:\/\/secure.gravatar.com\/avatar\/ecef9d1c9afe5ebdafadde8369065ba5?s=96&d=mm&r=g","contentUrl":"https:\/\/secure.gravatar.com\/avatar\/ecef9d1c9afe5ebdafadde8369065ba5?s=96&d=mm&r=g","caption":"Orlando Gonzalez"},"description":"H\u00e1 29 anos na cobertura do esporte de Maring\u00e1. Plant\u00e3o e narrador esportivo. Presta\u00e7\u00e3o de assessoria de imprensa esportiva, cobertura e transmiss\u00f5es ao vivo de eventos esportivos. E-mail: orlandogonzalez.assessoria@gmail.com WhatsApp: (44) 9 9126-6119","sameAs":["http:\/\/www.radiomaringa.com.br\/","https:\/\/www.facebook.com\/profile.php?id=100011095815065","https:\/\/www.instagram.com\/orlandomgonzalez\/","https:\/\/br.pinterest.com\/ogonzalez0530\/","https:\/\/x.com\/gonzalezorlando","https:\/\/www.youtube.com\/channel\/UCvFpl55btth8wjnKiSS1ibA","https:\/\/radiomaringaweb.tumblr.com\/"],"url":"https:\/\/maringapost.com.br\/orlandogonzalez\/author\/orlando\/"}]}},"_links":{"self":[{"href":"https:\/\/maringapost.com.br\/orlandogonzalez\/wp-json\/wp\/v2\/posts\/55561"}],"collection":[{"href":"https:\/\/maringapost.com.br\/orlandogonzalez\/wp-json\/wp\/v2\/posts"}],"about":[{"href":"https:\/\/maringapost.com.br\/orlandogonzalez\/wp-json\/wp\/v2\/types\/post"}],"author":[{"embeddable":true,"href":"https:\/\/maringapost.com.br\/orlandogonzalez\/wp-json\/wp\/v2\/users\/6307"}],"replies":[{"embeddable":true,"href":"https:\/\/maringapost.com.br\/orlandogonzalez\/wp-json\/wp\/v2\/comments?post=55561"}],"version-history":[{"count":1,"href":"https:\/\/maringapost.com.br\/orlandogonzalez\/wp-json\/wp\/v2\/posts\/55561\/revisions"}],"predecessor-version":[{"id":55563,"href":"https:\/\/maringapost.com.br\/orlandogonzalez\/wp-json\/wp\/v2\/posts\/55561\/revisions\/55563"}],"wp:featuredmedia":[{"embeddable":true,"href":"https:\/\/maringapost.com.br\/orlandogonzalez\/wp-json\/wp\/v2\/media\/55562"}],"wp:attachment":[{"href":"https:\/\/maringapost.com.br\/orlandogonzalez\/wp-json\/wp\/v2\/media?parent=55561"}],"wp:term":[{"taxonomy":"category","embeddable":true,"href":"https:\/\/maringapost.com.br\/orlandogonzalez\/wp-json\/wp\/v2\/categories?post=55561"},{"taxonomy":"post_tag","embeddable":true,"href":"https:\/\/maringapost.com.br\/orlandogonzalez\/wp-json\/wp\/v2\/tags?post=55561"}],"curies":[{"name":"wp","href":"https:\/\/api.w.org\/{rel}","templated":true}]}}