{"id":55523,"date":"2022-09-05T22:19:43","date_gmt":"2022-09-06T01:19:43","guid":{"rendered":"https:\/\/maringapost.com.br\/orlandogonzalez\/?p=55523"},"modified":"2022-09-05T22:19:43","modified_gmt":"2022-09-06T01:19:43","slug":"maringa-formula-truck-abre-a-programacao-da-5a-etapa","status":"publish","type":"post","link":"https:\/\/maringapost.com.br\/orlandogonzalez\/2022\/09\/05\/maringa-formula-truck-abre-a-programacao-da-5a-etapa\/","title":{"rendered":"MARING\u00c1 &#8211; F\u00f3rmula Truck abre a programa\u00e7\u00e3o da 5\u00aa etapa"},"content":{"rendered":"<p><span style=\"font-size: x-large\">\u00a0A F\u00f3rmula Truck abre nesta ter\u00e7a-feira (6) a programa\u00e7\u00e3o da 5\u00aa etapa da temporada no Aut\u00f3dromo de Interlagos. Pela primeira fez a prova da categoria ser\u00e1 disputada no meio de semana. As duas provas da 5\u00aa etapa ser\u00e3o nesta quarta-feira, feriado de 7 de Setembro.<\/span><\/p>\n<p><span style=\"font-size: x-large\">Interlagos abre a segunda parte da temporada tendo a expectativa da estreia de quatro competidores. A etapa paulista tamb\u00e9m tem como atra\u00e7\u00e3o o show de manobras de Eduardo \u201cMacarr\u00e3o\u201d Fr\u00e1guas, que est\u00e1 de volta a Interlagos, palco onde j\u00e1 realizou muitos shows e tamb\u00e9m participou de provas. Em 2003 ele demonstrou muito sangue frio, quando o caminh\u00e3o que pilota na antiga F\u00f3rmula Truck pegou fogo. Ele cruzou toda a reta com o b\u00f3lido em chamas e no final da reta, j\u00e1 com a cabina tomada pelo fogo, levou o caminh\u00e3o para a \u00e1rea de escape e simplesmente abriu a porta e pulou fora, protagonizando uma cena digna dos melhores filmes de a\u00e7\u00e3o. \u201cConvido os f\u00e1s para estarem em Interlagos neste 7 de Setembro, que vou fazer um dos meus melhores shows de minha vida. Aqueles que desejarem sentir um pouco das emo\u00e7\u00f5es, poder\u00e3o estar comigo na cabine\u201d, acentua Macarr\u00e3o.<\/span><\/p>\n<p><span style=\"font-size: x-large\">\u00a0\u00a0\u00a0\u00a0\u00a0\u00a0\u00a0\u00a0\u00a0\u00a0\u00a0\u00a0\u00a0\u00a0\u00a0\u00a0\u00a0\u00a0\u00a0<strong>Programa\u00e7\u00e3o<\/strong><\/span><\/p>\n<p><span style=\"font-size: x-large\">Toda a programa\u00e7\u00e3o da 5\u00aa etapa da F\u00f3rmula Truck ser\u00e1 desenvolvida nesta ter\u00e7a e quarta-feira. Tamb\u00e9m far\u00e1 parte da programa\u00e7\u00e3o a Gold Classic e o Brasileiro de Turismo 1.4.<\/span><\/p>\n<p><span style=\"font-size: x-large\">Nesta ter\u00e7a-feira, a F\u00f3rmula Truck ter\u00e1 tr\u00eas treinos livres, que ser\u00e3o realizados das 9h20 \u00e0s 10 horas, das 11h40 \u00e0s 12h20 e das 14 \u00e0s 14h40. O treino classificat\u00f3rios ser\u00e1 realizado das 16h10 \u00e0s 16h50.<\/span><\/p>\n<p><span style=\"font-size: x-large\">Na quarta-feira, 7 de Setembro, a programa\u00e7\u00e3o da F\u00f3rmula Truck come\u00e7a com o warm up da s8h30 \u00e0s 9h10; das 13h20 \u00e0s 13h40, passeio Truck; e \u00e0s 15 horas, largada da corrida 1. A corrida 2 ser\u00e1 logo em seguida.<\/span><\/p>\n<p><span style=\"font-size: x-large\">\u00a0\u00a0\u00a0\u00a0\u00a0\u00a0\u00a0\u00a0\u00a0\u00a0\u00a0\u00a0\u00a0\u00a0\u00a0\u00a0\u00a0\u00a0\u00a0<strong>Ingressos<\/strong><\/span><\/p>\n<p><span style=\"font-size: x-large\">Os ingressos para a F\u00f3rmula Truck em Interlagos est\u00e3o \u00e0 venda pela internet pelo site\u00a0<a href=\"http:\/\/www.ingressorapido.com.br\/\" data-saferedirecturl=\"https:\/\/www.google.com\/url?q=http:\/\/www.ingressorapido.com.br\/&amp;source=gmail&amp;ust=1662512008614000&amp;usg=AOvVaw3myZReHipoNxK2eAwQVAqk\">www.ingressorapido.com.br<\/a>.<\/span><\/p>\n<p><span style=\"font-size: x-large\">As arquibancadas ter\u00e3o pre\u00e7os que v\u00e3o de R$ 25,00 a R$ 50,00, com taxas de encargos de R$ 2,50 a R$ 5,00. A meia entrada ter\u00e1 pre\u00e7o \u00fanico de R$ 25,00, com taxa de encargo de R$ 2,50. O ingresso de paddock custar\u00e1 R$ 150,00, com taxa de encargo de R$ 15,00 e para a \u00e1rea VIP, R$ 350,00, com taxa de encargo de R$ 35,00.<\/span><\/p>\n<p><span style=\"font-size: x-large\">A F\u00f3rmula Truck tem promo\u00e7\u00e3o e organiza\u00e7\u00e3o de Gilberto Hidalgo, supervis\u00e3o das federa\u00e7\u00f5es do Paran\u00e1, Rio Grande do Sul e S\u00e3o Paulo; patroc\u00ednio da JK Tyre e Silvercap, e apoio da Volparts, Meritor, Eckisiel e Platodiesel.<\/span><\/p>\n<p><span style=\"font-size: x-large\">\u00a0<\/span><\/p>\n<p><strong><span style=\"font-size: x-large\">Classifica\u00e7\u00e3o do Interestadual de F\u00f3rmula Truck ap\u00f3s tr\u00eas etapas<\/span><\/strong><\/p>\n<p><strong><span style=\"font-size: x-large\">Categoria Eletr\u00f4nico<\/span><\/strong><\/p>\n<p><span style=\"font-size: x-large\">1\u05bb\u00ba) Rog\u00e9rio Agostini (S\u00e3o Miguel do Oeste-SC), Mercedes-Benz, com 116 pontos<\/span><\/p>\n<p><span style=\"font-size: x-large\">2\u00ba) Jo\u00e3o Batista M. dos Santos Filho (Colombo-PR), Scania, 80<\/span><\/p>\n<p><span style=\"font-size: x-large\">3\u00ba) Dario Amaral (Pindamonhangaba-SP), Scania, 74<\/span><\/p>\n<p><span style=\"font-size: x-large\">4\u00ba)\u00a0\u00a0Jo\u00e3o Helder Mottin (Curitiba-PR), Prot\u00f3tipo, 73<\/span><\/p>\n<p><span style=\"font-size: x-large\">5\u00ba) \u00c1lvaro Bendo (Ermo-SC), Scania, 57<\/span><\/p>\n<p><span style=\"font-size: x-large\">6\u00ba) M\u00e1rcio Francisco da Rosa (Canoas-RS), Volvo, 54<\/span><\/p>\n<p><span style=\"font-size: x-large\">7\u00ba) Alex Vieira (Santos-SP), Prot\u00f3tipo, 48<\/span><\/p>\n<p><span style=\"font-size: x-large\">8\u00ba) Pedro Muffato (Cascavel-PR), Scania, 40<\/span><\/p>\n<p><span style=\"font-size: x-large\">9\u00ba) L\u00e9o Barramacher (Balne\u00e1rio Cambori\u00fa-SC), Volvo, 13<\/span><\/p>\n<p><span style=\"font-size: x-large\">10\u00ba) Jorge Maur\u00edcio \u201cFeio\u201d Ribeiro (Pelotas-RS), Scania, sem pontos<\/span><\/p>\n<p><span style=\"font-size: x-large\">\u00a0<\/span><\/p>\n<p><strong><span style=\"font-size: x-large\">Categoria Bomba Injetora<\/span><\/strong><\/p>\n<p><span style=\"font-size: x-large\">1\u00ba) M\u00e1rcio Rampon (Curitiba-PR), Scania, com 97 pontos<\/span><\/p>\n<p><span style=\"font-size: x-large\">2\u00ba) Lu\u00eds Paulo Rampon (Curitiba-PR), Scania, 84<\/span><\/p>\n<p><span style=\"font-size: x-large\">3\u00ba) T\u00falio Bendo (Ermo-SC), Scania, 74<\/span><\/p>\n<p><span style=\"font-size: x-large\">4\u00ba) Gilmar Mottin (Adrian\u00f3polis-PR), Volvo, 69<\/span><\/p>\n<p><span style=\"font-size: x-large\">5\u00ba) Geraldo Alves Lima (S\u00e3o Paulo-SP), Volkswagen, 61<\/span><\/p>\n<p><span style=\"font-size: x-large\">6\u00ba) Rafael Fleck (Porto Alegre-RS), Scania, 58<\/span><\/p>\n<p><span style=\"font-size: x-large\">7\u00ba) Camilo Daniel \u201cJ. Grillo\u201d Lovato (Almirante Tamandar\u00e9-PR), Scania, 43<\/span><\/p>\n<p><span style=\"font-size: x-large\">8\u00ba) Lazaro \u201cZetti\u201d Donizette (S\u00e3o Jo\u00e3o da Boa Vista-SP), Volkswagen, 41<\/span><\/p>\n<p><span style=\"font-size: x-large\">9\u00ba) Cl\u00e9ber Fonseca (Cascavel-PR), Ford, 34<\/span><\/p>\n<p><span style=\"font-size: x-large\">10\u00ba) Valter Oliveira (Guaruj\u00e1), Scania, 28<\/span><\/p>\n<p><span style=\"font-size: x-large\">11\u00ba) Felipe Fr\u00e1guas (Santos-SP), Volvo, 23<\/span><\/p>\n<p><span style=\"font-size: x-large\">12\u00ba) L\u00e9o Barramacher (Balne\u00e1rio Cambori\u00fa-SC), Volvo, 10<\/span><\/p>\n<p><span style=\"font-size: x-large\">13\u00ba) Jos\u00e9 Newton Ficagna (S\u00e3o Miguel do Igua\u00e7u-PR), Scania, 0<\/span><\/p>\n<p><span style=\"font-size: x-large\">\u00a0\u00a0\u00a0\u00a0\u00a0\u00a0\u00a0\u00a0Sidnei Alves (S\u00e3o Paulo-SP), Volvo, 0<\/span><\/p>\n<p><span style=\"font-size: x-large\">15\u00ba) Lisarb Benato (Canoas-RS), Scania, com 0 ponto<\/span><\/p>\n<p><span style=\"font-size: x-large\">\u00a0<\/span><\/p>\n<p><strong><span style=\"font-size: x-large\">Calend\u00e1rio da F\u00f3rmula Truck para 2022<\/span><\/strong><\/p>\n<p><strong><span style=\"font-size: x-large\">Etapas realizadas<\/span><\/strong><\/p>\n<p><span style=\"font-size: x-large\">6 de mar\u00e7o \u2013 Cascavel (PR)<\/span><\/p>\n<p><span style=\"font-size: x-large\">10 de abril \u2013 Guapor\u00e9 (RS)<\/span><\/p>\n<p><span style=\"font-size: x-large\">5 de junho \u2013 Rivera (Uruguai)<\/span><\/p>\n<p><span style=\"font-size: x-large\">14 de agosto \u2013 Cascavel (PR)<\/span><\/p>\n<p><strong><span style=\"font-size: x-large\">Pr\u00f3ximas etapas<\/span><\/strong><\/p>\n<p><span style=\"font-size: x-large\">7 de setembro \u2013 S\u00e3o Paulo (SP)<\/span><\/p>\n<p><span style=\"font-size: x-large\">9 de outubro \u2013 Guapor\u00e9 (RS)<\/span><\/p>\n<p><span style=\"font-size: x-large\">13 de novembro \u2013 Londrina (PR)<\/span><\/p>\n<p><span style=\"font-size: x-large\">4 de dezembro \u2013 Cascavel (PR)<\/span><\/p>\n<p><span style=\"font-size: x-large\">(Foto:\u00a0Vanderley Soares\/Divulga\u00e7\u00e3o)<\/span><\/p>\n","protected":false},"excerpt":{"rendered":"<p>\u00a0A F\u00f3rmula Truck abre nesta ter\u00e7a-feira (6) a programa\u00e7\u00e3o da 5\u00aa etapa da temporada no Aut\u00f3dromo de Interlagos. Pela primeira fez a prova da categoria ser\u00e1 disputada no meio de semana. As duas provas da 5\u00aa etapa ser\u00e3o nesta quarta-feira, feriado de 7 de Setembro. Interlagos abre a segunda parte da temporada tendo a expectativa [&hellip;]<\/p>\n","protected":false},"author":6307,"featured_media":55524,"comment_status":"open","ping_status":"open","sticky":false,"template":"","format":"standard","meta":{"_exactmetrics_skip_tracking":false,"_exactmetrics_sitenote_active":false,"_exactmetrics_sitenote_note":"","_exactmetrics_sitenote_category":0,"footnotes":""},"categories":[1267],"tags":[8910],"yoast_head":"<!-- This site is optimized with the Yoast SEO Premium plugin v22.7 (Yoast SEO v22.7) - https:\/\/yoast.com\/wordpress\/plugins\/seo\/ -->\n<title>MARING\u00c1 - F\u00f3rmula Truck abre a programa\u00e7\u00e3o da 5\u00aa etapa - Orlando Gonzalez<\/title>\n<meta name=\"robots\" content=\"index, follow, max-snippet:-1, max-image-preview:large, max-video-preview:-1\" \/>\n<link rel=\"canonical\" href=\"https:\/\/maringapost.com.br\/orlandogonzalez\/2022\/09\/05\/maringa-formula-truck-abre-a-programacao-da-5a-etapa\/\" \/>\n<meta property=\"og:locale\" content=\"pt_BR\" \/>\n<meta property=\"og:type\" content=\"article\" \/>\n<meta property=\"og:title\" content=\"MARING\u00c1 - F\u00f3rmula Truck abre a programa\u00e7\u00e3o da 5\u00aa etapa\" \/>\n<meta property=\"og:description\" content=\"\u00a0A F\u00f3rmula Truck abre nesta ter\u00e7a-feira (6) a programa\u00e7\u00e3o da 5\u00aa etapa da temporada no Aut\u00f3dromo de Interlagos. Pela primeira fez a prova da categoria ser\u00e1 disputada no meio de semana. As duas provas da 5\u00aa etapa ser\u00e3o nesta quarta-feira, feriado de 7 de Setembro. Interlagos abre a segunda parte da temporada tendo a expectativa [&hellip;]\" \/>\n<meta property=\"og:url\" content=\"https:\/\/maringapost.com.br\/orlandogonzalez\/2022\/09\/05\/maringa-formula-truck-abre-a-programacao-da-5a-etapa\/\" \/>\n<meta property=\"og:site_name\" content=\"Orlando Gonzalez\" \/>\n<meta property=\"article:author\" content=\"https:\/\/www.facebook.com\/profile.php?id=100011095815065\" \/>\n<meta property=\"article:published_time\" content=\"2022-09-06T01:19:43+00:00\" \/>\n<meta property=\"og:image\" content=\"https:\/\/maringapost.com.br\/orlandogonzalez\/wp-content\/uploads\/sites\/17\/2022\/09\/Macarrao01-Vanderley-Soares.jpg\" \/>\n\t<meta property=\"og:image:width\" content=\"1280\" \/>\n\t<meta property=\"og:image:height\" content=\"853\" \/>\n\t<meta property=\"og:image:type\" content=\"image\/jpeg\" \/>\n<meta name=\"author\" content=\"Orlando Gonzalez\" \/>\n<meta name=\"twitter:card\" content=\"summary_large_image\" \/>\n<meta name=\"twitter:creator\" content=\"@gonzalezorlando\" \/>\n<meta name=\"twitter:label1\" content=\"Escrito por\" \/>\n\t<meta name=\"twitter:data1\" content=\"\" \/>\n\t<meta name=\"twitter:label2\" content=\"Est. tempo de leitura\" \/>\n\t<meta name=\"twitter:data2\" content=\"4 minutos\" \/>\n<script type=\"application\/ld+json\" class=\"yoast-schema-graph\">{\"@context\":\"https:\/\/schema.org\",\"@graph\":[{\"@type\":\"WebPage\",\"@id\":\"https:\/\/maringapost.com.br\/orlandogonzalez\/2022\/09\/05\/maringa-formula-truck-abre-a-programacao-da-5a-etapa\/\",\"url\":\"https:\/\/maringapost.com.br\/orlandogonzalez\/2022\/09\/05\/maringa-formula-truck-abre-a-programacao-da-5a-etapa\/\",\"name\":\"MARING\u00c1 - F\u00f3rmula Truck abre a programa\u00e7\u00e3o da 5\u00aa etapa - Orlando Gonzalez\",\"isPartOf\":{\"@id\":\"https:\/\/maringapost.com.br\/orlandogonzalez\/#website\"},\"primaryImageOfPage\":{\"@id\":\"https:\/\/maringapost.com.br\/orlandogonzalez\/2022\/09\/05\/maringa-formula-truck-abre-a-programacao-da-5a-etapa\/#primaryimage\"},\"image\":{\"@id\":\"https:\/\/maringapost.com.br\/orlandogonzalez\/2022\/09\/05\/maringa-formula-truck-abre-a-programacao-da-5a-etapa\/#primaryimage\"},\"thumbnailUrl\":\"https:\/\/maringapost.com.br\/orlandogonzalez\/wp-content\/uploads\/sites\/17\/2022\/09\/Macarrao01-Vanderley-Soares.jpg\",\"datePublished\":\"2022-09-06T01:19:43+00:00\",\"dateModified\":\"2022-09-06T01:19:43+00:00\",\"author\":{\"@id\":\"https:\/\/maringapost.com.br\/orlandogonzalez\/#\/schema\/person\/5cbe6257d08edea6afc9ebaa613b0633\"},\"inLanguage\":\"pt-BR\",\"potentialAction\":[{\"@type\":\"ReadAction\",\"target\":[\"https:\/\/maringapost.com.br\/orlandogonzalez\/2022\/09\/05\/maringa-formula-truck-abre-a-programacao-da-5a-etapa\/\"]}]},{\"@type\":\"ImageObject\",\"inLanguage\":\"pt-BR\",\"@id\":\"https:\/\/maringapost.com.br\/orlandogonzalez\/2022\/09\/05\/maringa-formula-truck-abre-a-programacao-da-5a-etapa\/#primaryimage\",\"url\":\"https:\/\/maringapost.com.br\/orlandogonzalez\/wp-content\/uploads\/sites\/17\/2022\/09\/Macarrao01-Vanderley-Soares.jpg\",\"contentUrl\":\"https:\/\/maringapost.com.br\/orlandogonzalez\/wp-content\/uploads\/sites\/17\/2022\/09\/Macarrao01-Vanderley-Soares.jpg\",\"width\":1280,\"height\":853},{\"@type\":\"WebSite\",\"@id\":\"https:\/\/maringapost.com.br\/orlandogonzalez\/#website\",\"url\":\"https:\/\/maringapost.com.br\/orlandogonzalez\/\",\"name\":\"Orlando Gonzalez\",\"description\":\"Destaca o esporte de Maring\u00e1! Destaca o esporte do Paran\u00e1! Destaca o esporte do Brasil!\",\"potentialAction\":[{\"@type\":\"SearchAction\",\"target\":{\"@type\":\"EntryPoint\",\"urlTemplate\":\"https:\/\/maringapost.com.br\/orlandogonzalez\/?s={search_term_string}\"},\"query-input\":\"required name=search_term_string\"}],\"inLanguage\":\"pt-BR\"},{\"@type\":\"Person\",\"@id\":\"https:\/\/maringapost.com.br\/orlandogonzalez\/#\/schema\/person\/5cbe6257d08edea6afc9ebaa613b0633\",\"name\":\"Orlando Gonzalez\",\"image\":{\"@type\":\"ImageObject\",\"inLanguage\":\"pt-BR\",\"@id\":\"https:\/\/maringapost.com.br\/orlandogonzalez\/#\/schema\/person\/image\/\",\"url\":\"https:\/\/secure.gravatar.com\/avatar\/ecef9d1c9afe5ebdafadde8369065ba5?s=96&d=mm&r=g\",\"contentUrl\":\"https:\/\/secure.gravatar.com\/avatar\/ecef9d1c9afe5ebdafadde8369065ba5?s=96&d=mm&r=g\",\"caption\":\"Orlando Gonzalez\"},\"description\":\"H\u00e1 29 anos na cobertura do esporte de Maring\u00e1. Plant\u00e3o e narrador esportivo. Presta\u00e7\u00e3o de assessoria de imprensa esportiva, cobertura e transmiss\u00f5es ao vivo de eventos esportivos. E-mail: orlandogonzalez.assessoria@gmail.com WhatsApp: (44) 9 9126-6119\",\"sameAs\":[\"http:\/\/www.radiomaringa.com.br\/\",\"https:\/\/www.facebook.com\/profile.php?id=100011095815065\",\"https:\/\/www.instagram.com\/orlandomgonzalez\/\",\"https:\/\/br.pinterest.com\/ogonzalez0530\/\",\"https:\/\/x.com\/gonzalezorlando\",\"https:\/\/www.youtube.com\/channel\/UCvFpl55btth8wjnKiSS1ibA\",\"https:\/\/radiomaringaweb.tumblr.com\/\"],\"url\":\"https:\/\/maringapost.com.br\/orlandogonzalez\/author\/orlando\/\"}]}<\/script>\n<!-- \/ Yoast SEO Premium plugin. -->","yoast_head_json":{"title":"MARING\u00c1 - F\u00f3rmula Truck abre a programa\u00e7\u00e3o da 5\u00aa etapa - Orlando Gonzalez","robots":{"index":"index","follow":"follow","max-snippet":"max-snippet:-1","max-image-preview":"max-image-preview:large","max-video-preview":"max-video-preview:-1"},"canonical":"https:\/\/maringapost.com.br\/orlandogonzalez\/2022\/09\/05\/maringa-formula-truck-abre-a-programacao-da-5a-etapa\/","og_locale":"pt_BR","og_type":"article","og_title":"MARING\u00c1 - F\u00f3rmula Truck abre a programa\u00e7\u00e3o da 5\u00aa etapa","og_description":"\u00a0A F\u00f3rmula Truck abre nesta ter\u00e7a-feira (6) a programa\u00e7\u00e3o da 5\u00aa etapa da temporada no Aut\u00f3dromo de Interlagos. Pela primeira fez a prova da categoria ser\u00e1 disputada no meio de semana. As duas provas da 5\u00aa etapa ser\u00e3o nesta quarta-feira, feriado de 7 de Setembro. Interlagos abre a segunda parte da temporada tendo a expectativa [&hellip;]","og_url":"https:\/\/maringapost.com.br\/orlandogonzalez\/2022\/09\/05\/maringa-formula-truck-abre-a-programacao-da-5a-etapa\/","og_site_name":"Orlando Gonzalez","article_author":"https:\/\/www.facebook.com\/profile.php?id=100011095815065","article_published_time":"2022-09-06T01:19:43+00:00","og_image":[{"width":1280,"height":853,"url":"https:\/\/maringapost.com.br\/orlandogonzalez\/wp-content\/uploads\/sites\/17\/2022\/09\/Macarrao01-Vanderley-Soares.jpg","type":"image\/jpeg"}],"author":"Orlando Gonzalez","twitter_card":"summary_large_image","twitter_creator":"@gonzalezorlando","twitter_misc":{"Escrito por":false,"Est. tempo de leitura":"4 minutos"},"schema":{"@context":"https:\/\/schema.org","@graph":[{"@type":"WebPage","@id":"https:\/\/maringapost.com.br\/orlandogonzalez\/2022\/09\/05\/maringa-formula-truck-abre-a-programacao-da-5a-etapa\/","url":"https:\/\/maringapost.com.br\/orlandogonzalez\/2022\/09\/05\/maringa-formula-truck-abre-a-programacao-da-5a-etapa\/","name":"MARING\u00c1 - F\u00f3rmula Truck abre a programa\u00e7\u00e3o da 5\u00aa etapa - Orlando Gonzalez","isPartOf":{"@id":"https:\/\/maringapost.com.br\/orlandogonzalez\/#website"},"primaryImageOfPage":{"@id":"https:\/\/maringapost.com.br\/orlandogonzalez\/2022\/09\/05\/maringa-formula-truck-abre-a-programacao-da-5a-etapa\/#primaryimage"},"image":{"@id":"https:\/\/maringapost.com.br\/orlandogonzalez\/2022\/09\/05\/maringa-formula-truck-abre-a-programacao-da-5a-etapa\/#primaryimage"},"thumbnailUrl":"https:\/\/maringapost.com.br\/orlandogonzalez\/wp-content\/uploads\/sites\/17\/2022\/09\/Macarrao01-Vanderley-Soares.jpg","datePublished":"2022-09-06T01:19:43+00:00","dateModified":"2022-09-06T01:19:43+00:00","author":{"@id":"https:\/\/maringapost.com.br\/orlandogonzalez\/#\/schema\/person\/5cbe6257d08edea6afc9ebaa613b0633"},"inLanguage":"pt-BR","potentialAction":[{"@type":"ReadAction","target":["https:\/\/maringapost.com.br\/orlandogonzalez\/2022\/09\/05\/maringa-formula-truck-abre-a-programacao-da-5a-etapa\/"]}]},{"@type":"ImageObject","inLanguage":"pt-BR","@id":"https:\/\/maringapost.com.br\/orlandogonzalez\/2022\/09\/05\/maringa-formula-truck-abre-a-programacao-da-5a-etapa\/#primaryimage","url":"https:\/\/maringapost.com.br\/orlandogonzalez\/wp-content\/uploads\/sites\/17\/2022\/09\/Macarrao01-Vanderley-Soares.jpg","contentUrl":"https:\/\/maringapost.com.br\/orlandogonzalez\/wp-content\/uploads\/sites\/17\/2022\/09\/Macarrao01-Vanderley-Soares.jpg","width":1280,"height":853},{"@type":"WebSite","@id":"https:\/\/maringapost.com.br\/orlandogonzalez\/#website","url":"https:\/\/maringapost.com.br\/orlandogonzalez\/","name":"Orlando Gonzalez","description":"Destaca o esporte de Maring\u00e1! Destaca o esporte do Paran\u00e1! Destaca o esporte do Brasil!","potentialAction":[{"@type":"SearchAction","target":{"@type":"EntryPoint","urlTemplate":"https:\/\/maringapost.com.br\/orlandogonzalez\/?s={search_term_string}"},"query-input":"required name=search_term_string"}],"inLanguage":"pt-BR"},{"@type":"Person","@id":"https:\/\/maringapost.com.br\/orlandogonzalez\/#\/schema\/person\/5cbe6257d08edea6afc9ebaa613b0633","name":"Orlando Gonzalez","image":{"@type":"ImageObject","inLanguage":"pt-BR","@id":"https:\/\/maringapost.com.br\/orlandogonzalez\/#\/schema\/person\/image\/","url":"https:\/\/secure.gravatar.com\/avatar\/ecef9d1c9afe5ebdafadde8369065ba5?s=96&d=mm&r=g","contentUrl":"https:\/\/secure.gravatar.com\/avatar\/ecef9d1c9afe5ebdafadde8369065ba5?s=96&d=mm&r=g","caption":"Orlando Gonzalez"},"description":"H\u00e1 29 anos na cobertura do esporte de Maring\u00e1. Plant\u00e3o e narrador esportivo. Presta\u00e7\u00e3o de assessoria de imprensa esportiva, cobertura e transmiss\u00f5es ao vivo de eventos esportivos. E-mail: orlandogonzalez.assessoria@gmail.com WhatsApp: (44) 9 9126-6119","sameAs":["http:\/\/www.radiomaringa.com.br\/","https:\/\/www.facebook.com\/profile.php?id=100011095815065","https:\/\/www.instagram.com\/orlandomgonzalez\/","https:\/\/br.pinterest.com\/ogonzalez0530\/","https:\/\/x.com\/gonzalezorlando","https:\/\/www.youtube.com\/channel\/UCvFpl55btth8wjnKiSS1ibA","https:\/\/radiomaringaweb.tumblr.com\/"],"url":"https:\/\/maringapost.com.br\/orlandogonzalez\/author\/orlando\/"}]}},"_links":{"self":[{"href":"https:\/\/maringapost.com.br\/orlandogonzalez\/wp-json\/wp\/v2\/posts\/55523"}],"collection":[{"href":"https:\/\/maringapost.com.br\/orlandogonzalez\/wp-json\/wp\/v2\/posts"}],"about":[{"href":"https:\/\/maringapost.com.br\/orlandogonzalez\/wp-json\/wp\/v2\/types\/post"}],"author":[{"embeddable":true,"href":"https:\/\/maringapost.com.br\/orlandogonzalez\/wp-json\/wp\/v2\/users\/6307"}],"replies":[{"embeddable":true,"href":"https:\/\/maringapost.com.br\/orlandogonzalez\/wp-json\/wp\/v2\/comments?post=55523"}],"version-history":[{"count":1,"href":"https:\/\/maringapost.com.br\/orlandogonzalez\/wp-json\/wp\/v2\/posts\/55523\/revisions"}],"predecessor-version":[{"id":55525,"href":"https:\/\/maringapost.com.br\/orlandogonzalez\/wp-json\/wp\/v2\/posts\/55523\/revisions\/55525"}],"wp:featuredmedia":[{"embeddable":true,"href":"https:\/\/maringapost.com.br\/orlandogonzalez\/wp-json\/wp\/v2\/media\/55524"}],"wp:attachment":[{"href":"https:\/\/maringapost.com.br\/orlandogonzalez\/wp-json\/wp\/v2\/media?parent=55523"}],"wp:term":[{"taxonomy":"category","embeddable":true,"href":"https:\/\/maringapost.com.br\/orlandogonzalez\/wp-json\/wp\/v2\/categories?post=55523"},{"taxonomy":"post_tag","embeddable":true,"href":"https:\/\/maringapost.com.br\/orlandogonzalez\/wp-json\/wp\/v2\/tags?post=55523"}],"curies":[{"name":"wp","href":"https:\/\/api.w.org\/{rel}","templated":true}]}}