{"id":55511,"date":"2022-09-05T07:44:01","date_gmt":"2022-09-05T10:44:01","guid":{"rendered":"https:\/\/maringapost.com.br\/orlandogonzalez\/?p=55511"},"modified":"2022-09-05T07:52:06","modified_gmt":"2022-09-05T10:52:06","slug":"maringa-gemeas-de-15-anos-defendem-o-para-no-volei-de-praia-dos-jogos-de-aracaju","status":"publish","type":"post","link":"https:\/\/maringapost.com.br\/orlandogonzalez\/2022\/09\/05\/maringa-gemeas-de-15-anos-defendem-o-para-no-volei-de-praia-dos-jogos-de-aracaju\/","title":{"rendered":"MARING\u00c1- G\u00eameas de 15 anos defendem o Par\u00e1 no v\u00f4lei de praia dos Jogos de Aracaju"},"content":{"rendered":"<p><span style=\"font-size: 24px\">Chegar aos Jogos da Juventude e representar o estado de origem sempre \u00e9 um grande desafio para os atletas do Brasil. Conseguir isso ao lado da irm\u00e3 g\u00eamea \u00e9 algo ainda mais raro &#8211; e especial. Em 2022, quem pode se orgulhar desse feito s\u00e3o as irm\u00e3s Naeli e Naemi, de apenas 15 anos, do Par\u00e1.<\/span><\/p>\n<p><span style=\"font-size: 24px\">Naturais de Moju, cidade de cerca de 80 mil habitantes, que fica a 60km da capital da Par\u00e1, elas levaram a parceria da vida para as quadras de v\u00f4lei de praia. Mesmo que nem sempre a conviv\u00eancia nas areias seja 100% amistosa.\u00a0<\/span><\/p>\n<p><span style=\"font-size: 24px\">&#8220;Temos uma conex\u00e3o, que facilita muito. A gente sempre faz o nosso jogo, mas muitas vezes nos estressamos com a outra, j\u00e1 que somos irm\u00e3s, e isso \u00e9 um pouco chato. Ela \u00e9 muito cabe\u00e7a dura, a\u00ed batemos muita cabe\u00e7a com isso (risos). Mas a parceria d\u00e1 certo. Estamos compartindo essa viv\u00eancia juntas&#8221;, conta Naemi.\u00a0<\/span><\/p>\n<p><span style=\"font-size: 24px\">&#8220;\u00c9 dif\u00edcil, a gente fica cobrando. Eu conhe\u00e7o ela, \u00e9 minha irm\u00e3 e vou cobrar dela. \u00c9 dif\u00edcil jogar com uma irm\u00e3. Mas a parceria \u00e9 tudo&#8221;, falou Naeli.\u00a0<\/span><\/p>\n<p><span style=\"font-size: 24px\">Entre as dificuldades e benef\u00edcios de jogar ao lado da irm\u00e3 g\u00eamea, existe um sentimento em ambas que \u00e9 soberano: o orgulho por estarem nos Jogos da Juventude. Independentemente do resultado negativo &#8211; elas foram eliminadas neste domingo na primeira fase &#8211; isso \u00e9 algo que n\u00e3o muda.\u00a0<\/span><\/p>\n<p><span style=\"font-size: 24px\">&#8220;Estou orgulhosa de estarmos aqui hoje. N\u00e3o s\u00e3o todas meninas de 15 anos que conseguem chegar onde estamos. A gente passou por muita coisa pra chegar aqui. Estamos muito orgulhosas de estarmos aqui, mesmo com a derrota&#8221;, explica Naemi.\u00a0<\/span><\/p>\n<p><span style=\"font-size: 24px\">As duas treinam diariamente na quadra da escola onde estudam em Moju. Agora, o foco \u00e9 conseguir se preparar cada vez mais para repetir o feito de 2022 e retornar aos Jogos da Juventude.\u00a0<\/span><\/p>\n<p><span style=\"font-size: 24px\">&#8220;Sim, n\u00f3s queremos voltar e vamos conseguir fazer um papel melhor do que fizemos hoje. A gente treina das 17h \u00e0s 18h todos os dias, mas queremos treinar mais. Espero que tenha pr\u00f3ximas. Foi uma chance muito legal estar aqui&#8221;, completa Naeli.\u00a0<\/span><\/p>\n<p><span style=\"font-size: 24px\">(Texto: COB. Foto:\u00a0\u00a0\u00a0Alexandre Loureiro\/COB)<\/span><\/p>\n","protected":false},"excerpt":{"rendered":"<p>Chegar aos Jogos da Juventude e representar o estado de origem sempre \u00e9 um grande desafio para os atletas do Brasil. Conseguir isso ao lado da irm\u00e3 g\u00eamea \u00e9 algo ainda mais raro &#8211; e especial. Em 2022, quem pode se orgulhar desse feito s\u00e3o as irm\u00e3s Naeli e Naemi, de apenas 15 anos, do [&hellip;]<\/p>\n","protected":false},"author":6307,"featured_media":55512,"comment_status":"open","ping_status":"open","sticky":false,"template":"","format":"standard","meta":{"_exactmetrics_skip_tracking":false,"_exactmetrics_sitenote_active":false,"_exactmetrics_sitenote_note":"","_exactmetrics_sitenote_category":0,"footnotes":""},"categories":[3089],"tags":[15238],"yoast_head":"<!-- This site is optimized with the Yoast SEO Premium plugin v22.7 (Yoast SEO v22.7) - https:\/\/yoast.com\/wordpress\/plugins\/seo\/ -->\n<title>MARING\u00c1- G\u00eameas de 15 anos defendem o Par\u00e1 no v\u00f4lei de praia dos Jogos de Aracaju - Orlando Gonzalez<\/title>\n<meta name=\"robots\" content=\"index, follow, max-snippet:-1, max-image-preview:large, max-video-preview:-1\" \/>\n<link rel=\"canonical\" href=\"https:\/\/maringapost.com.br\/orlandogonzalez\/2022\/09\/05\/maringa-gemeas-de-15-anos-defendem-o-para-no-volei-de-praia-dos-jogos-de-aracaju\/\" \/>\n<meta property=\"og:locale\" content=\"pt_BR\" \/>\n<meta property=\"og:type\" content=\"article\" \/>\n<meta property=\"og:title\" content=\"MARING\u00c1- G\u00eameas de 15 anos defendem o Par\u00e1 no v\u00f4lei de praia dos Jogos de Aracaju\" \/>\n<meta property=\"og:description\" content=\"Chegar aos Jogos da Juventude e representar o estado de origem sempre \u00e9 um grande desafio para os atletas do Brasil. Conseguir isso ao lado da irm\u00e3 g\u00eamea \u00e9 algo ainda mais raro &#8211; e especial. Em 2022, quem pode se orgulhar desse feito s\u00e3o as irm\u00e3s Naeli e Naemi, de apenas 15 anos, do [&hellip;]\" \/>\n<meta property=\"og:url\" content=\"https:\/\/maringapost.com.br\/orlandogonzalez\/2022\/09\/05\/maringa-gemeas-de-15-anos-defendem-o-para-no-volei-de-praia-dos-jogos-de-aracaju\/\" \/>\n<meta property=\"og:site_name\" content=\"Orlando Gonzalez\" \/>\n<meta property=\"article:author\" content=\"https:\/\/www.facebook.com\/profile.php?id=100011095815065\" \/>\n<meta property=\"article:published_time\" content=\"2022-09-05T10:44:01+00:00\" \/>\n<meta property=\"article:modified_time\" content=\"2022-09-05T10:52:06+00:00\" \/>\n<meta property=\"og:image\" content=\"https:\/\/maringapost.com.br\/orlandogonzalez\/wp-content\/uploads\/sites\/17\/2022\/09\/gemeas.jpg\" \/>\n\t<meta property=\"og:image:width\" content=\"1200\" \/>\n\t<meta property=\"og:image:height\" content=\"799\" \/>\n\t<meta property=\"og:image:type\" content=\"image\/jpeg\" \/>\n<meta name=\"author\" content=\"Orlando Gonzalez\" \/>\n<meta name=\"twitter:card\" content=\"summary_large_image\" \/>\n<meta name=\"twitter:creator\" content=\"@gonzalezorlando\" \/>\n<meta name=\"twitter:label1\" content=\"Escrito por\" \/>\n\t<meta name=\"twitter:data1\" content=\"\" \/>\n\t<meta name=\"twitter:label2\" content=\"Est. tempo de leitura\" \/>\n\t<meta name=\"twitter:data2\" content=\"2 minutos\" \/>\n<script type=\"application\/ld+json\" class=\"yoast-schema-graph\">{\"@context\":\"https:\/\/schema.org\",\"@graph\":[{\"@type\":\"WebPage\",\"@id\":\"https:\/\/maringapost.com.br\/orlandogonzalez\/2022\/09\/05\/maringa-gemeas-de-15-anos-defendem-o-para-no-volei-de-praia-dos-jogos-de-aracaju\/\",\"url\":\"https:\/\/maringapost.com.br\/orlandogonzalez\/2022\/09\/05\/maringa-gemeas-de-15-anos-defendem-o-para-no-volei-de-praia-dos-jogos-de-aracaju\/\",\"name\":\"MARING\u00c1- G\u00eameas de 15 anos defendem o Par\u00e1 no v\u00f4lei de praia dos Jogos de Aracaju - Orlando Gonzalez\",\"isPartOf\":{\"@id\":\"https:\/\/maringapost.com.br\/orlandogonzalez\/#website\"},\"primaryImageOfPage\":{\"@id\":\"https:\/\/maringapost.com.br\/orlandogonzalez\/2022\/09\/05\/maringa-gemeas-de-15-anos-defendem-o-para-no-volei-de-praia-dos-jogos-de-aracaju\/#primaryimage\"},\"image\":{\"@id\":\"https:\/\/maringapost.com.br\/orlandogonzalez\/2022\/09\/05\/maringa-gemeas-de-15-anos-defendem-o-para-no-volei-de-praia-dos-jogos-de-aracaju\/#primaryimage\"},\"thumbnailUrl\":\"https:\/\/maringapost.com.br\/orlandogonzalez\/wp-content\/uploads\/sites\/17\/2022\/09\/gemeas.jpg\",\"datePublished\":\"2022-09-05T10:44:01+00:00\",\"dateModified\":\"2022-09-05T10:52:06+00:00\",\"author\":{\"@id\":\"https:\/\/maringapost.com.br\/orlandogonzalez\/#\/schema\/person\/5cbe6257d08edea6afc9ebaa613b0633\"},\"inLanguage\":\"pt-BR\",\"potentialAction\":[{\"@type\":\"ReadAction\",\"target\":[\"https:\/\/maringapost.com.br\/orlandogonzalez\/2022\/09\/05\/maringa-gemeas-de-15-anos-defendem-o-para-no-volei-de-praia-dos-jogos-de-aracaju\/\"]}]},{\"@type\":\"ImageObject\",\"inLanguage\":\"pt-BR\",\"@id\":\"https:\/\/maringapost.com.br\/orlandogonzalez\/2022\/09\/05\/maringa-gemeas-de-15-anos-defendem-o-para-no-volei-de-praia-dos-jogos-de-aracaju\/#primaryimage\",\"url\":\"https:\/\/maringapost.com.br\/orlandogonzalez\/wp-content\/uploads\/sites\/17\/2022\/09\/gemeas.jpg\",\"contentUrl\":\"https:\/\/maringapost.com.br\/orlandogonzalez\/wp-content\/uploads\/sites\/17\/2022\/09\/gemeas.jpg\",\"width\":1200,\"height\":799},{\"@type\":\"WebSite\",\"@id\":\"https:\/\/maringapost.com.br\/orlandogonzalez\/#website\",\"url\":\"https:\/\/maringapost.com.br\/orlandogonzalez\/\",\"name\":\"Orlando Gonzalez\",\"description\":\"Destaca o esporte de Maring\u00e1! Destaca o esporte do Paran\u00e1! Destaca o esporte do Brasil!\",\"potentialAction\":[{\"@type\":\"SearchAction\",\"target\":{\"@type\":\"EntryPoint\",\"urlTemplate\":\"https:\/\/maringapost.com.br\/orlandogonzalez\/?s={search_term_string}\"},\"query-input\":\"required name=search_term_string\"}],\"inLanguage\":\"pt-BR\"},{\"@type\":\"Person\",\"@id\":\"https:\/\/maringapost.com.br\/orlandogonzalez\/#\/schema\/person\/5cbe6257d08edea6afc9ebaa613b0633\",\"name\":\"Orlando Gonzalez\",\"image\":{\"@type\":\"ImageObject\",\"inLanguage\":\"pt-BR\",\"@id\":\"https:\/\/maringapost.com.br\/orlandogonzalez\/#\/schema\/person\/image\/\",\"url\":\"https:\/\/secure.gravatar.com\/avatar\/ecef9d1c9afe5ebdafadde8369065ba5?s=96&d=mm&r=g\",\"contentUrl\":\"https:\/\/secure.gravatar.com\/avatar\/ecef9d1c9afe5ebdafadde8369065ba5?s=96&d=mm&r=g\",\"caption\":\"Orlando Gonzalez\"},\"description\":\"H\u00e1 29 anos na cobertura do esporte de Maring\u00e1. Plant\u00e3o e narrador esportivo. Presta\u00e7\u00e3o de assessoria de imprensa esportiva, cobertura e transmiss\u00f5es ao vivo de eventos esportivos. E-mail: orlandogonzalez.assessoria@gmail.com WhatsApp: (44) 9 9126-6119\",\"sameAs\":[\"http:\/\/www.radiomaringa.com.br\/\",\"https:\/\/www.facebook.com\/profile.php?id=100011095815065\",\"https:\/\/www.instagram.com\/orlandomgonzalez\/\",\"https:\/\/br.pinterest.com\/ogonzalez0530\/\",\"https:\/\/x.com\/gonzalezorlando\",\"https:\/\/www.youtube.com\/channel\/UCvFpl55btth8wjnKiSS1ibA\",\"https:\/\/radiomaringaweb.tumblr.com\/\"],\"url\":\"https:\/\/maringapost.com.br\/orlandogonzalez\/author\/orlando\/\"}]}<\/script>\n<!-- \/ Yoast SEO Premium plugin. -->","yoast_head_json":{"title":"MARING\u00c1- G\u00eameas de 15 anos defendem o Par\u00e1 no v\u00f4lei de praia dos Jogos de Aracaju - Orlando Gonzalez","robots":{"index":"index","follow":"follow","max-snippet":"max-snippet:-1","max-image-preview":"max-image-preview:large","max-video-preview":"max-video-preview:-1"},"canonical":"https:\/\/maringapost.com.br\/orlandogonzalez\/2022\/09\/05\/maringa-gemeas-de-15-anos-defendem-o-para-no-volei-de-praia-dos-jogos-de-aracaju\/","og_locale":"pt_BR","og_type":"article","og_title":"MARING\u00c1- G\u00eameas de 15 anos defendem o Par\u00e1 no v\u00f4lei de praia dos Jogos de Aracaju","og_description":"Chegar aos Jogos da Juventude e representar o estado de origem sempre \u00e9 um grande desafio para os atletas do Brasil. Conseguir isso ao lado da irm\u00e3 g\u00eamea \u00e9 algo ainda mais raro &#8211; e especial. Em 2022, quem pode se orgulhar desse feito s\u00e3o as irm\u00e3s Naeli e Naemi, de apenas 15 anos, do [&hellip;]","og_url":"https:\/\/maringapost.com.br\/orlandogonzalez\/2022\/09\/05\/maringa-gemeas-de-15-anos-defendem-o-para-no-volei-de-praia-dos-jogos-de-aracaju\/","og_site_name":"Orlando Gonzalez","article_author":"https:\/\/www.facebook.com\/profile.php?id=100011095815065","article_published_time":"2022-09-05T10:44:01+00:00","article_modified_time":"2022-09-05T10:52:06+00:00","og_image":[{"width":1200,"height":799,"url":"https:\/\/maringapost.com.br\/orlandogonzalez\/wp-content\/uploads\/sites\/17\/2022\/09\/gemeas.jpg","type":"image\/jpeg"}],"author":"Orlando Gonzalez","twitter_card":"summary_large_image","twitter_creator":"@gonzalezorlando","twitter_misc":{"Escrito por":false,"Est. tempo de leitura":"2 minutos"},"schema":{"@context":"https:\/\/schema.org","@graph":[{"@type":"WebPage","@id":"https:\/\/maringapost.com.br\/orlandogonzalez\/2022\/09\/05\/maringa-gemeas-de-15-anos-defendem-o-para-no-volei-de-praia-dos-jogos-de-aracaju\/","url":"https:\/\/maringapost.com.br\/orlandogonzalez\/2022\/09\/05\/maringa-gemeas-de-15-anos-defendem-o-para-no-volei-de-praia-dos-jogos-de-aracaju\/","name":"MARING\u00c1- G\u00eameas de 15 anos defendem o Par\u00e1 no v\u00f4lei de praia dos Jogos de Aracaju - Orlando Gonzalez","isPartOf":{"@id":"https:\/\/maringapost.com.br\/orlandogonzalez\/#website"},"primaryImageOfPage":{"@id":"https:\/\/maringapost.com.br\/orlandogonzalez\/2022\/09\/05\/maringa-gemeas-de-15-anos-defendem-o-para-no-volei-de-praia-dos-jogos-de-aracaju\/#primaryimage"},"image":{"@id":"https:\/\/maringapost.com.br\/orlandogonzalez\/2022\/09\/05\/maringa-gemeas-de-15-anos-defendem-o-para-no-volei-de-praia-dos-jogos-de-aracaju\/#primaryimage"},"thumbnailUrl":"https:\/\/maringapost.com.br\/orlandogonzalez\/wp-content\/uploads\/sites\/17\/2022\/09\/gemeas.jpg","datePublished":"2022-09-05T10:44:01+00:00","dateModified":"2022-09-05T10:52:06+00:00","author":{"@id":"https:\/\/maringapost.com.br\/orlandogonzalez\/#\/schema\/person\/5cbe6257d08edea6afc9ebaa613b0633"},"inLanguage":"pt-BR","potentialAction":[{"@type":"ReadAction","target":["https:\/\/maringapost.com.br\/orlandogonzalez\/2022\/09\/05\/maringa-gemeas-de-15-anos-defendem-o-para-no-volei-de-praia-dos-jogos-de-aracaju\/"]}]},{"@type":"ImageObject","inLanguage":"pt-BR","@id":"https:\/\/maringapost.com.br\/orlandogonzalez\/2022\/09\/05\/maringa-gemeas-de-15-anos-defendem-o-para-no-volei-de-praia-dos-jogos-de-aracaju\/#primaryimage","url":"https:\/\/maringapost.com.br\/orlandogonzalez\/wp-content\/uploads\/sites\/17\/2022\/09\/gemeas.jpg","contentUrl":"https:\/\/maringapost.com.br\/orlandogonzalez\/wp-content\/uploads\/sites\/17\/2022\/09\/gemeas.jpg","width":1200,"height":799},{"@type":"WebSite","@id":"https:\/\/maringapost.com.br\/orlandogonzalez\/#website","url":"https:\/\/maringapost.com.br\/orlandogonzalez\/","name":"Orlando Gonzalez","description":"Destaca o esporte de Maring\u00e1! Destaca o esporte do Paran\u00e1! Destaca o esporte do Brasil!","potentialAction":[{"@type":"SearchAction","target":{"@type":"EntryPoint","urlTemplate":"https:\/\/maringapost.com.br\/orlandogonzalez\/?s={search_term_string}"},"query-input":"required name=search_term_string"}],"inLanguage":"pt-BR"},{"@type":"Person","@id":"https:\/\/maringapost.com.br\/orlandogonzalez\/#\/schema\/person\/5cbe6257d08edea6afc9ebaa613b0633","name":"Orlando Gonzalez","image":{"@type":"ImageObject","inLanguage":"pt-BR","@id":"https:\/\/maringapost.com.br\/orlandogonzalez\/#\/schema\/person\/image\/","url":"https:\/\/secure.gravatar.com\/avatar\/ecef9d1c9afe5ebdafadde8369065ba5?s=96&d=mm&r=g","contentUrl":"https:\/\/secure.gravatar.com\/avatar\/ecef9d1c9afe5ebdafadde8369065ba5?s=96&d=mm&r=g","caption":"Orlando Gonzalez"},"description":"H\u00e1 29 anos na cobertura do esporte de Maring\u00e1. Plant\u00e3o e narrador esportivo. Presta\u00e7\u00e3o de assessoria de imprensa esportiva, cobertura e transmiss\u00f5es ao vivo de eventos esportivos. E-mail: orlandogonzalez.assessoria@gmail.com WhatsApp: (44) 9 9126-6119","sameAs":["http:\/\/www.radiomaringa.com.br\/","https:\/\/www.facebook.com\/profile.php?id=100011095815065","https:\/\/www.instagram.com\/orlandomgonzalez\/","https:\/\/br.pinterest.com\/ogonzalez0530\/","https:\/\/x.com\/gonzalezorlando","https:\/\/www.youtube.com\/channel\/UCvFpl55btth8wjnKiSS1ibA","https:\/\/radiomaringaweb.tumblr.com\/"],"url":"https:\/\/maringapost.com.br\/orlandogonzalez\/author\/orlando\/"}]}},"_links":{"self":[{"href":"https:\/\/maringapost.com.br\/orlandogonzalez\/wp-json\/wp\/v2\/posts\/55511"}],"collection":[{"href":"https:\/\/maringapost.com.br\/orlandogonzalez\/wp-json\/wp\/v2\/posts"}],"about":[{"href":"https:\/\/maringapost.com.br\/orlandogonzalez\/wp-json\/wp\/v2\/types\/post"}],"author":[{"embeddable":true,"href":"https:\/\/maringapost.com.br\/orlandogonzalez\/wp-json\/wp\/v2\/users\/6307"}],"replies":[{"embeddable":true,"href":"https:\/\/maringapost.com.br\/orlandogonzalez\/wp-json\/wp\/v2\/comments?post=55511"}],"version-history":[{"count":1,"href":"https:\/\/maringapost.com.br\/orlandogonzalez\/wp-json\/wp\/v2\/posts\/55511\/revisions"}],"predecessor-version":[{"id":55513,"href":"https:\/\/maringapost.com.br\/orlandogonzalez\/wp-json\/wp\/v2\/posts\/55511\/revisions\/55513"}],"wp:featuredmedia":[{"embeddable":true,"href":"https:\/\/maringapost.com.br\/orlandogonzalez\/wp-json\/wp\/v2\/media\/55512"}],"wp:attachment":[{"href":"https:\/\/maringapost.com.br\/orlandogonzalez\/wp-json\/wp\/v2\/media?parent=55511"}],"wp:term":[{"taxonomy":"category","embeddable":true,"href":"https:\/\/maringapost.com.br\/orlandogonzalez\/wp-json\/wp\/v2\/categories?post=55511"},{"taxonomy":"post_tag","embeddable":true,"href":"https:\/\/maringapost.com.br\/orlandogonzalez\/wp-json\/wp\/v2\/tags?post=55511"}],"curies":[{"name":"wp","href":"https:\/\/api.w.org\/{rel}","templated":true}]}}