{"id":55229,"date":"2022-08-16T07:28:20","date_gmt":"2022-08-16T10:28:20","guid":{"rendered":"https:\/\/maringapost.com.br\/orlandogonzalez\/?p=55229"},"modified":"2022-08-16T07:28:20","modified_gmt":"2022-08-16T10:28:20","slug":"maringa-interlagos-recebera-etapa-copa-truck","status":"publish","type":"post","link":"https:\/\/maringapost.com.br\/orlandogonzalez\/2022\/08\/16\/maringa-interlagos-recebera-etapa-copa-truck\/","title":{"rendered":"MARING\u00c1 &#8211; Interlagos receber\u00e1 etapa Copa Truck"},"content":{"rendered":"<p>Interlagos volta a receber a Copa Truck em 2022. O encontro do pr\u00f3ximo domingo, 21 de agosto, vale pela sexta etapa da temporada. A largada para as duas corridas acontece \u00e0s 13h35 com transmiss\u00e3o ao vivo por Band, canais SporTV e pelo YouTube oficial da categoria. Na primeira ocasi\u00e3o em que a Copa Truck correu em Interlagos, pela terceira etapa, as vit\u00f3rias ficaram com Beto Monteiro e Wellington Cirino.<\/p>\n<p>O circuito de 4.309 metros \u00e9 o mais desafiador para os freios em toda a temporada, apresentando as maiores redu\u00e7\u00f5es de velocidade entre os aut\u00f3dromos que comp\u00f5em o calend\u00e1rio deste campeonato. Ap\u00f3s Interlagos, restar\u00e3o dois encontros \u2013 tr\u00eas etapas \u2013 para a decis\u00e3o do t\u00edtulo: uma etapa dupla na pista de Tarum\u00e3, em Viam\u00e3o (RS) nos dias 17 e 18 de setembro, e em Bras\u00edlia (DF) em 6 de novembro, valendo pela nona e \u00faltima etapa do ano.<\/p>\n<p>Enquanto os caminh\u00f5es mais r\u00e1pidos do mundo n\u00e3o entram na pista do aut\u00f3dromo paulistano, o campeonato tem a lideran\u00e7a de Wellington Cirino, da ASG Motorsport (Mercedes-Benz), com 164 pontos, apenas seis pontos \u00e0 frente do pernambucano Beto Monteiro, da R9 Competi\u00e7\u00f5es (Volkswagen). Felipe Giaffone, da Usual Racing (Iveco), \u00e9 o terceiro com 144, seguido por Paulo Salustiano (138) e D\u00e9bora Rodrigues (127) fechando os cinco maiores pontuadores da temporada at\u00e9 o momento.<\/p>\n<p>Das cinco etapas disputadas at\u00e9 agora, o l\u00edder Cirino foi o piloto que mais venceu corridas, com cinco vit\u00f3rias. Ele venceu ao menos uma corrida de cada etapa desta temporada \u2013 Santa Cruz do Sul (RS), Interlagos, Goi\u00e2nia e Londrina (PR). Paulo Salustiano, quarto colocado na tabela, venceu duas vezes \u2013 em Santa Cruz do Sul e Londrina -, enquanto Beto Monteiro, Roberval Andrade e Felipe Giaffone venceram uma corrida cada. Ainda assim, 37 pontos separam os cinco primeiros colocados, quando 40 pontos s\u00e3o colocados em jogo a cada etapa.<\/p>\n<p>Em uma pista na qual as pastilhas de freio fornecidas \u00e0 categoria pela Fras-le chegam a atingir quase 900\u00baC de temperatura sem preju\u00edzos de durabilidade, seguran\u00e7a e desempenho, as desacelera\u00e7\u00f5es s\u00e3o as maiores da temporada, especialmente em dois pontos: a aproxima\u00e7\u00e3o para o S do Senna, a primeira curva do tra\u00e7ado, que \u00e9 feita a 190 km\/h (isso depois da retomada ap\u00f3s os pilotos passarem obrigatoriamente a 160 km\/h no radar imposto pelo regulamento) e o piloto percorre 210 metros freando para contornar a primeira \u201cperna\u201d da curva a cerca de 60 km\/h; o segundo ponto \u00e9 a Curva do Lago, a quarta do circuito, na qual os pilotos acionam os freios a 200 km\/h e reduzem a velocidade para 90 km\/h em cinco segundos e 190 metros, apenas. Pontos que geralmente proporcionam boas oportunidades de ultrapassagem.<\/p>\n<p>Mas o circuito tamb\u00e9m representa outros desafios, como no trecho chamado de \u201cmiolo\u201d, e que compreende as curvas do Laranjinha, Pinheirinho, Bico de Pato, Mergulho e Jun\u00e7\u00e3o. \u201cS\u00e3o curvas de baixa velocidade e muito pr\u00f3ximas entre si, o que representa um desafio importante para a refrigera\u00e7\u00e3o dos componentes dos freios\u201d, aponta Roger Lusa dos Santos, engenheiro de aplica\u00e7\u00e3o da Fras-le, empresa que desde 2021 \u00e9 a fornecedora oficial das pastilhas de freio da Copa Truck, abastecendo todas as equipes da categoria.<\/p>\n<p>A programa\u00e7\u00e3o prev\u00ea tr\u00eas treinos livres \u2013 dois na sexta-feira e um no s\u00e1bado, dia em que tamb\u00e9m \u00e9 realizada a classifica\u00e7\u00e3o para defini\u00e7\u00e3o do grid de largada, \u00e0s 13 horas. No domingo, 21 de agosto, as largadas das duas provas acontecem \u00e0s 13h35 e 14h10, com invers\u00e3o din\u00e2mica dos primeiros colocados do grid. As provas ser\u00e3o mostradas pela Band, pelo SporTV e tamb\u00e9m pelo canal oficial da Copa Truck no YouTube.<\/p>\n<p>A Fras-le, maior fabricante de materiais de fric\u00e7\u00e3o da Am\u00e9rica Latina e um dos l\u00edderes mundiais, \u00e9 a fornecedora oficial de pastilhas de freio para a Copa Truck, proporcionando efici\u00eancia e seguran\u00e7a nas frenagens dos caminh\u00f5es mais r\u00e1pidos do planeta.<\/p>\n<p>Fala, piloto!<br \/>\n\u201cO S do Senna \u00e9 uma freada muito forte, onde o piloto precisa colocar mais for\u00e7a no pedal e tomar cuidado ao mesmo tempo para n\u00e3o bloquear as rodas. Na Curva do Lago \u00e9 parecido, mas chegando mais r\u00e1pido j\u00e1 que n\u00e3o tem o radar, e a temperatura sobe bastante tamb\u00e9m. Isso, junto das curvas do miolo do circuito, exige um conjunto de freio muito equilibrado. A distribui\u00e7\u00e3o da dianteira para a traseira tem de ser bem homog\u00eanea. Com as pastilhas que temos hoje, que foi um salto de qualidade e performance muito grande, os freios n\u00e3o apresentam mais nenhum tipo de desajuste. No meu caminh\u00e3o eu n\u00e3o uso \u00e1gua para o resfriamento, e desde a chegada da Fras-le, estes s\u00e3o os melhores freios que eu j\u00e1 tive em um caminh\u00e3o de corrida\u201d.<br \/>\n(Adalberto Jardim, AJ5 ECO Sports, Mercedes-Benz #5)<\/p>\n<p>A pista de Interlagos na vis\u00e3o da FRAS-LE<br \/>\n\u201cInterlagos exige bastante do sistema de freios. \u00c9 uma pista onde as velocidades s\u00e3o bem altas e o tra\u00e7ado \u00e9 um dos mais severos da temporada. Sem sombra de d\u00favidas, a freada fort\u00edssima da primeira curva vai exigir bastante aten\u00e7\u00e3o dos pilotos e o controle da temperatura usando tanto a refrigera\u00e7\u00e3o a \u00e1gua como a ventila\u00e7\u00e3o a ar ser\u00e3o essenciais para preservar mais o sistema como um todo. Em alguns trechos, a sequ\u00eancia de curvas traz pouca ventila\u00e7\u00e3o para os freios, ent\u00e3o \u00e9 um desafio enorme tanto para os pilotos como para n\u00f3s da Fras-le garantir a m\u00e1xima performance e durabilidade nessas condi\u00e7\u00f5es extremas\u201d.<br \/>\n(Roger Lusa dos Santos, Engenheiro de Aplica\u00e7\u00e3o da Fras-le)<\/p>\n<p>6\u00aa Etapa \u2013 Copa Truck 2022<br \/>\nS\u00c3O PAULO (SP)<br \/>\nAut\u00f3dromo Internacional Jos\u00e9 Carlos Pace<br \/>\nINTERLAGOS<br \/>\nExtens\u00e3o: 4.309 metros<br \/>\nSentido: anti-hor\u00e1rio<br \/>\nCurvas: 13 (4 \u00e0 direita e 9 \u00e0 esquerda)<\/p>\n<p>Inaugura\u00e7\u00e3o: 1940<br \/>\nPrevis\u00e3o clim\u00e1tica: M\u00ednima de 14\u00baC e M\u00e1xima de 18\u00baC no domingo (1), com tempo nublado e probabilidade de chuva.<\/p>\n<p>PROGRAMA\u00c7\u00c3O DA ETAPA:<br \/>\nSexta-feira, 19 de agosto<br \/>\n11h00 \u2013 Treino Livre 1<br \/>\n14h00 \u2013 Treinio Livre 2<br \/>\nS\u00e1bado, 20 de agosto<br \/>\n08h00 \u2013 Treino Livre 3<br \/>\n13h00 &#8211; Classifica\u00e7\u00e3o<br \/>\n*Transmiss\u00e3o ao vivo da sess\u00e3o classificat\u00f3ria pelo canal oficial da Copa Truck no YouTube<br \/>\nDomingo, 21 de agosto<br \/>\n08h20 \u2013 Warm-up<br \/>\n13h35 \u2013 Corrida 1<br \/>\n14h10 \u2013 Corrida 2<br \/>\n**Transmiss\u00e3o ao vivo das duas corridas nos canais Band e SporTV2, bem como no YouTube oficial da categoria.<\/p>\n<p>Classifica\u00e7\u00e3o do campeonato (Top-10):<br \/>\n1. Wellington Cirino, 164 pontos<br \/>\n2. Beto Monteiro, 158<br \/>\n3. Felipe Giaffone, 144<br \/>\n4. Paulo Salustiano, 138<br \/>\n5. D\u00e9bora Rodrigues, 127<br \/>\n6. Roberval Andrade, 120<br \/>\n7. Jaidson Zini, 91<br \/>\n8. Adalberto Jardim, 82<br \/>\n9. Luiz Lopes, 82<br \/>\n10. Regis Boessio, 46<\/p>\n<p>(Foto: Rafa Catelan\/P1 Media Relations)<\/p>\n","protected":false},"excerpt":{"rendered":"<p>Interlagos volta a receber a Copa Truck em 2022. O encontro do pr\u00f3ximo domingo, 21 de agosto, vale pela sexta etapa da temporada. A largada para as duas corridas acontece \u00e0s 13h35 com transmiss\u00e3o ao vivo por Band, canais SporTV e pelo YouTube oficial da categoria. Na primeira ocasi\u00e3o em que a Copa Truck correu [&hellip;]<\/p>\n","protected":false},"author":6307,"featured_media":55230,"comment_status":"open","ping_status":"open","sticky":false,"template":"","format":"standard","meta":{"_exactmetrics_skip_tracking":false,"_exactmetrics_sitenote_active":false,"_exactmetrics_sitenote_note":"","_exactmetrics_sitenote_category":0,"footnotes":""},"categories":[1267],"tags":[11533],"yoast_head":"<!-- This site is optimized with the Yoast SEO Premium plugin v22.7 (Yoast SEO v22.7) - https:\/\/yoast.com\/wordpress\/plugins\/seo\/ -->\n<title>MARING\u00c1 - Interlagos receber\u00e1 etapa Copa Truck - Orlando Gonzalez<\/title>\n<meta name=\"robots\" content=\"index, follow, max-snippet:-1, max-image-preview:large, max-video-preview:-1\" \/>\n<link rel=\"canonical\" href=\"https:\/\/maringapost.com.br\/orlandogonzalez\/2022\/08\/16\/maringa-interlagos-recebera-etapa-copa-truck\/\" \/>\n<meta property=\"og:locale\" content=\"pt_BR\" \/>\n<meta property=\"og:type\" content=\"article\" \/>\n<meta property=\"og:title\" content=\"MARING\u00c1 - Interlagos receber\u00e1 etapa Copa Truck\" \/>\n<meta property=\"og:description\" content=\"Interlagos volta a receber a Copa Truck em 2022. O encontro do pr\u00f3ximo domingo, 21 de agosto, vale pela sexta etapa da temporada. A largada para as duas corridas acontece \u00e0s 13h35 com transmiss\u00e3o ao vivo por Band, canais SporTV e pelo YouTube oficial da categoria. Na primeira ocasi\u00e3o em que a Copa Truck correu [&hellip;]\" \/>\n<meta property=\"og:url\" content=\"https:\/\/maringapost.com.br\/orlandogonzalez\/2022\/08\/16\/maringa-interlagos-recebera-etapa-copa-truck\/\" \/>\n<meta property=\"og:site_name\" content=\"Orlando Gonzalez\" \/>\n<meta property=\"article:author\" content=\"https:\/\/www.facebook.com\/profile.php?id=100011095815065\" \/>\n<meta property=\"article:published_time\" content=\"2022-08-16T10:28:20+00:00\" \/>\n<meta property=\"og:image\" content=\"https:\/\/maringapost.com.br\/orlandogonzalez\/wp-content\/uploads\/sites\/17\/2022\/08\/411155_1025746_52043605551_fc0216870b_o.jpg\" \/>\n\t<meta property=\"og:image:width\" content=\"1280\" \/>\n\t<meta property=\"og:image:height\" content=\"853\" \/>\n\t<meta property=\"og:image:type\" content=\"image\/jpeg\" \/>\n<meta name=\"author\" content=\"Orlando Gonzalez\" \/>\n<meta name=\"twitter:card\" content=\"summary_large_image\" \/>\n<meta name=\"twitter:creator\" content=\"@gonzalezorlando\" \/>\n<meta name=\"twitter:label1\" content=\"Escrito por\" \/>\n\t<meta name=\"twitter:data1\" content=\"\" \/>\n<script type=\"application\/ld+json\" class=\"yoast-schema-graph\">{\"@context\":\"https:\/\/schema.org\",\"@graph\":[{\"@type\":\"WebPage\",\"@id\":\"https:\/\/maringapost.com.br\/orlandogonzalez\/2022\/08\/16\/maringa-interlagos-recebera-etapa-copa-truck\/\",\"url\":\"https:\/\/maringapost.com.br\/orlandogonzalez\/2022\/08\/16\/maringa-interlagos-recebera-etapa-copa-truck\/\",\"name\":\"MARING\u00c1 - Interlagos receber\u00e1 etapa Copa Truck - Orlando Gonzalez\",\"isPartOf\":{\"@id\":\"https:\/\/maringapost.com.br\/orlandogonzalez\/#website\"},\"primaryImageOfPage\":{\"@id\":\"https:\/\/maringapost.com.br\/orlandogonzalez\/2022\/08\/16\/maringa-interlagos-recebera-etapa-copa-truck\/#primaryimage\"},\"image\":{\"@id\":\"https:\/\/maringapost.com.br\/orlandogonzalez\/2022\/08\/16\/maringa-interlagos-recebera-etapa-copa-truck\/#primaryimage\"},\"thumbnailUrl\":\"https:\/\/maringapost.com.br\/orlandogonzalez\/wp-content\/uploads\/sites\/17\/2022\/08\/411155_1025746_52043605551_fc0216870b_o.jpg\",\"datePublished\":\"2022-08-16T10:28:20+00:00\",\"dateModified\":\"2022-08-16T10:28:20+00:00\",\"author\":{\"@id\":\"https:\/\/maringapost.com.br\/orlandogonzalez\/#\/schema\/person\/5cbe6257d08edea6afc9ebaa613b0633\"},\"inLanguage\":\"pt-BR\",\"potentialAction\":[{\"@type\":\"ReadAction\",\"target\":[\"https:\/\/maringapost.com.br\/orlandogonzalez\/2022\/08\/16\/maringa-interlagos-recebera-etapa-copa-truck\/\"]}]},{\"@type\":\"ImageObject\",\"inLanguage\":\"pt-BR\",\"@id\":\"https:\/\/maringapost.com.br\/orlandogonzalez\/2022\/08\/16\/maringa-interlagos-recebera-etapa-copa-truck\/#primaryimage\",\"url\":\"https:\/\/maringapost.com.br\/orlandogonzalez\/wp-content\/uploads\/sites\/17\/2022\/08\/411155_1025746_52043605551_fc0216870b_o.jpg\",\"contentUrl\":\"https:\/\/maringapost.com.br\/orlandogonzalez\/wp-content\/uploads\/sites\/17\/2022\/08\/411155_1025746_52043605551_fc0216870b_o.jpg\",\"width\":1280,\"height\":853},{\"@type\":\"WebSite\",\"@id\":\"https:\/\/maringapost.com.br\/orlandogonzalez\/#website\",\"url\":\"https:\/\/maringapost.com.br\/orlandogonzalez\/\",\"name\":\"Orlando Gonzalez\",\"description\":\"Destaca o esporte de Maring\u00e1! Destaca o esporte do Paran\u00e1! Destaca o esporte do Brasil!\",\"potentialAction\":[{\"@type\":\"SearchAction\",\"target\":{\"@type\":\"EntryPoint\",\"urlTemplate\":\"https:\/\/maringapost.com.br\/orlandogonzalez\/?s={search_term_string}\"},\"query-input\":\"required name=search_term_string\"}],\"inLanguage\":\"pt-BR\"},{\"@type\":\"Person\",\"@id\":\"https:\/\/maringapost.com.br\/orlandogonzalez\/#\/schema\/person\/5cbe6257d08edea6afc9ebaa613b0633\",\"name\":\"Orlando Gonzalez\",\"image\":{\"@type\":\"ImageObject\",\"inLanguage\":\"pt-BR\",\"@id\":\"https:\/\/maringapost.com.br\/orlandogonzalez\/#\/schema\/person\/image\/\",\"url\":\"https:\/\/secure.gravatar.com\/avatar\/ecef9d1c9afe5ebdafadde8369065ba5?s=96&d=mm&r=g\",\"contentUrl\":\"https:\/\/secure.gravatar.com\/avatar\/ecef9d1c9afe5ebdafadde8369065ba5?s=96&d=mm&r=g\",\"caption\":\"Orlando Gonzalez\"},\"description\":\"H\u00e1 29 anos na cobertura do esporte de Maring\u00e1. Plant\u00e3o e narrador esportivo. Presta\u00e7\u00e3o de assessoria de imprensa esportiva, cobertura e transmiss\u00f5es ao vivo de eventos esportivos. E-mail: orlandogonzalez.assessoria@gmail.com WhatsApp: (44) 9 9126-6119\",\"sameAs\":[\"http:\/\/www.radiomaringa.com.br\/\",\"https:\/\/www.facebook.com\/profile.php?id=100011095815065\",\"https:\/\/www.instagram.com\/orlandomgonzalez\/\",\"https:\/\/br.pinterest.com\/ogonzalez0530\/\",\"https:\/\/x.com\/gonzalezorlando\",\"https:\/\/www.youtube.com\/channel\/UCvFpl55btth8wjnKiSS1ibA\",\"https:\/\/radiomaringaweb.tumblr.com\/\"],\"url\":\"https:\/\/maringapost.com.br\/orlandogonzalez\/author\/orlando\/\"}]}<\/script>\n<!-- \/ Yoast SEO Premium plugin. -->","yoast_head_json":{"title":"MARING\u00c1 - Interlagos receber\u00e1 etapa Copa Truck - Orlando Gonzalez","robots":{"index":"index","follow":"follow","max-snippet":"max-snippet:-1","max-image-preview":"max-image-preview:large","max-video-preview":"max-video-preview:-1"},"canonical":"https:\/\/maringapost.com.br\/orlandogonzalez\/2022\/08\/16\/maringa-interlagos-recebera-etapa-copa-truck\/","og_locale":"pt_BR","og_type":"article","og_title":"MARING\u00c1 - Interlagos receber\u00e1 etapa Copa Truck","og_description":"Interlagos volta a receber a Copa Truck em 2022. O encontro do pr\u00f3ximo domingo, 21 de agosto, vale pela sexta etapa da temporada. A largada para as duas corridas acontece \u00e0s 13h35 com transmiss\u00e3o ao vivo por Band, canais SporTV e pelo YouTube oficial da categoria. Na primeira ocasi\u00e3o em que a Copa Truck correu [&hellip;]","og_url":"https:\/\/maringapost.com.br\/orlandogonzalez\/2022\/08\/16\/maringa-interlagos-recebera-etapa-copa-truck\/","og_site_name":"Orlando Gonzalez","article_author":"https:\/\/www.facebook.com\/profile.php?id=100011095815065","article_published_time":"2022-08-16T10:28:20+00:00","og_image":[{"width":1280,"height":853,"url":"https:\/\/maringapost.com.br\/orlandogonzalez\/wp-content\/uploads\/sites\/17\/2022\/08\/411155_1025746_52043605551_fc0216870b_o.jpg","type":"image\/jpeg"}],"author":"Orlando Gonzalez","twitter_card":"summary_large_image","twitter_creator":"@gonzalezorlando","twitter_misc":{"Escrito por":false},"schema":{"@context":"https:\/\/schema.org","@graph":[{"@type":"WebPage","@id":"https:\/\/maringapost.com.br\/orlandogonzalez\/2022\/08\/16\/maringa-interlagos-recebera-etapa-copa-truck\/","url":"https:\/\/maringapost.com.br\/orlandogonzalez\/2022\/08\/16\/maringa-interlagos-recebera-etapa-copa-truck\/","name":"MARING\u00c1 - Interlagos receber\u00e1 etapa Copa Truck - Orlando Gonzalez","isPartOf":{"@id":"https:\/\/maringapost.com.br\/orlandogonzalez\/#website"},"primaryImageOfPage":{"@id":"https:\/\/maringapost.com.br\/orlandogonzalez\/2022\/08\/16\/maringa-interlagos-recebera-etapa-copa-truck\/#primaryimage"},"image":{"@id":"https:\/\/maringapost.com.br\/orlandogonzalez\/2022\/08\/16\/maringa-interlagos-recebera-etapa-copa-truck\/#primaryimage"},"thumbnailUrl":"https:\/\/maringapost.com.br\/orlandogonzalez\/wp-content\/uploads\/sites\/17\/2022\/08\/411155_1025746_52043605551_fc0216870b_o.jpg","datePublished":"2022-08-16T10:28:20+00:00","dateModified":"2022-08-16T10:28:20+00:00","author":{"@id":"https:\/\/maringapost.com.br\/orlandogonzalez\/#\/schema\/person\/5cbe6257d08edea6afc9ebaa613b0633"},"inLanguage":"pt-BR","potentialAction":[{"@type":"ReadAction","target":["https:\/\/maringapost.com.br\/orlandogonzalez\/2022\/08\/16\/maringa-interlagos-recebera-etapa-copa-truck\/"]}]},{"@type":"ImageObject","inLanguage":"pt-BR","@id":"https:\/\/maringapost.com.br\/orlandogonzalez\/2022\/08\/16\/maringa-interlagos-recebera-etapa-copa-truck\/#primaryimage","url":"https:\/\/maringapost.com.br\/orlandogonzalez\/wp-content\/uploads\/sites\/17\/2022\/08\/411155_1025746_52043605551_fc0216870b_o.jpg","contentUrl":"https:\/\/maringapost.com.br\/orlandogonzalez\/wp-content\/uploads\/sites\/17\/2022\/08\/411155_1025746_52043605551_fc0216870b_o.jpg","width":1280,"height":853},{"@type":"WebSite","@id":"https:\/\/maringapost.com.br\/orlandogonzalez\/#website","url":"https:\/\/maringapost.com.br\/orlandogonzalez\/","name":"Orlando Gonzalez","description":"Destaca o esporte de Maring\u00e1! Destaca o esporte do Paran\u00e1! Destaca o esporte do Brasil!","potentialAction":[{"@type":"SearchAction","target":{"@type":"EntryPoint","urlTemplate":"https:\/\/maringapost.com.br\/orlandogonzalez\/?s={search_term_string}"},"query-input":"required name=search_term_string"}],"inLanguage":"pt-BR"},{"@type":"Person","@id":"https:\/\/maringapost.com.br\/orlandogonzalez\/#\/schema\/person\/5cbe6257d08edea6afc9ebaa613b0633","name":"Orlando Gonzalez","image":{"@type":"ImageObject","inLanguage":"pt-BR","@id":"https:\/\/maringapost.com.br\/orlandogonzalez\/#\/schema\/person\/image\/","url":"https:\/\/secure.gravatar.com\/avatar\/ecef9d1c9afe5ebdafadde8369065ba5?s=96&d=mm&r=g","contentUrl":"https:\/\/secure.gravatar.com\/avatar\/ecef9d1c9afe5ebdafadde8369065ba5?s=96&d=mm&r=g","caption":"Orlando Gonzalez"},"description":"H\u00e1 29 anos na cobertura do esporte de Maring\u00e1. Plant\u00e3o e narrador esportivo. Presta\u00e7\u00e3o de assessoria de imprensa esportiva, cobertura e transmiss\u00f5es ao vivo de eventos esportivos. E-mail: orlandogonzalez.assessoria@gmail.com WhatsApp: (44) 9 9126-6119","sameAs":["http:\/\/www.radiomaringa.com.br\/","https:\/\/www.facebook.com\/profile.php?id=100011095815065","https:\/\/www.instagram.com\/orlandomgonzalez\/","https:\/\/br.pinterest.com\/ogonzalez0530\/","https:\/\/x.com\/gonzalezorlando","https:\/\/www.youtube.com\/channel\/UCvFpl55btth8wjnKiSS1ibA","https:\/\/radiomaringaweb.tumblr.com\/"],"url":"https:\/\/maringapost.com.br\/orlandogonzalez\/author\/orlando\/"}]}},"_links":{"self":[{"href":"https:\/\/maringapost.com.br\/orlandogonzalez\/wp-json\/wp\/v2\/posts\/55229"}],"collection":[{"href":"https:\/\/maringapost.com.br\/orlandogonzalez\/wp-json\/wp\/v2\/posts"}],"about":[{"href":"https:\/\/maringapost.com.br\/orlandogonzalez\/wp-json\/wp\/v2\/types\/post"}],"author":[{"embeddable":true,"href":"https:\/\/maringapost.com.br\/orlandogonzalez\/wp-json\/wp\/v2\/users\/6307"}],"replies":[{"embeddable":true,"href":"https:\/\/maringapost.com.br\/orlandogonzalez\/wp-json\/wp\/v2\/comments?post=55229"}],"version-history":[{"count":1,"href":"https:\/\/maringapost.com.br\/orlandogonzalez\/wp-json\/wp\/v2\/posts\/55229\/revisions"}],"predecessor-version":[{"id":55231,"href":"https:\/\/maringapost.com.br\/orlandogonzalez\/wp-json\/wp\/v2\/posts\/55229\/revisions\/55231"}],"wp:featuredmedia":[{"embeddable":true,"href":"https:\/\/maringapost.com.br\/orlandogonzalez\/wp-json\/wp\/v2\/media\/55230"}],"wp:attachment":[{"href":"https:\/\/maringapost.com.br\/orlandogonzalez\/wp-json\/wp\/v2\/media?parent=55229"}],"wp:term":[{"taxonomy":"category","embeddable":true,"href":"https:\/\/maringapost.com.br\/orlandogonzalez\/wp-json\/wp\/v2\/categories?post=55229"},{"taxonomy":"post_tag","embeddable":true,"href":"https:\/\/maringapost.com.br\/orlandogonzalez\/wp-json\/wp\/v2\/tags?post=55229"}],"curies":[{"name":"wp","href":"https:\/\/api.w.org\/{rel}","templated":true}]}}