{"id":55217,"date":"2022-08-15T06:59:01","date_gmt":"2022-08-15T09:59:01","guid":{"rendered":"https:\/\/maringapost.com.br\/orlandogonzalez\/?p=55217"},"modified":"2022-08-15T06:59:01","modified_gmt":"2022-08-15T09:59:01","slug":"maringa-porsche-endurance-series-na-argentina-tem-vitoria-de-feldmann-salas","status":"publish","type":"post","link":"https:\/\/maringapost.com.br\/orlandogonzalez\/2022\/08\/15\/maringa-porsche-endurance-series-na-argentina-tem-vitoria-de-feldmann-salas\/","title":{"rendered":"MARING\u00c1 &#8211; Porsche Endurance Series na Argentina tem vit\u00f3ria de Feldmann\/Salas"},"content":{"rendered":"<p>A nova gera\u00e7\u00e3o dos Porsche 911 modelo 992 se portou muito bem em seu primeiro desafio de longa dura\u00e7\u00e3o na etapa inaugural da Porsche Endurance Series, disputada na tarde deste domingo (14) em Termas de R\u00edo Hondo, na Argentina. Tanto que apenas quatro dos 34 carros que largaram n\u00e3o completaram a prova.<\/p>\n<p>Outro desafio superado pelos carros e pelos pilotos foi a repentina mudan\u00e7a de temperatura ambiente. Durante a semana, os pilotos encararam o frio argentino e haviam acertado seus carros para tais condi\u00e7\u00f5es. O domingo amanheceu com 8 graus e no momento da classifica\u00e7\u00e3o os term\u00f4metros j\u00e1 se aproximavam de 20 graus. A corrida foi disputada sob muito sol e um calor de 31\u00baC, colocando \u00e0 prova os discos de freio fornecidos \u00e0 categoria pela Fremax, que suportam mais de 700\u00baC de temperatura.<\/p>\n<p>A pole position foi de Miguel Paludo e Dennis Dirani, mas a dupla foi uma das quatro que teve de abandonar a disputa. Saindo em 11\u00ba, Alceu Feldmann e Guilherme Salas foram escalando o pelot\u00e3o alternando forte ritmo e boa estrat\u00e9gia nas paradas de box.<\/p>\n<p>A seis voltas de se completarem as 63 da corrida, a lideran\u00e7a era de Werner Neugebauer, que forma dupla com Ricardo Zonta. Um erro custou a vit\u00f3ria ao piloto do carro #8, e Salas assumiu a lideran\u00e7a para n\u00e3o mais perde-la.<\/p>\n<p>Werner e Zonta terminaram em segundo, a 4s9 dos vencedores. Christian Hahn e Diego Nunes ficaram em terceiro, com Rubens Barrichello e Franco Giaffone em quarto \u2013 e vencendo na classe Carrera Sport -, com Nicolas Costa e Jeff Giassi fechando o p\u00f3dio dos cinco primeiros. O pr\u00f3ximo encontro da Porsche Cup Brasil acontece em Goi\u00e2nia (GO) e em dois finais de semana consecutivos: nos dias 8 e 9 de outubro com a etapa Sprint, e em 15 e 16 de outubro com a segunda etapa da Endurance Series.<\/p>\n<p>Acompanhando a evolu\u00e7\u00e3o dos carros, os discos Fremax tamb\u00e9m trazem evolu\u00e7\u00e3o nas galerias de ventila\u00e7\u00e3o que aliadas ao alto desempenho da liga Carbon+ para competi\u00e7\u00e3o, garante uma excelente dissipa\u00e7\u00e3o de calor e resist\u00eancia mec\u00e2nica, suportando assim todas as solicita\u00e7\u00f5es das frenagens de alta energia que a categoria exige.<\/p>\n<p>A FREMAX \u00e9 a fornecedora oficial dos discos de freio da Porsche Cup desde 2008 e trabalha em conjunto com a categoria para assegurar o melhor desempenho, seguran\u00e7a, efici\u00eancia, confiabilidade, tecnologia e durabilidade iguais a todos os carros do grid.<\/p>\n<p>Fala, piloto!<br \/>\n\u201cOs freios se comportaram perfeitamente. Travou um pouco, passei a carga mais para tr\u00e1s e a\u00ed o carro ficou traseiro. No come\u00e7o fui ajustando no primeiro stint; no segundo eu fiz um stint r\u00e1pido \u2013 o carro estava muito r\u00e1pido. A gente tinha acertado o carro ontem para o frio e depois fez muito calor: erramos na classifica\u00e7\u00e3o e largamos em 11\u00ba, e ent\u00e3o fizemos um novo acerto para a corrida e a\u00ed deu tudo certo\u201d<br \/>\n(Alceu Feldmann, #1, Vencedor da Corrida do Endurance Series \u2013 Carrera Cup)<\/p>\n<p>\u201cO in\u00edcio foi muito bom, e mais para o final tivemos de nos adaptar porque o calor estava muito forte, a temperatura era muito alta e a ader\u00eancia mudava de tempos em tempos. A corrida foi bem dif\u00edcil, a temperatura estava muito alta. N\u00e3o fomos bem na classifica\u00e7\u00e3o por causa disso, mas nosso ritmo na corrida era animal. S\u00f3 tenho a agradecer \u00e0 equipe e a quem torceu\u201d.<br \/>\n(Guilherme Salas, #1, Vencedor da Corrida do Endurance Series \u2013 Carrera Cup)<\/p>\n<p>Resultado extra-oficial Porsche Endurance (top-10)<br \/>\n1. #1 G.Salas\/A.Feldmann \u2013 63 voltas em 2h09min19s488<br \/>\n2. #8 W.Neugebauer\/R.Zonta \u2013 a 4s914<br \/>\n3. #26 C.Hahn\/D.Nunes \u2013 a 6s275<br \/>\n4. #3 R.Barrichello\/F.Giaffone \u2013 a 16s173<br \/>\n5. #99 N.Costa\/J.Giassi \u2013 s 21s013<br \/>\n6. #29 N.Piquet\/R.Mello \u2013 a 22s234<br \/>\n7. #70 L.Salles\/R.Suzuki \u2013 a 24s000<br \/>\n8. #87 A.Hellmeister\/N.Monteiro \u2013 a 27s767<br \/>\n9. #80 G.Casagrande\/R.Ziemkiewicz \u2013 a 31s168<br \/>\n10. #116 A.Khodair\/M.Hahn \u2013 a 40s795<br \/>\nMELHOR VOLTA: #73 A.Weisheimer\/E.Elias (P15) 1min41s841 (m\u00e9dia de 169,853 km\/h)<\/p>\n<p>(Foto: Luca Bassani\/Porsche Cup Brasil)<\/p>\n","protected":false},"excerpt":{"rendered":"<p>A nova gera\u00e7\u00e3o dos Porsche 911 modelo 992 se portou muito bem em seu primeiro desafio de longa dura\u00e7\u00e3o na etapa inaugural da Porsche Endurance Series, disputada na tarde deste domingo (14) em Termas de R\u00edo Hondo, na Argentina. Tanto que apenas quatro dos 34 carros que largaram n\u00e3o completaram a prova. Outro desafio superado [&hellip;]<\/p>\n","protected":false},"author":6307,"featured_media":55218,"comment_status":"open","ping_status":"open","sticky":false,"template":"","format":"standard","meta":{"_exactmetrics_skip_tracking":false,"_exactmetrics_sitenote_active":false,"_exactmetrics_sitenote_note":"","_exactmetrics_sitenote_category":0,"footnotes":""},"categories":[1267],"tags":[8910],"yoast_head":"<!-- This site is optimized with the Yoast SEO Premium plugin v22.7 (Yoast SEO v22.7) - https:\/\/yoast.com\/wordpress\/plugins\/seo\/ -->\n<title>MARING\u00c1 - Porsche Endurance Series na Argentina tem vit\u00f3ria de Feldmann\/Salas - Orlando Gonzalez<\/title>\n<meta name=\"robots\" content=\"index, follow, max-snippet:-1, max-image-preview:large, max-video-preview:-1\" \/>\n<link rel=\"canonical\" href=\"https:\/\/maringapost.com.br\/orlandogonzalez\/2022\/08\/15\/maringa-porsche-endurance-series-na-argentina-tem-vitoria-de-feldmann-salas\/\" \/>\n<meta property=\"og:locale\" content=\"pt_BR\" \/>\n<meta property=\"og:type\" content=\"article\" \/>\n<meta property=\"og:title\" content=\"MARING\u00c1 - Porsche Endurance Series na Argentina tem vit\u00f3ria de Feldmann\/Salas\" \/>\n<meta property=\"og:description\" content=\"A nova gera\u00e7\u00e3o dos Porsche 911 modelo 992 se portou muito bem em seu primeiro desafio de longa dura\u00e7\u00e3o na etapa inaugural da Porsche Endurance Series, disputada na tarde deste domingo (14) em Termas de R\u00edo Hondo, na Argentina. Tanto que apenas quatro dos 34 carros que largaram n\u00e3o completaram a prova. Outro desafio superado [&hellip;]\" \/>\n<meta property=\"og:url\" content=\"https:\/\/maringapost.com.br\/orlandogonzalez\/2022\/08\/15\/maringa-porsche-endurance-series-na-argentina-tem-vitoria-de-feldmann-salas\/\" \/>\n<meta property=\"og:site_name\" content=\"Orlando Gonzalez\" \/>\n<meta property=\"article:author\" content=\"https:\/\/www.facebook.com\/profile.php?id=100011095815065\" \/>\n<meta property=\"article:published_time\" content=\"2022-08-15T09:59:01+00:00\" \/>\n<meta property=\"og:image\" content=\"https:\/\/maringapost.com.br\/orlandogonzalez\/wp-content\/uploads\/sites\/17\/2022\/08\/411097_1025589_a12i1209.jpg\" \/>\n\t<meta property=\"og:image:width\" content=\"1280\" \/>\n\t<meta property=\"og:image:height\" content=\"853\" \/>\n\t<meta property=\"og:image:type\" content=\"image\/jpeg\" \/>\n<meta name=\"author\" content=\"Orlando Gonzalez\" \/>\n<meta name=\"twitter:card\" content=\"summary_large_image\" \/>\n<meta name=\"twitter:creator\" content=\"@gonzalezorlando\" \/>\n<meta name=\"twitter:label1\" content=\"Escrito por\" \/>\n\t<meta name=\"twitter:data1\" content=\"\" \/>\n<script type=\"application\/ld+json\" class=\"yoast-schema-graph\">{\"@context\":\"https:\/\/schema.org\",\"@graph\":[{\"@type\":\"WebPage\",\"@id\":\"https:\/\/maringapost.com.br\/orlandogonzalez\/2022\/08\/15\/maringa-porsche-endurance-series-na-argentina-tem-vitoria-de-feldmann-salas\/\",\"url\":\"https:\/\/maringapost.com.br\/orlandogonzalez\/2022\/08\/15\/maringa-porsche-endurance-series-na-argentina-tem-vitoria-de-feldmann-salas\/\",\"name\":\"MARING\u00c1 - Porsche Endurance Series na Argentina tem vit\u00f3ria de Feldmann\/Salas - Orlando Gonzalez\",\"isPartOf\":{\"@id\":\"https:\/\/maringapost.com.br\/orlandogonzalez\/#website\"},\"primaryImageOfPage\":{\"@id\":\"https:\/\/maringapost.com.br\/orlandogonzalez\/2022\/08\/15\/maringa-porsche-endurance-series-na-argentina-tem-vitoria-de-feldmann-salas\/#primaryimage\"},\"image\":{\"@id\":\"https:\/\/maringapost.com.br\/orlandogonzalez\/2022\/08\/15\/maringa-porsche-endurance-series-na-argentina-tem-vitoria-de-feldmann-salas\/#primaryimage\"},\"thumbnailUrl\":\"https:\/\/maringapost.com.br\/orlandogonzalez\/wp-content\/uploads\/sites\/17\/2022\/08\/411097_1025589_a12i1209.jpg\",\"datePublished\":\"2022-08-15T09:59:01+00:00\",\"dateModified\":\"2022-08-15T09:59:01+00:00\",\"author\":{\"@id\":\"https:\/\/maringapost.com.br\/orlandogonzalez\/#\/schema\/person\/5cbe6257d08edea6afc9ebaa613b0633\"},\"inLanguage\":\"pt-BR\",\"potentialAction\":[{\"@type\":\"ReadAction\",\"target\":[\"https:\/\/maringapost.com.br\/orlandogonzalez\/2022\/08\/15\/maringa-porsche-endurance-series-na-argentina-tem-vitoria-de-feldmann-salas\/\"]}]},{\"@type\":\"ImageObject\",\"inLanguage\":\"pt-BR\",\"@id\":\"https:\/\/maringapost.com.br\/orlandogonzalez\/2022\/08\/15\/maringa-porsche-endurance-series-na-argentina-tem-vitoria-de-feldmann-salas\/#primaryimage\",\"url\":\"https:\/\/maringapost.com.br\/orlandogonzalez\/wp-content\/uploads\/sites\/17\/2022\/08\/411097_1025589_a12i1209.jpg\",\"contentUrl\":\"https:\/\/maringapost.com.br\/orlandogonzalez\/wp-content\/uploads\/sites\/17\/2022\/08\/411097_1025589_a12i1209.jpg\",\"width\":1280,\"height\":853},{\"@type\":\"WebSite\",\"@id\":\"https:\/\/maringapost.com.br\/orlandogonzalez\/#website\",\"url\":\"https:\/\/maringapost.com.br\/orlandogonzalez\/\",\"name\":\"Orlando Gonzalez\",\"description\":\"Destaca o esporte de Maring\u00e1! Destaca o esporte do Paran\u00e1! Destaca o esporte do Brasil!\",\"potentialAction\":[{\"@type\":\"SearchAction\",\"target\":{\"@type\":\"EntryPoint\",\"urlTemplate\":\"https:\/\/maringapost.com.br\/orlandogonzalez\/?s={search_term_string}\"},\"query-input\":\"required name=search_term_string\"}],\"inLanguage\":\"pt-BR\"},{\"@type\":\"Person\",\"@id\":\"https:\/\/maringapost.com.br\/orlandogonzalez\/#\/schema\/person\/5cbe6257d08edea6afc9ebaa613b0633\",\"name\":\"Orlando Gonzalez\",\"image\":{\"@type\":\"ImageObject\",\"inLanguage\":\"pt-BR\",\"@id\":\"https:\/\/maringapost.com.br\/orlandogonzalez\/#\/schema\/person\/image\/\",\"url\":\"https:\/\/secure.gravatar.com\/avatar\/ecef9d1c9afe5ebdafadde8369065ba5?s=96&d=mm&r=g\",\"contentUrl\":\"https:\/\/secure.gravatar.com\/avatar\/ecef9d1c9afe5ebdafadde8369065ba5?s=96&d=mm&r=g\",\"caption\":\"Orlando Gonzalez\"},\"description\":\"H\u00e1 29 anos na cobertura do esporte de Maring\u00e1. Plant\u00e3o e narrador esportivo. Presta\u00e7\u00e3o de assessoria de imprensa esportiva, cobertura e transmiss\u00f5es ao vivo de eventos esportivos. E-mail: orlandogonzalez.assessoria@gmail.com WhatsApp: (44) 9 9126-6119\",\"sameAs\":[\"http:\/\/www.radiomaringa.com.br\/\",\"https:\/\/www.facebook.com\/profile.php?id=100011095815065\",\"https:\/\/www.instagram.com\/orlandomgonzalez\/\",\"https:\/\/br.pinterest.com\/ogonzalez0530\/\",\"https:\/\/x.com\/gonzalezorlando\",\"https:\/\/www.youtube.com\/channel\/UCvFpl55btth8wjnKiSS1ibA\",\"https:\/\/radiomaringaweb.tumblr.com\/\"],\"url\":\"https:\/\/maringapost.com.br\/orlandogonzalez\/author\/orlando\/\"}]}<\/script>\n<!-- \/ Yoast SEO Premium plugin. -->","yoast_head_json":{"title":"MARING\u00c1 - Porsche Endurance Series na Argentina tem vit\u00f3ria de Feldmann\/Salas - Orlando Gonzalez","robots":{"index":"index","follow":"follow","max-snippet":"max-snippet:-1","max-image-preview":"max-image-preview:large","max-video-preview":"max-video-preview:-1"},"canonical":"https:\/\/maringapost.com.br\/orlandogonzalez\/2022\/08\/15\/maringa-porsche-endurance-series-na-argentina-tem-vitoria-de-feldmann-salas\/","og_locale":"pt_BR","og_type":"article","og_title":"MARING\u00c1 - Porsche Endurance Series na Argentina tem vit\u00f3ria de Feldmann\/Salas","og_description":"A nova gera\u00e7\u00e3o dos Porsche 911 modelo 992 se portou muito bem em seu primeiro desafio de longa dura\u00e7\u00e3o na etapa inaugural da Porsche Endurance Series, disputada na tarde deste domingo (14) em Termas de R\u00edo Hondo, na Argentina. Tanto que apenas quatro dos 34 carros que largaram n\u00e3o completaram a prova. Outro desafio superado [&hellip;]","og_url":"https:\/\/maringapost.com.br\/orlandogonzalez\/2022\/08\/15\/maringa-porsche-endurance-series-na-argentina-tem-vitoria-de-feldmann-salas\/","og_site_name":"Orlando Gonzalez","article_author":"https:\/\/www.facebook.com\/profile.php?id=100011095815065","article_published_time":"2022-08-15T09:59:01+00:00","og_image":[{"width":1280,"height":853,"url":"https:\/\/maringapost.com.br\/orlandogonzalez\/wp-content\/uploads\/sites\/17\/2022\/08\/411097_1025589_a12i1209.jpg","type":"image\/jpeg"}],"author":"Orlando Gonzalez","twitter_card":"summary_large_image","twitter_creator":"@gonzalezorlando","twitter_misc":{"Escrito por":false},"schema":{"@context":"https:\/\/schema.org","@graph":[{"@type":"WebPage","@id":"https:\/\/maringapost.com.br\/orlandogonzalez\/2022\/08\/15\/maringa-porsche-endurance-series-na-argentina-tem-vitoria-de-feldmann-salas\/","url":"https:\/\/maringapost.com.br\/orlandogonzalez\/2022\/08\/15\/maringa-porsche-endurance-series-na-argentina-tem-vitoria-de-feldmann-salas\/","name":"MARING\u00c1 - Porsche Endurance Series na Argentina tem vit\u00f3ria de Feldmann\/Salas - Orlando Gonzalez","isPartOf":{"@id":"https:\/\/maringapost.com.br\/orlandogonzalez\/#website"},"primaryImageOfPage":{"@id":"https:\/\/maringapost.com.br\/orlandogonzalez\/2022\/08\/15\/maringa-porsche-endurance-series-na-argentina-tem-vitoria-de-feldmann-salas\/#primaryimage"},"image":{"@id":"https:\/\/maringapost.com.br\/orlandogonzalez\/2022\/08\/15\/maringa-porsche-endurance-series-na-argentina-tem-vitoria-de-feldmann-salas\/#primaryimage"},"thumbnailUrl":"https:\/\/maringapost.com.br\/orlandogonzalez\/wp-content\/uploads\/sites\/17\/2022\/08\/411097_1025589_a12i1209.jpg","datePublished":"2022-08-15T09:59:01+00:00","dateModified":"2022-08-15T09:59:01+00:00","author":{"@id":"https:\/\/maringapost.com.br\/orlandogonzalez\/#\/schema\/person\/5cbe6257d08edea6afc9ebaa613b0633"},"inLanguage":"pt-BR","potentialAction":[{"@type":"ReadAction","target":["https:\/\/maringapost.com.br\/orlandogonzalez\/2022\/08\/15\/maringa-porsche-endurance-series-na-argentina-tem-vitoria-de-feldmann-salas\/"]}]},{"@type":"ImageObject","inLanguage":"pt-BR","@id":"https:\/\/maringapost.com.br\/orlandogonzalez\/2022\/08\/15\/maringa-porsche-endurance-series-na-argentina-tem-vitoria-de-feldmann-salas\/#primaryimage","url":"https:\/\/maringapost.com.br\/orlandogonzalez\/wp-content\/uploads\/sites\/17\/2022\/08\/411097_1025589_a12i1209.jpg","contentUrl":"https:\/\/maringapost.com.br\/orlandogonzalez\/wp-content\/uploads\/sites\/17\/2022\/08\/411097_1025589_a12i1209.jpg","width":1280,"height":853},{"@type":"WebSite","@id":"https:\/\/maringapost.com.br\/orlandogonzalez\/#website","url":"https:\/\/maringapost.com.br\/orlandogonzalez\/","name":"Orlando Gonzalez","description":"Destaca o esporte de Maring\u00e1! Destaca o esporte do Paran\u00e1! Destaca o esporte do Brasil!","potentialAction":[{"@type":"SearchAction","target":{"@type":"EntryPoint","urlTemplate":"https:\/\/maringapost.com.br\/orlandogonzalez\/?s={search_term_string}"},"query-input":"required name=search_term_string"}],"inLanguage":"pt-BR"},{"@type":"Person","@id":"https:\/\/maringapost.com.br\/orlandogonzalez\/#\/schema\/person\/5cbe6257d08edea6afc9ebaa613b0633","name":"Orlando Gonzalez","image":{"@type":"ImageObject","inLanguage":"pt-BR","@id":"https:\/\/maringapost.com.br\/orlandogonzalez\/#\/schema\/person\/image\/","url":"https:\/\/secure.gravatar.com\/avatar\/ecef9d1c9afe5ebdafadde8369065ba5?s=96&d=mm&r=g","contentUrl":"https:\/\/secure.gravatar.com\/avatar\/ecef9d1c9afe5ebdafadde8369065ba5?s=96&d=mm&r=g","caption":"Orlando Gonzalez"},"description":"H\u00e1 29 anos na cobertura do esporte de Maring\u00e1. Plant\u00e3o e narrador esportivo. Presta\u00e7\u00e3o de assessoria de imprensa esportiva, cobertura e transmiss\u00f5es ao vivo de eventos esportivos. E-mail: orlandogonzalez.assessoria@gmail.com WhatsApp: (44) 9 9126-6119","sameAs":["http:\/\/www.radiomaringa.com.br\/","https:\/\/www.facebook.com\/profile.php?id=100011095815065","https:\/\/www.instagram.com\/orlandomgonzalez\/","https:\/\/br.pinterest.com\/ogonzalez0530\/","https:\/\/x.com\/gonzalezorlando","https:\/\/www.youtube.com\/channel\/UCvFpl55btth8wjnKiSS1ibA","https:\/\/radiomaringaweb.tumblr.com\/"],"url":"https:\/\/maringapost.com.br\/orlandogonzalez\/author\/orlando\/"}]}},"_links":{"self":[{"href":"https:\/\/maringapost.com.br\/orlandogonzalez\/wp-json\/wp\/v2\/posts\/55217"}],"collection":[{"href":"https:\/\/maringapost.com.br\/orlandogonzalez\/wp-json\/wp\/v2\/posts"}],"about":[{"href":"https:\/\/maringapost.com.br\/orlandogonzalez\/wp-json\/wp\/v2\/types\/post"}],"author":[{"embeddable":true,"href":"https:\/\/maringapost.com.br\/orlandogonzalez\/wp-json\/wp\/v2\/users\/6307"}],"replies":[{"embeddable":true,"href":"https:\/\/maringapost.com.br\/orlandogonzalez\/wp-json\/wp\/v2\/comments?post=55217"}],"version-history":[{"count":1,"href":"https:\/\/maringapost.com.br\/orlandogonzalez\/wp-json\/wp\/v2\/posts\/55217\/revisions"}],"predecessor-version":[{"id":55219,"href":"https:\/\/maringapost.com.br\/orlandogonzalez\/wp-json\/wp\/v2\/posts\/55217\/revisions\/55219"}],"wp:featuredmedia":[{"embeddable":true,"href":"https:\/\/maringapost.com.br\/orlandogonzalez\/wp-json\/wp\/v2\/media\/55218"}],"wp:attachment":[{"href":"https:\/\/maringapost.com.br\/orlandogonzalez\/wp-json\/wp\/v2\/media?parent=55217"}],"wp:term":[{"taxonomy":"category","embeddable":true,"href":"https:\/\/maringapost.com.br\/orlandogonzalez\/wp-json\/wp\/v2\/categories?post=55217"},{"taxonomy":"post_tag","embeddable":true,"href":"https:\/\/maringapost.com.br\/orlandogonzalez\/wp-json\/wp\/v2\/tags?post=55217"}],"curies":[{"name":"wp","href":"https:\/\/api.w.org\/{rel}","templated":true}]}}