{"id":54986,"date":"2022-07-04T09:25:54","date_gmt":"2022-07-04T12:25:54","guid":{"rendered":"https:\/\/maringapost.com.br\/orlandogonzalez\/?p=54986"},"modified":"2022-07-04T09:26:27","modified_gmt":"2022-07-04T12:26:27","slug":"maringa-velopark-tem-vencedor-inedito-na-stock-car","status":"publish","type":"post","link":"https:\/\/maringapost.com.br\/orlandogonzalez\/2022\/07\/04\/maringa-velopark-tem-vencedor-inedito-na-stock-car\/","title":{"rendered":"MARING\u00c1 &#8211; Velopark tem vencedor in\u00e9dito na Stock Car"},"content":{"rendered":"<p>O fim de semana da rodada dupla no Aut\u00f3dromo Velopark foi conclu\u00eddo com um domingo (3) memor\u00e1vel na Stock Car Pro Series. O frio e a forte chuva que desabou desde o come\u00e7o da manh\u00e3 mexeram com o destino dos pilotos desde a classifica\u00e7\u00e3o e entregou duas corridas verdadeiramente malucas e carregadas de emo\u00e7\u00e3o da largada \u00e0 bandeirada. Dois dias ap\u00f3s completar 25 anos, Gaetano Di Mauro, com Chevrolet Cruze da KTF Sports, triunfou pela primeira vez na Stock Car ao cruzar a linha de chegada na frente na Corrida 1, enquanto Bruno Baptista, com Toyota Corolla da RCM Motorsport, segurou a press\u00e3o do argentino Mat\u00edas Rossi (Corolla da A.Mattheis\/Vogel) \u2014 em \u00f3tima fase, com tr\u00eas p\u00f3dios no Velopark \u2014 para conquistar sua terceira vit\u00f3ria na categoria.<br \/>\nUm dia depois de Gabriel Casagrande (Cruze da A.Mattheis\/Vogel) abrir 18 pontos na lideran\u00e7a do campeonato, o jogo virou novamente em favor de Daniel Serra (Cruze da Eurofarma-RC). Enquanto o atual campe\u00e3o sofreu um duro rev\u00e9s e abandonou as duas corridas do domingo, o tricampe\u00e3o somou pontos importantes com o quarto lugar na Corrida 1 e o 11\u00ba na segunda prova da tarde. Desta forma, Serrinha encerrou a primeira metade da temporada como l\u00edder e soma agora 185 pontos, 12 a mais que Casagrande.<br \/>\n\u201c\u00c9 um sentimento bom por estar de volta \u00e0 lideran\u00e7a. A corrida foi muito maluca, com momentos em que est\u00e1vamos mal e outros em que estivemos bem e conseguimos voltar para a estrat\u00e9gia. Infelizmente, era para ter marcado mais pontos na Corrida 2, sofri um toque e ca\u00ed de quarto para 13\u00ba. Salvamos pontos e voltamos \u00e0 lideran\u00e7a\u201d, declarou o l\u00edder do campeonato.<\/p>\n<p>Corrida 1: azar de Gomes e primeira vit\u00f3ria de Gaetano \u2014 A primeira prova do domingo come\u00e7ou com a pista bastante \u00famida no Velopark e com enorme falta de sorte para Marcos Gomes (Cruze da Cavaleiro Sports). O pole-position viu pelos ares a chance de lutar pela vit\u00f3ria por conta da quebra da bomba de \u00f3leo na primeira curva da primeira volta.<br \/>\nDa\u00ed em diante, a prova se desenhou verdadeiramente imprevis\u00edvel, com muitos incidentes e disputas acirradas o tempo todo. Felipe Baptista assumiu a ponta e andou em boa parte da corrida na frente, mas foi um dos muitos pilotos que escaparam diante das condi\u00e7\u00f5es dif\u00edceis em raz\u00e3o do asfalto \u00famido, o que proporcionou tamb\u00e9m v\u00e1rias mudan\u00e7as na lideran\u00e7a. Felipe Massa (Cruze da Lubrax Podium), por exemplo, sofreu uma quebra quando estava na busca pela lideran\u00e7a e fazia sua melhor prova na categoria. Por sua vez, Gaetano Di Mauro escapou ileso com uma jornada irretoc\u00e1vel e conquistou sua primeira vit\u00f3ria na Stock Car.<br \/>\nC\u00e9sar Ramos, com Corolla da Ipiranga Racing, foi o segundo colocado, enquanto Mat\u00edas Rossi faturou mais um p\u00f3dio e se garantiu em terceiro com Toyota Corolla. Daniel Serra terminou em quarto, seguido por Felipe Lapenna e Bruno Baptista. Rafael Suzuki terminou em s\u00e9timo, \u00e0 frente de Ricardo Maur\u00edcio, Ricardo Zonta e Galid Osman, que completou o top-10 e com isso obteve a primeira posi\u00e7\u00e3o do grid da Corrida 2 na invers\u00e3o do grid. Ap\u00f3s disputa por posi\u00e7\u00e3o com Ricardo Maur\u00edcio, Lucas Foresti ficou com o carro todo avariado, mas ainda assim conseguiu cruzar a linha de chegada. Mais tarde, Maur\u00edcio foi desclassificado por conta da ocorr\u00eancia, enquanto Zonta sofreu a mesma san\u00e7\u00e3o em decorr\u00eancia de abastecimento antes da abertura de box para o procedimento obrigat\u00f3rio.<\/p>\n<p>Duelo nas voltas finais \u00e9 cereja do bolo de Corrida 2 agitada \u2014 Se a primeira prova da etapa dominical j\u00e1 foi imprevis\u00edvel, a disputa que completou o fim de semana da Stock Car no Velopark foi ainda mais insana. Com um Cruze da Pole Motorsport, Galid puxou a fila da corrida, seguido por Zonta e Maur\u00edcio em segundo e terceiro, respectivamente. Mas o vencedor seria aquele que largou um pouco mais atr\u00e1s, em quarto.<br \/>\nEm raz\u00e3o dos incidentes em disputas por posi\u00e7\u00e3o e escapadas de pista, a prova teve quatro interven\u00e7\u00f5es do safety-car, o que contribuiu para que pilotos e equipes tentassem estrat\u00e9gias distintas. Tony Kanaan e Felipe Baptista, Galid Osman e Ricardo Zonta, Felipe Lapenna e Julio Campos, Campos e Daniel Serra, C\u00e9sar Ramos e Rubens Barrichello, Thiago Camilo e Gianluca Petecof se enroscaram, enquanto Ricardo Maur\u00edcio parou com problemas no carro. Campos foi punido com o acr\u00e9scimo de 20s no seu tempo de volta, assim como Lapenna, e Kanaan foi desclassificado.<br \/>\nNo fim das contas, Bruno Baptista assumiu a lideran\u00e7a ap\u00f3s as paradas obrigat\u00f3rias, mas foi muito pressionado por Mat\u00edas Rossi, que fez a ultrapassagem no fim da volta 19. Mas o piloto da RCM Motorsport respondeu ao acionar o push-to-pass e abriu vantagem. Naquele momento, Denis Navarro era o terceiro, com Gaetano di Mauro em quarto e Galid Osman em quinto.<br \/>\nHouve ainda uma \u00faltima interven\u00e7\u00e3o do safety-car, com tr\u00eas minutos para o fim da corrida. A bandeira verde tremulou com tempo para a volta final. Mat\u00edas Rossi tentou dar o bote em cima de Bruno Baptista, que resistiu para vencer pela terceira vez na Stock Car e a primeira na temporada 2022. O argentino marcou seu terceiro p\u00f3dio em quatro provas no fim de semana e Navarro confirmou o terceiro lugar. Di Mauro, maior pontuador da etapa com 48 tentos, foi o quarto, seguido por Galid Osman e Guilherme Salas. Rafael Suzuki foi o s\u00e9timo e, na esteira das puni\u00e7\u00f5es anunciadas, Sergio Jimenez garantiu o oitavo lugar, \u00e0 frente de Nelsinho Piquet e Rubens Barrichello, o d\u00e9cimo.<\/p>\n<p>Ainda com resultados extraoficiais, confira os resultados das duas provas deste domingo no Velopark:<\/p>\n<p>Stock Car, 6\u00aa etapa, Velopark, Corrida 1:<br \/>\n1\u00ba &#8211; Gaetano Di Mauro (KTF Sports\/Chevrolet Cruze), 24 voltas, 31min16s468<br \/>\n2\u00ba &#8211; C\u00e9sar Ramos (Ipiranga Racing\/Toyota Corolla), a 3s435<br \/>\n3\u00ba &#8211; Mat\u00edas Rossi (A.Mattheis-Vogel\/Toyota Corolla), a 6s301<br \/>\n4\u00ba &#8211; Daniel Serra (Eurofarma RC\/Chevrolet Cruze), a 7s154<br \/>\n5\u00ba &#8211; Felipe Lapenna (Hot Car Competi\u00e7\u00f5es\/Chevrolet Cruze), a 8s209<br \/>\n6\u00ba &#8211; Bruno Baptista (RCM Motorsport\/Toyota Corolla), a 9s425<br \/>\n7\u00ba &#8211; Rafael Suzuki (Full Time Bassani\/Toyota Corolla), a 14s992<br \/>\n8\u00ba &#8211; Galid Osman (Shell V-Power\/Chevrolet Cruze), a 16s583<br \/>\n9\u00ba &#8211; Lucas Foresti (KTF Sports\/Chevrolet Cruze), a 21s018<br \/>\n10\u00ba &#8211; Cac\u00e1 Bueno (Crown Racing\/Chevrolet Cruze), a 16s676<br \/>\n11\u00ba &#8211; Sergio Jimenez (Scuderia Chiarelli\/Toyota Corolla), a 21s059<br \/>\n12\u00ba &#8211; Tuca Antoniazi (Hot Car Competi\u00e7\u00f5es\/Chevrolet Cruze), a 34s000<br \/>\n13\u00ba &#8211; Denis Navarro (Cavaleiro Sports\/Chevrolet Cruze), a 34s798<br \/>\n14\u00ba &#8211; Rubens Barrichello (Full Time Sports\/Toyota Corolla), a 46s866<br \/>\n15\u00ba &#8211; Julio Campos (Lubrax Podium\/Chevrolet Cruze), a 49s522<br \/>\n16\u00ba &#8211; Gianluca Petecof (Full Time Sports\/Toyota Corolla), a 49s600<br \/>\n17\u00ba &#8211; Thiago Camilo (Ipiranga Racing\/Toyota Corolla), a 1 volta<br \/>\n18\u00ba &#8211; Guilherme Salas (KTF Racing\/Chevrolet Cruze), a 1 volta<br \/>\n19\u00ba &#8211; Gabriel Robe (RKL Competi\u00e7\u00f5es\/Chevrolet Cruze), a 1 volta<br \/>\n20\u00ba &#8211; Tony Kanaan (Full Time Bassani\/Toyota Corolla), a 1 volta<br \/>\n21\u00ba &#8211; \u00c1tila Abreu (Shell V-Power\/Chevrolet Cruze), a 1 volta<br \/>\n22\u00ba &#8211; Rodrigo Baptista (Crown Racing\/Chevrolet Cruze), a 1 volta<br \/>\n23\u00ba &#8211; Beto Monteiro (Scuderia Chiarelli\/Toyota Corolla), a 1 volta<br \/>\n24\u00ba &#8211; Felipe Baptista (KTF Racing\/Chevrolet Cruze), a 3 voltas<\/p>\n<p>Abandonaram:<br \/>\nDiego Nunes (Blau Motorsport\/Chevrolet Cruze), a 7 voltas<br \/>\nGustavo Frigotto (RKL Competi\u00e7\u00f5es\/Chevrolet Cruze), a 9 voltas<br \/>\nNelson Piquet Jr. (Motul TMG Racing\/Toyota Corolla), a 11 voltas<br \/>\nGabriel Casagrande (A.Mattheis-Vogel\/Chevrolet Cruze), a 12 voltas<br \/>\nFelipe Massa (Lubrax Podium\/Chevrolet Cruze), a 15 voltas<br \/>\nPedro Cardoso (Crown II Racing\/Chevrolet Cruze), a 18 voltas<br \/>\nAllam Khodair (Blau Motorsport\/Chevrolet Cruze), a 22 voltas<br \/>\nMarcos Gomes (Cavaleiro Sports\/Chevrolet Cruze), a 22 voltas<br \/>\nRicardo Maur\u00edcio (Eurofarma-RC\/Chevrolet Cruze), desclassificado<br \/>\nRicardo Zonta (RCM Motorsport\/Toyota Corolla), desclassificado<\/p>\n<p>Corrida 2:<br \/>\n1\u00ba &#8211; Bruno Baptista (RCM Motorsport\/Toyota Corolla), 25 voltas, 31min18s750<br \/>\n2\u00ba &#8211; Mat\u00edas Rossi (A.Mattheis-Vogel\/Toyota Corolla), 0s476<br \/>\n3\u00ba &#8211; Denis Navarro (Cavaleiro Sports\/Chevrolet Cruze), 1s192<br \/>\n4\u00ba &#8211; Gaetano Di Mauro (KTF Sports\/Chevrolet Cruze), 2s073<br \/>\n5\u00ba &#8211; Galid Osman (Shell V-Power\/Chevrolet Cruze), 2s664<br \/>\n6\u00ba &#8211; Guilherme Salas (KTF Racing\/Chevrolet Cruze), 2s866<br \/>\n7\u00ba &#8211; Rafael Suzuki (Full Time Bassani\/Toyota Corolla), 5s289<br \/>\n8\u00ba &#8211; Sergio Jimenez (Scuderia Chiarelli\/Toyota Corolla), 6s592<br \/>\n9\u00ba &#8211; Nelson Piquet Jr. (Motul TMG Racing\/Toyota Corolla), 6s671<br \/>\n10\u00ba &#8211; Rubens Barrichello (Full Time Sports\/Toyota Corolla), 7s590<br \/>\n11\u00ba &#8211; Daniel Serra (Eurofarma RC\/Chevrolet Cruze), 8s290<br \/>\n12\u00ba &#8211; Gabriel Robe (RKL Competi\u00e7\u00f5es\/Chevrolet Cruze), 10s802<br \/>\n13\u00ba &#8211; C\u00e9sar Ramos (Ipiranga Racing\/Toyota Corolla), 12s443<br \/>\n14\u00ba &#8211; Beto Monteiro (Scuderia Chiarelli\/Toyota Corolla), 12s870<br \/>\n15\u00ba &#8211; Cac\u00e1 Bueno (Crown Racing\/Chevrolet Cruze), 13s599<br \/>\n16\u00ba &#8211; Diego Nunes (Blau Motorsport\/Chevrolet Cruze), 15s604<br \/>\n17\u00ba &#8211; Gianluca Petecof (Full Time Sports\/Toyota Corolla), 15s718<br \/>\n18\u00ba &#8211; Rodrigo Baptista (Crown Racing\/Chevrolet Cruze), 17s363<br \/>\n19\u00ba &#8211; Thiago Camilo (Ipiranga Racing\/Toyota Corolla), a 17s468<br \/>\n20\u00ba &#8211; Felipe Lapenna (Hot Car Competi\u00e7\u00f5es\/Chevrolet Cruze), 24s813<br \/>\n21\u00ba &#8211; Julio Campos (Lubrax Podium\/Chevrolet Cruze), a 27s279<br \/>\n22\u00ba &#8211; Tuca Antoniazi (Hot Car Competi\u00e7\u00f5es\/Chevrolet Cruze), a 2 voltas<br \/>\n23\u00ba &#8211; Pedro Cardoso (Crown II Racing\/Chevrolet Cruze), a 3 voltas<br \/>\n24\u00ba &#8211; Gustavo Frigotto (RKL Competi\u00e7\u00f5es\/Chevrolet Cruze), a 5 voltas<\/p>\n<p>Abandonaram:<br \/>\n\u00c1tila Abreu (Shell V-Power\/Chevrolet Cruze), a 8 voltas<br \/>\nRicardo Maur\u00edcio (Eurofarma RC\/Chevrolet Cruze), a 9 voltas<br \/>\nRicardo Zonta (RCM Motorsport\/Toyota Corolla), a 10 voltas<br \/>\nFelipe Baptista (KTF Racing\/Chevrolet Cruze), a 21 voltas<br \/>\nLucas Foresti (KTF Sports\/Chevrolet Cruze), n\u00e3o largou<br \/>\nGabriel Casagrande (A.Mattheis-Vogel\/Chevrolet Cruze), n\u00e3o largou<br \/>\nFelipe Massa (Lubrax Podium\/Chevrolet Cruze), n\u00e3o largou<br \/>\nAllam Khodair (Blau Motorsport\/Chevrolet Cruze), n\u00e3o largou<br \/>\nMarcos Gomes (Cavaleiro Sports\/Chevrolet Cruze), n\u00e3o largou<br \/>\nTony Kanaan (Full Time Bassani\/Toyota Corolla), desclassificado<\/p>\n<p>STOCK CAR PRO SERIES<br \/>\nEtapas \u2013 Data \u2013 Local \u2013 Observa\u00e7\u00e3o<br \/>\n07 \u2013 31\/07 \u2013 Interlagos<br \/>\n08 \u2013 04\/09 \u2013 Velocitta (Mogi Gua\u00e7u, SP)<br \/>\n09 \u2013 25\/09 \u2013 Santa Cruz do Sul<br \/>\n10 e 11 \u2013 23\/10 \u2013 Goi\u00e2nia<br \/>\n12 \u2013 20\/11 \u2013 Bras\u00edlia \u2013 Super Final BRB<\/p>\n<p>(Foto: Duda Bairros\/Stock Car)<\/p>\n","protected":false},"excerpt":{"rendered":"<p>O fim de semana da rodada dupla no Aut\u00f3dromo Velopark foi conclu\u00eddo com um domingo (3) memor\u00e1vel na Stock Car Pro Series. O frio e a forte chuva que desabou desde o come\u00e7o da manh\u00e3 mexeram com o destino dos pilotos desde a classifica\u00e7\u00e3o e entregou duas corridas verdadeiramente malucas e carregadas de emo\u00e7\u00e3o da [&hellip;]<\/p>\n","protected":false},"author":6307,"featured_media":54987,"comment_status":"closed","ping_status":"open","sticky":false,"template":"","format":"standard","meta":{"_exactmetrics_skip_tracking":false,"_exactmetrics_sitenote_active":false,"_exactmetrics_sitenote_note":"","_exactmetrics_sitenote_category":0,"footnotes":""},"categories":[1267],"tags":[8910],"yoast_head":"<!-- This site is optimized with the Yoast SEO Premium plugin v22.7 (Yoast SEO v22.7) - https:\/\/yoast.com\/wordpress\/plugins\/seo\/ -->\n<title>MARING\u00c1 - Velopark tem vencedor in\u00e9dito na Stock Car - Orlando Gonzalez<\/title>\n<meta name=\"robots\" content=\"index, follow, max-snippet:-1, max-image-preview:large, max-video-preview:-1\" \/>\n<link rel=\"canonical\" href=\"https:\/\/maringapost.com.br\/orlandogonzalez\/2022\/07\/04\/maringa-velopark-tem-vencedor-inedito-na-stock-car\/\" \/>\n<meta property=\"og:locale\" content=\"pt_BR\" \/>\n<meta property=\"og:type\" content=\"article\" \/>\n<meta property=\"og:title\" content=\"MARING\u00c1 - Velopark tem vencedor in\u00e9dito na Stock Car\" \/>\n<meta property=\"og:description\" content=\"O fim de semana da rodada dupla no Aut\u00f3dromo Velopark foi conclu\u00eddo com um domingo (3) memor\u00e1vel na Stock Car Pro Series. O frio e a forte chuva que desabou desde o come\u00e7o da manh\u00e3 mexeram com o destino dos pilotos desde a classifica\u00e7\u00e3o e entregou duas corridas verdadeiramente malucas e carregadas de emo\u00e7\u00e3o da [&hellip;]\" \/>\n<meta property=\"og:url\" content=\"https:\/\/maringapost.com.br\/orlandogonzalez\/2022\/07\/04\/maringa-velopark-tem-vencedor-inedito-na-stock-car\/\" \/>\n<meta property=\"og:site_name\" content=\"Orlando Gonzalez\" \/>\n<meta property=\"article:author\" content=\"https:\/\/www.facebook.com\/profile.php?id=100011095815065\" \/>\n<meta property=\"article:published_time\" content=\"2022-07-04T12:25:54+00:00\" \/>\n<meta property=\"article:modified_time\" content=\"2022-07-04T12:26:27+00:00\" \/>\n<meta property=\"og:image\" content=\"https:\/\/maringapost.com.br\/orlandogonzalez\/wp-content\/uploads\/sites\/17\/2022\/07\/409082_1019825_05_06_stockcar2022_dudabairros_velopark_041027.jpg\" \/>\n\t<meta property=\"og:image:width\" content=\"1280\" \/>\n\t<meta property=\"og:image:height\" content=\"852\" \/>\n\t<meta property=\"og:image:type\" content=\"image\/jpeg\" \/>\n<meta name=\"author\" content=\"Orlando Gonzalez\" \/>\n<meta name=\"twitter:card\" content=\"summary_large_image\" \/>\n<meta name=\"twitter:creator\" content=\"@gonzalezorlando\" \/>\n<meta name=\"twitter:label1\" content=\"Escrito por\" \/>\n\t<meta name=\"twitter:data1\" content=\"\" \/>\n\t<meta name=\"twitter:label2\" content=\"Est. tempo de leitura\" \/>\n\t<meta name=\"twitter:data2\" content=\"8 minutos\" \/>\n<script type=\"application\/ld+json\" class=\"yoast-schema-graph\">{\"@context\":\"https:\/\/schema.org\",\"@graph\":[{\"@type\":\"WebPage\",\"@id\":\"https:\/\/maringapost.com.br\/orlandogonzalez\/2022\/07\/04\/maringa-velopark-tem-vencedor-inedito-na-stock-car\/\",\"url\":\"https:\/\/maringapost.com.br\/orlandogonzalez\/2022\/07\/04\/maringa-velopark-tem-vencedor-inedito-na-stock-car\/\",\"name\":\"MARING\u00c1 - Velopark tem vencedor in\u00e9dito na Stock Car - Orlando Gonzalez\",\"isPartOf\":{\"@id\":\"https:\/\/maringapost.com.br\/orlandogonzalez\/#website\"},\"primaryImageOfPage\":{\"@id\":\"https:\/\/maringapost.com.br\/orlandogonzalez\/2022\/07\/04\/maringa-velopark-tem-vencedor-inedito-na-stock-car\/#primaryimage\"},\"image\":{\"@id\":\"https:\/\/maringapost.com.br\/orlandogonzalez\/2022\/07\/04\/maringa-velopark-tem-vencedor-inedito-na-stock-car\/#primaryimage\"},\"thumbnailUrl\":\"https:\/\/maringapost.com.br\/orlandogonzalez\/wp-content\/uploads\/sites\/17\/2022\/07\/409082_1019825_05_06_stockcar2022_dudabairros_velopark_041027.jpg\",\"datePublished\":\"2022-07-04T12:25:54+00:00\",\"dateModified\":\"2022-07-04T12:26:27+00:00\",\"author\":{\"@id\":\"https:\/\/maringapost.com.br\/orlandogonzalez\/#\/schema\/person\/5cbe6257d08edea6afc9ebaa613b0633\"},\"inLanguage\":\"pt-BR\",\"potentialAction\":[{\"@type\":\"ReadAction\",\"target\":[\"https:\/\/maringapost.com.br\/orlandogonzalez\/2022\/07\/04\/maringa-velopark-tem-vencedor-inedito-na-stock-car\/\"]}]},{\"@type\":\"ImageObject\",\"inLanguage\":\"pt-BR\",\"@id\":\"https:\/\/maringapost.com.br\/orlandogonzalez\/2022\/07\/04\/maringa-velopark-tem-vencedor-inedito-na-stock-car\/#primaryimage\",\"url\":\"https:\/\/maringapost.com.br\/orlandogonzalez\/wp-content\/uploads\/sites\/17\/2022\/07\/409082_1019825_05_06_stockcar2022_dudabairros_velopark_041027.jpg\",\"contentUrl\":\"https:\/\/maringapost.com.br\/orlandogonzalez\/wp-content\/uploads\/sites\/17\/2022\/07\/409082_1019825_05_06_stockcar2022_dudabairros_velopark_041027.jpg\",\"width\":1280,\"height\":852},{\"@type\":\"WebSite\",\"@id\":\"https:\/\/maringapost.com.br\/orlandogonzalez\/#website\",\"url\":\"https:\/\/maringapost.com.br\/orlandogonzalez\/\",\"name\":\"Orlando Gonzalez\",\"description\":\"Destaca o esporte de Maring\u00e1! Destaca o esporte do Paran\u00e1! Destaca o esporte do Brasil!\",\"potentialAction\":[{\"@type\":\"SearchAction\",\"target\":{\"@type\":\"EntryPoint\",\"urlTemplate\":\"https:\/\/maringapost.com.br\/orlandogonzalez\/?s={search_term_string}\"},\"query-input\":\"required name=search_term_string\"}],\"inLanguage\":\"pt-BR\"},{\"@type\":\"Person\",\"@id\":\"https:\/\/maringapost.com.br\/orlandogonzalez\/#\/schema\/person\/5cbe6257d08edea6afc9ebaa613b0633\",\"name\":\"Orlando Gonzalez\",\"image\":{\"@type\":\"ImageObject\",\"inLanguage\":\"pt-BR\",\"@id\":\"https:\/\/maringapost.com.br\/orlandogonzalez\/#\/schema\/person\/image\/\",\"url\":\"https:\/\/secure.gravatar.com\/avatar\/ecef9d1c9afe5ebdafadde8369065ba5?s=96&d=mm&r=g\",\"contentUrl\":\"https:\/\/secure.gravatar.com\/avatar\/ecef9d1c9afe5ebdafadde8369065ba5?s=96&d=mm&r=g\",\"caption\":\"Orlando Gonzalez\"},\"description\":\"H\u00e1 29 anos na cobertura do esporte de Maring\u00e1. Plant\u00e3o e narrador esportivo. Presta\u00e7\u00e3o de assessoria de imprensa esportiva, cobertura e transmiss\u00f5es ao vivo de eventos esportivos. E-mail: orlandogonzalez.assessoria@gmail.com WhatsApp: (44) 9 9126-6119\",\"sameAs\":[\"http:\/\/www.radiomaringa.com.br\/\",\"https:\/\/www.facebook.com\/profile.php?id=100011095815065\",\"https:\/\/www.instagram.com\/orlandomgonzalez\/\",\"https:\/\/br.pinterest.com\/ogonzalez0530\/\",\"https:\/\/x.com\/gonzalezorlando\",\"https:\/\/www.youtube.com\/channel\/UCvFpl55btth8wjnKiSS1ibA\",\"https:\/\/radiomaringaweb.tumblr.com\/\"],\"url\":\"https:\/\/maringapost.com.br\/orlandogonzalez\/author\/orlando\/\"}]}<\/script>\n<!-- \/ Yoast SEO Premium plugin. -->","yoast_head_json":{"title":"MARING\u00c1 - Velopark tem vencedor in\u00e9dito na Stock Car - Orlando Gonzalez","robots":{"index":"index","follow":"follow","max-snippet":"max-snippet:-1","max-image-preview":"max-image-preview:large","max-video-preview":"max-video-preview:-1"},"canonical":"https:\/\/maringapost.com.br\/orlandogonzalez\/2022\/07\/04\/maringa-velopark-tem-vencedor-inedito-na-stock-car\/","og_locale":"pt_BR","og_type":"article","og_title":"MARING\u00c1 - Velopark tem vencedor in\u00e9dito na Stock Car","og_description":"O fim de semana da rodada dupla no Aut\u00f3dromo Velopark foi conclu\u00eddo com um domingo (3) memor\u00e1vel na Stock Car Pro Series. O frio e a forte chuva que desabou desde o come\u00e7o da manh\u00e3 mexeram com o destino dos pilotos desde a classifica\u00e7\u00e3o e entregou duas corridas verdadeiramente malucas e carregadas de emo\u00e7\u00e3o da [&hellip;]","og_url":"https:\/\/maringapost.com.br\/orlandogonzalez\/2022\/07\/04\/maringa-velopark-tem-vencedor-inedito-na-stock-car\/","og_site_name":"Orlando Gonzalez","article_author":"https:\/\/www.facebook.com\/profile.php?id=100011095815065","article_published_time":"2022-07-04T12:25:54+00:00","article_modified_time":"2022-07-04T12:26:27+00:00","og_image":[{"width":1280,"height":852,"url":"https:\/\/maringapost.com.br\/orlandogonzalez\/wp-content\/uploads\/sites\/17\/2022\/07\/409082_1019825_05_06_stockcar2022_dudabairros_velopark_041027.jpg","type":"image\/jpeg"}],"author":"Orlando Gonzalez","twitter_card":"summary_large_image","twitter_creator":"@gonzalezorlando","twitter_misc":{"Escrito por":false,"Est. tempo de leitura":"8 minutos"},"schema":{"@context":"https:\/\/schema.org","@graph":[{"@type":"WebPage","@id":"https:\/\/maringapost.com.br\/orlandogonzalez\/2022\/07\/04\/maringa-velopark-tem-vencedor-inedito-na-stock-car\/","url":"https:\/\/maringapost.com.br\/orlandogonzalez\/2022\/07\/04\/maringa-velopark-tem-vencedor-inedito-na-stock-car\/","name":"MARING\u00c1 - Velopark tem vencedor in\u00e9dito na Stock Car - Orlando Gonzalez","isPartOf":{"@id":"https:\/\/maringapost.com.br\/orlandogonzalez\/#website"},"primaryImageOfPage":{"@id":"https:\/\/maringapost.com.br\/orlandogonzalez\/2022\/07\/04\/maringa-velopark-tem-vencedor-inedito-na-stock-car\/#primaryimage"},"image":{"@id":"https:\/\/maringapost.com.br\/orlandogonzalez\/2022\/07\/04\/maringa-velopark-tem-vencedor-inedito-na-stock-car\/#primaryimage"},"thumbnailUrl":"https:\/\/maringapost.com.br\/orlandogonzalez\/wp-content\/uploads\/sites\/17\/2022\/07\/409082_1019825_05_06_stockcar2022_dudabairros_velopark_041027.jpg","datePublished":"2022-07-04T12:25:54+00:00","dateModified":"2022-07-04T12:26:27+00:00","author":{"@id":"https:\/\/maringapost.com.br\/orlandogonzalez\/#\/schema\/person\/5cbe6257d08edea6afc9ebaa613b0633"},"inLanguage":"pt-BR","potentialAction":[{"@type":"ReadAction","target":["https:\/\/maringapost.com.br\/orlandogonzalez\/2022\/07\/04\/maringa-velopark-tem-vencedor-inedito-na-stock-car\/"]}]},{"@type":"ImageObject","inLanguage":"pt-BR","@id":"https:\/\/maringapost.com.br\/orlandogonzalez\/2022\/07\/04\/maringa-velopark-tem-vencedor-inedito-na-stock-car\/#primaryimage","url":"https:\/\/maringapost.com.br\/orlandogonzalez\/wp-content\/uploads\/sites\/17\/2022\/07\/409082_1019825_05_06_stockcar2022_dudabairros_velopark_041027.jpg","contentUrl":"https:\/\/maringapost.com.br\/orlandogonzalez\/wp-content\/uploads\/sites\/17\/2022\/07\/409082_1019825_05_06_stockcar2022_dudabairros_velopark_041027.jpg","width":1280,"height":852},{"@type":"WebSite","@id":"https:\/\/maringapost.com.br\/orlandogonzalez\/#website","url":"https:\/\/maringapost.com.br\/orlandogonzalez\/","name":"Orlando Gonzalez","description":"Destaca o esporte de Maring\u00e1! Destaca o esporte do Paran\u00e1! Destaca o esporte do Brasil!","potentialAction":[{"@type":"SearchAction","target":{"@type":"EntryPoint","urlTemplate":"https:\/\/maringapost.com.br\/orlandogonzalez\/?s={search_term_string}"},"query-input":"required name=search_term_string"}],"inLanguage":"pt-BR"},{"@type":"Person","@id":"https:\/\/maringapost.com.br\/orlandogonzalez\/#\/schema\/person\/5cbe6257d08edea6afc9ebaa613b0633","name":"Orlando Gonzalez","image":{"@type":"ImageObject","inLanguage":"pt-BR","@id":"https:\/\/maringapost.com.br\/orlandogonzalez\/#\/schema\/person\/image\/","url":"https:\/\/secure.gravatar.com\/avatar\/ecef9d1c9afe5ebdafadde8369065ba5?s=96&d=mm&r=g","contentUrl":"https:\/\/secure.gravatar.com\/avatar\/ecef9d1c9afe5ebdafadde8369065ba5?s=96&d=mm&r=g","caption":"Orlando Gonzalez"},"description":"H\u00e1 29 anos na cobertura do esporte de Maring\u00e1. Plant\u00e3o e narrador esportivo. Presta\u00e7\u00e3o de assessoria de imprensa esportiva, cobertura e transmiss\u00f5es ao vivo de eventos esportivos. E-mail: orlandogonzalez.assessoria@gmail.com WhatsApp: (44) 9 9126-6119","sameAs":["http:\/\/www.radiomaringa.com.br\/","https:\/\/www.facebook.com\/profile.php?id=100011095815065","https:\/\/www.instagram.com\/orlandomgonzalez\/","https:\/\/br.pinterest.com\/ogonzalez0530\/","https:\/\/x.com\/gonzalezorlando","https:\/\/www.youtube.com\/channel\/UCvFpl55btth8wjnKiSS1ibA","https:\/\/radiomaringaweb.tumblr.com\/"],"url":"https:\/\/maringapost.com.br\/orlandogonzalez\/author\/orlando\/"}]}},"_links":{"self":[{"href":"https:\/\/maringapost.com.br\/orlandogonzalez\/wp-json\/wp\/v2\/posts\/54986"}],"collection":[{"href":"https:\/\/maringapost.com.br\/orlandogonzalez\/wp-json\/wp\/v2\/posts"}],"about":[{"href":"https:\/\/maringapost.com.br\/orlandogonzalez\/wp-json\/wp\/v2\/types\/post"}],"author":[{"embeddable":true,"href":"https:\/\/maringapost.com.br\/orlandogonzalez\/wp-json\/wp\/v2\/users\/6307"}],"replies":[{"embeddable":true,"href":"https:\/\/maringapost.com.br\/orlandogonzalez\/wp-json\/wp\/v2\/comments?post=54986"}],"version-history":[{"count":1,"href":"https:\/\/maringapost.com.br\/orlandogonzalez\/wp-json\/wp\/v2\/posts\/54986\/revisions"}],"predecessor-version":[{"id":54988,"href":"https:\/\/maringapost.com.br\/orlandogonzalez\/wp-json\/wp\/v2\/posts\/54986\/revisions\/54988"}],"wp:featuredmedia":[{"embeddable":true,"href":"https:\/\/maringapost.com.br\/orlandogonzalez\/wp-json\/wp\/v2\/media\/54987"}],"wp:attachment":[{"href":"https:\/\/maringapost.com.br\/orlandogonzalez\/wp-json\/wp\/v2\/media?parent=54986"}],"wp:term":[{"taxonomy":"category","embeddable":true,"href":"https:\/\/maringapost.com.br\/orlandogonzalez\/wp-json\/wp\/v2\/categories?post=54986"},{"taxonomy":"post_tag","embeddable":true,"href":"https:\/\/maringapost.com.br\/orlandogonzalez\/wp-json\/wp\/v2\/tags?post=54986"}],"curies":[{"name":"wp","href":"https:\/\/api.w.org\/{rel}","templated":true}]}}