{"id":54936,"date":"2022-07-03T10:21:23","date_gmt":"2022-07-03T13:21:23","guid":{"rendered":"https:\/\/maringapost.com.br\/orlandogonzalez\/?p=54936"},"modified":"2022-07-03T10:21:23","modified_gmt":"2022-07-03T13:21:23","slug":"maringa-casagrande-e-nelsinho-piquet-vencem-em-sabado-quente-de-stock-car-no-velopark","status":"publish","type":"post","link":"https:\/\/maringapost.com.br\/orlandogonzalez\/2022\/07\/03\/maringa-casagrande-e-nelsinho-piquet-vencem-em-sabado-quente-de-stock-car-no-velopark\/","title":{"rendered":"MARING\u00c1 &#8211; Casagrande e Nelsinho Piquet vencem em s\u00e1bado quente de Stock Car no Velopark"},"content":{"rendered":"<p>O frio previsto para o fim de semana no Velopark deu uma tr\u00e9gua justamente no dia da quente 5\u00aa etapa da temporada 2022 da Stock Car Pro Series. O s\u00e1bado (2) abriu a programa\u00e7\u00e3o movimentada da rodada dupla com grid de 34 carros para as primeiras corridas do fim de semana. Foram provas de alt\u00edssima intensidade, com disputas muito acirradas e que determinaram os vencedores do dia. Na Corrida 1, a 90\u00aa prova da principal categoria do automobilismo nacional em terras ga\u00fachas, Gabriel Casagrande (Chevrolet Cruze da A.Mattheis\/Vogel) fechou na frente e abriu vantagem na lideran\u00e7a do campeonato. Nelsinho Piquet (Toyota Corolla da Motul TMG Racing) triunfou na Corrida 2 e subiu pela segunda vez no topo do p\u00f3dio da Stock Car.<br \/>\nPole-position, vencedor da Corrida 1 e oitavo colocado na segunda prova deste s\u00e1bado, Casagrande foi o maior pontuador da etapa e marcou 45 tentos no dia. O atual campe\u00e3o tem agora 173 pontos, abrindo assim 18 de vantagem para Daniel Serra (Cruze da Eurofarma-RC), que segue em segundo no campeonato. Rubens Barrichello (Corolla da Full Time Sports) manteve o top-3 do campeonato e soma 134, contra 155 de Serra.<br \/>\nRicardo Zonta (Corolla da RCM Motorsport) agora \u00e9 o quarto, com 103 tentos, enquanto Gaetano Di Mauro (Cruze da KTF Sports) se mant\u00e9m entre os cinco primeiros, com 100 pontos. Guilherme Salas (Cruze da KTF Racing) subiu de nono para sexto no campeonato, seguido por Mat\u00edas Rossi (Corolla da A.Mattheis\/Vogel). Nelsinho Piquet agora \u00e9 o oitavo, \u00e0 frente de C\u00e9sar Ramos (Corolla da Ipiranga Racing) e Bruno Baptista (Corolla da RCM Motorsport).<\/p>\n<p>Corrida de campe\u00e3o \u2014 Casagrande largou na frente, seguido muito de perto por Ricardo Zonta, e comandou a corrida at\u00e9 a abertura da janela para os pit-stops obrigat\u00f3rios. Foi quando o piloto da RCM Motorsport ganhou tempo e voltou \u00e0 frente do atual campe\u00e3o. Entretanto, Gabriel provou ter muito mais ritmo e garantiu sua segunda vit\u00f3ria na temporada. Zonta terminou em segundo, enquanto C\u00e9sar Ramos foi o terceiro.<br \/>\nDaniel Serra garantiu o quarto lugar ap\u00f3s ter largado em s\u00e9timo e foi seguido por Julio Campos, Rubens Barrichello, Rafael Suzuki e Mat\u00edas Rossi. As \u00faltimas voltas reservaram uma batalha entre Guilherme Salas e Thiago Camilo pelo nono lugar. O piloto da Ipiranga Racing ficou para tr\u00e1s no giro final e viu Nelsinho Piquet terminar em d\u00e9cimo e garantir a primeira posi\u00e7\u00e3o do grid invertido.<br \/>\n\u201cEstou muito feliz, muito contente por ter conquistado a vit\u00f3ria e por ter tido um carro excepcional, que a equipe me deu a possibilidade de brigar pela pole mesmo com os 30 kg [de lastro, por ser l\u00edder do campeonato], ent\u00e3o est\u00e1 muito legal o fim de semana. Espero que a gente consiga repetir isso no domingo. Sei que \u00e9 dif\u00edcil, mas vamos tentar sair daqui com uma diferen\u00e7a ainda maior\u201d, destacou Casagrande.<\/p>\n<p>Nelsinho vence duelo com Rossi \u2014 Piquet manteve a lideran\u00e7a depois de uma largada segura, enquanto Mat\u00edas Rossi logo assumiu o segundo lugar, ficando \u00e0 frente de Salas. A prova come\u00e7ou muito \u2018pegada\u2019, com muitas batalhas bem incisivas entre os pilotos.<br \/>\nNa abertura da janela de pit-stops, Rossi se antecipou a Piquet e fez primeiro a sua parada. A estrat\u00e9gia lhe valeu a lideran\u00e7a da prova, mas Nelsinho tirou proveito da melhor performance do seu Corolla e retomou a ponta para n\u00e3o mais perder a vit\u00f3ria, a sua segunda na Stock Car. Em boa forma depois da vit\u00f3ria no Velocitta, o argentino foi o segundo colocado, enquanto Salas finalizou em terceiro, no seu primeiro p\u00f3dio na temporada. Rubens Barrichello foi o quarto e Rafael Suzuki, quinto. O top-10 foi completado por Allam Khodair, Gaetano Di Mauro, Gabriel Casagrande, Marcos Gomes e Cac\u00e1 Bueno.<br \/>\nNelsinho se disse aliviado por voltar a vencer na Stock Car. Seu primeiro triunfo foi conquistado em 22 de agosto de 2020, em Interlagos. \u201cEstava demorando&#8230; E chegou de uma maneira inesperada aqui. A estrat\u00e9gia funcionou muito bem, eles foram perfeitos no pit-stop e, no fim, deu tudo certo. S\u00f3 agradecer mesmo o trabalho duro da equipe, v\u00e1rias noites virando para deixar o carro perfeito. Agora \u00e9 descansar, comemorar s\u00f3 um pouco que amanh\u00e3 tem tudo de novo\u201d, disse.<\/p>\n<p>A programa\u00e7\u00e3o de domingo \u2014 A Stock Car volta a acelerar neste domingo com a classifica\u00e7\u00e3o da 6\u00aa etapa, a partir de 9h45. A categoria fecha seu cronograma no fim de semana com a Corrida 1, a partir de 14h10, e a Corrida 2 largando \u00e0s 14h45. Antes, a Stock Series conclui sua 4\u00aa etapa do campeonato com a segunda prova do fim de semana, a partir de 11h15.<br \/>\nA Stock Car \u00e9 transmitida ao vivo pela Band, canais SporTV, m\u00eddias oficiais da categoria (YouTube, Facebook e TikTok), Motorsport.TV, Twitch da Tribo do Gaules e m\u00eddias do Estad\u00e3o e do site da Revista Capital Econ\u00f4mico.<\/p>\n<p>Stock Car, temporada 2022, 5\u00aa etapa, Corrida 1:<br \/>\n1\u00ba &#8211; Gabriel Casagrande (A.Mattheis-Vogel\/Chevrolet Cruze), 32 voltas, 31min30s866<br \/>\n2\u00ba &#8211; Ricardo Zonta (RCM Motorsport\/Toyota Corolla), a 2s146<br \/>\n3\u00ba &#8211; C\u00e9sar Ramos (Ipiranga Racing\/Toyota Corolla), a 3s280<br \/>\n4\u00ba &#8211; Daniel Serra (Eurofarma RC\/Chevrolet Cruze), a 4s267<br \/>\n5\u00ba &#8211; Julio Campos (Lubrax Podium\/Chevrolet Cruze), a 8s224<br \/>\n6\u00ba &#8211; Rubens Barrichello (Full Time Sports\/Toyota Corolla), a 9s991<br \/>\n7\u00ba &#8211; Rafael Suzuki (Full Time Bassani\/Toyota Corolla), a 10s588<br \/>\n8\u00ba &#8211; Mat\u00edas Rossi (A.Mattheis-Vogel\/Toyota Corolla), a 12s097<br \/>\n9\u00ba &#8211; Guilherme Salas (KTF Racing\/Chevrolet Cruze), a 15s173<br \/>\n10\u00ba &#8211; Nelson Piquet Jr. (Motul TMG Racing\/Toyota Corolla), a 16s267<br \/>\n11\u00ba &#8211; Ricardo Maur\u00edcio (Eurofarma RC\/Chevrolet Cruze), a 17s923<br \/>\n12\u00ba  Thiago Camilo (Ipiranga Racing\/Toyota Corolla), a 19s750<br \/>\n13\u00ba &#8211; Allam Khodair (Blau Motorsport\/Chevrolet Cruze), a 19s818<br \/>\n14\u00ba &#8211; Bruno Baptista (RCM Motorsport\/Toyota Corolla), a 28s242<br \/>\n15\u00ba &#8211; Diego Nunes (Blau Motorsport\/Chevrolet Cruze), a 28s849<br \/>\n16\u00ba &#8211; \u00c1tila Abreu (Shell V-Power\/Chevrolet Cruze), a 29s111<br \/>\n17\u00ba &#8211; Gaetano Di Mauro (KTF Sports\/Chevrolet Cruze), a 30s031<br \/>\n18\u00ba &#8211; Rodrigo Baptista (Crown Racing\/Chevrolet Cruze), a 33s187<br \/>\n19\u00ba &#8211; Sergio Jimenez (Scuderia Chiarelli\/Toyota Corolla), a 33s535<br \/>\n20\u00ba &#8211; Felipe Massa (Lubrax Podium\/Chevrolet Cruze), a 37s830<br \/>\n21\u00ba &#8211; Galid Osman (Shell V-Power\/Chevrolet Cruze), a 41s313<br \/>\n22\u00ba &#8211; Pedro Cardoso (Crown II Racing\/Chevrolet Cruze), a 41s909<br \/>\n23\u00ba &#8211; Cac\u00e1 Bueno (Crown Racing\/Chevrolet Cruze), a 48s240<br \/>\n24\u00ba &#8211; Gabriel Robe (RKL Competi\u00e7\u00f5es\/Chevrolet Cruze),a 1 volta<br \/>\n25\u00ba &#8211; Tony Kanaan (Full Time Bassani\/Toyota Corolla), a 1 volta<br \/>\n26\u00ba &#8211; Lucas Foresti (KTF Sports\/Chevrolet Cruze), a 1 volta<br \/>\n27\u00ba &#8211; Denis Navarro (Cavaleiro Sports\/Chevrolet Cruze), a 1 volta<\/p>\n<p>Abandonaram<br \/>\nGustavo Frigotto (RKL Competi\u00e7\u00f5es\/Chevrolet Cruze), a 2 voltas<br \/>\nFelipe Lapenna (Hot Car Competi\u00e7\u00f5es\/Chevrolet Cruze), a 2 voltas<br \/>\nTuca Antoniazi (Hot Car Competi\u00e7\u00f5es\/Chevrolet Cruze), a 2 voltas<br \/>\nFelipe Baptista (KTF Racing\/Chevrolet Cruze), a 13 voltas<br \/>\nMarcos Gomes (Cavaleiro Sports\/Chevrolet Cruze), a 17 voltas<br \/>\nGianluca Petecof (Full Time Sports\/Toyota Corolla), a 18 voltas<br \/>\nBeto Monteiro (Scuderia Chiarelli\/Toyota Corolla), a 21 voltas<\/p>\n<p>Stock Car, temporada 2022, 5\u00aa etapa, Corrida 2:<br \/>\n1\u00ba &#8211; Nelson Piquet Jr. (Motul TMG Racing\/Toyota Corolla), 28 voltas, 31min23s299<br \/>\n2\u00ba &#8211; Mat\u00edas Rossi (A.Mattheis-Vogel\/Toyota Corolla), a 1s152<br \/>\n3\u00ba &#8211; Guilherme Salas (KTF Racing\/Chevrolet Cruze), a 2s923<br \/>\n4\u00ba &#8211; Rubens Barrichello (Full Time Sports\/Toyota Corolla), a 5s354<br \/>\n5\u00ba &#8211; Rafael Suzuki (Full Time Bassani\/Toyota Corolla), a 8s418<br \/>\n6\u00ba &#8211; Allam Khodair (Blau Motorsport\/Chevrolet Cruze), a 10s434<br \/>\n7\u00ba &#8211; Gaetano Di Mauro (KTF Sports\/Chevrolet Cruze), a 11s001<br \/>\n8\u00ba &#8211; Gabriel Casagrande (A.Mattheis-Vogel\/Chevrolet Cruze), a 11s677<br \/>\n9\u00ba &#8211; Marcos Gomes (Cavaleiro Sports\/Chevrolet Cruze), a 12s537<br \/>\n10\u00ba &#8211; Cac\u00e1 Bueno (Crown Racing\/Chevrolet Cruze), a 12s949<br \/>\n11\u00ba &#8211; Ricardo Zonta (RCM Motorsport\/Toyota Corolla), a 13s444<br \/>\n12\u00ba &#8211; Daniel Serra (Eurofarma RC\/Chevrolet Cruze), a 13s490<br \/>\n13\u00ba &#8211; Gianluca Petecof (Full Time Sports\/Toyota Corolla), a 14s074<br \/>\n14\u00ba &#8211; Felipe Baptista (KTF Racing\/Chevrolet Cruze), a 17s685<br \/>\n15\u00ba &#8211; C\u00e9sar Ramos (Ipiranga Racing\/Toyota Corolla), a 20s722<br \/>\n16\u00ba &#8211; Felipe Massa (Lubrax Podium\/Chevrolet Cruze), a 21s452<br \/>\n17\u00ba &#8211; Tony Kanaan (Full Time Bassani\/Toyota Corolla), a 22s535<br \/>\n18\u00ba &#8211; Diego Nunes (Blau Motorsport\/Chevrolet Cruze), a 23s219<br \/>\n19\u00ba &#8211; \u00c1tila Abreu (Shell V-Power\/Chevrolet Cruze), a 23s586<br \/>\n20\u00ba &#8211; Lucas Foresti (KTF Sports\/Chevrolet Cruze), a 24s002<br \/>\n21\u00ba &#8211; Rodrigo Baptista (Crown Racing\/Chevrolet Cruze), a 26s807<br \/>\n22\u00ba &#8211; Beto Monteiro (Scuderia Chiarelli\/Toyota Corolla), a 27s384<br \/>\n23\u00ba &#8211; Ricardo Maur\u00edcio (Eurofarma RC\/Chevrolet Cruze), a 1 volta<br \/>\n24\u00ba &#8211; Tuca Antoniazi (Hot Car Competi\u00e7\u00f5es\/Chevrolet Cruze), a 1 volta<\/p>\n<p>Abandonaram<br \/>\nPedro Cardoso (Crown II Racing\/Chevrolet Cruze), a 2 voltas<br \/>\nSergio Jimenez (Scuderia Chiarelli\/Toyota Corolla), a 2 voltas<br \/>\nJulio Campos (Lubrax Podium\/Chevrolet Cruze), a 5 voltas<br \/>\nFelipe Lapenna (Hot Car Competi\u00e7\u00f5es\/Chevrolet Cruze), a 10 voltas<br \/>\nThiago Camilo (Ipiranga Racing\/Toyota Corolla), a 10 voltas<br \/>\nGabriel Robe (RKL Competi\u00e7\u00f5es\/Chevrolet Cruze), a 19 voltas<br \/>\nBruno Baptista (RCM Motorsport\/Toyota Corolla), a 20 voltas<br \/>\nGalid Osman (Shell V-Power\/Chevrolet Cruze), a 21 voltas<br \/>\nDenis Navarro (Cavaleiro Sports\/Chevrolet Cruze), a 27 voltas<br \/>\nGustavo Frigotto (RKL Competi\u00e7\u00f5es\/Chevrolet Cruze), n\u00e3o largou<\/p>\n<p>Classifica\u00e7\u00e3o do campeonato ap\u00f3s 10 corridas (20 primeiros colocados):<br \/>\n1\u00ba &#8211; Gabriel Casagrande, 173 pontos<br \/>\n2\u00ba &#8211; Daniel Serra, 155<br \/>\n3\u00ba &#8211; Rubens Barrichello, 134<br \/>\n4\u00ba &#8211; Ricardo Zonta, 103<br \/>\n5\u00ba &#8211; Gaetano Di Mauro, 100<br \/>\n6\u00ba &#8211; Guilherme Salas, 96<br \/>\n7\u00ba &#8211; Mat\u00edas Rossi, 95<br \/>\n8\u00ba &#8211; Nelson Piquet Jr., 95<br \/>\n9\u00ba &#8211; C\u00e9sar Ramos, 93<br \/>\n10\u00ba &#8211; Bruno Baptista, 91<br \/>\n11\u00ba &#8211; Rafael Suzuki, 89<br \/>\n12\u00ba &#8211; Thiago Camilo, 87<br \/>\n13\u00ba &#8211; Ricardo Maur\u00edcio, 84<br \/>\n14\u00ba &#8211; Allam Khodair, 68<br \/>\n15\u00ba &#8211; Julio Campos, 66<br \/>\n16\u00ba &#8211; Marcos Gomes, 63<br \/>\n17\u00ba &#8211; Diego Nunes, 62<br \/>\n18\u00ba &#8211; \u00c1tila Abreu, 60<br \/>\n19\u00ba &#8211; Tony Kanaan, 54<br \/>\n20\u00ba &#8211; Felipe Baptista, 42<br \/>\n(*pontua\u00e7\u00e3o extraoficial)<\/p>\n<p>Programa\u00e7\u00e3o no Velopark<br \/>\nDomingo, 3 de julho<br \/>\n09h00 \u2013 Stock Car \u2013 Warm Up<br \/>\n09h45 \u2013 Stock Car \u2013 6\u00aa etapa \u2013 Classifica\u00e7\u00e3o<br \/>\n11h15 \u2013 Stock Series \u2013 4\u00aa etapa \u2013 Corrida 2 (30 minutos + 1 volta)<br \/>\n12h10 \u2013 Visita\u00e7\u00e3o aos boxes<br \/>\n14h10 \u2013 Stock Car \u2013 6\u00aa etapa \u2013 Corrida 1 (30 minutos + 1 volta)<br \/>\n14h45 \u2013 Stock Car \u2013 6\u00aa etapa \u2013 Corrida 2 (30 minutos + 1 volta)<\/p>\n<p>(Foto: Duda Bairros\/Stock Car)<\/p>\n","protected":false},"excerpt":{"rendered":"<p>O frio previsto para o fim de semana no Velopark deu uma tr\u00e9gua justamente no dia da quente 5\u00aa etapa da temporada 2022 da Stock Car Pro Series. O s\u00e1bado (2) abriu a programa\u00e7\u00e3o movimentada da rodada dupla com grid de 34 carros para as primeiras corridas do fim de semana. Foram provas de alt\u00edssima [&hellip;]<\/p>\n","protected":false},"author":6307,"featured_media":54937,"comment_status":"closed","ping_status":"open","sticky":false,"template":"","format":"standard","meta":{"_exactmetrics_skip_tracking":false,"_exactmetrics_sitenote_active":false,"_exactmetrics_sitenote_note":"","_exactmetrics_sitenote_category":0,"footnotes":""},"categories":[1267],"tags":[8910],"yoast_head":"<!-- This site is optimized with the Yoast SEO Premium plugin v22.7 (Yoast SEO v22.7) - https:\/\/yoast.com\/wordpress\/plugins\/seo\/ -->\n<title>MARING\u00c1 - Casagrande e Nelsinho Piquet vencem em s\u00e1bado quente de Stock Car no Velopark - Orlando Gonzalez<\/title>\n<meta name=\"robots\" content=\"index, follow, max-snippet:-1, max-image-preview:large, max-video-preview:-1\" \/>\n<link rel=\"canonical\" href=\"https:\/\/maringapost.com.br\/orlandogonzalez\/2022\/07\/03\/maringa-casagrande-e-nelsinho-piquet-vencem-em-sabado-quente-de-stock-car-no-velopark\/\" \/>\n<meta property=\"og:locale\" content=\"pt_BR\" \/>\n<meta property=\"og:type\" content=\"article\" \/>\n<meta property=\"og:title\" content=\"MARING\u00c1 - Casagrande e Nelsinho Piquet vencem em s\u00e1bado quente de Stock Car no Velopark\" \/>\n<meta property=\"og:description\" content=\"O frio previsto para o fim de semana no Velopark deu uma tr\u00e9gua justamente no dia da quente 5\u00aa etapa da temporada 2022 da Stock Car Pro Series. O s\u00e1bado (2) abriu a programa\u00e7\u00e3o movimentada da rodada dupla com grid de 34 carros para as primeiras corridas do fim de semana. Foram provas de alt\u00edssima [&hellip;]\" \/>\n<meta property=\"og:url\" content=\"https:\/\/maringapost.com.br\/orlandogonzalez\/2022\/07\/03\/maringa-casagrande-e-nelsinho-piquet-vencem-em-sabado-quente-de-stock-car-no-velopark\/\" \/>\n<meta property=\"og:site_name\" content=\"Orlando Gonzalez\" \/>\n<meta property=\"article:author\" content=\"https:\/\/www.facebook.com\/profile.php?id=100011095815065\" \/>\n<meta property=\"article:published_time\" content=\"2022-07-03T13:21:23+00:00\" \/>\n<meta property=\"og:image\" content=\"https:\/\/maringapost.com.br\/orlandogonzalez\/wp-content\/uploads\/sites\/17\/2022\/07\/409056_1019705_05_06_stockcar2022_dudabairros_velopark_030530.jpg\" \/>\n\t<meta property=\"og:image:width\" content=\"1280\" \/>\n\t<meta property=\"og:image:height\" content=\"852\" \/>\n\t<meta property=\"og:image:type\" content=\"image\/jpeg\" \/>\n<meta name=\"author\" content=\"Orlando Gonzalez\" \/>\n<meta name=\"twitter:card\" content=\"summary_large_image\" \/>\n<meta name=\"twitter:creator\" content=\"@gonzalezorlando\" \/>\n<meta name=\"twitter:label1\" content=\"Escrito por\" \/>\n\t<meta name=\"twitter:data1\" content=\"\" \/>\n\t<meta name=\"twitter:label2\" content=\"Est. tempo de leitura\" \/>\n\t<meta name=\"twitter:data2\" content=\"8 minutos\" \/>\n<script type=\"application\/ld+json\" class=\"yoast-schema-graph\">{\"@context\":\"https:\/\/schema.org\",\"@graph\":[{\"@type\":\"WebPage\",\"@id\":\"https:\/\/maringapost.com.br\/orlandogonzalez\/2022\/07\/03\/maringa-casagrande-e-nelsinho-piquet-vencem-em-sabado-quente-de-stock-car-no-velopark\/\",\"url\":\"https:\/\/maringapost.com.br\/orlandogonzalez\/2022\/07\/03\/maringa-casagrande-e-nelsinho-piquet-vencem-em-sabado-quente-de-stock-car-no-velopark\/\",\"name\":\"MARING\u00c1 - Casagrande e Nelsinho Piquet vencem em s\u00e1bado quente de Stock Car no Velopark - Orlando Gonzalez\",\"isPartOf\":{\"@id\":\"https:\/\/maringapost.com.br\/orlandogonzalez\/#website\"},\"primaryImageOfPage\":{\"@id\":\"https:\/\/maringapost.com.br\/orlandogonzalez\/2022\/07\/03\/maringa-casagrande-e-nelsinho-piquet-vencem-em-sabado-quente-de-stock-car-no-velopark\/#primaryimage\"},\"image\":{\"@id\":\"https:\/\/maringapost.com.br\/orlandogonzalez\/2022\/07\/03\/maringa-casagrande-e-nelsinho-piquet-vencem-em-sabado-quente-de-stock-car-no-velopark\/#primaryimage\"},\"thumbnailUrl\":\"https:\/\/maringapost.com.br\/orlandogonzalez\/wp-content\/uploads\/sites\/17\/2022\/07\/409056_1019705_05_06_stockcar2022_dudabairros_velopark_030530.jpg\",\"datePublished\":\"2022-07-03T13:21:23+00:00\",\"dateModified\":\"2022-07-03T13:21:23+00:00\",\"author\":{\"@id\":\"https:\/\/maringapost.com.br\/orlandogonzalez\/#\/schema\/person\/5cbe6257d08edea6afc9ebaa613b0633\"},\"inLanguage\":\"pt-BR\",\"potentialAction\":[{\"@type\":\"ReadAction\",\"target\":[\"https:\/\/maringapost.com.br\/orlandogonzalez\/2022\/07\/03\/maringa-casagrande-e-nelsinho-piquet-vencem-em-sabado-quente-de-stock-car-no-velopark\/\"]}]},{\"@type\":\"ImageObject\",\"inLanguage\":\"pt-BR\",\"@id\":\"https:\/\/maringapost.com.br\/orlandogonzalez\/2022\/07\/03\/maringa-casagrande-e-nelsinho-piquet-vencem-em-sabado-quente-de-stock-car-no-velopark\/#primaryimage\",\"url\":\"https:\/\/maringapost.com.br\/orlandogonzalez\/wp-content\/uploads\/sites\/17\/2022\/07\/409056_1019705_05_06_stockcar2022_dudabairros_velopark_030530.jpg\",\"contentUrl\":\"https:\/\/maringapost.com.br\/orlandogonzalez\/wp-content\/uploads\/sites\/17\/2022\/07\/409056_1019705_05_06_stockcar2022_dudabairros_velopark_030530.jpg\",\"width\":1280,\"height\":852},{\"@type\":\"WebSite\",\"@id\":\"https:\/\/maringapost.com.br\/orlandogonzalez\/#website\",\"url\":\"https:\/\/maringapost.com.br\/orlandogonzalez\/\",\"name\":\"Orlando Gonzalez\",\"description\":\"Destaca o esporte de Maring\u00e1! Destaca o esporte do Paran\u00e1! Destaca o esporte do Brasil!\",\"potentialAction\":[{\"@type\":\"SearchAction\",\"target\":{\"@type\":\"EntryPoint\",\"urlTemplate\":\"https:\/\/maringapost.com.br\/orlandogonzalez\/?s={search_term_string}\"},\"query-input\":\"required name=search_term_string\"}],\"inLanguage\":\"pt-BR\"},{\"@type\":\"Person\",\"@id\":\"https:\/\/maringapost.com.br\/orlandogonzalez\/#\/schema\/person\/5cbe6257d08edea6afc9ebaa613b0633\",\"name\":\"Orlando Gonzalez\",\"image\":{\"@type\":\"ImageObject\",\"inLanguage\":\"pt-BR\",\"@id\":\"https:\/\/maringapost.com.br\/orlandogonzalez\/#\/schema\/person\/image\/\",\"url\":\"https:\/\/secure.gravatar.com\/avatar\/ecef9d1c9afe5ebdafadde8369065ba5?s=96&d=mm&r=g\",\"contentUrl\":\"https:\/\/secure.gravatar.com\/avatar\/ecef9d1c9afe5ebdafadde8369065ba5?s=96&d=mm&r=g\",\"caption\":\"Orlando Gonzalez\"},\"description\":\"H\u00e1 29 anos na cobertura do esporte de Maring\u00e1. Plant\u00e3o e narrador esportivo. Presta\u00e7\u00e3o de assessoria de imprensa esportiva, cobertura e transmiss\u00f5es ao vivo de eventos esportivos. E-mail: orlandogonzalez.assessoria@gmail.com WhatsApp: (44) 9 9126-6119\",\"sameAs\":[\"http:\/\/www.radiomaringa.com.br\/\",\"https:\/\/www.facebook.com\/profile.php?id=100011095815065\",\"https:\/\/www.instagram.com\/orlandomgonzalez\/\",\"https:\/\/br.pinterest.com\/ogonzalez0530\/\",\"https:\/\/x.com\/gonzalezorlando\",\"https:\/\/www.youtube.com\/channel\/UCvFpl55btth8wjnKiSS1ibA\",\"https:\/\/radiomaringaweb.tumblr.com\/\"],\"url\":\"https:\/\/maringapost.com.br\/orlandogonzalez\/author\/orlando\/\"}]}<\/script>\n<!-- \/ Yoast SEO Premium plugin. -->","yoast_head_json":{"title":"MARING\u00c1 - Casagrande e Nelsinho Piquet vencem em s\u00e1bado quente de Stock Car no Velopark - Orlando Gonzalez","robots":{"index":"index","follow":"follow","max-snippet":"max-snippet:-1","max-image-preview":"max-image-preview:large","max-video-preview":"max-video-preview:-1"},"canonical":"https:\/\/maringapost.com.br\/orlandogonzalez\/2022\/07\/03\/maringa-casagrande-e-nelsinho-piquet-vencem-em-sabado-quente-de-stock-car-no-velopark\/","og_locale":"pt_BR","og_type":"article","og_title":"MARING\u00c1 - Casagrande e Nelsinho Piquet vencem em s\u00e1bado quente de Stock Car no Velopark","og_description":"O frio previsto para o fim de semana no Velopark deu uma tr\u00e9gua justamente no dia da quente 5\u00aa etapa da temporada 2022 da Stock Car Pro Series. O s\u00e1bado (2) abriu a programa\u00e7\u00e3o movimentada da rodada dupla com grid de 34 carros para as primeiras corridas do fim de semana. Foram provas de alt\u00edssima [&hellip;]","og_url":"https:\/\/maringapost.com.br\/orlandogonzalez\/2022\/07\/03\/maringa-casagrande-e-nelsinho-piquet-vencem-em-sabado-quente-de-stock-car-no-velopark\/","og_site_name":"Orlando Gonzalez","article_author":"https:\/\/www.facebook.com\/profile.php?id=100011095815065","article_published_time":"2022-07-03T13:21:23+00:00","og_image":[{"width":1280,"height":852,"url":"https:\/\/maringapost.com.br\/orlandogonzalez\/wp-content\/uploads\/sites\/17\/2022\/07\/409056_1019705_05_06_stockcar2022_dudabairros_velopark_030530.jpg","type":"image\/jpeg"}],"author":"Orlando Gonzalez","twitter_card":"summary_large_image","twitter_creator":"@gonzalezorlando","twitter_misc":{"Escrito por":false,"Est. tempo de leitura":"8 minutos"},"schema":{"@context":"https:\/\/schema.org","@graph":[{"@type":"WebPage","@id":"https:\/\/maringapost.com.br\/orlandogonzalez\/2022\/07\/03\/maringa-casagrande-e-nelsinho-piquet-vencem-em-sabado-quente-de-stock-car-no-velopark\/","url":"https:\/\/maringapost.com.br\/orlandogonzalez\/2022\/07\/03\/maringa-casagrande-e-nelsinho-piquet-vencem-em-sabado-quente-de-stock-car-no-velopark\/","name":"MARING\u00c1 - Casagrande e Nelsinho Piquet vencem em s\u00e1bado quente de Stock Car no Velopark - Orlando Gonzalez","isPartOf":{"@id":"https:\/\/maringapost.com.br\/orlandogonzalez\/#website"},"primaryImageOfPage":{"@id":"https:\/\/maringapost.com.br\/orlandogonzalez\/2022\/07\/03\/maringa-casagrande-e-nelsinho-piquet-vencem-em-sabado-quente-de-stock-car-no-velopark\/#primaryimage"},"image":{"@id":"https:\/\/maringapost.com.br\/orlandogonzalez\/2022\/07\/03\/maringa-casagrande-e-nelsinho-piquet-vencem-em-sabado-quente-de-stock-car-no-velopark\/#primaryimage"},"thumbnailUrl":"https:\/\/maringapost.com.br\/orlandogonzalez\/wp-content\/uploads\/sites\/17\/2022\/07\/409056_1019705_05_06_stockcar2022_dudabairros_velopark_030530.jpg","datePublished":"2022-07-03T13:21:23+00:00","dateModified":"2022-07-03T13:21:23+00:00","author":{"@id":"https:\/\/maringapost.com.br\/orlandogonzalez\/#\/schema\/person\/5cbe6257d08edea6afc9ebaa613b0633"},"inLanguage":"pt-BR","potentialAction":[{"@type":"ReadAction","target":["https:\/\/maringapost.com.br\/orlandogonzalez\/2022\/07\/03\/maringa-casagrande-e-nelsinho-piquet-vencem-em-sabado-quente-de-stock-car-no-velopark\/"]}]},{"@type":"ImageObject","inLanguage":"pt-BR","@id":"https:\/\/maringapost.com.br\/orlandogonzalez\/2022\/07\/03\/maringa-casagrande-e-nelsinho-piquet-vencem-em-sabado-quente-de-stock-car-no-velopark\/#primaryimage","url":"https:\/\/maringapost.com.br\/orlandogonzalez\/wp-content\/uploads\/sites\/17\/2022\/07\/409056_1019705_05_06_stockcar2022_dudabairros_velopark_030530.jpg","contentUrl":"https:\/\/maringapost.com.br\/orlandogonzalez\/wp-content\/uploads\/sites\/17\/2022\/07\/409056_1019705_05_06_stockcar2022_dudabairros_velopark_030530.jpg","width":1280,"height":852},{"@type":"WebSite","@id":"https:\/\/maringapost.com.br\/orlandogonzalez\/#website","url":"https:\/\/maringapost.com.br\/orlandogonzalez\/","name":"Orlando Gonzalez","description":"Destaca o esporte de Maring\u00e1! Destaca o esporte do Paran\u00e1! Destaca o esporte do Brasil!","potentialAction":[{"@type":"SearchAction","target":{"@type":"EntryPoint","urlTemplate":"https:\/\/maringapost.com.br\/orlandogonzalez\/?s={search_term_string}"},"query-input":"required name=search_term_string"}],"inLanguage":"pt-BR"},{"@type":"Person","@id":"https:\/\/maringapost.com.br\/orlandogonzalez\/#\/schema\/person\/5cbe6257d08edea6afc9ebaa613b0633","name":"Orlando Gonzalez","image":{"@type":"ImageObject","inLanguage":"pt-BR","@id":"https:\/\/maringapost.com.br\/orlandogonzalez\/#\/schema\/person\/image\/","url":"https:\/\/secure.gravatar.com\/avatar\/ecef9d1c9afe5ebdafadde8369065ba5?s=96&d=mm&r=g","contentUrl":"https:\/\/secure.gravatar.com\/avatar\/ecef9d1c9afe5ebdafadde8369065ba5?s=96&d=mm&r=g","caption":"Orlando Gonzalez"},"description":"H\u00e1 29 anos na cobertura do esporte de Maring\u00e1. Plant\u00e3o e narrador esportivo. Presta\u00e7\u00e3o de assessoria de imprensa esportiva, cobertura e transmiss\u00f5es ao vivo de eventos esportivos. E-mail: orlandogonzalez.assessoria@gmail.com WhatsApp: (44) 9 9126-6119","sameAs":["http:\/\/www.radiomaringa.com.br\/","https:\/\/www.facebook.com\/profile.php?id=100011095815065","https:\/\/www.instagram.com\/orlandomgonzalez\/","https:\/\/br.pinterest.com\/ogonzalez0530\/","https:\/\/x.com\/gonzalezorlando","https:\/\/www.youtube.com\/channel\/UCvFpl55btth8wjnKiSS1ibA","https:\/\/radiomaringaweb.tumblr.com\/"],"url":"https:\/\/maringapost.com.br\/orlandogonzalez\/author\/orlando\/"}]}},"_links":{"self":[{"href":"https:\/\/maringapost.com.br\/orlandogonzalez\/wp-json\/wp\/v2\/posts\/54936"}],"collection":[{"href":"https:\/\/maringapost.com.br\/orlandogonzalez\/wp-json\/wp\/v2\/posts"}],"about":[{"href":"https:\/\/maringapost.com.br\/orlandogonzalez\/wp-json\/wp\/v2\/types\/post"}],"author":[{"embeddable":true,"href":"https:\/\/maringapost.com.br\/orlandogonzalez\/wp-json\/wp\/v2\/users\/6307"}],"replies":[{"embeddable":true,"href":"https:\/\/maringapost.com.br\/orlandogonzalez\/wp-json\/wp\/v2\/comments?post=54936"}],"version-history":[{"count":1,"href":"https:\/\/maringapost.com.br\/orlandogonzalez\/wp-json\/wp\/v2\/posts\/54936\/revisions"}],"predecessor-version":[{"id":54938,"href":"https:\/\/maringapost.com.br\/orlandogonzalez\/wp-json\/wp\/v2\/posts\/54936\/revisions\/54938"}],"wp:featuredmedia":[{"embeddable":true,"href":"https:\/\/maringapost.com.br\/orlandogonzalez\/wp-json\/wp\/v2\/media\/54937"}],"wp:attachment":[{"href":"https:\/\/maringapost.com.br\/orlandogonzalez\/wp-json\/wp\/v2\/media?parent=54936"}],"wp:term":[{"taxonomy":"category","embeddable":true,"href":"https:\/\/maringapost.com.br\/orlandogonzalez\/wp-json\/wp\/v2\/categories?post=54936"},{"taxonomy":"post_tag","embeddable":true,"href":"https:\/\/maringapost.com.br\/orlandogonzalez\/wp-json\/wp\/v2\/tags?post=54936"}],"curies":[{"name":"wp","href":"https:\/\/api.w.org\/{rel}","templated":true}]}}