{"id":54806,"date":"2022-06-22T21:14:50","date_gmt":"2022-06-23T00:14:50","guid":{"rendered":"https:\/\/maringapost.com.br\/orlandogonzalez\/?p=54806"},"modified":"2022-06-22T21:15:02","modified_gmt":"2022-06-23T00:15:02","slug":"maringa-telemaco-borba-inaugura-autodromo","status":"publish","type":"post","link":"https:\/\/maringapost.com.br\/orlandogonzalez\/2022\/06\/22\/maringa-telemaco-borba-inaugura-autodromo\/","title":{"rendered":"MARING\u00c1 &#8211; Tel\u00eamaco Borba inaugura aut\u00f3dromo"},"content":{"rendered":"<p>A Velocidade na Terra do Paran\u00e1 ganhar\u00e1 uma nov\u00edssima pra\u00e7a esportiva no pr\u00f3ximo fim de semana. Tel\u00eamaco Borba ir\u00e1 inaugural o seu aut\u00f3dromo, que ap\u00f3s a segunda fase de obras, quando ser\u00e3o constru\u00eddos os boxes definitivos, ser\u00e1 o melhor aut\u00f3dromo de terra do Paran\u00e1 e um dos melhores do Brasil. A festa de inaugura\u00e7\u00e3o ser\u00e1 com a realiza\u00e7\u00e3o da 3\u00aa etapa do Campeonato Paranaense de Velocidade na Terra, com programa\u00e7\u00e3o no s\u00e1bado e domingo.<\/p>\n<p>Situado na regi\u00e3o dos Campos Gerais e a 235 quil\u00f4metros de Curitiba, Tel\u00eamaco Borba se destacou por muitos anos como p\u00f3lo da velocidade na terra no Paran\u00e1. Ficou seis anos fora do calend\u00e1rio, tempo que as autoridades municipais e desportistas projetaram e constru\u00edram o novo aut\u00f3dromo, agora em uma \u00e1rea definitiva para o esporte a motor.<\/p>\n<p>A pista ter\u00e1 1.830 metros de extens\u00e3o, com 12 metros de largura nas retas e 14 nas curvas. Ter\u00e1 uma \u00e1rea de boxe de 11.200 metros quadrados e 10 mil metros quadrados de \u00e1rea para publico, incluindo camping. Est\u00e1 localizada no Parque Esportivo, local onde j\u00e1 h\u00e1 uma pista de Velocross e Motocross. <\/p>\n<p>                   Uni\u00e3o de for\u00e7as<\/p>\n<p>Rubens Gatti, presidente da Federa\u00e7\u00e3o Paranaense de Automobilismo (FPrA), destaque o aut\u00f3dromo de Tel\u00eamaco Borba \u00e9 resultado da uni\u00e3o de for\u00e7as de institui\u00e7\u00f5es, autoridades e desportistas. Ele destaca o empenho pessoal do prefeito M\u00e1rcio Artur de Matos, de Luiz Santos Camargo, presidente do Autom\u00f3vel Clube de Tel\u00eamaco Borba e do piloto Amauri de Jesus Soares, que acompanhou a obra deste o in\u00edcio, colaborando muito com sua experi\u00eancia, principalmente nos pontos relacionados \u00e0 seguran\u00e7a.<\/p>\n<p>Gatti frisa que mesmo com a pandemia, o prefeito M\u00e1rcio Artur manteve seu compromisso de construir o aut\u00f3dromo para que Tel\u00eamaco Borba voltasse o ocupar o seu lugar de destaque no cen\u00e1rio estadual e nacional. \u201cA cidade volta a ser um p\u00f3lo revelador de pilotos e ir\u00e1 atrair muitas competi\u00e7\u00f5es estaduais e nacionais, fortalecendo a economia e o turismo da cidade\u201d, enfatiza Rubens Gatti. <\/p>\n<p>(Foto: Divulga\u00e7\u00e3o)<\/p>\n","protected":false},"excerpt":{"rendered":"<p>A Velocidade na Terra do Paran\u00e1 ganhar\u00e1 uma nov\u00edssima pra\u00e7a esportiva no pr\u00f3ximo fim de semana. Tel\u00eamaco Borba ir\u00e1 inaugural o seu aut\u00f3dromo, que ap\u00f3s a segunda fase de obras, quando ser\u00e3o constru\u00eddos os boxes definitivos, ser\u00e1 o melhor aut\u00f3dromo de terra do Paran\u00e1 e um dos melhores do Brasil. A festa de inaugura\u00e7\u00e3o ser\u00e1 [&hellip;]<\/p>\n","protected":false},"author":6307,"featured_media":54807,"comment_status":"closed","ping_status":"open","sticky":false,"template":"","format":"standard","meta":{"_exactmetrics_skip_tracking":false,"_exactmetrics_sitenote_active":false,"_exactmetrics_sitenote_note":"","_exactmetrics_sitenote_category":0,"footnotes":""},"categories":[1267],"tags":[8910],"yoast_head":"<!-- This site is optimized with the Yoast SEO Premium plugin v22.7 (Yoast SEO v22.7) - https:\/\/yoast.com\/wordpress\/plugins\/seo\/ -->\n<title>MARING\u00c1 - Tel\u00eamaco Borba inaugura aut\u00f3dromo - Orlando Gonzalez<\/title>\n<meta name=\"robots\" content=\"index, follow, max-snippet:-1, max-image-preview:large, max-video-preview:-1\" \/>\n<link rel=\"canonical\" href=\"https:\/\/maringapost.com.br\/orlandogonzalez\/2022\/06\/22\/maringa-telemaco-borba-inaugura-autodromo\/\" \/>\n<meta property=\"og:locale\" content=\"pt_BR\" \/>\n<meta property=\"og:type\" content=\"article\" \/>\n<meta property=\"og:title\" content=\"MARING\u00c1 - Tel\u00eamaco Borba inaugura aut\u00f3dromo\" \/>\n<meta property=\"og:description\" content=\"A Velocidade na Terra do Paran\u00e1 ganhar\u00e1 uma nov\u00edssima pra\u00e7a esportiva no pr\u00f3ximo fim de semana. Tel\u00eamaco Borba ir\u00e1 inaugural o seu aut\u00f3dromo, que ap\u00f3s a segunda fase de obras, quando ser\u00e3o constru\u00eddos os boxes definitivos, ser\u00e1 o melhor aut\u00f3dromo de terra do Paran\u00e1 e um dos melhores do Brasil. A festa de inaugura\u00e7\u00e3o ser\u00e1 [&hellip;]\" \/>\n<meta property=\"og:url\" content=\"https:\/\/maringapost.com.br\/orlandogonzalez\/2022\/06\/22\/maringa-telemaco-borba-inaugura-autodromo\/\" \/>\n<meta property=\"og:site_name\" content=\"Orlando Gonzalez\" \/>\n<meta property=\"article:author\" content=\"https:\/\/www.facebook.com\/profile.php?id=100011095815065\" \/>\n<meta property=\"article:published_time\" content=\"2022-06-23T00:14:50+00:00\" \/>\n<meta property=\"article:modified_time\" content=\"2022-06-23T00:15:02+00:00\" \/>\n<meta property=\"og:image\" content=\"https:\/\/maringapost.com.br\/orlandogonzalez\/wp-content\/uploads\/sites\/17\/2022\/06\/Autodromo-de-Telemaco-Borba.jpg\" \/>\n\t<meta property=\"og:image:width\" content=\"1280\" \/>\n\t<meta property=\"og:image:height\" content=\"1280\" \/>\n\t<meta property=\"og:image:type\" content=\"image\/jpeg\" \/>\n<meta name=\"author\" content=\"Orlando Gonzalez\" \/>\n<meta name=\"twitter:card\" content=\"summary_large_image\" \/>\n<meta name=\"twitter:creator\" content=\"@gonzalezorlando\" \/>\n<meta name=\"twitter:label1\" content=\"Escrito por\" \/>\n\t<meta name=\"twitter:data1\" content=\"\" \/>\n\t<meta name=\"twitter:label2\" content=\"Est. tempo de leitura\" \/>\n\t<meta name=\"twitter:data2\" content=\"2 minutos\" \/>\n<script type=\"application\/ld+json\" class=\"yoast-schema-graph\">{\"@context\":\"https:\/\/schema.org\",\"@graph\":[{\"@type\":\"WebPage\",\"@id\":\"https:\/\/maringapost.com.br\/orlandogonzalez\/2022\/06\/22\/maringa-telemaco-borba-inaugura-autodromo\/\",\"url\":\"https:\/\/maringapost.com.br\/orlandogonzalez\/2022\/06\/22\/maringa-telemaco-borba-inaugura-autodromo\/\",\"name\":\"MARING\u00c1 - Tel\u00eamaco Borba inaugura aut\u00f3dromo - Orlando Gonzalez\",\"isPartOf\":{\"@id\":\"https:\/\/maringapost.com.br\/orlandogonzalez\/#website\"},\"primaryImageOfPage\":{\"@id\":\"https:\/\/maringapost.com.br\/orlandogonzalez\/2022\/06\/22\/maringa-telemaco-borba-inaugura-autodromo\/#primaryimage\"},\"image\":{\"@id\":\"https:\/\/maringapost.com.br\/orlandogonzalez\/2022\/06\/22\/maringa-telemaco-borba-inaugura-autodromo\/#primaryimage\"},\"thumbnailUrl\":\"https:\/\/maringapost.com.br\/orlandogonzalez\/wp-content\/uploads\/sites\/17\/2022\/06\/Autodromo-de-Telemaco-Borba.jpg\",\"datePublished\":\"2022-06-23T00:14:50+00:00\",\"dateModified\":\"2022-06-23T00:15:02+00:00\",\"author\":{\"@id\":\"https:\/\/maringapost.com.br\/orlandogonzalez\/#\/schema\/person\/5cbe6257d08edea6afc9ebaa613b0633\"},\"inLanguage\":\"pt-BR\",\"potentialAction\":[{\"@type\":\"ReadAction\",\"target\":[\"https:\/\/maringapost.com.br\/orlandogonzalez\/2022\/06\/22\/maringa-telemaco-borba-inaugura-autodromo\/\"]}]},{\"@type\":\"ImageObject\",\"inLanguage\":\"pt-BR\",\"@id\":\"https:\/\/maringapost.com.br\/orlandogonzalez\/2022\/06\/22\/maringa-telemaco-borba-inaugura-autodromo\/#primaryimage\",\"url\":\"https:\/\/maringapost.com.br\/orlandogonzalez\/wp-content\/uploads\/sites\/17\/2022\/06\/Autodromo-de-Telemaco-Borba.jpg\",\"contentUrl\":\"https:\/\/maringapost.com.br\/orlandogonzalez\/wp-content\/uploads\/sites\/17\/2022\/06\/Autodromo-de-Telemaco-Borba.jpg\",\"width\":1280,\"height\":1280},{\"@type\":\"WebSite\",\"@id\":\"https:\/\/maringapost.com.br\/orlandogonzalez\/#website\",\"url\":\"https:\/\/maringapost.com.br\/orlandogonzalez\/\",\"name\":\"Orlando Gonzalez\",\"description\":\"Destaca o esporte de Maring\u00e1! Destaca o esporte do Paran\u00e1! Destaca o esporte do Brasil!\",\"potentialAction\":[{\"@type\":\"SearchAction\",\"target\":{\"@type\":\"EntryPoint\",\"urlTemplate\":\"https:\/\/maringapost.com.br\/orlandogonzalez\/?s={search_term_string}\"},\"query-input\":\"required name=search_term_string\"}],\"inLanguage\":\"pt-BR\"},{\"@type\":\"Person\",\"@id\":\"https:\/\/maringapost.com.br\/orlandogonzalez\/#\/schema\/person\/5cbe6257d08edea6afc9ebaa613b0633\",\"name\":\"Orlando Gonzalez\",\"image\":{\"@type\":\"ImageObject\",\"inLanguage\":\"pt-BR\",\"@id\":\"https:\/\/maringapost.com.br\/orlandogonzalez\/#\/schema\/person\/image\/\",\"url\":\"https:\/\/secure.gravatar.com\/avatar\/ecef9d1c9afe5ebdafadde8369065ba5?s=96&d=mm&r=g\",\"contentUrl\":\"https:\/\/secure.gravatar.com\/avatar\/ecef9d1c9afe5ebdafadde8369065ba5?s=96&d=mm&r=g\",\"caption\":\"Orlando Gonzalez\"},\"description\":\"H\u00e1 29 anos na cobertura do esporte de Maring\u00e1. Plant\u00e3o e narrador esportivo. Presta\u00e7\u00e3o de assessoria de imprensa esportiva, cobertura e transmiss\u00f5es ao vivo de eventos esportivos. E-mail: orlandogonzalez.assessoria@gmail.com WhatsApp: (44) 9 9126-6119\",\"sameAs\":[\"http:\/\/www.radiomaringa.com.br\/\",\"https:\/\/www.facebook.com\/profile.php?id=100011095815065\",\"https:\/\/www.instagram.com\/orlandomgonzalez\/\",\"https:\/\/br.pinterest.com\/ogonzalez0530\/\",\"https:\/\/x.com\/gonzalezorlando\",\"https:\/\/www.youtube.com\/channel\/UCvFpl55btth8wjnKiSS1ibA\",\"https:\/\/radiomaringaweb.tumblr.com\/\"],\"url\":\"https:\/\/maringapost.com.br\/orlandogonzalez\/author\/orlando\/\"}]}<\/script>\n<!-- \/ Yoast SEO Premium plugin. -->","yoast_head_json":{"title":"MARING\u00c1 - Tel\u00eamaco Borba inaugura aut\u00f3dromo - Orlando Gonzalez","robots":{"index":"index","follow":"follow","max-snippet":"max-snippet:-1","max-image-preview":"max-image-preview:large","max-video-preview":"max-video-preview:-1"},"canonical":"https:\/\/maringapost.com.br\/orlandogonzalez\/2022\/06\/22\/maringa-telemaco-borba-inaugura-autodromo\/","og_locale":"pt_BR","og_type":"article","og_title":"MARING\u00c1 - Tel\u00eamaco Borba inaugura aut\u00f3dromo","og_description":"A Velocidade na Terra do Paran\u00e1 ganhar\u00e1 uma nov\u00edssima pra\u00e7a esportiva no pr\u00f3ximo fim de semana. Tel\u00eamaco Borba ir\u00e1 inaugural o seu aut\u00f3dromo, que ap\u00f3s a segunda fase de obras, quando ser\u00e3o constru\u00eddos os boxes definitivos, ser\u00e1 o melhor aut\u00f3dromo de terra do Paran\u00e1 e um dos melhores do Brasil. A festa de inaugura\u00e7\u00e3o ser\u00e1 [&hellip;]","og_url":"https:\/\/maringapost.com.br\/orlandogonzalez\/2022\/06\/22\/maringa-telemaco-borba-inaugura-autodromo\/","og_site_name":"Orlando Gonzalez","article_author":"https:\/\/www.facebook.com\/profile.php?id=100011095815065","article_published_time":"2022-06-23T00:14:50+00:00","article_modified_time":"2022-06-23T00:15:02+00:00","og_image":[{"width":1280,"height":1280,"url":"https:\/\/maringapost.com.br\/orlandogonzalez\/wp-content\/uploads\/sites\/17\/2022\/06\/Autodromo-de-Telemaco-Borba.jpg","type":"image\/jpeg"}],"author":"Orlando Gonzalez","twitter_card":"summary_large_image","twitter_creator":"@gonzalezorlando","twitter_misc":{"Escrito por":false,"Est. tempo de leitura":"2 minutos"},"schema":{"@context":"https:\/\/schema.org","@graph":[{"@type":"WebPage","@id":"https:\/\/maringapost.com.br\/orlandogonzalez\/2022\/06\/22\/maringa-telemaco-borba-inaugura-autodromo\/","url":"https:\/\/maringapost.com.br\/orlandogonzalez\/2022\/06\/22\/maringa-telemaco-borba-inaugura-autodromo\/","name":"MARING\u00c1 - Tel\u00eamaco Borba inaugura aut\u00f3dromo - Orlando Gonzalez","isPartOf":{"@id":"https:\/\/maringapost.com.br\/orlandogonzalez\/#website"},"primaryImageOfPage":{"@id":"https:\/\/maringapost.com.br\/orlandogonzalez\/2022\/06\/22\/maringa-telemaco-borba-inaugura-autodromo\/#primaryimage"},"image":{"@id":"https:\/\/maringapost.com.br\/orlandogonzalez\/2022\/06\/22\/maringa-telemaco-borba-inaugura-autodromo\/#primaryimage"},"thumbnailUrl":"https:\/\/maringapost.com.br\/orlandogonzalez\/wp-content\/uploads\/sites\/17\/2022\/06\/Autodromo-de-Telemaco-Borba.jpg","datePublished":"2022-06-23T00:14:50+00:00","dateModified":"2022-06-23T00:15:02+00:00","author":{"@id":"https:\/\/maringapost.com.br\/orlandogonzalez\/#\/schema\/person\/5cbe6257d08edea6afc9ebaa613b0633"},"inLanguage":"pt-BR","potentialAction":[{"@type":"ReadAction","target":["https:\/\/maringapost.com.br\/orlandogonzalez\/2022\/06\/22\/maringa-telemaco-borba-inaugura-autodromo\/"]}]},{"@type":"ImageObject","inLanguage":"pt-BR","@id":"https:\/\/maringapost.com.br\/orlandogonzalez\/2022\/06\/22\/maringa-telemaco-borba-inaugura-autodromo\/#primaryimage","url":"https:\/\/maringapost.com.br\/orlandogonzalez\/wp-content\/uploads\/sites\/17\/2022\/06\/Autodromo-de-Telemaco-Borba.jpg","contentUrl":"https:\/\/maringapost.com.br\/orlandogonzalez\/wp-content\/uploads\/sites\/17\/2022\/06\/Autodromo-de-Telemaco-Borba.jpg","width":1280,"height":1280},{"@type":"WebSite","@id":"https:\/\/maringapost.com.br\/orlandogonzalez\/#website","url":"https:\/\/maringapost.com.br\/orlandogonzalez\/","name":"Orlando Gonzalez","description":"Destaca o esporte de Maring\u00e1! Destaca o esporte do Paran\u00e1! Destaca o esporte do Brasil!","potentialAction":[{"@type":"SearchAction","target":{"@type":"EntryPoint","urlTemplate":"https:\/\/maringapost.com.br\/orlandogonzalez\/?s={search_term_string}"},"query-input":"required name=search_term_string"}],"inLanguage":"pt-BR"},{"@type":"Person","@id":"https:\/\/maringapost.com.br\/orlandogonzalez\/#\/schema\/person\/5cbe6257d08edea6afc9ebaa613b0633","name":"Orlando Gonzalez","image":{"@type":"ImageObject","inLanguage":"pt-BR","@id":"https:\/\/maringapost.com.br\/orlandogonzalez\/#\/schema\/person\/image\/","url":"https:\/\/secure.gravatar.com\/avatar\/ecef9d1c9afe5ebdafadde8369065ba5?s=96&d=mm&r=g","contentUrl":"https:\/\/secure.gravatar.com\/avatar\/ecef9d1c9afe5ebdafadde8369065ba5?s=96&d=mm&r=g","caption":"Orlando Gonzalez"},"description":"H\u00e1 29 anos na cobertura do esporte de Maring\u00e1. Plant\u00e3o e narrador esportivo. Presta\u00e7\u00e3o de assessoria de imprensa esportiva, cobertura e transmiss\u00f5es ao vivo de eventos esportivos. E-mail: orlandogonzalez.assessoria@gmail.com WhatsApp: (44) 9 9126-6119","sameAs":["http:\/\/www.radiomaringa.com.br\/","https:\/\/www.facebook.com\/profile.php?id=100011095815065","https:\/\/www.instagram.com\/orlandomgonzalez\/","https:\/\/br.pinterest.com\/ogonzalez0530\/","https:\/\/x.com\/gonzalezorlando","https:\/\/www.youtube.com\/channel\/UCvFpl55btth8wjnKiSS1ibA","https:\/\/radiomaringaweb.tumblr.com\/"],"url":"https:\/\/maringapost.com.br\/orlandogonzalez\/author\/orlando\/"}]}},"_links":{"self":[{"href":"https:\/\/maringapost.com.br\/orlandogonzalez\/wp-json\/wp\/v2\/posts\/54806"}],"collection":[{"href":"https:\/\/maringapost.com.br\/orlandogonzalez\/wp-json\/wp\/v2\/posts"}],"about":[{"href":"https:\/\/maringapost.com.br\/orlandogonzalez\/wp-json\/wp\/v2\/types\/post"}],"author":[{"embeddable":true,"href":"https:\/\/maringapost.com.br\/orlandogonzalez\/wp-json\/wp\/v2\/users\/6307"}],"replies":[{"embeddable":true,"href":"https:\/\/maringapost.com.br\/orlandogonzalez\/wp-json\/wp\/v2\/comments?post=54806"}],"version-history":[{"count":1,"href":"https:\/\/maringapost.com.br\/orlandogonzalez\/wp-json\/wp\/v2\/posts\/54806\/revisions"}],"predecessor-version":[{"id":54808,"href":"https:\/\/maringapost.com.br\/orlandogonzalez\/wp-json\/wp\/v2\/posts\/54806\/revisions\/54808"}],"wp:featuredmedia":[{"embeddable":true,"href":"https:\/\/maringapost.com.br\/orlandogonzalez\/wp-json\/wp\/v2\/media\/54807"}],"wp:attachment":[{"href":"https:\/\/maringapost.com.br\/orlandogonzalez\/wp-json\/wp\/v2\/media?parent=54806"}],"wp:term":[{"taxonomy":"category","embeddable":true,"href":"https:\/\/maringapost.com.br\/orlandogonzalez\/wp-json\/wp\/v2\/categories?post=54806"},{"taxonomy":"post_tag","embeddable":true,"href":"https:\/\/maringapost.com.br\/orlandogonzalez\/wp-json\/wp\/v2\/tags?post=54806"}],"curies":[{"name":"wp","href":"https:\/\/api.w.org\/{rel}","templated":true}]}}