{"id":54803,"date":"2022-06-22T08:11:23","date_gmt":"2022-06-22T11:11:23","guid":{"rendered":"https:\/\/maringapost.com.br\/orlandogonzalez\/?p=54803"},"modified":"2022-06-22T08:11:23","modified_gmt":"2022-06-22T11:11:23","slug":"maringa-atletico-mg-e-flamengo-se-reencontram-pela-copa-do-brasil","status":"publish","type":"post","link":"https:\/\/maringapost.com.br\/orlandogonzalez\/2022\/06\/22\/maringa-atletico-mg-e-flamengo-se-reencontram-pela-copa-do-brasil\/","title":{"rendered":"MARING\u00c1 &#8211; Atl\u00e9tico-MG e Flamengo se reencontram pela Copa do Brasil"},"content":{"rendered":"<p>Atl\u00e9tico-MG e Flamengo se encontram, a partir das 21h30 (hor\u00e1rio de Bras\u00edlia) da noite desta quarta-feira (22) no est\u00e1dio do Mineir\u00e3o, para disputarem o jogo de ida das oitavas de final da Copa do Brasil. Na verdade \u00e9 um reencontro, porque o Galo bateu o Rubro-Negro por 2 a 0 no \u00faltimo domingo (19) em jogo v\u00e1lido pela 13\u00aa rodada do Campeonato Brasileiro. A R\u00e1dio Nacional transmite a partida ao vivo.<\/p>\n<p>A vit\u00f3ria diminuiu a press\u00e3o no Atl\u00e9tico-MG (que agora ocupa a 4\u00aa posi\u00e7\u00e3o do Brasileiro, a sete pontos do l\u00edder Palmeiras), em especial do t\u00e9cnico Turco Mohamed, que vinha sendo contestado ap\u00f3s fracas atua\u00e7\u00f5es de sua equipe.<\/p>\n<p>Em coletiva ap\u00f3s a vit\u00f3ria sobre o Rubro-Negro, o treinador afirmou estar acostumado a trabalhar sob press\u00e3o: \u201cEstava com tranquilidade para trabalhar e tomar a melhor decis\u00e3o. Sei que, quando n\u00e3o vence, surgem os rumores. Por\u00e9m, o mais importante \u00e9 a resposta dos jogadores dentro de campo\u201d.<\/p>\n<p>Agora, para o primeiro duelo pelas oitavas da Copa do Brasil, o t\u00e9cnico argentino afirmou que o Galo tem que manter a mesma vontade do jogo do \u00faltimo domingo para sair com a vit\u00f3ria nesta quarta: \u201cTemos que ter a mesma intensidade, o mesmo desejo de vencer, e a mesma humildade para competir. Nada mais\u201d.<\/p>\n<p>Se no Atl\u00e9tico-MG o desejo \u00e9 de repetir o roteiro da \u00faltima partida, no Flamengo o objetivo \u00e9 mudar o final da hist\u00f3ria. \u201c[Temos que] mostrar o que fizemos de errado e buscar corre\u00e7\u00f5es. [\u2026]. N\u00e3o podemos s\u00f3 lamentar, mas temos que buscar solu\u00e7\u00f5es para dois dias depois ter uma partida muito diferente da que tivemos\u201d, declarou o t\u00e9cnico Dorival J\u00fanior em coletiva concedida logo ap\u00f3s o rev\u00e9s do \u00faltimo domingo.<\/p>\n<p>E a busca por um resultado diferente deve passar pela op\u00e7\u00e3o por uma equipe diferente, como demonstrou o treinador em atividade realizada na \u00faltima ter\u00e7a (21). Dorival sacou duas pe\u00e7as que foram titulares no jogo do Brasileiro: Vitinho e Ayrton Lucas.<\/p>\n<p>Assim, ele opta por um meio-campo mais fechado, com uma trinca de volantes, al\u00e9m de colocar Filipe Lu\u00eds como titular da lateral esquerda. Desta forma, o Flamengo deve ir a campo com a seguinte forma\u00e7\u00e3o: Diego Alves; Matheuzinho, Rodrigo Caio, Pablo e Filipe Lu\u00eds; Willian Ar\u00e3o, Jo\u00e3o Gomes, Andreas Pereira e Everton Ribeiro; Arrascaeta e Gabriel. Se a escolha foi correta, logo mais, a partir das 21h30, vamos come\u00e7ar a saber.<\/p>\n<p>(Texto: Ag\u00eancia Brasil. Foto: Pedro Souza\/Atl\u00e9tico-MG)<\/p>\n","protected":false},"excerpt":{"rendered":"<p>Atl\u00e9tico-MG e Flamengo se encontram, a partir das 21h30 (hor\u00e1rio de Bras\u00edlia) da noite desta quarta-feira (22) no est\u00e1dio do Mineir\u00e3o, para disputarem o jogo de ida das oitavas de final da Copa do Brasil. Na verdade \u00e9 um reencontro, porque o Galo bateu o Rubro-Negro por 2 a 0 no \u00faltimo domingo (19) em [&hellip;]<\/p>\n","protected":false},"author":6307,"featured_media":54804,"comment_status":"closed","ping_status":"open","sticky":false,"template":"","format":"standard","meta":{"_exactmetrics_skip_tracking":false,"_exactmetrics_sitenote_active":false,"_exactmetrics_sitenote_note":"","_exactmetrics_sitenote_category":0,"footnotes":""},"categories":[1505],"tags":[93],"yoast_head":"<!-- This site is optimized with the Yoast SEO Premium plugin v22.7 (Yoast SEO v22.7) - https:\/\/yoast.com\/wordpress\/plugins\/seo\/ -->\n<title>MARING\u00c1 - Atl\u00e9tico-MG e Flamengo se reencontram pela Copa do Brasil - Orlando Gonzalez<\/title>\n<meta name=\"robots\" content=\"index, follow, max-snippet:-1, max-image-preview:large, max-video-preview:-1\" \/>\n<link rel=\"canonical\" href=\"https:\/\/maringapost.com.br\/orlandogonzalez\/2022\/06\/22\/maringa-atletico-mg-e-flamengo-se-reencontram-pela-copa-do-brasil\/\" \/>\n<meta property=\"og:locale\" content=\"pt_BR\" \/>\n<meta property=\"og:type\" content=\"article\" \/>\n<meta property=\"og:title\" content=\"MARING\u00c1 - Atl\u00e9tico-MG e Flamengo se reencontram pela Copa do Brasil\" \/>\n<meta property=\"og:description\" content=\"Atl\u00e9tico-MG e Flamengo se encontram, a partir das 21h30 (hor\u00e1rio de Bras\u00edlia) da noite desta quarta-feira (22) no est\u00e1dio do Mineir\u00e3o, para disputarem o jogo de ida das oitavas de final da Copa do Brasil. Na verdade \u00e9 um reencontro, porque o Galo bateu o Rubro-Negro por 2 a 0 no \u00faltimo domingo (19) em [&hellip;]\" \/>\n<meta property=\"og:url\" content=\"https:\/\/maringapost.com.br\/orlandogonzalez\/2022\/06\/22\/maringa-atletico-mg-e-flamengo-se-reencontram-pela-copa-do-brasil\/\" \/>\n<meta property=\"og:site_name\" content=\"Orlando Gonzalez\" \/>\n<meta property=\"article:author\" content=\"https:\/\/www.facebook.com\/profile.php?id=100011095815065\" \/>\n<meta property=\"article:published_time\" content=\"2022-06-22T11:11:23+00:00\" \/>\n<meta property=\"og:image\" content=\"https:\/\/maringapost.com.br\/orlandogonzalez\/wp-content\/uploads\/sites\/17\/2022\/06\/galo.jpg\" \/>\n\t<meta property=\"og:image:width\" content=\"1170\" \/>\n\t<meta property=\"og:image:height\" content=\"700\" \/>\n\t<meta property=\"og:image:type\" content=\"image\/jpeg\" \/>\n<meta name=\"author\" content=\"Orlando Gonzalez\" \/>\n<meta name=\"twitter:card\" content=\"summary_large_image\" \/>\n<meta name=\"twitter:creator\" content=\"@gonzalezorlando\" \/>\n<meta name=\"twitter:label1\" content=\"Escrito por\" \/>\n\t<meta name=\"twitter:data1\" content=\"\" \/>\n\t<meta name=\"twitter:label2\" content=\"Est. tempo de leitura\" \/>\n\t<meta name=\"twitter:data2\" content=\"2 minutos\" \/>\n<script type=\"application\/ld+json\" class=\"yoast-schema-graph\">{\"@context\":\"https:\/\/schema.org\",\"@graph\":[{\"@type\":\"WebPage\",\"@id\":\"https:\/\/maringapost.com.br\/orlandogonzalez\/2022\/06\/22\/maringa-atletico-mg-e-flamengo-se-reencontram-pela-copa-do-brasil\/\",\"url\":\"https:\/\/maringapost.com.br\/orlandogonzalez\/2022\/06\/22\/maringa-atletico-mg-e-flamengo-se-reencontram-pela-copa-do-brasil\/\",\"name\":\"MARING\u00c1 - Atl\u00e9tico-MG e Flamengo se reencontram pela Copa do Brasil - Orlando Gonzalez\",\"isPartOf\":{\"@id\":\"https:\/\/maringapost.com.br\/orlandogonzalez\/#website\"},\"primaryImageOfPage\":{\"@id\":\"https:\/\/maringapost.com.br\/orlandogonzalez\/2022\/06\/22\/maringa-atletico-mg-e-flamengo-se-reencontram-pela-copa-do-brasil\/#primaryimage\"},\"image\":{\"@id\":\"https:\/\/maringapost.com.br\/orlandogonzalez\/2022\/06\/22\/maringa-atletico-mg-e-flamengo-se-reencontram-pela-copa-do-brasil\/#primaryimage\"},\"thumbnailUrl\":\"https:\/\/maringapost.com.br\/orlandogonzalez\/wp-content\/uploads\/sites\/17\/2022\/06\/galo.jpg\",\"datePublished\":\"2022-06-22T11:11:23+00:00\",\"dateModified\":\"2022-06-22T11:11:23+00:00\",\"author\":{\"@id\":\"https:\/\/maringapost.com.br\/orlandogonzalez\/#\/schema\/person\/5cbe6257d08edea6afc9ebaa613b0633\"},\"inLanguage\":\"pt-BR\",\"potentialAction\":[{\"@type\":\"ReadAction\",\"target\":[\"https:\/\/maringapost.com.br\/orlandogonzalez\/2022\/06\/22\/maringa-atletico-mg-e-flamengo-se-reencontram-pela-copa-do-brasil\/\"]}]},{\"@type\":\"ImageObject\",\"inLanguage\":\"pt-BR\",\"@id\":\"https:\/\/maringapost.com.br\/orlandogonzalez\/2022\/06\/22\/maringa-atletico-mg-e-flamengo-se-reencontram-pela-copa-do-brasil\/#primaryimage\",\"url\":\"https:\/\/maringapost.com.br\/orlandogonzalez\/wp-content\/uploads\/sites\/17\/2022\/06\/galo.jpg\",\"contentUrl\":\"https:\/\/maringapost.com.br\/orlandogonzalez\/wp-content\/uploads\/sites\/17\/2022\/06\/galo.jpg\",\"width\":1170,\"height\":700},{\"@type\":\"WebSite\",\"@id\":\"https:\/\/maringapost.com.br\/orlandogonzalez\/#website\",\"url\":\"https:\/\/maringapost.com.br\/orlandogonzalez\/\",\"name\":\"Orlando Gonzalez\",\"description\":\"Destaca o esporte de Maring\u00e1! Destaca o esporte do Paran\u00e1! Destaca o esporte do Brasil!\",\"potentialAction\":[{\"@type\":\"SearchAction\",\"target\":{\"@type\":\"EntryPoint\",\"urlTemplate\":\"https:\/\/maringapost.com.br\/orlandogonzalez\/?s={search_term_string}\"},\"query-input\":\"required name=search_term_string\"}],\"inLanguage\":\"pt-BR\"},{\"@type\":\"Person\",\"@id\":\"https:\/\/maringapost.com.br\/orlandogonzalez\/#\/schema\/person\/5cbe6257d08edea6afc9ebaa613b0633\",\"name\":\"Orlando Gonzalez\",\"image\":{\"@type\":\"ImageObject\",\"inLanguage\":\"pt-BR\",\"@id\":\"https:\/\/maringapost.com.br\/orlandogonzalez\/#\/schema\/person\/image\/\",\"url\":\"https:\/\/secure.gravatar.com\/avatar\/ecef9d1c9afe5ebdafadde8369065ba5?s=96&d=mm&r=g\",\"contentUrl\":\"https:\/\/secure.gravatar.com\/avatar\/ecef9d1c9afe5ebdafadde8369065ba5?s=96&d=mm&r=g\",\"caption\":\"Orlando Gonzalez\"},\"description\":\"H\u00e1 29 anos na cobertura do esporte de Maring\u00e1. Plant\u00e3o e narrador esportivo. Presta\u00e7\u00e3o de assessoria de imprensa esportiva, cobertura e transmiss\u00f5es ao vivo de eventos esportivos. E-mail: orlandogonzalez.assessoria@gmail.com WhatsApp: (44) 9 9126-6119\",\"sameAs\":[\"http:\/\/www.radiomaringa.com.br\/\",\"https:\/\/www.facebook.com\/profile.php?id=100011095815065\",\"https:\/\/www.instagram.com\/orlandomgonzalez\/\",\"https:\/\/br.pinterest.com\/ogonzalez0530\/\",\"https:\/\/x.com\/gonzalezorlando\",\"https:\/\/www.youtube.com\/channel\/UCvFpl55btth8wjnKiSS1ibA\",\"https:\/\/radiomaringaweb.tumblr.com\/\"],\"url\":\"https:\/\/maringapost.com.br\/orlandogonzalez\/author\/orlando\/\"}]}<\/script>\n<!-- \/ Yoast SEO Premium plugin. -->","yoast_head_json":{"title":"MARING\u00c1 - Atl\u00e9tico-MG e Flamengo se reencontram pela Copa do Brasil - Orlando Gonzalez","robots":{"index":"index","follow":"follow","max-snippet":"max-snippet:-1","max-image-preview":"max-image-preview:large","max-video-preview":"max-video-preview:-1"},"canonical":"https:\/\/maringapost.com.br\/orlandogonzalez\/2022\/06\/22\/maringa-atletico-mg-e-flamengo-se-reencontram-pela-copa-do-brasil\/","og_locale":"pt_BR","og_type":"article","og_title":"MARING\u00c1 - Atl\u00e9tico-MG e Flamengo se reencontram pela Copa do Brasil","og_description":"Atl\u00e9tico-MG e Flamengo se encontram, a partir das 21h30 (hor\u00e1rio de Bras\u00edlia) da noite desta quarta-feira (22) no est\u00e1dio do Mineir\u00e3o, para disputarem o jogo de ida das oitavas de final da Copa do Brasil. Na verdade \u00e9 um reencontro, porque o Galo bateu o Rubro-Negro por 2 a 0 no \u00faltimo domingo (19) em [&hellip;]","og_url":"https:\/\/maringapost.com.br\/orlandogonzalez\/2022\/06\/22\/maringa-atletico-mg-e-flamengo-se-reencontram-pela-copa-do-brasil\/","og_site_name":"Orlando Gonzalez","article_author":"https:\/\/www.facebook.com\/profile.php?id=100011095815065","article_published_time":"2022-06-22T11:11:23+00:00","og_image":[{"width":1170,"height":700,"url":"https:\/\/maringapost.com.br\/orlandogonzalez\/wp-content\/uploads\/sites\/17\/2022\/06\/galo.jpg","type":"image\/jpeg"}],"author":"Orlando Gonzalez","twitter_card":"summary_large_image","twitter_creator":"@gonzalezorlando","twitter_misc":{"Escrito por":false,"Est. tempo de leitura":"2 minutos"},"schema":{"@context":"https:\/\/schema.org","@graph":[{"@type":"WebPage","@id":"https:\/\/maringapost.com.br\/orlandogonzalez\/2022\/06\/22\/maringa-atletico-mg-e-flamengo-se-reencontram-pela-copa-do-brasil\/","url":"https:\/\/maringapost.com.br\/orlandogonzalez\/2022\/06\/22\/maringa-atletico-mg-e-flamengo-se-reencontram-pela-copa-do-brasil\/","name":"MARING\u00c1 - Atl\u00e9tico-MG e Flamengo se reencontram pela Copa do Brasil - Orlando Gonzalez","isPartOf":{"@id":"https:\/\/maringapost.com.br\/orlandogonzalez\/#website"},"primaryImageOfPage":{"@id":"https:\/\/maringapost.com.br\/orlandogonzalez\/2022\/06\/22\/maringa-atletico-mg-e-flamengo-se-reencontram-pela-copa-do-brasil\/#primaryimage"},"image":{"@id":"https:\/\/maringapost.com.br\/orlandogonzalez\/2022\/06\/22\/maringa-atletico-mg-e-flamengo-se-reencontram-pela-copa-do-brasil\/#primaryimage"},"thumbnailUrl":"https:\/\/maringapost.com.br\/orlandogonzalez\/wp-content\/uploads\/sites\/17\/2022\/06\/galo.jpg","datePublished":"2022-06-22T11:11:23+00:00","dateModified":"2022-06-22T11:11:23+00:00","author":{"@id":"https:\/\/maringapost.com.br\/orlandogonzalez\/#\/schema\/person\/5cbe6257d08edea6afc9ebaa613b0633"},"inLanguage":"pt-BR","potentialAction":[{"@type":"ReadAction","target":["https:\/\/maringapost.com.br\/orlandogonzalez\/2022\/06\/22\/maringa-atletico-mg-e-flamengo-se-reencontram-pela-copa-do-brasil\/"]}]},{"@type":"ImageObject","inLanguage":"pt-BR","@id":"https:\/\/maringapost.com.br\/orlandogonzalez\/2022\/06\/22\/maringa-atletico-mg-e-flamengo-se-reencontram-pela-copa-do-brasil\/#primaryimage","url":"https:\/\/maringapost.com.br\/orlandogonzalez\/wp-content\/uploads\/sites\/17\/2022\/06\/galo.jpg","contentUrl":"https:\/\/maringapost.com.br\/orlandogonzalez\/wp-content\/uploads\/sites\/17\/2022\/06\/galo.jpg","width":1170,"height":700},{"@type":"WebSite","@id":"https:\/\/maringapost.com.br\/orlandogonzalez\/#website","url":"https:\/\/maringapost.com.br\/orlandogonzalez\/","name":"Orlando Gonzalez","description":"Destaca o esporte de Maring\u00e1! Destaca o esporte do Paran\u00e1! Destaca o esporte do Brasil!","potentialAction":[{"@type":"SearchAction","target":{"@type":"EntryPoint","urlTemplate":"https:\/\/maringapost.com.br\/orlandogonzalez\/?s={search_term_string}"},"query-input":"required name=search_term_string"}],"inLanguage":"pt-BR"},{"@type":"Person","@id":"https:\/\/maringapost.com.br\/orlandogonzalez\/#\/schema\/person\/5cbe6257d08edea6afc9ebaa613b0633","name":"Orlando Gonzalez","image":{"@type":"ImageObject","inLanguage":"pt-BR","@id":"https:\/\/maringapost.com.br\/orlandogonzalez\/#\/schema\/person\/image\/","url":"https:\/\/secure.gravatar.com\/avatar\/ecef9d1c9afe5ebdafadde8369065ba5?s=96&d=mm&r=g","contentUrl":"https:\/\/secure.gravatar.com\/avatar\/ecef9d1c9afe5ebdafadde8369065ba5?s=96&d=mm&r=g","caption":"Orlando Gonzalez"},"description":"H\u00e1 29 anos na cobertura do esporte de Maring\u00e1. Plant\u00e3o e narrador esportivo. Presta\u00e7\u00e3o de assessoria de imprensa esportiva, cobertura e transmiss\u00f5es ao vivo de eventos esportivos. E-mail: orlandogonzalez.assessoria@gmail.com WhatsApp: (44) 9 9126-6119","sameAs":["http:\/\/www.radiomaringa.com.br\/","https:\/\/www.facebook.com\/profile.php?id=100011095815065","https:\/\/www.instagram.com\/orlandomgonzalez\/","https:\/\/br.pinterest.com\/ogonzalez0530\/","https:\/\/x.com\/gonzalezorlando","https:\/\/www.youtube.com\/channel\/UCvFpl55btth8wjnKiSS1ibA","https:\/\/radiomaringaweb.tumblr.com\/"],"url":"https:\/\/maringapost.com.br\/orlandogonzalez\/author\/orlando\/"}]}},"_links":{"self":[{"href":"https:\/\/maringapost.com.br\/orlandogonzalez\/wp-json\/wp\/v2\/posts\/54803"}],"collection":[{"href":"https:\/\/maringapost.com.br\/orlandogonzalez\/wp-json\/wp\/v2\/posts"}],"about":[{"href":"https:\/\/maringapost.com.br\/orlandogonzalez\/wp-json\/wp\/v2\/types\/post"}],"author":[{"embeddable":true,"href":"https:\/\/maringapost.com.br\/orlandogonzalez\/wp-json\/wp\/v2\/users\/6307"}],"replies":[{"embeddable":true,"href":"https:\/\/maringapost.com.br\/orlandogonzalez\/wp-json\/wp\/v2\/comments?post=54803"}],"version-history":[{"count":1,"href":"https:\/\/maringapost.com.br\/orlandogonzalez\/wp-json\/wp\/v2\/posts\/54803\/revisions"}],"predecessor-version":[{"id":54805,"href":"https:\/\/maringapost.com.br\/orlandogonzalez\/wp-json\/wp\/v2\/posts\/54803\/revisions\/54805"}],"wp:featuredmedia":[{"embeddable":true,"href":"https:\/\/maringapost.com.br\/orlandogonzalez\/wp-json\/wp\/v2\/media\/54804"}],"wp:attachment":[{"href":"https:\/\/maringapost.com.br\/orlandogonzalez\/wp-json\/wp\/v2\/media?parent=54803"}],"wp:term":[{"taxonomy":"category","embeddable":true,"href":"https:\/\/maringapost.com.br\/orlandogonzalez\/wp-json\/wp\/v2\/categories?post=54803"},{"taxonomy":"post_tag","embeddable":true,"href":"https:\/\/maringapost.com.br\/orlandogonzalez\/wp-json\/wp\/v2\/tags?post=54803"}],"curies":[{"name":"wp","href":"https:\/\/api.w.org\/{rel}","templated":true}]}}