{"id":54756,"date":"2022-06-19T20:43:42","date_gmt":"2022-06-19T23:43:42","guid":{"rendered":"https:\/\/maringapost.com.br\/orlandogonzalez\/?p=54756"},"modified":"2022-06-19T20:43:42","modified_gmt":"2022-06-19T23:43:42","slug":"maringa-duda-e-ana-patricia-sao-ouro-no-mundial-de-volei-de-praia","status":"publish","type":"post","link":"https:\/\/maringapost.com.br\/orlandogonzalez\/2022\/06\/19\/maringa-duda-e-ana-patricia-sao-ouro-no-mundial-de-volei-de-praia\/","title":{"rendered":"MARING\u00c1 &#8211; Duda e Ana Patr\u00edcia s\u00e3o ouro no Mundial de v\u00f4lei de praia"},"content":{"rendered":"<p>Um domingo de gala para o v\u00f4lei de praia brasileiro. Na arena do Foro It\u00e1lico, em Roma, Duda e Ana Patr\u00edcia reinaram soberanas e conquistaram a medalha de ouro no Campeonato Mundial, torneio mais importante da temporada.  O t\u00edtulo veio com uma vit\u00f3ria por 2 sets a 0 (21\/17 e 21\/19) sobre as canadenses Bukovec e Brandie. No masculino, mais duas medalhas. Depois de uma campanha brilhante, V\u00edtor Felipe e Renato foram superados apenas pelos campe\u00f5es ol\u00edmpicos Mol e Sorum, da Noruega, e ficaram com a prata: 15\/21 e 16\/21 . Andr\u00e9 e George completaram a festa brasileira:  levaram o bronze ao vencer os americanos Schalk e Brunner, de virada, por 2 sets a 1 (15\/21, 21\/17 e 15\/11). O Brasil segue como o maior vencedor do Mundial, com 13 t\u00edtulos, e o maior medalhista, com 34 p\u00f3dios.<\/p>\n<p>\u201cEstamos muito orgulhosos e felizes com o resultado do Brasil em Roma. O v\u00f4lei de praia brasileiro sempre foi refer\u00eancia em todo o mundo e mostra que continuar\u00e1 sendo. Parab\u00e9ns a todos os medalhistas e aos demais atletas que participaram dessa bel\u00edssima campanha. Na disputa masculina, por exemplo, o Brasil ocupou metade das vagas das quartas de final. Nenhuma dupla foi eliminada na fase de grupos. A CBV continuar\u00e1 seu trabalho de suporte, monitoramento e desenvolvimento dessas e de novas duplas. Este ano, criamos a comiss\u00e3o t\u00e9cnica permanente, que vem trabalhando bem pr\u00f3xima das equipes das duplas brasileira. O Campeonato Brasileiro \u00e9 um dos mais disputados do mundo, o que faz com que os atletas precisem jogar sempre em alto n\u00edvel. O resultado em Roma mostra que estamos em um bom caminho neste ciclo ol\u00edmpico\u201d, diz Guilherme Marques, gerente de v\u00f4lei de praia da CBV.<\/p>\n<p>Al\u00e9m de Guilherme Marques, a CBV enviou a Roma o gerente de sele\u00e7\u00f5es de praia, Pedro Paladino; o supervisor da comiss\u00e3o t\u00e9cnica permanente da CBV, Leandro Brachola; e os fisioterapeutas Eduardo Ruhling e Vinicius Marques, que deram suporte aos atletas durante a competi\u00e7\u00e3o. A CBV tamb\u00e9m investiu cerca de R$ 600 mil especificamente na viagem da dos atletas brasileiros para o Campeonato Mundial, proporcionando transporte a\u00e9reo, hospedagem e alimenta\u00e7\u00e3o para todas as duplas classificadas e seus t\u00e9cnicos.<\/p>\n<p>Duda, medalha de ouro no Campeonato Mundial:<\/p>\n<p>\u201cEstou muito feliz. \u00c9 um t\u00edtulo muito sonhado e conseguir realizar esse objetivo \u00e9 algo incr\u00edvel. Conseguimos colocar o nosso trabalho em pr\u00e1tica em todos os jogos. Voltar a jogar com a Pati tamb\u00e9m \u00e9 algo especial, nos divertimos muito juntas.  Tenho que agradecer a Pati, a toda a nossa comiss\u00e3o t\u00e9cnica, a CBV, ao Praia Clube, nossos familiares e torcedores brasileiros que tanto nos incentivaram na competi\u00e7\u00e3o\u201d.<\/p>\n<p>Ana Patr\u00edcia, medalha de ouro no Campeonato Mundial:<\/p>\n<p>\u201cFoi um jogo tenso como uma final de Campeonato Mundial. Conseguimos colocar um excelente voleibol dentro de quadra. Estou muito feliz pela nossa trajet\u00f3ria e parceria. Esse t\u00edtulo \u00e9 muito especial&#8221;. <\/p>\n<p>V\u00edtor Felipe, medalha de prata no Campeonato Mundial: <\/p>\n<p>\u201cN\u00e3o jogamos o nosso melhor na final, mas lutamos em todos os pontos. Estudadmos bastante o sistema defensivo deles, mas sentimos um pouco de press\u00e3o por ser a nossa primeira final de Campeonato Mundial. Crescemos jogo a jogo, curtimos ao m\u00e1ximo e foi muito importante para o nosso time disputar uma final de campeonato mundial\u201d. <\/p>\n<p>Renato, medalha de prata no Campeonato Mundial: <\/p>\n<p>\u201cEstou muito feliz. Foi um campeonato de muita supera\u00e7\u00e3o com jogos dif\u00edceis desde a chave de grupos. Ganhamos de times muito fortes e foi muito especial disputar essa final de Campeonato Mundial. Agora \u00e9 treinar ainda mais porque queremos esse ouro\u201d. <\/p>\n<p>Andr\u00e9, medalha de bronze no Campeonato Mundial:  <\/p>\n<p>\u201cO Mundial \u00e9 a segunda maior competi\u00e7\u00e3o depois dos Jogos Ol\u00edmpicos. Essa medalha \u00e9 muito importante para a nossa equipe. Estamos aprendendo a lidar com os torneios maiores e os jogos mais dif\u00edceis. Treinamos para isso: chegar nas finais dos grandes campeonatos e buscar medalhas. Sou o mais velho da dupla e tento trazer minha bagagem para o nosso time, e o George tem me ajudado muito\u201d.   <\/p>\n<p>George, medalha de bronze no Campeonato Mundial:  <\/p>\n<p>\u201cEsse \u00e9 o sonho de qualquer atleta, disputar um Mundial e conquistar uma medalha. Estamos aprendendo a lidar com ansiedade. Grandes torneios e essa medalha v\u00eam para coroar o trabalho que fazemos no dia a dia. \u00c9 um torneio diferente, com um jogo por dia e todos os times chegam no seu melhor nessa competi\u00e7\u00e3o. Essa medalha \u00e9 muito especial\u201d.<\/p>\n<p>(Texto: CBV. Foto: FIVB)<\/p>\n","protected":false},"excerpt":{"rendered":"<p>Um domingo de gala para o v\u00f4lei de praia brasileiro. Na arena do Foro It\u00e1lico, em Roma, Duda e Ana Patr\u00edcia reinaram soberanas e conquistaram a medalha de ouro no Campeonato Mundial, torneio mais importante da temporada. O t\u00edtulo veio com uma vit\u00f3ria por 2 sets a 0 (21\/17 e 21\/19) sobre as canadenses Bukovec [&hellip;]<\/p>\n","protected":false},"author":6307,"featured_media":54757,"comment_status":"closed","ping_status":"open","sticky":false,"template":"","format":"standard","meta":{"_exactmetrics_skip_tracking":false,"_exactmetrics_sitenote_active":false,"_exactmetrics_sitenote_note":"","_exactmetrics_sitenote_category":0,"footnotes":""},"categories":[1338],"tags":[15207],"yoast_head":"<!-- This site is optimized with the Yoast SEO Premium plugin v22.7 (Yoast SEO v22.7) - https:\/\/yoast.com\/wordpress\/plugins\/seo\/ -->\n<title>MARING\u00c1 - Duda e Ana Patr\u00edcia s\u00e3o ouro no Mundial de v\u00f4lei de praia - Orlando Gonzalez<\/title>\n<meta name=\"robots\" content=\"index, follow, max-snippet:-1, max-image-preview:large, max-video-preview:-1\" \/>\n<link rel=\"canonical\" href=\"https:\/\/maringapost.com.br\/orlandogonzalez\/2022\/06\/19\/maringa-duda-e-ana-patricia-sao-ouro-no-mundial-de-volei-de-praia\/\" \/>\n<meta property=\"og:locale\" content=\"pt_BR\" \/>\n<meta property=\"og:type\" content=\"article\" \/>\n<meta property=\"og:title\" content=\"MARING\u00c1 - Duda e Ana Patr\u00edcia s\u00e3o ouro no Mundial de v\u00f4lei de praia\" \/>\n<meta property=\"og:description\" content=\"Um domingo de gala para o v\u00f4lei de praia brasileiro. Na arena do Foro It\u00e1lico, em Roma, Duda e Ana Patr\u00edcia reinaram soberanas e conquistaram a medalha de ouro no Campeonato Mundial, torneio mais importante da temporada. O t\u00edtulo veio com uma vit\u00f3ria por 2 sets a 0 (21\/17 e 21\/19) sobre as canadenses Bukovec [&hellip;]\" \/>\n<meta property=\"og:url\" content=\"https:\/\/maringapost.com.br\/orlandogonzalez\/2022\/06\/19\/maringa-duda-e-ana-patricia-sao-ouro-no-mundial-de-volei-de-praia\/\" \/>\n<meta property=\"og:site_name\" content=\"Orlando Gonzalez\" \/>\n<meta property=\"article:author\" content=\"https:\/\/www.facebook.com\/profile.php?id=100011095815065\" \/>\n<meta property=\"article:published_time\" content=\"2022-06-19T23:43:42+00:00\" \/>\n<meta property=\"og:image\" content=\"https:\/\/maringapost.com.br\/orlandogonzalez\/wp-content\/uploads\/sites\/17\/2022\/06\/praia6.jpg\" \/>\n\t<meta property=\"og:image:width\" content=\"800\" \/>\n\t<meta property=\"og:image:height\" content=\"533\" \/>\n\t<meta property=\"og:image:type\" content=\"image\/jpeg\" \/>\n<meta name=\"author\" content=\"Orlando Gonzalez\" \/>\n<meta name=\"twitter:card\" content=\"summary_large_image\" \/>\n<meta name=\"twitter:creator\" content=\"@gonzalezorlando\" \/>\n<meta name=\"twitter:label1\" content=\"Escrito por\" \/>\n\t<meta name=\"twitter:data1\" content=\"\" \/>\n\t<meta name=\"twitter:label2\" content=\"Est. tempo de leitura\" \/>\n\t<meta name=\"twitter:data2\" content=\"4 minutos\" \/>\n<script type=\"application\/ld+json\" class=\"yoast-schema-graph\">{\"@context\":\"https:\/\/schema.org\",\"@graph\":[{\"@type\":\"WebPage\",\"@id\":\"https:\/\/maringapost.com.br\/orlandogonzalez\/2022\/06\/19\/maringa-duda-e-ana-patricia-sao-ouro-no-mundial-de-volei-de-praia\/\",\"url\":\"https:\/\/maringapost.com.br\/orlandogonzalez\/2022\/06\/19\/maringa-duda-e-ana-patricia-sao-ouro-no-mundial-de-volei-de-praia\/\",\"name\":\"MARING\u00c1 - Duda e Ana Patr\u00edcia s\u00e3o ouro no Mundial de v\u00f4lei de praia - Orlando Gonzalez\",\"isPartOf\":{\"@id\":\"https:\/\/maringapost.com.br\/orlandogonzalez\/#website\"},\"primaryImageOfPage\":{\"@id\":\"https:\/\/maringapost.com.br\/orlandogonzalez\/2022\/06\/19\/maringa-duda-e-ana-patricia-sao-ouro-no-mundial-de-volei-de-praia\/#primaryimage\"},\"image\":{\"@id\":\"https:\/\/maringapost.com.br\/orlandogonzalez\/2022\/06\/19\/maringa-duda-e-ana-patricia-sao-ouro-no-mundial-de-volei-de-praia\/#primaryimage\"},\"thumbnailUrl\":\"https:\/\/maringapost.com.br\/orlandogonzalez\/wp-content\/uploads\/sites\/17\/2022\/06\/praia6.jpg\",\"datePublished\":\"2022-06-19T23:43:42+00:00\",\"dateModified\":\"2022-06-19T23:43:42+00:00\",\"author\":{\"@id\":\"https:\/\/maringapost.com.br\/orlandogonzalez\/#\/schema\/person\/5cbe6257d08edea6afc9ebaa613b0633\"},\"inLanguage\":\"pt-BR\",\"potentialAction\":[{\"@type\":\"ReadAction\",\"target\":[\"https:\/\/maringapost.com.br\/orlandogonzalez\/2022\/06\/19\/maringa-duda-e-ana-patricia-sao-ouro-no-mundial-de-volei-de-praia\/\"]}]},{\"@type\":\"ImageObject\",\"inLanguage\":\"pt-BR\",\"@id\":\"https:\/\/maringapost.com.br\/orlandogonzalez\/2022\/06\/19\/maringa-duda-e-ana-patricia-sao-ouro-no-mundial-de-volei-de-praia\/#primaryimage\",\"url\":\"https:\/\/maringapost.com.br\/orlandogonzalez\/wp-content\/uploads\/sites\/17\/2022\/06\/praia6.jpg\",\"contentUrl\":\"https:\/\/maringapost.com.br\/orlandogonzalez\/wp-content\/uploads\/sites\/17\/2022\/06\/praia6.jpg\",\"width\":800,\"height\":533},{\"@type\":\"WebSite\",\"@id\":\"https:\/\/maringapost.com.br\/orlandogonzalez\/#website\",\"url\":\"https:\/\/maringapost.com.br\/orlandogonzalez\/\",\"name\":\"Orlando Gonzalez\",\"description\":\"Destaca o esporte de Maring\u00e1! Destaca o esporte do Paran\u00e1! Destaca o esporte do Brasil!\",\"potentialAction\":[{\"@type\":\"SearchAction\",\"target\":{\"@type\":\"EntryPoint\",\"urlTemplate\":\"https:\/\/maringapost.com.br\/orlandogonzalez\/?s={search_term_string}\"},\"query-input\":\"required name=search_term_string\"}],\"inLanguage\":\"pt-BR\"},{\"@type\":\"Person\",\"@id\":\"https:\/\/maringapost.com.br\/orlandogonzalez\/#\/schema\/person\/5cbe6257d08edea6afc9ebaa613b0633\",\"name\":\"Orlando Gonzalez\",\"image\":{\"@type\":\"ImageObject\",\"inLanguage\":\"pt-BR\",\"@id\":\"https:\/\/maringapost.com.br\/orlandogonzalez\/#\/schema\/person\/image\/\",\"url\":\"https:\/\/secure.gravatar.com\/avatar\/ecef9d1c9afe5ebdafadde8369065ba5?s=96&d=mm&r=g\",\"contentUrl\":\"https:\/\/secure.gravatar.com\/avatar\/ecef9d1c9afe5ebdafadde8369065ba5?s=96&d=mm&r=g\",\"caption\":\"Orlando Gonzalez\"},\"description\":\"H\u00e1 29 anos na cobertura do esporte de Maring\u00e1. Plant\u00e3o e narrador esportivo. Presta\u00e7\u00e3o de assessoria de imprensa esportiva, cobertura e transmiss\u00f5es ao vivo de eventos esportivos. E-mail: orlandogonzalez.assessoria@gmail.com WhatsApp: (44) 9 9126-6119\",\"sameAs\":[\"http:\/\/www.radiomaringa.com.br\/\",\"https:\/\/www.facebook.com\/profile.php?id=100011095815065\",\"https:\/\/www.instagram.com\/orlandomgonzalez\/\",\"https:\/\/br.pinterest.com\/ogonzalez0530\/\",\"https:\/\/x.com\/gonzalezorlando\",\"https:\/\/www.youtube.com\/channel\/UCvFpl55btth8wjnKiSS1ibA\",\"https:\/\/radiomaringaweb.tumblr.com\/\"],\"url\":\"https:\/\/maringapost.com.br\/orlandogonzalez\/author\/orlando\/\"}]}<\/script>\n<!-- \/ Yoast SEO Premium plugin. -->","yoast_head_json":{"title":"MARING\u00c1 - Duda e Ana Patr\u00edcia s\u00e3o ouro no Mundial de v\u00f4lei de praia - Orlando Gonzalez","robots":{"index":"index","follow":"follow","max-snippet":"max-snippet:-1","max-image-preview":"max-image-preview:large","max-video-preview":"max-video-preview:-1"},"canonical":"https:\/\/maringapost.com.br\/orlandogonzalez\/2022\/06\/19\/maringa-duda-e-ana-patricia-sao-ouro-no-mundial-de-volei-de-praia\/","og_locale":"pt_BR","og_type":"article","og_title":"MARING\u00c1 - Duda e Ana Patr\u00edcia s\u00e3o ouro no Mundial de v\u00f4lei de praia","og_description":"Um domingo de gala para o v\u00f4lei de praia brasileiro. Na arena do Foro It\u00e1lico, em Roma, Duda e Ana Patr\u00edcia reinaram soberanas e conquistaram a medalha de ouro no Campeonato Mundial, torneio mais importante da temporada. O t\u00edtulo veio com uma vit\u00f3ria por 2 sets a 0 (21\/17 e 21\/19) sobre as canadenses Bukovec [&hellip;]","og_url":"https:\/\/maringapost.com.br\/orlandogonzalez\/2022\/06\/19\/maringa-duda-e-ana-patricia-sao-ouro-no-mundial-de-volei-de-praia\/","og_site_name":"Orlando Gonzalez","article_author":"https:\/\/www.facebook.com\/profile.php?id=100011095815065","article_published_time":"2022-06-19T23:43:42+00:00","og_image":[{"width":800,"height":533,"url":"https:\/\/maringapost.com.br\/orlandogonzalez\/wp-content\/uploads\/sites\/17\/2022\/06\/praia6.jpg","type":"image\/jpeg"}],"author":"Orlando Gonzalez","twitter_card":"summary_large_image","twitter_creator":"@gonzalezorlando","twitter_misc":{"Escrito por":false,"Est. tempo de leitura":"4 minutos"},"schema":{"@context":"https:\/\/schema.org","@graph":[{"@type":"WebPage","@id":"https:\/\/maringapost.com.br\/orlandogonzalez\/2022\/06\/19\/maringa-duda-e-ana-patricia-sao-ouro-no-mundial-de-volei-de-praia\/","url":"https:\/\/maringapost.com.br\/orlandogonzalez\/2022\/06\/19\/maringa-duda-e-ana-patricia-sao-ouro-no-mundial-de-volei-de-praia\/","name":"MARING\u00c1 - Duda e Ana Patr\u00edcia s\u00e3o ouro no Mundial de v\u00f4lei de praia - Orlando Gonzalez","isPartOf":{"@id":"https:\/\/maringapost.com.br\/orlandogonzalez\/#website"},"primaryImageOfPage":{"@id":"https:\/\/maringapost.com.br\/orlandogonzalez\/2022\/06\/19\/maringa-duda-e-ana-patricia-sao-ouro-no-mundial-de-volei-de-praia\/#primaryimage"},"image":{"@id":"https:\/\/maringapost.com.br\/orlandogonzalez\/2022\/06\/19\/maringa-duda-e-ana-patricia-sao-ouro-no-mundial-de-volei-de-praia\/#primaryimage"},"thumbnailUrl":"https:\/\/maringapost.com.br\/orlandogonzalez\/wp-content\/uploads\/sites\/17\/2022\/06\/praia6.jpg","datePublished":"2022-06-19T23:43:42+00:00","dateModified":"2022-06-19T23:43:42+00:00","author":{"@id":"https:\/\/maringapost.com.br\/orlandogonzalez\/#\/schema\/person\/5cbe6257d08edea6afc9ebaa613b0633"},"inLanguage":"pt-BR","potentialAction":[{"@type":"ReadAction","target":["https:\/\/maringapost.com.br\/orlandogonzalez\/2022\/06\/19\/maringa-duda-e-ana-patricia-sao-ouro-no-mundial-de-volei-de-praia\/"]}]},{"@type":"ImageObject","inLanguage":"pt-BR","@id":"https:\/\/maringapost.com.br\/orlandogonzalez\/2022\/06\/19\/maringa-duda-e-ana-patricia-sao-ouro-no-mundial-de-volei-de-praia\/#primaryimage","url":"https:\/\/maringapost.com.br\/orlandogonzalez\/wp-content\/uploads\/sites\/17\/2022\/06\/praia6.jpg","contentUrl":"https:\/\/maringapost.com.br\/orlandogonzalez\/wp-content\/uploads\/sites\/17\/2022\/06\/praia6.jpg","width":800,"height":533},{"@type":"WebSite","@id":"https:\/\/maringapost.com.br\/orlandogonzalez\/#website","url":"https:\/\/maringapost.com.br\/orlandogonzalez\/","name":"Orlando Gonzalez","description":"Destaca o esporte de Maring\u00e1! Destaca o esporte do Paran\u00e1! Destaca o esporte do Brasil!","potentialAction":[{"@type":"SearchAction","target":{"@type":"EntryPoint","urlTemplate":"https:\/\/maringapost.com.br\/orlandogonzalez\/?s={search_term_string}"},"query-input":"required name=search_term_string"}],"inLanguage":"pt-BR"},{"@type":"Person","@id":"https:\/\/maringapost.com.br\/orlandogonzalez\/#\/schema\/person\/5cbe6257d08edea6afc9ebaa613b0633","name":"Orlando Gonzalez","image":{"@type":"ImageObject","inLanguage":"pt-BR","@id":"https:\/\/maringapost.com.br\/orlandogonzalez\/#\/schema\/person\/image\/","url":"https:\/\/secure.gravatar.com\/avatar\/ecef9d1c9afe5ebdafadde8369065ba5?s=96&d=mm&r=g","contentUrl":"https:\/\/secure.gravatar.com\/avatar\/ecef9d1c9afe5ebdafadde8369065ba5?s=96&d=mm&r=g","caption":"Orlando Gonzalez"},"description":"H\u00e1 29 anos na cobertura do esporte de Maring\u00e1. Plant\u00e3o e narrador esportivo. Presta\u00e7\u00e3o de assessoria de imprensa esportiva, cobertura e transmiss\u00f5es ao vivo de eventos esportivos. E-mail: orlandogonzalez.assessoria@gmail.com WhatsApp: (44) 9 9126-6119","sameAs":["http:\/\/www.radiomaringa.com.br\/","https:\/\/www.facebook.com\/profile.php?id=100011095815065","https:\/\/www.instagram.com\/orlandomgonzalez\/","https:\/\/br.pinterest.com\/ogonzalez0530\/","https:\/\/x.com\/gonzalezorlando","https:\/\/www.youtube.com\/channel\/UCvFpl55btth8wjnKiSS1ibA","https:\/\/radiomaringaweb.tumblr.com\/"],"url":"https:\/\/maringapost.com.br\/orlandogonzalez\/author\/orlando\/"}]}},"_links":{"self":[{"href":"https:\/\/maringapost.com.br\/orlandogonzalez\/wp-json\/wp\/v2\/posts\/54756"}],"collection":[{"href":"https:\/\/maringapost.com.br\/orlandogonzalez\/wp-json\/wp\/v2\/posts"}],"about":[{"href":"https:\/\/maringapost.com.br\/orlandogonzalez\/wp-json\/wp\/v2\/types\/post"}],"author":[{"embeddable":true,"href":"https:\/\/maringapost.com.br\/orlandogonzalez\/wp-json\/wp\/v2\/users\/6307"}],"replies":[{"embeddable":true,"href":"https:\/\/maringapost.com.br\/orlandogonzalez\/wp-json\/wp\/v2\/comments?post=54756"}],"version-history":[{"count":1,"href":"https:\/\/maringapost.com.br\/orlandogonzalez\/wp-json\/wp\/v2\/posts\/54756\/revisions"}],"predecessor-version":[{"id":54758,"href":"https:\/\/maringapost.com.br\/orlandogonzalez\/wp-json\/wp\/v2\/posts\/54756\/revisions\/54758"}],"wp:featuredmedia":[{"embeddable":true,"href":"https:\/\/maringapost.com.br\/orlandogonzalez\/wp-json\/wp\/v2\/media\/54757"}],"wp:attachment":[{"href":"https:\/\/maringapost.com.br\/orlandogonzalez\/wp-json\/wp\/v2\/media?parent=54756"}],"wp:term":[{"taxonomy":"category","embeddable":true,"href":"https:\/\/maringapost.com.br\/orlandogonzalez\/wp-json\/wp\/v2\/categories?post=54756"},{"taxonomy":"post_tag","embeddable":true,"href":"https:\/\/maringapost.com.br\/orlandogonzalez\/wp-json\/wp\/v2\/tags?post=54756"}],"curies":[{"name":"wp","href":"https:\/\/api.w.org\/{rel}","templated":true}]}}