{"id":54418,"date":"2022-05-15T20:02:07","date_gmt":"2022-05-15T23:02:07","guid":{"rendered":"https:\/\/maringapost.com.br\/orlandogonzalez\/?p=54418"},"modified":"2022-05-15T20:02:07","modified_gmt":"2022-05-15T23:02:07","slug":"maringa-com-ecclestone-na-plateia-ex-f-1-zonta-e-argentino-rossi-vencem-no-velocitta","status":"publish","type":"post","link":"https:\/\/maringapost.com.br\/orlandogonzalez\/2022\/05\/15\/maringa-com-ecclestone-na-plateia-ex-f-1-zonta-e-argentino-rossi-vencem-no-velocitta\/","title":{"rendered":"MARING\u00c1 &#8211; Com Ecclestone na plateia, ex-F-1 Zonta e argentino Rossi vencem no Velocitta"},"content":{"rendered":"<p>A Stock Car viveu mais um domingo (15) especial e hist\u00f3rico no Aut\u00f3dromo Velocitta. Com direito \u00e0 presen\u00e7a de Bernie Ecclestone, ex-chef\u00e3o da F\u00f3rmula 1, na plateia, a maior categoria do automobilismo na Am\u00e9rica Latina presenteou o f\u00e3 do esporte a motor com duas grandes corridas. Na primeira prova, Ricardo Zonta fez valer a pole position e rumou para o topo do p\u00f3dio com o Toyota Corolla da RCM Motorsport, voltando a triunfar no Velocitta depois de quase um ano. J\u00e1 na disputa complementar, Mat\u00edas Rossi escreveu seu nome na hist\u00f3ria dos vencedores da Stock Car depois de ter suportado a forte press\u00e3o do tricampe\u00e3o Ricardo Maur\u00edcio e cruzar a linha de chegada com o Corolla da A.Mattheis-Vogel.<br \/>\nFoi a primeira vez que um piloto argentino venceu uma prova normal da Stock Car. Em 22 de mar\u00e7o de 2015, N\u00e9stor \u2018Bebu\u2019 Girolami triunfou na Corrida de Duplas ao lado de Ricardo Maur\u00edcio. Em maio de 2021, Interlagos viu o triunfo do portugu\u00eas Ant\u00f3nio F\u00e9lix da Costa. Novamente Ricardinho aparece na hist\u00f3ria, j\u00e1 que o piloto da Eurofarma RC, ent\u00e3o positivado para Covid-19, foi substitu\u00eddo pelo lusitano.<br \/>\nRubens Barrichello tamb\u00e9m brilhou muito neste domingo. Depois de se emocionar com as corridas do filho Fernando no BRB F\u00f3rmula 4 Brasil, o campe\u00e3o de 2014 conquistou dois p\u00f3dios: segundo lugar na prova 1 e terceiro na Corrida 2. Desta forma, o piloto do Corolla #111 da Full Time Sports marcou 44 pontos e conquistou o pr\u00eamio Claro 5G Man of the Race como o maior pontuador da etapa.<\/p>\n<p>De volta ao topo \u2014 A oitava vit\u00f3ria de Ricardo Zonta, a segunda seguida no Velocitta, foi conquistada na base da experi\u00eancia. O paranaense de 46 anos largou na frente e manteve a dianteira durante praticamente toda a prova, que foi bastante agitada do segundo lugar para tr\u00e1s.<br \/>\nA Corrida 1 teve alguns fatos marcantes: o incidente que tirou de combate C\u00e9sar Ramos, um dos nomes do fim de semana at\u00e9 ent\u00e3o, a batalha entre Guilherme Salas e Rubens Barrichello e novamente Rubinho, depois de passar Felipe Lapenna e conquistar a segunda posi\u00e7\u00e3o. Com o Chevrolet Cruze da Hot Car, Lapenna conquistou \u00f3timo resultado e finalizou em terceiro. Outro destaque foi a recupera\u00e7\u00e3o de Daniel Serra, que largou em 13\u00ba e terminou em sexto lugar.<br \/>\n\u201cFoi \u00f3timo! Eu gosto muito daqui. Achamos uma linha de trabalho em que o carro esteve fant\u00e1stico, tanto na classifica\u00e7\u00e3o como na Corrida 1, muito r\u00e1pido\u201d, sublinhou o curitibano, que lamentou o incidente com Gabriel Casagrande na segunda prova. \u201cN\u00e3o sei o que aconteceu, mas \u00e9 uma pena porque a pontua\u00e7\u00e3o era muito importante para mim. Mas ainda estamos no come\u00e7o. Estou muito otimista e com muita energia para chegar no fim de semana de corrida e brigar por pole e vit\u00f3ria de novo\u201d, completou.<\/p>\n<p>Uma vit\u00f3ria hist\u00f3rica \u2014 D\u00e9cimo colocado na Corrida 1, Bruno Baptista largou na frente da segunda prova, lado a lado na primeira fila com Mat\u00edas Rossi. O piloto da RCM, que estreou pintura laranja no carro e comemorou dez anos de carreira neste fim de semana, liderou a primeira parte da corrida e despontou como favorito \u00e0 vit\u00f3ria. Mas tudo mudou depois da janela com os pit-stops obrigat\u00f3rios.<br \/>\nCom grande trabalho nos boxes da A.Mattheis-Vogel, \u2018El M\u00edsil\u2019 assumiu a ponta, seguido por Ricardo Maur\u00edcio, Rubens Barrichello e Bruno Baptista. As \u00faltimas voltas foram eletrizantes, sobretudo por conta da forte press\u00e3o de Ricardinho em cima de Rossi. Mas o argentino de 38 anos resistiu e venceu pela primeira vez na Stock Car. Um triunfo que veio na ra\u00e7a e sem uso do push-to-pass ap\u00f3s superar um princ\u00edpio de inc\u00eandio antes de alinhar no grid.<br \/>\nTony Kanaan marcou seu melhor resultado na categoria ao finalizar a prova em quinto, seguido por Diego Nunes, que lutou pela vit\u00f3ria durante parte da disputa. Destaque tamb\u00e9m para Sergio Jimenez, que come\u00e7ou a etapa em \u00faltimo no grid em raz\u00e3o de uma puni\u00e7\u00e3o e terminou em oitavo no dia do anivers\u00e1rio de 38 anos. Serrinha e Nelsinho Piquet tamb\u00e9m garantiram posi\u00e7\u00f5es de top-10 nas duas corridas.<br \/>\n\u201cEstou feliz demais com minha primeira vit\u00f3ria na Stock Car. Uma categoria muito dif\u00edcil e muito competitiva pelo n\u00edvel das equipes e dos pilotos. Para vencer, tem que dar tudo certo. S\u00f3 tenho de agradecer \u00e0 A.Mattheis-Vogel pelo trabalho feito desde a primeira corrida. N\u00e3o pensei que pudesse vencer hoje, principalmente pela classifica\u00e7\u00e3o ruim ontem, mas fizemos um bom trabalho na corrida, com \u00f3tima estrat\u00e9gia, e deu certo\u201d, descreveu o piloto nascido em Buenos Aires.<\/p>\n<p>Lideran\u00e7a muda de m\u00e3os&#8230; de novo \u2014 Atual campe\u00e3o, Gabriel Casagrande marcou um quarto lugar na Corrida 1 e foi o 11\u00ba na segunda prova da etapa. Com 29 tentos somados neste domingo, o companheiro de equipe de Mat\u00edas Rossi voltou \u00e0 lideran\u00e7a do campeonato, condi\u00e7\u00e3o que havia perdido depois da etapa do GP Gale\u00e3o. Daniel Serra, que chegou a Mogi Gua\u00e7u como l\u00edder do campeonato com 1 ponto de vantagem sobre Casagrande, agora est\u00e1 justamente 1 ponto atr\u00e1s do campe\u00e3o, com 126.<br \/>\nCasagrande, contudo, entende que sua situa\u00e7\u00e3o no campeonato poderia ser ainda melhor. \u201cFoi bom pelo fato de ter voltado \u00e0 lideran\u00e7a, mas ruim porque poder\u00edamos ter feito mais pontos. O incidente na Corrida 2 me colocou tr\u00eas ou quatro posi\u00e7\u00f5es para tr\u00e1s. Mas estou contente por conseguir levar o carro at\u00e9 o fim, mesmo com pneu furado depois da batida. Estou muito feliz pela vit\u00f3ria do Mat\u00edas, feliz pela equipe, que trabalhou muito bem, com dois carros bem r\u00e1pidos. Vamos trabalhar pra seguir na frente\u201d, disse o dono do Cruze #83.<br \/>\nBarrichello aparece em terceiro na tabela, com 100 pontos, seguido por Ricardo Maur\u00edcio, com 94 e por Bruno Baptista, com 83. Gaetano Di Mauro, Thiago Camilo, Ricardo Zonta, Guilherme Salas e Cesar Ramos completam o top-10 do campeonato, enquanto Mat\u00edas Rossi aparece em 11\u00ba.<br \/>\nA Stock Car volta a acelerar nos dias 2 e 3 de julho para uma rodada dupla no Aut\u00f3dromo Velopark, em Nova Santa Rita, Rio Grande do Sul.<\/p>\n<p>Resultado final da Corrida 1 (dez primeiros):<br \/>\n1\u00ba &#8211; Ricardo Zonta (RCM Motorsport\/Toyota Corolla), 20 voltas<br \/>\n2\u00ba &#8211; Rubens Barrichello (Full Time Sports\/Toyota Corolla), a 3s356<br \/>\n3\u00ba &#8211; Felipe Lapenna (Hot Car Competi\u00e7\u00f5es\/Chevrolet Cruze), a 4s116<br \/>\n4\u00ba &#8211; Gabriel Casagrande (A.Mattheis-Vogel\/Chevrolet Cruze), a 5s519<br \/>\n5\u00ba &#8211; Guilherme Salas (KTF Racing\/Chevrolet Cruze), a 7s243<br \/>\n6\u00ba &#8211; Daniel Serra (Eurofarma RC\/Chevrolet Cruze), a 8s855<br \/>\n7\u00ba &#8211; Nelson Piquet Jr. (Motul TMG Racing\/Toyota Corolla), a 9s835<br \/>\n8\u00ba &#8211; Diego Nunes (Blau Motorsport\/Chevrolet Cruze), a 11s074<br \/>\n9\u00ba &#8211; Mat\u00edas Rossi (A.Mattheis-Vogel\/Toyota Corolla), a 11s471<br \/>\n10\u00ba &#8211; Bruno Baptista (RCM Motorsport\/Toyota Corolla), a 11s789<\/p>\n<p>Resultado final da Corrida 2 (dez primeiros):<br \/>\n1\u00ba &#8211; Mat\u00edas Rossi (A.Mattheis-Vogel\/Toyota Corolla), 18 voltas<br \/>\n2\u00ba &#8211; Ricardo Maur\u00edcio (Eurofarma RC\/Chevrolet Cruze), a 0s418<br \/>\n3\u00ba &#8211; Rubens Barrichello (Full Time Sports\/Toyota Corolla), a 1s018<br \/>\n4\u00ba &#8211; Bruno Baptista (RCM Motorsport\/Toyota Corolla), a 1s766<br \/>\n5\u00ba &#8211; Tony Kanaan (Full Time Bassani\/Toyota Corolla), a 2s363<br \/>\n6\u00ba &#8211; Diego Nunes (Blau Motorsport\/Chevrolet Cruze), a 3s639<br \/>\n7\u00ba &#8211; Gaetano Di Mauro (KTF Sports\/Chevrolet Cruze), a 4s356<br \/>\n8\u00ba &#8211; Sergio Jimenez (Scuderia Chiarelli\/Toyota Corolla), a 7s364<br \/>\n9\u00ba &#8211; Daniel Serra (Eurofarma RC\/Chevrolet Cruze), a 8s150<br \/>\n10\u00ba &#8211; Nelson Piquet Jr. (Motul TMG Racing\/Toyota Corolla), a 9s082<\/p>\n<p>Classifica\u00e7\u00e3o do campeonato depois de quatro etapas:<br \/>\n1\u00ba &#8211; Gabriel Casagrande, 127 pontos<br \/>\n2\u00ba &#8211; Daniel Serra, 126<br \/>\n3\u00ba &#8211; Rubens Barrichello, 100<br \/>\n4\u00ba &#8211; Ricardo Maur\u00edcio, 94<br \/>\n5\u00ba &#8211; Bruno Baptista, 83<br \/>\n6\u00ba &#8211; Gaetano Di Mauro, 81<br \/>\n7\u00ba &#8211; Thiago Camilo, 78<br \/>\n8\u00ba &#8211; Ricardo Zonta, 67<br \/>\n9\u00ba &#8211; Guilherme Salas, 65<br \/>\n10\u00ba &#8211; Cesar Ramos, 64<br \/>\n11\u00ba &#8211; Mat\u00edas Rossi, 62<br \/>\n12\u00ba &#8211; Nelson Piquet Jr., 59<br \/>\n13\u00ba &#8211; Rafael Suzuki, 58<br \/>\n14\u00ba &#8211; \u00c1tila Abreu, 53<br \/>\n15\u00ba &#8211; Diego Nunes, 52<br \/>\n16\u00ba &#8211; Marcos Gomes, 51<br \/>\n17\u00ba &#8211; Julio Campos, 49<br \/>\n18\u00ba &#8211; Tony Kanaan, 49<br \/>\n19\u00ba &#8211; Allam Khodair, 45<br \/>\n20\u00ba &#8211; Galid Osman, 37<br \/>\n21\u00ba &#8211; Felipe Lapenna, 35<br \/>\n22\u00ba &#8211; Felipe Baptista, 35<br \/>\n23\u00ba &#8211; Felipe Massa, 33<br \/>\n24\u00ba &#8211; Sergio Jimenez, 32<br \/>\n25\u00ba &#8211; Denis Navarro, 31<br \/>\n26\u00ba &#8211; Cac\u00e1 Bueno, 28<br \/>\n27\u00ba &#8211; Gianluca Petecof, 25<br \/>\n28\u00ba &#8211; Pedro Cardoso, 24<br \/>\n29\u00ba &#8211; Rodrigo Baptista, 12<br \/>\n30\u00ba &#8211; Lucas Foresti, 12<br \/>\n31\u00ba &#8211; Gustavo Frigotto, 2<br \/>\n32\u00ba &#8211; Thiago Vivacqua, 2<br \/>\n(Foto: Magnus Torquato\/Stock Car)<\/p>\n","protected":false},"excerpt":{"rendered":"<p>A Stock Car viveu mais um domingo (15) especial e hist\u00f3rico no Aut\u00f3dromo Velocitta. Com direito \u00e0 presen\u00e7a de Bernie Ecclestone, ex-chef\u00e3o da F\u00f3rmula 1, na plateia, a maior categoria do automobilismo na Am\u00e9rica Latina presenteou o f\u00e3 do esporte a motor com duas grandes corridas. Na primeira prova, Ricardo Zonta fez valer a pole [&hellip;]<\/p>\n","protected":false},"author":6307,"featured_media":54419,"comment_status":"closed","ping_status":"open","sticky":false,"template":"","format":"standard","meta":{"_exactmetrics_skip_tracking":false,"_exactmetrics_sitenote_active":false,"_exactmetrics_sitenote_note":"","_exactmetrics_sitenote_category":0,"footnotes":""},"categories":[1267],"tags":[8910],"yoast_head":"<!-- This site is optimized with the Yoast SEO Premium plugin v22.7 (Yoast SEO v22.7) - https:\/\/yoast.com\/wordpress\/plugins\/seo\/ -->\n<title>MARING\u00c1 - Com Ecclestone na plateia, ex-F-1 Zonta e argentino Rossi vencem no Velocitta - Orlando Gonzalez<\/title>\n<meta name=\"robots\" content=\"index, follow, max-snippet:-1, max-image-preview:large, max-video-preview:-1\" \/>\n<link rel=\"canonical\" href=\"https:\/\/maringapost.com.br\/orlandogonzalez\/2022\/05\/15\/maringa-com-ecclestone-na-plateia-ex-f-1-zonta-e-argentino-rossi-vencem-no-velocitta\/\" \/>\n<meta property=\"og:locale\" content=\"pt_BR\" \/>\n<meta property=\"og:type\" content=\"article\" \/>\n<meta property=\"og:title\" content=\"MARING\u00c1 - Com Ecclestone na plateia, ex-F-1 Zonta e argentino Rossi vencem no Velocitta\" \/>\n<meta property=\"og:description\" content=\"A Stock Car viveu mais um domingo (15) especial e hist\u00f3rico no Aut\u00f3dromo Velocitta. Com direito \u00e0 presen\u00e7a de Bernie Ecclestone, ex-chef\u00e3o da F\u00f3rmula 1, na plateia, a maior categoria do automobilismo na Am\u00e9rica Latina presenteou o f\u00e3 do esporte a motor com duas grandes corridas. Na primeira prova, Ricardo Zonta fez valer a pole [&hellip;]\" \/>\n<meta property=\"og:url\" content=\"https:\/\/maringapost.com.br\/orlandogonzalez\/2022\/05\/15\/maringa-com-ecclestone-na-plateia-ex-f-1-zonta-e-argentino-rossi-vencem-no-velocitta\/\" \/>\n<meta property=\"og:site_name\" content=\"Orlando Gonzalez\" \/>\n<meta property=\"article:author\" content=\"https:\/\/www.facebook.com\/profile.php?id=100011095815065\" \/>\n<meta property=\"article:published_time\" content=\"2022-05-15T23:02:07+00:00\" \/>\n<meta property=\"og:image\" content=\"https:\/\/maringapost.com.br\/orlandogonzalez\/wp-content\/uploads\/sites\/17\/2022\/05\/406973_1013499_whatsapp_image_2022_05_15_at_17.38.16.jpeg\" \/>\n\t<meta property=\"og:image:width\" content=\"1280\" \/>\n\t<meta property=\"og:image:height\" content=\"853\" \/>\n\t<meta property=\"og:image:type\" content=\"image\/jpeg\" \/>\n<meta name=\"author\" content=\"Orlando Gonzalez\" \/>\n<meta name=\"twitter:card\" content=\"summary_large_image\" \/>\n<meta name=\"twitter:creator\" content=\"@gonzalezorlando\" \/>\n<meta name=\"twitter:label1\" content=\"Escrito por\" \/>\n\t<meta name=\"twitter:data1\" content=\"\" \/>\n\t<meta name=\"twitter:label2\" content=\"Est. tempo de leitura\" \/>\n\t<meta name=\"twitter:data2\" content=\"7 minutos\" \/>\n<script type=\"application\/ld+json\" class=\"yoast-schema-graph\">{\"@context\":\"https:\/\/schema.org\",\"@graph\":[{\"@type\":\"WebPage\",\"@id\":\"https:\/\/maringapost.com.br\/orlandogonzalez\/2022\/05\/15\/maringa-com-ecclestone-na-plateia-ex-f-1-zonta-e-argentino-rossi-vencem-no-velocitta\/\",\"url\":\"https:\/\/maringapost.com.br\/orlandogonzalez\/2022\/05\/15\/maringa-com-ecclestone-na-plateia-ex-f-1-zonta-e-argentino-rossi-vencem-no-velocitta\/\",\"name\":\"MARING\u00c1 - Com Ecclestone na plateia, ex-F-1 Zonta e argentino Rossi vencem no Velocitta - Orlando Gonzalez\",\"isPartOf\":{\"@id\":\"https:\/\/maringapost.com.br\/orlandogonzalez\/#website\"},\"primaryImageOfPage\":{\"@id\":\"https:\/\/maringapost.com.br\/orlandogonzalez\/2022\/05\/15\/maringa-com-ecclestone-na-plateia-ex-f-1-zonta-e-argentino-rossi-vencem-no-velocitta\/#primaryimage\"},\"image\":{\"@id\":\"https:\/\/maringapost.com.br\/orlandogonzalez\/2022\/05\/15\/maringa-com-ecclestone-na-plateia-ex-f-1-zonta-e-argentino-rossi-vencem-no-velocitta\/#primaryimage\"},\"thumbnailUrl\":\"https:\/\/maringapost.com.br\/orlandogonzalez\/wp-content\/uploads\/sites\/17\/2022\/05\/406973_1013499_whatsapp_image_2022_05_15_at_17.38.16.jpeg\",\"datePublished\":\"2022-05-15T23:02:07+00:00\",\"dateModified\":\"2022-05-15T23:02:07+00:00\",\"author\":{\"@id\":\"https:\/\/maringapost.com.br\/orlandogonzalez\/#\/schema\/person\/5cbe6257d08edea6afc9ebaa613b0633\"},\"inLanguage\":\"pt-BR\",\"potentialAction\":[{\"@type\":\"ReadAction\",\"target\":[\"https:\/\/maringapost.com.br\/orlandogonzalez\/2022\/05\/15\/maringa-com-ecclestone-na-plateia-ex-f-1-zonta-e-argentino-rossi-vencem-no-velocitta\/\"]}]},{\"@type\":\"ImageObject\",\"inLanguage\":\"pt-BR\",\"@id\":\"https:\/\/maringapost.com.br\/orlandogonzalez\/2022\/05\/15\/maringa-com-ecclestone-na-plateia-ex-f-1-zonta-e-argentino-rossi-vencem-no-velocitta\/#primaryimage\",\"url\":\"https:\/\/maringapost.com.br\/orlandogonzalez\/wp-content\/uploads\/sites\/17\/2022\/05\/406973_1013499_whatsapp_image_2022_05_15_at_17.38.16.jpeg\",\"contentUrl\":\"https:\/\/maringapost.com.br\/orlandogonzalez\/wp-content\/uploads\/sites\/17\/2022\/05\/406973_1013499_whatsapp_image_2022_05_15_at_17.38.16.jpeg\",\"width\":1280,\"height\":853},{\"@type\":\"WebSite\",\"@id\":\"https:\/\/maringapost.com.br\/orlandogonzalez\/#website\",\"url\":\"https:\/\/maringapost.com.br\/orlandogonzalez\/\",\"name\":\"Orlando Gonzalez\",\"description\":\"Destaca o esporte de Maring\u00e1! Destaca o esporte do Paran\u00e1! Destaca o esporte do Brasil!\",\"potentialAction\":[{\"@type\":\"SearchAction\",\"target\":{\"@type\":\"EntryPoint\",\"urlTemplate\":\"https:\/\/maringapost.com.br\/orlandogonzalez\/?s={search_term_string}\"},\"query-input\":\"required name=search_term_string\"}],\"inLanguage\":\"pt-BR\"},{\"@type\":\"Person\",\"@id\":\"https:\/\/maringapost.com.br\/orlandogonzalez\/#\/schema\/person\/5cbe6257d08edea6afc9ebaa613b0633\",\"name\":\"Orlando Gonzalez\",\"image\":{\"@type\":\"ImageObject\",\"inLanguage\":\"pt-BR\",\"@id\":\"https:\/\/maringapost.com.br\/orlandogonzalez\/#\/schema\/person\/image\/\",\"url\":\"https:\/\/secure.gravatar.com\/avatar\/ecef9d1c9afe5ebdafadde8369065ba5?s=96&d=mm&r=g\",\"contentUrl\":\"https:\/\/secure.gravatar.com\/avatar\/ecef9d1c9afe5ebdafadde8369065ba5?s=96&d=mm&r=g\",\"caption\":\"Orlando Gonzalez\"},\"description\":\"H\u00e1 29 anos na cobertura do esporte de Maring\u00e1. Plant\u00e3o e narrador esportivo. Presta\u00e7\u00e3o de assessoria de imprensa esportiva, cobertura e transmiss\u00f5es ao vivo de eventos esportivos. E-mail: orlandogonzalez.assessoria@gmail.com WhatsApp: (44) 9 9126-6119\",\"sameAs\":[\"http:\/\/www.radiomaringa.com.br\/\",\"https:\/\/www.facebook.com\/profile.php?id=100011095815065\",\"https:\/\/www.instagram.com\/orlandomgonzalez\/\",\"https:\/\/br.pinterest.com\/ogonzalez0530\/\",\"https:\/\/x.com\/gonzalezorlando\",\"https:\/\/www.youtube.com\/channel\/UCvFpl55btth8wjnKiSS1ibA\",\"https:\/\/radiomaringaweb.tumblr.com\/\"],\"url\":\"https:\/\/maringapost.com.br\/orlandogonzalez\/author\/orlando\/\"}]}<\/script>\n<!-- \/ Yoast SEO Premium plugin. -->","yoast_head_json":{"title":"MARING\u00c1 - Com Ecclestone na plateia, ex-F-1 Zonta e argentino Rossi vencem no Velocitta - Orlando Gonzalez","robots":{"index":"index","follow":"follow","max-snippet":"max-snippet:-1","max-image-preview":"max-image-preview:large","max-video-preview":"max-video-preview:-1"},"canonical":"https:\/\/maringapost.com.br\/orlandogonzalez\/2022\/05\/15\/maringa-com-ecclestone-na-plateia-ex-f-1-zonta-e-argentino-rossi-vencem-no-velocitta\/","og_locale":"pt_BR","og_type":"article","og_title":"MARING\u00c1 - Com Ecclestone na plateia, ex-F-1 Zonta e argentino Rossi vencem no Velocitta","og_description":"A Stock Car viveu mais um domingo (15) especial e hist\u00f3rico no Aut\u00f3dromo Velocitta. Com direito \u00e0 presen\u00e7a de Bernie Ecclestone, ex-chef\u00e3o da F\u00f3rmula 1, na plateia, a maior categoria do automobilismo na Am\u00e9rica Latina presenteou o f\u00e3 do esporte a motor com duas grandes corridas. Na primeira prova, Ricardo Zonta fez valer a pole [&hellip;]","og_url":"https:\/\/maringapost.com.br\/orlandogonzalez\/2022\/05\/15\/maringa-com-ecclestone-na-plateia-ex-f-1-zonta-e-argentino-rossi-vencem-no-velocitta\/","og_site_name":"Orlando Gonzalez","article_author":"https:\/\/www.facebook.com\/profile.php?id=100011095815065","article_published_time":"2022-05-15T23:02:07+00:00","og_image":[{"width":1280,"height":853,"url":"https:\/\/maringapost.com.br\/orlandogonzalez\/wp-content\/uploads\/sites\/17\/2022\/05\/406973_1013499_whatsapp_image_2022_05_15_at_17.38.16.jpeg","type":"image\/jpeg"}],"author":"Orlando Gonzalez","twitter_card":"summary_large_image","twitter_creator":"@gonzalezorlando","twitter_misc":{"Escrito por":false,"Est. tempo de leitura":"7 minutos"},"schema":{"@context":"https:\/\/schema.org","@graph":[{"@type":"WebPage","@id":"https:\/\/maringapost.com.br\/orlandogonzalez\/2022\/05\/15\/maringa-com-ecclestone-na-plateia-ex-f-1-zonta-e-argentino-rossi-vencem-no-velocitta\/","url":"https:\/\/maringapost.com.br\/orlandogonzalez\/2022\/05\/15\/maringa-com-ecclestone-na-plateia-ex-f-1-zonta-e-argentino-rossi-vencem-no-velocitta\/","name":"MARING\u00c1 - Com Ecclestone na plateia, ex-F-1 Zonta e argentino Rossi vencem no Velocitta - Orlando Gonzalez","isPartOf":{"@id":"https:\/\/maringapost.com.br\/orlandogonzalez\/#website"},"primaryImageOfPage":{"@id":"https:\/\/maringapost.com.br\/orlandogonzalez\/2022\/05\/15\/maringa-com-ecclestone-na-plateia-ex-f-1-zonta-e-argentino-rossi-vencem-no-velocitta\/#primaryimage"},"image":{"@id":"https:\/\/maringapost.com.br\/orlandogonzalez\/2022\/05\/15\/maringa-com-ecclestone-na-plateia-ex-f-1-zonta-e-argentino-rossi-vencem-no-velocitta\/#primaryimage"},"thumbnailUrl":"https:\/\/maringapost.com.br\/orlandogonzalez\/wp-content\/uploads\/sites\/17\/2022\/05\/406973_1013499_whatsapp_image_2022_05_15_at_17.38.16.jpeg","datePublished":"2022-05-15T23:02:07+00:00","dateModified":"2022-05-15T23:02:07+00:00","author":{"@id":"https:\/\/maringapost.com.br\/orlandogonzalez\/#\/schema\/person\/5cbe6257d08edea6afc9ebaa613b0633"},"inLanguage":"pt-BR","potentialAction":[{"@type":"ReadAction","target":["https:\/\/maringapost.com.br\/orlandogonzalez\/2022\/05\/15\/maringa-com-ecclestone-na-plateia-ex-f-1-zonta-e-argentino-rossi-vencem-no-velocitta\/"]}]},{"@type":"ImageObject","inLanguage":"pt-BR","@id":"https:\/\/maringapost.com.br\/orlandogonzalez\/2022\/05\/15\/maringa-com-ecclestone-na-plateia-ex-f-1-zonta-e-argentino-rossi-vencem-no-velocitta\/#primaryimage","url":"https:\/\/maringapost.com.br\/orlandogonzalez\/wp-content\/uploads\/sites\/17\/2022\/05\/406973_1013499_whatsapp_image_2022_05_15_at_17.38.16.jpeg","contentUrl":"https:\/\/maringapost.com.br\/orlandogonzalez\/wp-content\/uploads\/sites\/17\/2022\/05\/406973_1013499_whatsapp_image_2022_05_15_at_17.38.16.jpeg","width":1280,"height":853},{"@type":"WebSite","@id":"https:\/\/maringapost.com.br\/orlandogonzalez\/#website","url":"https:\/\/maringapost.com.br\/orlandogonzalez\/","name":"Orlando Gonzalez","description":"Destaca o esporte de Maring\u00e1! Destaca o esporte do Paran\u00e1! Destaca o esporte do Brasil!","potentialAction":[{"@type":"SearchAction","target":{"@type":"EntryPoint","urlTemplate":"https:\/\/maringapost.com.br\/orlandogonzalez\/?s={search_term_string}"},"query-input":"required name=search_term_string"}],"inLanguage":"pt-BR"},{"@type":"Person","@id":"https:\/\/maringapost.com.br\/orlandogonzalez\/#\/schema\/person\/5cbe6257d08edea6afc9ebaa613b0633","name":"Orlando Gonzalez","image":{"@type":"ImageObject","inLanguage":"pt-BR","@id":"https:\/\/maringapost.com.br\/orlandogonzalez\/#\/schema\/person\/image\/","url":"https:\/\/secure.gravatar.com\/avatar\/ecef9d1c9afe5ebdafadde8369065ba5?s=96&d=mm&r=g","contentUrl":"https:\/\/secure.gravatar.com\/avatar\/ecef9d1c9afe5ebdafadde8369065ba5?s=96&d=mm&r=g","caption":"Orlando Gonzalez"},"description":"H\u00e1 29 anos na cobertura do esporte de Maring\u00e1. Plant\u00e3o e narrador esportivo. Presta\u00e7\u00e3o de assessoria de imprensa esportiva, cobertura e transmiss\u00f5es ao vivo de eventos esportivos. E-mail: orlandogonzalez.assessoria@gmail.com WhatsApp: (44) 9 9126-6119","sameAs":["http:\/\/www.radiomaringa.com.br\/","https:\/\/www.facebook.com\/profile.php?id=100011095815065","https:\/\/www.instagram.com\/orlandomgonzalez\/","https:\/\/br.pinterest.com\/ogonzalez0530\/","https:\/\/x.com\/gonzalezorlando","https:\/\/www.youtube.com\/channel\/UCvFpl55btth8wjnKiSS1ibA","https:\/\/radiomaringaweb.tumblr.com\/"],"url":"https:\/\/maringapost.com.br\/orlandogonzalez\/author\/orlando\/"}]}},"_links":{"self":[{"href":"https:\/\/maringapost.com.br\/orlandogonzalez\/wp-json\/wp\/v2\/posts\/54418"}],"collection":[{"href":"https:\/\/maringapost.com.br\/orlandogonzalez\/wp-json\/wp\/v2\/posts"}],"about":[{"href":"https:\/\/maringapost.com.br\/orlandogonzalez\/wp-json\/wp\/v2\/types\/post"}],"author":[{"embeddable":true,"href":"https:\/\/maringapost.com.br\/orlandogonzalez\/wp-json\/wp\/v2\/users\/6307"}],"replies":[{"embeddable":true,"href":"https:\/\/maringapost.com.br\/orlandogonzalez\/wp-json\/wp\/v2\/comments?post=54418"}],"version-history":[{"count":1,"href":"https:\/\/maringapost.com.br\/orlandogonzalez\/wp-json\/wp\/v2\/posts\/54418\/revisions"}],"predecessor-version":[{"id":54420,"href":"https:\/\/maringapost.com.br\/orlandogonzalez\/wp-json\/wp\/v2\/posts\/54418\/revisions\/54420"}],"wp:featuredmedia":[{"embeddable":true,"href":"https:\/\/maringapost.com.br\/orlandogonzalez\/wp-json\/wp\/v2\/media\/54419"}],"wp:attachment":[{"href":"https:\/\/maringapost.com.br\/orlandogonzalez\/wp-json\/wp\/v2\/media?parent=54418"}],"wp:term":[{"taxonomy":"category","embeddable":true,"href":"https:\/\/maringapost.com.br\/orlandogonzalez\/wp-json\/wp\/v2\/categories?post=54418"},{"taxonomy":"post_tag","embeddable":true,"href":"https:\/\/maringapost.com.br\/orlandogonzalez\/wp-json\/wp\/v2\/tags?post=54418"}],"curies":[{"name":"wp","href":"https:\/\/api.w.org\/{rel}","templated":true}]}}