{"id":54394,"date":"2022-05-14T19:01:11","date_gmt":"2022-05-14T22:01:11","guid":{"rendered":"https:\/\/maringapost.com.br\/orlandogonzalez\/?p=54394"},"modified":"2022-05-14T19:01:11","modified_gmt":"2022-05-14T22:01:11","slug":"maringa-ricardo-zonta-crava-pole-da-stock-car-no-velocitta","status":"publish","type":"post","link":"https:\/\/maringapost.com.br\/orlandogonzalez\/2022\/05\/14\/maringa-ricardo-zonta-crava-pole-da-stock-car-no-velocitta\/","title":{"rendered":"MARING\u00c1 &#8211; Ricardo Zonta crava pole da Stock Car no Velocitta"},"content":{"rendered":"<p>A pole position da etapa do Velocitta, a quarta da temporada 2022 da Stock Car, parecia endere\u00e7ada a C\u00e9sar Ramos ou Nelsinho Piquet. Ramos foi o mais r\u00e1pido do treino livre 2 e com grande forma ao longo da classifica\u00e7\u00e3o, o ga\u00facho da Ipiranga Racing despontou como favorito na fase final da sess\u00e3o na tarde deste s\u00e1bado (14). Piquet foi o melhor piloto nos treinos da sexta-feira e tamb\u00e9m aparecia bem nas folhas de tempos. <\/p>\n<p>Mas Ricardo Zonta tratou de fazer uma volta espetacular, superou o segundo colocado Ramos por 0s118 e conquistou a pole com o tempo de 1min31s762. \u00c9 a quinta vez que o paranaense, ex-F1, assegura a posi\u00e7\u00e3o de honra do grid da Stock Car. A largada est\u00e1 marcada para 13h30 (de Bras\u00edlia) deste domingo e ter\u00e1 transmiss\u00e3o ao vivo da Band e do SporTV3.<\/p>\n<p>Zonta j\u00e1 largou na pole e venceu no Velocitta, no ano passado, mas ap\u00f3s o classificat\u00f3rio lembrou que precisou trabalhar muito para mudar um acerto que considerava o ideal para a pista gua\u00e7uana.<\/p>\n<p>\u201cA gente trabalhou muito no fim de semana para chegar no balan\u00e7o que a gente queria na classifica\u00e7\u00e3o. Viemos pensando que a receita do ano passado iria funcionar direitinho, mas tivemos de fazer muitas mudan\u00e7as. E estou muito feliz porque as mudan\u00e7as foram todas corretas, e o resultado mostra que a gente foi na dire\u00e7\u00e3o certa com o acerto do carro. Largar na frente aqui \u00e9 muito importante, principalmente por estar na parte de dentro da primeira curva, ent\u00e3o o fim de semana est\u00e1 sendo muito positivo para n\u00f3s\u201d, destacou.<\/p>\n<p>Sobre a alta possibilidade de chuva para domingo em Mogi Gua\u00e7u, Zonta se mostrou confiante. \u201cA chance de chuva \u00e9 muito grande, todo mundo sabe. Temos um carro muito bom no seco. Temos de ver as adapta\u00e7\u00f5es que far\u00edamos para o molhado, mas a base do carro \u00e9 muito boa, ent\u00e3o s\u00e3o coisas pequenas, s\u00f3 para ganhar mais ader\u00eancia para o pneu de chuva, mesmo\u201d, completou.<\/p>\n<p>Felipe Lapenna foi outro piloto que brilhou neste ensolarado e quente s\u00e1bado no Velocitta. Com a melhor performance entre os pilotos com Chevrolet Cruze, o competidor da Hot Car ficou bem perto da pole e marcou 1min31s938 como melhor volta, a apenas 0s176 do tempo estabelecido por Zonta.<\/p>\n<p>Guilherme Salas, pole e vencedor da Corrida 1 no Velocitta no ano passado, faturou o quarto lugar no grid da prova que abre a etapa deste domingo com o Chevrolet Cruze da KTF Racing, enquanto Gabriel Casagrande, vice-l\u00edder do campeonato com 98 pontos, obteve o quinto lugar no alinhamento inicial com o Cruze da A.Mattheis-Vogel. Rubens Barrichello, a bordo do Corolla da Full Time Sports, completou a rela\u00e7\u00e3o dos seis primeiros colocados do grid.<\/p>\n<p>28 pilotos no mesmo segundo \u2014 Quando se leva em conta os tempos aferidos na primeira parte da classifica\u00e7\u00e3o, no Q1, o equil\u00edbrio \u00e9 not\u00e1vel. Nada menos que 28 dos 33 carros do grid andaram dentro do mesmo segundo. A diferen\u00e7a do tempo registrado por Nelsinho Piquet, o mais r\u00e1pido deste segmento com 1min31s745, para Rodrigo Baptista, o 28\u00ba, foi de 0s933.<\/p>\n<p>Nelsinho, ali\u00e1s, n\u00e3o passou para o Q3 por pouco mais de um d\u00e9cimo, mas vai largar entre os dez primeiros. Allam Khodair, que completa 41 anos neste domingo, abre o grid da Corrida 1 no Velocitta em s\u00e9timo, \u00e0 frente de Felipe Baptista, o piloto mais novo do grid, com 19 anos completados em abril. O atual campe\u00e3o da Stock Series inicia a prova seguido por Nelsinho Piquet, nono no grid, e por Diego Nunes. Sergio Jimenez, que tamb\u00e9m aniversaria neste domingo e completar\u00e1 38 anos, parte da 11\u00aa posi\u00e7\u00e3o, tr\u00eas \u00e0 frente de Daniel Serra, l\u00edder do campeonato com 1 ponto de vantagem para Gabriel Casagrande.<\/p>\n<p>Programa\u00e7\u00e3o do fim de semana \u2014 A etapa do Velocitta tem largada prevista para 13h40 de domingo com a Corrida 1, enquanto a segunda prova est\u00e1 marcada para 14h15. O fim de semana de muita velocidade em Mogi Gua\u00e7u tamb\u00e9m traz a Stock Series, a Copa HB20 e a estreia do BRB F\u00f3rmula 4 Brasil Certificado pela FIA.<\/p>\n<p>A Stock Car \u00e9 transmitida ao vivo pela Band, canais SporTV, m\u00eddias oficiais da categoria (YouTube, Facebook e TikTok), Motorsport.TV, Twitch da Tribo do Gaules, m\u00eddias do Estad\u00e3o e do site da Revista Capital Econ\u00f4mico.<\/p>\n<p>Stock Car Pro Series, Velocitta, Corrida 1, grid de largada<br \/>\n1\u00ba &#8211; Ricardo Zonta (RCM Motorsport\/Toyota Corolla), 1min31s762<br \/>\n2\u00ba &#8211; C\u00e9sar Ramos (Ipiranga Racing\/Toyota Corolla), 1min31s880<br \/>\n3\u00ba &#8211; Felipe Lapenna (Hot Car Competi\u00e7\u00f5es\/Chevrolet Cruze), 1min31s938<br \/>\n4\u00ba &#8211; Guilherme Salas (KTF Racing\/Chevrolet Cruze), 1min32s072<br \/>\n5\u00ba &#8211; Gabriel Casagrande (A.Mattheis-Vogel\/Chevrolet Cruze), 1min32s210<br \/>\n6\u00ba &#8211; Rubens Barrichello (Full Time Sports\/Toyota Corolla), 1min32s314<br \/>\n7\u00ba &#8211; Allam Khodair (Blau Motorsport\/Chevrolet Cruze), 1min32s102<br \/>\n8\u00ba &#8211; Felipe Baptista (KTF Racing\/Chevrolet Cruze), 1min32s170<br \/>\n9\u00ba &#8211; Nelson Piquet Jr. (Motul TMG Racing\/Toyota Corolla), 1min32s183<br \/>\n10\u00ba &#8211; Diego Nunes (Blau Motorsport\/Chevrolet Cruze), 1min32s204<br \/>\n11\u00ba &#8211; Sergio Jimenez (Scuderia Chiarelli\/Toyota Corolla), 1min32s269<br \/>\n12\u00ba &#8211; Bruno Baptista (RCM Motorsport\/Toyota Corolla), 1min32s295<br \/>\n13\u00ba &#8211; Julio Campos (Lubrax Podium\/Chevrolet Cruze), 1min32s320<br \/>\n14\u00ba &#8211; Daniel Serra (Eurofarma RC\/Chevrolet Cruze), 1min32s327<br \/>\n15\u00ba &#8211; Lucas Foresti (KTF Sports\/Chevrolet Cruze), 1min32s371<br \/>\n16\u00ba &#8211; Mat\u00edas Rossi (A.Mattheis-Vogel\/Toyota Corolla), 1min32s262<br \/>\n17\u00ba &#8211; Felipe Massa (Lubrax Podium\/Chevrolet Cruze), 1min32s383<br \/>\n18\u00ba &#8211; \u00c1tila Abreu (Shell V-Power\/Chevrolet Cruze), 1min32s392<br \/>\n19\u00ba &#8211; Thiago Camilo (Ipiranga Racing\/Toyota Corolla), 1min32s402<br \/>\n20\u00ba &#8211; Gianluca Petecof (Full Time Sports\/Toyota Corolla), 1min32s411<br \/>\n21\u00ba &#8211; Gaetano Di Mauro (KTF Sports\/Chevrolet Cruze), 1min32s423<br \/>\n22\u00ba &#8211; Cac\u00e1 Bueno (Crown Racing\/Chevrolet Cruze), 1min32s440<br \/>\n23\u00ba &#8211; Rafael Suzuki (Full Time Bassani\/Toyota Corolla), 1min32s495<br \/>\n24\u00ba &#8211; Tony Kanaan (Full Time Bassani\/Toyota Corolla), 1min32s520<br \/>\n25\u00ba &#8211; Ricardo Maur\u00edcio (Eurofarma RC\/Chevrolet Cruze), 1min32s547<br \/>\n26\u00ba &#8211; Galid Osman (Shell V-Power\/Chevrolet Cruze), 1min32s557<br \/>\n27\u00ba &#8211; Denis Navarro (Cavaleiro Sports\/Chevrolet Cruze), 1min32s569<br \/>\n28\u00ba &#8211; Rodrigo Baptista (Crown Racing\/Chevrolet Cruze), 1min32s678<br \/>\n29\u00ba &#8211; Pedro Cardoso (Crown II Racing\/Chevrolet Cruze), 1min32s758<br \/>\n30\u00ba &#8211; Marcos Gomes (Cavaleiro Sports\/Chevrolet Cruze), 1min32s813<br \/>\n31\u00ba &#8211; Gustavo Frigotto (RKL Competi\u00e7\u00f5es\/Chevrolet Cruze),1min33s819<br \/>\n32\u00ba &#8211; Renato Braga (RKL Competi\u00e7\u00f5es\/Chevrolet Cruze), 1min35s096<br \/>\n33\u00ba &#8211; Tuca Antoniazi (Hot Car Competi\u00e7\u00f5es\/Chevrolet Cruze), 1min35s124<\/p>\n<p>Programa\u00e7\u00e3o do fim de semana da etapa do Velocitta<br \/>\nDomingo, 15 de maio<br \/>\n09h50 \u2013 Stock Series \u2013 Corrida 2 (30 minutos + 1 volta)<br \/>\n12h10 \u2013 BRB F\u00f3rmula 4 Brasil \u2013 Corrida 3 (25 minutos + 1 volta)<br \/>\n13h40 \u2013 Stock Car \u2013 Corrida 1 (30 minutos + 1 volta)<br \/>\n14h15 \u2013 Stock Car \u2013 Corrida 2 (30 minutos + 1 volta)<br \/>\n16h15 \u2013 Copa HB20 \u2013 Corrida 2 (25 minutos + 1 volta)<\/p>\n<p>Classifica\u00e7\u00e3o do campeonato<br \/>\n1\u00ba &#8211; Daniel Serra, 99 pontos<br \/>\n2\u00ba &#8211; Gabriel Casagrande, 98<br \/>\n3\u00ba &#8211; Thiago Camilo, 78<br \/>\n4\u00ba &#8211; Ricardo Maur\u00edcio, 74<br \/>\n5\u00ba &#8211; Cesar Ramos, 63<br \/>\n6\u00ba &#8211; Gaetano di Mauro, 59<br \/>\n7\u00ba &#8211; Rubens Barrichello, 56<br \/>\n8\u00ba &#8211; Bruno Baptista, 55<br \/>\n9\u00ba &#8211; Marcos Gomes, 51<br \/>\n10\u00ba &#8211; Rafael Suzuki, 50<br \/>\n11\u00ba &#8211; \u00c1tila Abreu, 43<br \/>\n12\u00ba &#8211; Guilherme Salas, 41<br \/>\n13\u00ba &#8211; Julio Campos, 40<br \/>\n14\u00ba &#8211; Allam Khodair, 38<br \/>\n15\u00ba &#8211; Ricardo Zonta, 37<br \/>\n16\u00ba &#8211; Nelson Piquet Jr., 34<br \/>\n17\u00ba &#8211; Tony Kanaan, 33<br \/>\n18\u00ba &#8211; Felipe Baptista, 32<br \/>\n19\u00ba &#8211; Denis Navarro, 31<br \/>\n20\u00ba &#8211; Galid Osman, 28<br \/>\n21\u00ba &#8211; Mat\u00edas Rossi, 26<br \/>\n22\u00ba &#8211; Diego Nunes, 24<br \/>\n23\u00ba &#8211; Gianluca Petecof, 23<br \/>\n24\u00ba &#8211; Pedro Cardoso, 23<br \/>\n25\u00ba &#8211; Felipe Massa, 21<br \/>\n26\u00ba &#8211; Sergio Jimenez, 19<br \/>\n27\u00ba &#8211; Cac\u00e1 Bueno, 18<br \/>\n28\u00ba &#8211; Rodrigo Baptista, 10<br \/>\n29\u00ba &#8211; Felipe Lapenna, 7<br \/>\n30\u00ba &#8211; Lucas Foresti, 3<br \/>\n31\u00ba &#8211; Gustavo Frigotto, 2<br \/>\n32\u00ba &#8211; Thiago Vivacqua, 2<\/p>\n<p>(Foto: Duda Bairros\/Stock Car\/Divulga\u00e7\u00e3o)<\/p>\n","protected":false},"excerpt":{"rendered":"<p>A pole position da etapa do Velocitta, a quarta da temporada 2022 da Stock Car, parecia endere\u00e7ada a C\u00e9sar Ramos ou Nelsinho Piquet. Ramos foi o mais r\u00e1pido do treino livre 2 e com grande forma ao longo da classifica\u00e7\u00e3o, o ga\u00facho da Ipiranga Racing despontou como favorito na fase final da sess\u00e3o na tarde [&hellip;]<\/p>\n","protected":false},"author":6307,"featured_media":54395,"comment_status":"closed","ping_status":"open","sticky":false,"template":"","format":"standard","meta":{"_exactmetrics_skip_tracking":false,"_exactmetrics_sitenote_active":false,"_exactmetrics_sitenote_note":"","_exactmetrics_sitenote_category":0,"footnotes":""},"categories":[1267],"tags":[8910],"yoast_head":"<!-- This site is optimized with the Yoast SEO Premium plugin v22.7 (Yoast SEO v22.7) - https:\/\/yoast.com\/wordpress\/plugins\/seo\/ -->\n<title>MARING\u00c1 - Ricardo Zonta crava pole da Stock Car no Velocitta - Orlando Gonzalez<\/title>\n<meta name=\"robots\" content=\"index, follow, max-snippet:-1, max-image-preview:large, max-video-preview:-1\" \/>\n<link rel=\"canonical\" href=\"https:\/\/maringapost.com.br\/orlandogonzalez\/2022\/05\/14\/maringa-ricardo-zonta-crava-pole-da-stock-car-no-velocitta\/\" \/>\n<meta property=\"og:locale\" content=\"pt_BR\" \/>\n<meta property=\"og:type\" content=\"article\" \/>\n<meta property=\"og:title\" content=\"MARING\u00c1 - Ricardo Zonta crava pole da Stock Car no Velocitta\" \/>\n<meta property=\"og:description\" content=\"A pole position da etapa do Velocitta, a quarta da temporada 2022 da Stock Car, parecia endere\u00e7ada a C\u00e9sar Ramos ou Nelsinho Piquet. Ramos foi o mais r\u00e1pido do treino livre 2 e com grande forma ao longo da classifica\u00e7\u00e3o, o ga\u00facho da Ipiranga Racing despontou como favorito na fase final da sess\u00e3o na tarde [&hellip;]\" \/>\n<meta property=\"og:url\" content=\"https:\/\/maringapost.com.br\/orlandogonzalez\/2022\/05\/14\/maringa-ricardo-zonta-crava-pole-da-stock-car-no-velocitta\/\" \/>\n<meta property=\"og:site_name\" content=\"Orlando Gonzalez\" \/>\n<meta property=\"article:author\" content=\"https:\/\/www.facebook.com\/profile.php?id=100011095815065\" \/>\n<meta property=\"article:published_time\" content=\"2022-05-14T22:01:11+00:00\" \/>\n<meta property=\"og:image\" content=\"https:\/\/maringapost.com.br\/orlandogonzalez\/wp-content\/uploads\/sites\/17\/2022\/05\/406939_1013339_04_stockcar2022_dudabairros_velocitta_031146.jpg\" \/>\n\t<meta property=\"og:image:width\" content=\"1280\" \/>\n\t<meta property=\"og:image:height\" content=\"852\" \/>\n\t<meta property=\"og:image:type\" content=\"image\/jpeg\" \/>\n<meta name=\"author\" content=\"Orlando Gonzalez\" \/>\n<meta name=\"twitter:card\" content=\"summary_large_image\" \/>\n<meta name=\"twitter:creator\" content=\"@gonzalezorlando\" \/>\n<meta name=\"twitter:label1\" content=\"Escrito por\" \/>\n\t<meta name=\"twitter:data1\" content=\"\" \/>\n\t<meta name=\"twitter:label2\" content=\"Est. tempo de leitura\" \/>\n\t<meta name=\"twitter:data2\" content=\"6 minutos\" \/>\n<script type=\"application\/ld+json\" class=\"yoast-schema-graph\">{\"@context\":\"https:\/\/schema.org\",\"@graph\":[{\"@type\":\"WebPage\",\"@id\":\"https:\/\/maringapost.com.br\/orlandogonzalez\/2022\/05\/14\/maringa-ricardo-zonta-crava-pole-da-stock-car-no-velocitta\/\",\"url\":\"https:\/\/maringapost.com.br\/orlandogonzalez\/2022\/05\/14\/maringa-ricardo-zonta-crava-pole-da-stock-car-no-velocitta\/\",\"name\":\"MARING\u00c1 - Ricardo Zonta crava pole da Stock Car no Velocitta - Orlando Gonzalez\",\"isPartOf\":{\"@id\":\"https:\/\/maringapost.com.br\/orlandogonzalez\/#website\"},\"primaryImageOfPage\":{\"@id\":\"https:\/\/maringapost.com.br\/orlandogonzalez\/2022\/05\/14\/maringa-ricardo-zonta-crava-pole-da-stock-car-no-velocitta\/#primaryimage\"},\"image\":{\"@id\":\"https:\/\/maringapost.com.br\/orlandogonzalez\/2022\/05\/14\/maringa-ricardo-zonta-crava-pole-da-stock-car-no-velocitta\/#primaryimage\"},\"thumbnailUrl\":\"https:\/\/maringapost.com.br\/orlandogonzalez\/wp-content\/uploads\/sites\/17\/2022\/05\/406939_1013339_04_stockcar2022_dudabairros_velocitta_031146.jpg\",\"datePublished\":\"2022-05-14T22:01:11+00:00\",\"dateModified\":\"2022-05-14T22:01:11+00:00\",\"author\":{\"@id\":\"https:\/\/maringapost.com.br\/orlandogonzalez\/#\/schema\/person\/5cbe6257d08edea6afc9ebaa613b0633\"},\"inLanguage\":\"pt-BR\",\"potentialAction\":[{\"@type\":\"ReadAction\",\"target\":[\"https:\/\/maringapost.com.br\/orlandogonzalez\/2022\/05\/14\/maringa-ricardo-zonta-crava-pole-da-stock-car-no-velocitta\/\"]}]},{\"@type\":\"ImageObject\",\"inLanguage\":\"pt-BR\",\"@id\":\"https:\/\/maringapost.com.br\/orlandogonzalez\/2022\/05\/14\/maringa-ricardo-zonta-crava-pole-da-stock-car-no-velocitta\/#primaryimage\",\"url\":\"https:\/\/maringapost.com.br\/orlandogonzalez\/wp-content\/uploads\/sites\/17\/2022\/05\/406939_1013339_04_stockcar2022_dudabairros_velocitta_031146.jpg\",\"contentUrl\":\"https:\/\/maringapost.com.br\/orlandogonzalez\/wp-content\/uploads\/sites\/17\/2022\/05\/406939_1013339_04_stockcar2022_dudabairros_velocitta_031146.jpg\",\"width\":1280,\"height\":852},{\"@type\":\"WebSite\",\"@id\":\"https:\/\/maringapost.com.br\/orlandogonzalez\/#website\",\"url\":\"https:\/\/maringapost.com.br\/orlandogonzalez\/\",\"name\":\"Orlando Gonzalez\",\"description\":\"Destaca o esporte de Maring\u00e1! Destaca o esporte do Paran\u00e1! Destaca o esporte do Brasil!\",\"potentialAction\":[{\"@type\":\"SearchAction\",\"target\":{\"@type\":\"EntryPoint\",\"urlTemplate\":\"https:\/\/maringapost.com.br\/orlandogonzalez\/?s={search_term_string}\"},\"query-input\":\"required name=search_term_string\"}],\"inLanguage\":\"pt-BR\"},{\"@type\":\"Person\",\"@id\":\"https:\/\/maringapost.com.br\/orlandogonzalez\/#\/schema\/person\/5cbe6257d08edea6afc9ebaa613b0633\",\"name\":\"Orlando Gonzalez\",\"image\":{\"@type\":\"ImageObject\",\"inLanguage\":\"pt-BR\",\"@id\":\"https:\/\/maringapost.com.br\/orlandogonzalez\/#\/schema\/person\/image\/\",\"url\":\"https:\/\/secure.gravatar.com\/avatar\/ecef9d1c9afe5ebdafadde8369065ba5?s=96&d=mm&r=g\",\"contentUrl\":\"https:\/\/secure.gravatar.com\/avatar\/ecef9d1c9afe5ebdafadde8369065ba5?s=96&d=mm&r=g\",\"caption\":\"Orlando Gonzalez\"},\"description\":\"H\u00e1 29 anos na cobertura do esporte de Maring\u00e1. Plant\u00e3o e narrador esportivo. Presta\u00e7\u00e3o de assessoria de imprensa esportiva, cobertura e transmiss\u00f5es ao vivo de eventos esportivos. E-mail: orlandogonzalez.assessoria@gmail.com WhatsApp: (44) 9 9126-6119\",\"sameAs\":[\"http:\/\/www.radiomaringa.com.br\/\",\"https:\/\/www.facebook.com\/profile.php?id=100011095815065\",\"https:\/\/www.instagram.com\/orlandomgonzalez\/\",\"https:\/\/br.pinterest.com\/ogonzalez0530\/\",\"https:\/\/x.com\/gonzalezorlando\",\"https:\/\/www.youtube.com\/channel\/UCvFpl55btth8wjnKiSS1ibA\",\"https:\/\/radiomaringaweb.tumblr.com\/\"],\"url\":\"https:\/\/maringapost.com.br\/orlandogonzalez\/author\/orlando\/\"}]}<\/script>\n<!-- \/ Yoast SEO Premium plugin. -->","yoast_head_json":{"title":"MARING\u00c1 - Ricardo Zonta crava pole da Stock Car no Velocitta - Orlando Gonzalez","robots":{"index":"index","follow":"follow","max-snippet":"max-snippet:-1","max-image-preview":"max-image-preview:large","max-video-preview":"max-video-preview:-1"},"canonical":"https:\/\/maringapost.com.br\/orlandogonzalez\/2022\/05\/14\/maringa-ricardo-zonta-crava-pole-da-stock-car-no-velocitta\/","og_locale":"pt_BR","og_type":"article","og_title":"MARING\u00c1 - Ricardo Zonta crava pole da Stock Car no Velocitta","og_description":"A pole position da etapa do Velocitta, a quarta da temporada 2022 da Stock Car, parecia endere\u00e7ada a C\u00e9sar Ramos ou Nelsinho Piquet. Ramos foi o mais r\u00e1pido do treino livre 2 e com grande forma ao longo da classifica\u00e7\u00e3o, o ga\u00facho da Ipiranga Racing despontou como favorito na fase final da sess\u00e3o na tarde [&hellip;]","og_url":"https:\/\/maringapost.com.br\/orlandogonzalez\/2022\/05\/14\/maringa-ricardo-zonta-crava-pole-da-stock-car-no-velocitta\/","og_site_name":"Orlando Gonzalez","article_author":"https:\/\/www.facebook.com\/profile.php?id=100011095815065","article_published_time":"2022-05-14T22:01:11+00:00","og_image":[{"width":1280,"height":852,"url":"https:\/\/maringapost.com.br\/orlandogonzalez\/wp-content\/uploads\/sites\/17\/2022\/05\/406939_1013339_04_stockcar2022_dudabairros_velocitta_031146.jpg","type":"image\/jpeg"}],"author":"Orlando Gonzalez","twitter_card":"summary_large_image","twitter_creator":"@gonzalezorlando","twitter_misc":{"Escrito por":false,"Est. tempo de leitura":"6 minutos"},"schema":{"@context":"https:\/\/schema.org","@graph":[{"@type":"WebPage","@id":"https:\/\/maringapost.com.br\/orlandogonzalez\/2022\/05\/14\/maringa-ricardo-zonta-crava-pole-da-stock-car-no-velocitta\/","url":"https:\/\/maringapost.com.br\/orlandogonzalez\/2022\/05\/14\/maringa-ricardo-zonta-crava-pole-da-stock-car-no-velocitta\/","name":"MARING\u00c1 - Ricardo Zonta crava pole da Stock Car no Velocitta - Orlando Gonzalez","isPartOf":{"@id":"https:\/\/maringapost.com.br\/orlandogonzalez\/#website"},"primaryImageOfPage":{"@id":"https:\/\/maringapost.com.br\/orlandogonzalez\/2022\/05\/14\/maringa-ricardo-zonta-crava-pole-da-stock-car-no-velocitta\/#primaryimage"},"image":{"@id":"https:\/\/maringapost.com.br\/orlandogonzalez\/2022\/05\/14\/maringa-ricardo-zonta-crava-pole-da-stock-car-no-velocitta\/#primaryimage"},"thumbnailUrl":"https:\/\/maringapost.com.br\/orlandogonzalez\/wp-content\/uploads\/sites\/17\/2022\/05\/406939_1013339_04_stockcar2022_dudabairros_velocitta_031146.jpg","datePublished":"2022-05-14T22:01:11+00:00","dateModified":"2022-05-14T22:01:11+00:00","author":{"@id":"https:\/\/maringapost.com.br\/orlandogonzalez\/#\/schema\/person\/5cbe6257d08edea6afc9ebaa613b0633"},"inLanguage":"pt-BR","potentialAction":[{"@type":"ReadAction","target":["https:\/\/maringapost.com.br\/orlandogonzalez\/2022\/05\/14\/maringa-ricardo-zonta-crava-pole-da-stock-car-no-velocitta\/"]}]},{"@type":"ImageObject","inLanguage":"pt-BR","@id":"https:\/\/maringapost.com.br\/orlandogonzalez\/2022\/05\/14\/maringa-ricardo-zonta-crava-pole-da-stock-car-no-velocitta\/#primaryimage","url":"https:\/\/maringapost.com.br\/orlandogonzalez\/wp-content\/uploads\/sites\/17\/2022\/05\/406939_1013339_04_stockcar2022_dudabairros_velocitta_031146.jpg","contentUrl":"https:\/\/maringapost.com.br\/orlandogonzalez\/wp-content\/uploads\/sites\/17\/2022\/05\/406939_1013339_04_stockcar2022_dudabairros_velocitta_031146.jpg","width":1280,"height":852},{"@type":"WebSite","@id":"https:\/\/maringapost.com.br\/orlandogonzalez\/#website","url":"https:\/\/maringapost.com.br\/orlandogonzalez\/","name":"Orlando Gonzalez","description":"Destaca o esporte de Maring\u00e1! Destaca o esporte do Paran\u00e1! Destaca o esporte do Brasil!","potentialAction":[{"@type":"SearchAction","target":{"@type":"EntryPoint","urlTemplate":"https:\/\/maringapost.com.br\/orlandogonzalez\/?s={search_term_string}"},"query-input":"required name=search_term_string"}],"inLanguage":"pt-BR"},{"@type":"Person","@id":"https:\/\/maringapost.com.br\/orlandogonzalez\/#\/schema\/person\/5cbe6257d08edea6afc9ebaa613b0633","name":"Orlando Gonzalez","image":{"@type":"ImageObject","inLanguage":"pt-BR","@id":"https:\/\/maringapost.com.br\/orlandogonzalez\/#\/schema\/person\/image\/","url":"https:\/\/secure.gravatar.com\/avatar\/ecef9d1c9afe5ebdafadde8369065ba5?s=96&d=mm&r=g","contentUrl":"https:\/\/secure.gravatar.com\/avatar\/ecef9d1c9afe5ebdafadde8369065ba5?s=96&d=mm&r=g","caption":"Orlando Gonzalez"},"description":"H\u00e1 29 anos na cobertura do esporte de Maring\u00e1. Plant\u00e3o e narrador esportivo. Presta\u00e7\u00e3o de assessoria de imprensa esportiva, cobertura e transmiss\u00f5es ao vivo de eventos esportivos. E-mail: orlandogonzalez.assessoria@gmail.com WhatsApp: (44) 9 9126-6119","sameAs":["http:\/\/www.radiomaringa.com.br\/","https:\/\/www.facebook.com\/profile.php?id=100011095815065","https:\/\/www.instagram.com\/orlandomgonzalez\/","https:\/\/br.pinterest.com\/ogonzalez0530\/","https:\/\/x.com\/gonzalezorlando","https:\/\/www.youtube.com\/channel\/UCvFpl55btth8wjnKiSS1ibA","https:\/\/radiomaringaweb.tumblr.com\/"],"url":"https:\/\/maringapost.com.br\/orlandogonzalez\/author\/orlando\/"}]}},"_links":{"self":[{"href":"https:\/\/maringapost.com.br\/orlandogonzalez\/wp-json\/wp\/v2\/posts\/54394"}],"collection":[{"href":"https:\/\/maringapost.com.br\/orlandogonzalez\/wp-json\/wp\/v2\/posts"}],"about":[{"href":"https:\/\/maringapost.com.br\/orlandogonzalez\/wp-json\/wp\/v2\/types\/post"}],"author":[{"embeddable":true,"href":"https:\/\/maringapost.com.br\/orlandogonzalez\/wp-json\/wp\/v2\/users\/6307"}],"replies":[{"embeddable":true,"href":"https:\/\/maringapost.com.br\/orlandogonzalez\/wp-json\/wp\/v2\/comments?post=54394"}],"version-history":[{"count":1,"href":"https:\/\/maringapost.com.br\/orlandogonzalez\/wp-json\/wp\/v2\/posts\/54394\/revisions"}],"predecessor-version":[{"id":54396,"href":"https:\/\/maringapost.com.br\/orlandogonzalez\/wp-json\/wp\/v2\/posts\/54394\/revisions\/54396"}],"wp:featuredmedia":[{"embeddable":true,"href":"https:\/\/maringapost.com.br\/orlandogonzalez\/wp-json\/wp\/v2\/media\/54395"}],"wp:attachment":[{"href":"https:\/\/maringapost.com.br\/orlandogonzalez\/wp-json\/wp\/v2\/media?parent=54394"}],"wp:term":[{"taxonomy":"category","embeddable":true,"href":"https:\/\/maringapost.com.br\/orlandogonzalez\/wp-json\/wp\/v2\/categories?post=54394"},{"taxonomy":"post_tag","embeddable":true,"href":"https:\/\/maringapost.com.br\/orlandogonzalez\/wp-json\/wp\/v2\/tags?post=54394"}],"curies":[{"name":"wp","href":"https:\/\/api.w.org\/{rel}","templated":true}]}}