{"id":54348,"date":"2022-05-09T18:39:08","date_gmt":"2022-05-09T21:39:08","guid":{"rendered":"https:\/\/maringapost.com.br\/orlandogonzalez\/?p=54348"},"modified":"2022-05-09T18:39:08","modified_gmt":"2022-05-09T21:39:08","slug":"maringa-com-lideres-separados-por-1-ponto-stock-car-avanca-para-etapa-do-velocitta","status":"publish","type":"post","link":"https:\/\/maringapost.com.br\/orlandogonzalez\/2022\/05\/09\/maringa-com-lideres-separados-por-1-ponto-stock-car-avanca-para-etapa-do-velocitta\/","title":{"rendered":"MARING\u00c1 &#8211; Com l\u00edderes separados por 1 ponto, Stock Car avan\u00e7a para etapa do Velocitta"},"content":{"rendered":"<p>A Stock Car Pro Series realiza neste fim de semana (15\/05) a quarta etapa da temporada 2022. Depois de acelerar em tr\u00eas capitais \u2014 S\u00e3o Paulo, Goi\u00e2nia e Rio de Janeiro \u2014, a principal categoria do esporte a motor na Am\u00e9rica Latina regressa ao Aut\u00f3dromo Velocitta, localizado em Mogi Gua\u00e7u, interior de S\u00e3o Paulo. A etapa ter\u00e1 transmiss\u00e3o ao vivo pela Band e SporTV 3.<br \/>\nCom tra\u00e7ado de 3.438 metros de extens\u00e3o, 14 curvas e desn\u00edvel de 45 metros entre o ponto mais alto e o mais baixo, o Velocitta \u00e9 bastante distinto na compara\u00e7\u00e3o com Interlagos e, principalmente, com os rapid\u00edssimos circuitos do anel externo de Goi\u00e2nia e do Aeroporto RIOgale\u00e3o. A pista interiorana \u00e9 bastante travada e exige muito dos freios e dos pneus, de modo que um bom acerto \u00e9 fundamental para uma jornada bem-sucedida.<\/p>\n<p>Esquenta luta pelo t\u00edtulo \u2014 Piloto da Eurofarma RC, Daniel Serra assumiu a lideran\u00e7a do campeonato depois de vencer a Corrida 1 do GP Gale\u00e3o, prova in\u00e9dita disputada na capital fluminense em 10 de abril. O tricampe\u00e3o da Stock Car alcan\u00e7ou o topo da tabela e soma 99 pontos, apenas um a menos em rela\u00e7\u00e3o ao atual campe\u00e3o, Gabriel Casagrande, da A.Mattheis\/Vogel.<br \/>\nThiago Camilo, que no Rio de Janeiro chegou a 300 corridas disputadas na Stock Car, \u00e9 o terceiro colocado no campeonato e soma 78 pontos. O piloto da Ipiranga Racing \u00e9 o maior vencedor do Velocitta, com tr\u00eas primeiros lugares: dois deles conquistados em 2019 e o \u00faltimo, alcan\u00e7ado no ano passado.<\/p>\n<p>Ricardo Maur\u00edcio, o maior pontuador na etapa do Gale\u00e3o, aparece em quarto na temporada e tem 74 pontos. O companheiro de equipe de Daniel Serra tem 11 tentos de vantagem para C\u00e9sar Ramos, da Ipiranga Racing, quinto colocado no campeonato, enquanto Gaetano di Mauro, um dos grandes destaques deste ainda in\u00edcio de temporada, \u00e9 o sexto com a KTF, somando 59 pontos \u2013 e \u00e9 o \u00faltimo na rela\u00e7\u00e3o de l\u00edderes da pontua\u00e7\u00e3o que devem acelerar com lastro de sucesso neste fim de semana em Mogi Gua\u00e7u, como determina o regulamento.<\/p>\n<p>Cronograma e transmiss\u00e3o ao vivo \u2014 A passagem da Stock Car pelo circuito paulista integra as comemora\u00e7\u00f5es de dez anos do aut\u00f3dromo, inaugurado em 2012. Outro que comemora uma d\u00e9cada no esporte \u00e9 Bruno Baptista, representante da nova gera\u00e7\u00e3o que vem de um \u00f3timo resultado: segundo lugar na Corrida 2 do Gale\u00e3o. A Stock Car abre sua programa\u00e7\u00e3o com o shakedown e uma sess\u00e3o de treino livre na sexta-feira. O s\u00e1bado compreende mais um treino e a classifica\u00e7\u00e3o para a defini\u00e7\u00e3o do pole-position, a partir de 13h25. A etapa do Velocitta tem largada prevista para 13h40 de domingo com a Corrida 1, enquanto a segunda prova est\u00e1 marcada para 14h15. O fim de semana de muita velocidade em Mogi Gua\u00e7u tamb\u00e9m traz a Stock Series, a Copa HB20 e a estreia do BRB F\u00f3rmula 4 Brasil Certificado pela FIA.<\/p>\n<p>A Stock Car \u00e9 transmitida ao vivo pela Band, canais SporTV, m\u00eddias oficiais da categoria (YouTube, Facebook e TikTok), Motorsport.TV, Twitch da Tribo do Gaules e m\u00eddias do Estad\u00e3o e do site da Revista Capital Econ\u00f4mico. No s\u00e1bado, o SporTV tamb\u00e9m exibir\u00e1 o classificat\u00f3rio.<br \/>\nA BRB F\u00f3rmula 4 Brasil tem transmiss\u00e3o ao vivo pelo BandSports, YouTube e Facebook da categoria. E a Stock Series tem suas corridas transmitidas pela RedeTV!, BandSports, m\u00eddias oficiais da Stock Car e tamb\u00e9m pelo canal High Speed TV no YouTube.<\/p>\n<p>Confira programa\u00e7\u00e3o do fim de semana da etapa do Velocitta<br \/>\nQuinta-feira, 12 de maio<br \/>\n12h30 \u2013 BRB F\u00f3rmula 4 Brasil \u2013 1\u00ba Treino Extra<br \/>\n15h30 \u2013 BRB F\u00f3rmula 4 Brasil \u2013 2\u00ba Treino Extra<\/p>\n<p>Sexta-feira, 13 de maio<br \/>\n08h00 \u2013 Stock Series \u2013 Shakedown<br \/>\n08h20 \u2013 Stock Car \u2013 Shakedown<br \/>\n08h45 \u2013 BRB F\u00f3rmula 4 Brasil \u2013 1\u00ba Treino \u2013 Grupo \u00danico<br \/>\n09h40 \u2013 Copa HB20 \u2013 1\u00ba Treino \u2013 Grupo \u00danico<br \/>\n10h20 \u2013 Stock Series \u2013 Treino de Rookie<br \/>\n11h05 \u2013 Stock Car \u2013 Treino de Rookie<br \/>\n11h50 \u2013 BRB F\u00f3rmula 4 Brasil \u2013 2\u00ba Treino \u2013 Grupo \u00danico<br \/>\n12h45 \u2013 Copa HB20 \u2013 2\u00ba Treino \u2013 Grupo \u00danico<br \/>\n13h25 \u2013 Stock Series \u2013 1\u00ba Treino \u2013 Grupo \u00danico<br \/>\n14h10 \u2013 Stock Car \u2013 1\u00ba Treino \u2013 1\u00ba Grupo<br \/>\n14h50 \u2013 Stock Car \u2013 1\u00ba Treino \u2013 2\u00ba Grupo<br \/>\n15h35 \u2013 Copa HB20 \u2013 3\u00ba Treino \u2013 Duplas<br \/>\n16h16 \u2013 Stock Series \u2013 2\u00ba Treino \u2013 Grupo \u00danico<br \/>\n17h00 \u2013 BRB F\u00f3rmula 4 Brasil \u2013 Classifica\u00e7\u00e3o<\/p>\n<p>S\u00e1bado, 14 de maio<br \/>\n08h00 \u2013 Stock Series \u2013 3\u00ba Treino \u2013 Grupo \u00danico<br \/>\n08h45 \u2013 Copa HB20 \u2013 4\u00ba Treino \u2013 Grupo \u00danico<br \/>\n09h40 \u2013 BRB F\u00f3rmula 4 Brasil \u2013 Corrida 1 (25 minutos + 1 volta)<br \/>\n10h30 \u2013 Stock Car \u2013 2\u00ba Treino \u2013 1\u00ba Grupo<br \/>\n11h10 \u2013 Stock Car \u2013 2\u00ba Treino \u2013 2\u00ba Grupo<br \/>\n11h55 \u2013 Copa HB20 \u2013 Classifica\u00e7\u00e3o<br \/>\n12h50 \u2013 Stock Series \u2013 Classifica\u00e7\u00e3o<br \/>\n13h25 \u2013 Stock Car \u2013 Classifica\u00e7\u00e3o<br \/>\n14h40 \u2013 BRB F\u00f3rmula 4 Brasil \u2013 Corrida 2 (18 minutos + 1 volta)<br \/>\n15h40 \u2013 Copa HB20 \u2013 Corrida 1 (25 minutos + 1 volta)<br \/>\n16h45 \u2013 Stock Series \u2013 Corrida 1 (30 minutos + 1 volta)<\/p>\n<p>Domingo, 15 de maio<br \/>\n09h50 \u2013 Stock Series \u2013 Corrida 2 (30 minutos + 1 volta)<br \/>\n12h10 \u2013 BRB F\u00f3rmula 4 Brasil \u2013 Corrida 3 (25 minutos + 1 volta)<br \/>\n13h40 \u2013 Stock Car \u2013 Corrida 1 (30 minutos + 1 volta)<br \/>\n14h15 \u2013 Stock Car \u2013 Corrida 2 (30 minutos + 1 volta)<br \/>\n16h15 \u2013 Copa HB20 \u2013 Corrida 2 (25 minutos + 1 volta)<\/p>\n<p>Lastro de sucesso para etapa do Velocitta<br \/>\nDaniel Serra, 30 kg<br \/>\nGabriel Casagrande, 25 kg<br \/>\nThiago Camilo, 20 kg<br \/>\nRicardo Maur\u00edcio, 15 kg<br \/>\nC\u00e9sar Ramos, 10 kg<br \/>\nGaetano di Mauro, 5 kg<\/p>\n<p>Classifica\u00e7\u00e3o do campeonato ap\u00f3s tr\u00eas etapas<br \/>\n1\u00ba &#8211; Daniel Serra, 99 pontos<br \/>\n2\u00ba &#8211; Gabriel Casagrande, 98<br \/>\n3\u00ba &#8211; Thiago Camilo, 78<br \/>\n4\u00ba &#8211; Ricardo Maur\u00edcio, 74<br \/>\n5\u00ba &#8211; Cesar Ramos, 63<br \/>\n6\u00ba &#8211; Gaetano di Mauro, 59<br \/>\n7\u00ba &#8211; Rubens Barrichello, 56<br \/>\n8\u00ba &#8211; Bruno Baptista, 55<br \/>\n9\u00ba &#8211; Marcos Gomes, 51<br \/>\n10\u00ba &#8211; Rafael Suzuki, 50<br \/>\n11\u00ba &#8211; \u00c1tila Abreu, 43<br \/>\n12\u00ba &#8211; Guilherme Salas, 41<br \/>\n13\u00ba &#8211; Julio Campos, 40<br \/>\n14\u00ba &#8211; Allam Khodair, 38<br \/>\n15\u00ba &#8211; Ricardo Zonta, 35<br \/>\n16\u00ba &#8211; Nelson Piquet Jr., 34<br \/>\n17\u00ba &#8211; Tony Kanaan, 33<br \/>\n18\u00ba &#8211; Felipe Baptista, 32<br \/>\n19\u00ba &#8211; Denis Navarro, 31<br \/>\n20\u00ba &#8211; Galid Osman, 28<br \/>\n21\u00ba &#8211; Mat\u00edas Rossi, 26<br \/>\n22\u00ba &#8211; Diego Nunes, 24<br \/>\n23\u00ba &#8211; Gianluca Petecof, 23<br \/>\n24\u00ba &#8211; Pedro Cardoso, 23<br \/>\n25\u00ba &#8211; Felipe Massa, 21<br \/>\n26\u00ba &#8211; Sergio Jimenez, 19<br \/>\n27\u00ba &#8211; Cac\u00e1 Bueno, 18<br \/>\n28\u00ba &#8211; Rodrigo Baptista, 10<br \/>\n29\u00ba &#8211; Felipe Lapenna, 7<br \/>\n30\u00ba &#8211; Lucas Foresti, 3<br \/>\n31\u00ba &#8211; Gustavo Frigotto, 2<br \/>\n32\u00ba &#8211; Thiago Vivacqua, 2<\/p>\n<p>(Foto: Duda Bairros\/Vicar)<\/p>\n","protected":false},"excerpt":{"rendered":"<p>A Stock Car Pro Series realiza neste fim de semana (15\/05) a quarta etapa da temporada 2022. Depois de acelerar em tr\u00eas capitais \u2014 S\u00e3o Paulo, Goi\u00e2nia e Rio de Janeiro \u2014, a principal categoria do esporte a motor na Am\u00e9rica Latina regressa ao Aut\u00f3dromo Velocitta, localizado em Mogi Gua\u00e7u, interior de S\u00e3o Paulo. A [&hellip;]<\/p>\n","protected":false},"author":6307,"featured_media":54349,"comment_status":"closed","ping_status":"open","sticky":false,"template":"","format":"standard","meta":{"_exactmetrics_skip_tracking":false,"_exactmetrics_sitenote_active":false,"_exactmetrics_sitenote_note":"","_exactmetrics_sitenote_category":0,"footnotes":""},"categories":[1267],"tags":[8910],"yoast_head":"<!-- This site is optimized with the Yoast SEO Premium plugin v22.7 (Yoast SEO v22.7) - https:\/\/yoast.com\/wordpress\/plugins\/seo\/ -->\n<title>MARING\u00c1 - Com l\u00edderes separados por 1 ponto, Stock Car avan\u00e7a para etapa do Velocitta - Orlando Gonzalez<\/title>\n<meta name=\"robots\" content=\"index, follow, max-snippet:-1, max-image-preview:large, max-video-preview:-1\" \/>\n<link rel=\"canonical\" href=\"https:\/\/maringapost.com.br\/orlandogonzalez\/2022\/05\/09\/maringa-com-lideres-separados-por-1-ponto-stock-car-avanca-para-etapa-do-velocitta\/\" \/>\n<meta property=\"og:locale\" content=\"pt_BR\" \/>\n<meta property=\"og:type\" content=\"article\" \/>\n<meta property=\"og:title\" content=\"MARING\u00c1 - Com l\u00edderes separados por 1 ponto, Stock Car avan\u00e7a para etapa do Velocitta\" \/>\n<meta property=\"og:description\" content=\"A Stock Car Pro Series realiza neste fim de semana (15\/05) a quarta etapa da temporada 2022. Depois de acelerar em tr\u00eas capitais \u2014 S\u00e3o Paulo, Goi\u00e2nia e Rio de Janeiro \u2014, a principal categoria do esporte a motor na Am\u00e9rica Latina regressa ao Aut\u00f3dromo Velocitta, localizado em Mogi Gua\u00e7u, interior de S\u00e3o Paulo. A [&hellip;]\" \/>\n<meta property=\"og:url\" content=\"https:\/\/maringapost.com.br\/orlandogonzalez\/2022\/05\/09\/maringa-com-lideres-separados-por-1-ponto-stock-car-avanca-para-etapa-do-velocitta\/\" \/>\n<meta property=\"og:site_name\" content=\"Orlando Gonzalez\" \/>\n<meta property=\"article:author\" content=\"https:\/\/www.facebook.com\/profile.php?id=100011095815065\" \/>\n<meta property=\"article:published_time\" content=\"2022-05-09T21:39:08+00:00\" \/>\n<meta property=\"og:image\" content=\"https:\/\/maringapost.com.br\/orlandogonzalez\/wp-content\/uploads\/sites\/17\/2022\/05\/406631_1012316_danielserra_dudabairros.jpg\" \/>\n\t<meta property=\"og:image:width\" content=\"1280\" \/>\n\t<meta property=\"og:image:height\" content=\"852\" \/>\n\t<meta property=\"og:image:type\" content=\"image\/jpeg\" \/>\n<meta name=\"author\" content=\"Orlando Gonzalez\" \/>\n<meta name=\"twitter:card\" content=\"summary_large_image\" \/>\n<meta name=\"twitter:creator\" content=\"@gonzalezorlando\" \/>\n<meta name=\"twitter:label1\" content=\"Escrito por\" \/>\n\t<meta name=\"twitter:data1\" content=\"\" \/>\n\t<meta name=\"twitter:label2\" content=\"Est. tempo de leitura\" \/>\n\t<meta name=\"twitter:data2\" content=\"5 minutos\" \/>\n<script type=\"application\/ld+json\" class=\"yoast-schema-graph\">{\"@context\":\"https:\/\/schema.org\",\"@graph\":[{\"@type\":\"WebPage\",\"@id\":\"https:\/\/maringapost.com.br\/orlandogonzalez\/2022\/05\/09\/maringa-com-lideres-separados-por-1-ponto-stock-car-avanca-para-etapa-do-velocitta\/\",\"url\":\"https:\/\/maringapost.com.br\/orlandogonzalez\/2022\/05\/09\/maringa-com-lideres-separados-por-1-ponto-stock-car-avanca-para-etapa-do-velocitta\/\",\"name\":\"MARING\u00c1 - Com l\u00edderes separados por 1 ponto, Stock Car avan\u00e7a para etapa do Velocitta - Orlando Gonzalez\",\"isPartOf\":{\"@id\":\"https:\/\/maringapost.com.br\/orlandogonzalez\/#website\"},\"primaryImageOfPage\":{\"@id\":\"https:\/\/maringapost.com.br\/orlandogonzalez\/2022\/05\/09\/maringa-com-lideres-separados-por-1-ponto-stock-car-avanca-para-etapa-do-velocitta\/#primaryimage\"},\"image\":{\"@id\":\"https:\/\/maringapost.com.br\/orlandogonzalez\/2022\/05\/09\/maringa-com-lideres-separados-por-1-ponto-stock-car-avanca-para-etapa-do-velocitta\/#primaryimage\"},\"thumbnailUrl\":\"https:\/\/maringapost.com.br\/orlandogonzalez\/wp-content\/uploads\/sites\/17\/2022\/05\/406631_1012316_danielserra_dudabairros.jpg\",\"datePublished\":\"2022-05-09T21:39:08+00:00\",\"dateModified\":\"2022-05-09T21:39:08+00:00\",\"author\":{\"@id\":\"https:\/\/maringapost.com.br\/orlandogonzalez\/#\/schema\/person\/5cbe6257d08edea6afc9ebaa613b0633\"},\"inLanguage\":\"pt-BR\",\"potentialAction\":[{\"@type\":\"ReadAction\",\"target\":[\"https:\/\/maringapost.com.br\/orlandogonzalez\/2022\/05\/09\/maringa-com-lideres-separados-por-1-ponto-stock-car-avanca-para-etapa-do-velocitta\/\"]}]},{\"@type\":\"ImageObject\",\"inLanguage\":\"pt-BR\",\"@id\":\"https:\/\/maringapost.com.br\/orlandogonzalez\/2022\/05\/09\/maringa-com-lideres-separados-por-1-ponto-stock-car-avanca-para-etapa-do-velocitta\/#primaryimage\",\"url\":\"https:\/\/maringapost.com.br\/orlandogonzalez\/wp-content\/uploads\/sites\/17\/2022\/05\/406631_1012316_danielserra_dudabairros.jpg\",\"contentUrl\":\"https:\/\/maringapost.com.br\/orlandogonzalez\/wp-content\/uploads\/sites\/17\/2022\/05\/406631_1012316_danielserra_dudabairros.jpg\",\"width\":1280,\"height\":852},{\"@type\":\"WebSite\",\"@id\":\"https:\/\/maringapost.com.br\/orlandogonzalez\/#website\",\"url\":\"https:\/\/maringapost.com.br\/orlandogonzalez\/\",\"name\":\"Orlando Gonzalez\",\"description\":\"Destaca o esporte de Maring\u00e1! Destaca o esporte do Paran\u00e1! Destaca o esporte do Brasil!\",\"potentialAction\":[{\"@type\":\"SearchAction\",\"target\":{\"@type\":\"EntryPoint\",\"urlTemplate\":\"https:\/\/maringapost.com.br\/orlandogonzalez\/?s={search_term_string}\"},\"query-input\":\"required name=search_term_string\"}],\"inLanguage\":\"pt-BR\"},{\"@type\":\"Person\",\"@id\":\"https:\/\/maringapost.com.br\/orlandogonzalez\/#\/schema\/person\/5cbe6257d08edea6afc9ebaa613b0633\",\"name\":\"Orlando Gonzalez\",\"image\":{\"@type\":\"ImageObject\",\"inLanguage\":\"pt-BR\",\"@id\":\"https:\/\/maringapost.com.br\/orlandogonzalez\/#\/schema\/person\/image\/\",\"url\":\"https:\/\/secure.gravatar.com\/avatar\/ecef9d1c9afe5ebdafadde8369065ba5?s=96&d=mm&r=g\",\"contentUrl\":\"https:\/\/secure.gravatar.com\/avatar\/ecef9d1c9afe5ebdafadde8369065ba5?s=96&d=mm&r=g\",\"caption\":\"Orlando Gonzalez\"},\"description\":\"H\u00e1 29 anos na cobertura do esporte de Maring\u00e1. Plant\u00e3o e narrador esportivo. Presta\u00e7\u00e3o de assessoria de imprensa esportiva, cobertura e transmiss\u00f5es ao vivo de eventos esportivos. E-mail: orlandogonzalez.assessoria@gmail.com WhatsApp: (44) 9 9126-6119\",\"sameAs\":[\"http:\/\/www.radiomaringa.com.br\/\",\"https:\/\/www.facebook.com\/profile.php?id=100011095815065\",\"https:\/\/www.instagram.com\/orlandomgonzalez\/\",\"https:\/\/br.pinterest.com\/ogonzalez0530\/\",\"https:\/\/x.com\/gonzalezorlando\",\"https:\/\/www.youtube.com\/channel\/UCvFpl55btth8wjnKiSS1ibA\",\"https:\/\/radiomaringaweb.tumblr.com\/\"],\"url\":\"https:\/\/maringapost.com.br\/orlandogonzalez\/author\/orlando\/\"}]}<\/script>\n<!-- \/ Yoast SEO Premium plugin. -->","yoast_head_json":{"title":"MARING\u00c1 - Com l\u00edderes separados por 1 ponto, Stock Car avan\u00e7a para etapa do Velocitta - Orlando Gonzalez","robots":{"index":"index","follow":"follow","max-snippet":"max-snippet:-1","max-image-preview":"max-image-preview:large","max-video-preview":"max-video-preview:-1"},"canonical":"https:\/\/maringapost.com.br\/orlandogonzalez\/2022\/05\/09\/maringa-com-lideres-separados-por-1-ponto-stock-car-avanca-para-etapa-do-velocitta\/","og_locale":"pt_BR","og_type":"article","og_title":"MARING\u00c1 - Com l\u00edderes separados por 1 ponto, Stock Car avan\u00e7a para etapa do Velocitta","og_description":"A Stock Car Pro Series realiza neste fim de semana (15\/05) a quarta etapa da temporada 2022. Depois de acelerar em tr\u00eas capitais \u2014 S\u00e3o Paulo, Goi\u00e2nia e Rio de Janeiro \u2014, a principal categoria do esporte a motor na Am\u00e9rica Latina regressa ao Aut\u00f3dromo Velocitta, localizado em Mogi Gua\u00e7u, interior de S\u00e3o Paulo. A [&hellip;]","og_url":"https:\/\/maringapost.com.br\/orlandogonzalez\/2022\/05\/09\/maringa-com-lideres-separados-por-1-ponto-stock-car-avanca-para-etapa-do-velocitta\/","og_site_name":"Orlando Gonzalez","article_author":"https:\/\/www.facebook.com\/profile.php?id=100011095815065","article_published_time":"2022-05-09T21:39:08+00:00","og_image":[{"width":1280,"height":852,"url":"https:\/\/maringapost.com.br\/orlandogonzalez\/wp-content\/uploads\/sites\/17\/2022\/05\/406631_1012316_danielserra_dudabairros.jpg","type":"image\/jpeg"}],"author":"Orlando Gonzalez","twitter_card":"summary_large_image","twitter_creator":"@gonzalezorlando","twitter_misc":{"Escrito por":false,"Est. tempo de leitura":"5 minutos"},"schema":{"@context":"https:\/\/schema.org","@graph":[{"@type":"WebPage","@id":"https:\/\/maringapost.com.br\/orlandogonzalez\/2022\/05\/09\/maringa-com-lideres-separados-por-1-ponto-stock-car-avanca-para-etapa-do-velocitta\/","url":"https:\/\/maringapost.com.br\/orlandogonzalez\/2022\/05\/09\/maringa-com-lideres-separados-por-1-ponto-stock-car-avanca-para-etapa-do-velocitta\/","name":"MARING\u00c1 - Com l\u00edderes separados por 1 ponto, Stock Car avan\u00e7a para etapa do Velocitta - Orlando Gonzalez","isPartOf":{"@id":"https:\/\/maringapost.com.br\/orlandogonzalez\/#website"},"primaryImageOfPage":{"@id":"https:\/\/maringapost.com.br\/orlandogonzalez\/2022\/05\/09\/maringa-com-lideres-separados-por-1-ponto-stock-car-avanca-para-etapa-do-velocitta\/#primaryimage"},"image":{"@id":"https:\/\/maringapost.com.br\/orlandogonzalez\/2022\/05\/09\/maringa-com-lideres-separados-por-1-ponto-stock-car-avanca-para-etapa-do-velocitta\/#primaryimage"},"thumbnailUrl":"https:\/\/maringapost.com.br\/orlandogonzalez\/wp-content\/uploads\/sites\/17\/2022\/05\/406631_1012316_danielserra_dudabairros.jpg","datePublished":"2022-05-09T21:39:08+00:00","dateModified":"2022-05-09T21:39:08+00:00","author":{"@id":"https:\/\/maringapost.com.br\/orlandogonzalez\/#\/schema\/person\/5cbe6257d08edea6afc9ebaa613b0633"},"inLanguage":"pt-BR","potentialAction":[{"@type":"ReadAction","target":["https:\/\/maringapost.com.br\/orlandogonzalez\/2022\/05\/09\/maringa-com-lideres-separados-por-1-ponto-stock-car-avanca-para-etapa-do-velocitta\/"]}]},{"@type":"ImageObject","inLanguage":"pt-BR","@id":"https:\/\/maringapost.com.br\/orlandogonzalez\/2022\/05\/09\/maringa-com-lideres-separados-por-1-ponto-stock-car-avanca-para-etapa-do-velocitta\/#primaryimage","url":"https:\/\/maringapost.com.br\/orlandogonzalez\/wp-content\/uploads\/sites\/17\/2022\/05\/406631_1012316_danielserra_dudabairros.jpg","contentUrl":"https:\/\/maringapost.com.br\/orlandogonzalez\/wp-content\/uploads\/sites\/17\/2022\/05\/406631_1012316_danielserra_dudabairros.jpg","width":1280,"height":852},{"@type":"WebSite","@id":"https:\/\/maringapost.com.br\/orlandogonzalez\/#website","url":"https:\/\/maringapost.com.br\/orlandogonzalez\/","name":"Orlando Gonzalez","description":"Destaca o esporte de Maring\u00e1! Destaca o esporte do Paran\u00e1! Destaca o esporte do Brasil!","potentialAction":[{"@type":"SearchAction","target":{"@type":"EntryPoint","urlTemplate":"https:\/\/maringapost.com.br\/orlandogonzalez\/?s={search_term_string}"},"query-input":"required name=search_term_string"}],"inLanguage":"pt-BR"},{"@type":"Person","@id":"https:\/\/maringapost.com.br\/orlandogonzalez\/#\/schema\/person\/5cbe6257d08edea6afc9ebaa613b0633","name":"Orlando Gonzalez","image":{"@type":"ImageObject","inLanguage":"pt-BR","@id":"https:\/\/maringapost.com.br\/orlandogonzalez\/#\/schema\/person\/image\/","url":"https:\/\/secure.gravatar.com\/avatar\/ecef9d1c9afe5ebdafadde8369065ba5?s=96&d=mm&r=g","contentUrl":"https:\/\/secure.gravatar.com\/avatar\/ecef9d1c9afe5ebdafadde8369065ba5?s=96&d=mm&r=g","caption":"Orlando Gonzalez"},"description":"H\u00e1 29 anos na cobertura do esporte de Maring\u00e1. Plant\u00e3o e narrador esportivo. Presta\u00e7\u00e3o de assessoria de imprensa esportiva, cobertura e transmiss\u00f5es ao vivo de eventos esportivos. E-mail: orlandogonzalez.assessoria@gmail.com WhatsApp: (44) 9 9126-6119","sameAs":["http:\/\/www.radiomaringa.com.br\/","https:\/\/www.facebook.com\/profile.php?id=100011095815065","https:\/\/www.instagram.com\/orlandomgonzalez\/","https:\/\/br.pinterest.com\/ogonzalez0530\/","https:\/\/x.com\/gonzalezorlando","https:\/\/www.youtube.com\/channel\/UCvFpl55btth8wjnKiSS1ibA","https:\/\/radiomaringaweb.tumblr.com\/"],"url":"https:\/\/maringapost.com.br\/orlandogonzalez\/author\/orlando\/"}]}},"_links":{"self":[{"href":"https:\/\/maringapost.com.br\/orlandogonzalez\/wp-json\/wp\/v2\/posts\/54348"}],"collection":[{"href":"https:\/\/maringapost.com.br\/orlandogonzalez\/wp-json\/wp\/v2\/posts"}],"about":[{"href":"https:\/\/maringapost.com.br\/orlandogonzalez\/wp-json\/wp\/v2\/types\/post"}],"author":[{"embeddable":true,"href":"https:\/\/maringapost.com.br\/orlandogonzalez\/wp-json\/wp\/v2\/users\/6307"}],"replies":[{"embeddable":true,"href":"https:\/\/maringapost.com.br\/orlandogonzalez\/wp-json\/wp\/v2\/comments?post=54348"}],"version-history":[{"count":1,"href":"https:\/\/maringapost.com.br\/orlandogonzalez\/wp-json\/wp\/v2\/posts\/54348\/revisions"}],"predecessor-version":[{"id":54350,"href":"https:\/\/maringapost.com.br\/orlandogonzalez\/wp-json\/wp\/v2\/posts\/54348\/revisions\/54350"}],"wp:featuredmedia":[{"embeddable":true,"href":"https:\/\/maringapost.com.br\/orlandogonzalez\/wp-json\/wp\/v2\/media\/54349"}],"wp:attachment":[{"href":"https:\/\/maringapost.com.br\/orlandogonzalez\/wp-json\/wp\/v2\/media?parent=54348"}],"wp:term":[{"taxonomy":"category","embeddable":true,"href":"https:\/\/maringapost.com.br\/orlandogonzalez\/wp-json\/wp\/v2\/categories?post=54348"},{"taxonomy":"post_tag","embeddable":true,"href":"https:\/\/maringapost.com.br\/orlandogonzalez\/wp-json\/wp\/v2\/tags?post=54348"}],"curies":[{"name":"wp","href":"https:\/\/api.w.org\/{rel}","templated":true}]}}