{"id":54201,"date":"2022-04-21T18:57:07","date_gmt":"2022-04-21T21:57:07","guid":{"rendered":"https:\/\/maringapost.com.br\/orlandogonzalez\/?p=54201"},"modified":"2022-04-21T19:02:16","modified_gmt":"2022-04-21T22:02:16","slug":"maringa-arrancada-do-parana-volta-a-ter-publico-em-toledo","status":"publish","type":"post","link":"https:\/\/maringapost.com.br\/orlandogonzalez\/2022\/04\/21\/maringa-arrancada-do-parana-volta-a-ter-publico-em-toledo\/","title":{"rendered":"MARING\u00c1 &#8211; Arrancada do Paran\u00e1 volta a ter p\u00fablico em Toledo"},"content":{"rendered":"<p><span style=\"font-size: x-large\" data-keep-original-tag=\"false\" data-original-attrs=\"{&quot;style&quot;:&quot;&quot;}\">Campeonato Estadual de 201 Metros ser\u00e1 disputada s\u00e1bado e domingo na pista do Aut\u00f3dromo Rafael Sperafico, em Toledo, regi\u00e3o Oeste do Estado. A promo\u00e7\u00e3o e organiza\u00e7\u00e3o ser\u00e3o do Autom\u00f3vel Clube de Toledo, com supervis\u00e3o da Federa\u00e7\u00e3o paranaense de Automobilismo (FPrA).<\/span><\/p>\n<p data-original-attrs=\"{&quot;style&quot;:&quot;&quot;}\"><span style=\"font-size: x-large\" data-keep-original-tag=\"false\" data-original-attrs=\"{&quot;style&quot;:&quot;&quot;}\">\u00a0<\/span><\/p>\n<p data-original-attrs=\"{&quot;style&quot;:&quot;&quot;}\"><span style=\"font-size: x-large\" data-keep-original-tag=\"false\" data-original-attrs=\"{&quot;style&quot;:&quot;&quot;}\">A programa\u00e7\u00e3o come\u00e7a nesta sexta-feira, com treinos das 10 \u00e0s 18 horas. No s\u00e1bado, treinos das 9 \u00e0s 12 horas e as primeiras provas logo em seguida. No domingo, a programa\u00e7\u00e3o ter\u00e1 in\u00edcio \u00e0s 8 horas. Os ingressos custar\u00e3o R$ 30,00 para cada um dos dias de competi\u00e7\u00e3o e as credenciais de boxes R$ 50,00 para cada um dos dias.<\/span><\/p>\n<p data-original-attrs=\"{&quot;style&quot;:&quot;&quot;}\"><span style=\"font-size: x-large\" data-keep-original-tag=\"false\" data-original-attrs=\"{&quot;style&quot;:&quot;&quot;}\">\u00a0<\/span><\/p>\n<p data-original-attrs=\"{&quot;style&quot;:&quot;&quot;}\"><span style=\"font-size: x-large\" data-keep-original-tag=\"false\" data-original-attrs=\"{&quot;style&quot;:&quot;&quot;}\">Alexandre Rafael Pech, diretor de Arrancada do Autom\u00f3vel Clube de Toledo, explica que esta ser\u00e1 a primeira prova com p\u00fablico desde o surgimento da Covid-19. \u201cFinalmente teremos p\u00fablico na arrancada. Ser\u00e1 muito bom ver as pessoas nas arquibancadas vibrando com a performance dos pilotos, os recordes quebrados. Estamos preparados para que o evento deste fim de semana seja marcante para muitas pessoas, que ficaram impedidos de acompanhar os eventos esportivos durante a pandemia\u201d, completa Alexandre.<\/span><\/p>\n<p data-original-attrs=\"{&quot;style&quot;:&quot;&quot;}\"><span style=\"font-size: x-large\" data-keep-original-tag=\"false\" data-original-attrs=\"{&quot;style&quot;:&quot;&quot;}\">(Assessoria)<\/span><\/p>\n","protected":false},"excerpt":{"rendered":"<p>Campeonato Estadual de 201 Metros ser\u00e1 disputada s\u00e1bado e domingo na pista do Aut\u00f3dromo Rafael Sperafico, em Toledo, regi\u00e3o Oeste do Estado. A promo\u00e7\u00e3o e organiza\u00e7\u00e3o ser\u00e3o do Autom\u00f3vel Clube de Toledo, com supervis\u00e3o da Federa\u00e7\u00e3o paranaense de Automobilismo (FPrA). \u00a0 A programa\u00e7\u00e3o come\u00e7a nesta sexta-feira, com treinos das 10 \u00e0s 18 horas. No s\u00e1bado, [&hellip;]<\/p>\n","protected":false},"author":6307,"featured_media":54202,"comment_status":"closed","ping_status":"open","sticky":false,"template":"","format":"standard","meta":{"_exactmetrics_skip_tracking":false,"_exactmetrics_sitenote_active":false,"_exactmetrics_sitenote_note":"","_exactmetrics_sitenote_category":0,"footnotes":""},"categories":[1267],"tags":[8910],"yoast_head":"<!-- This site is optimized with the Yoast SEO Premium plugin v22.7 (Yoast SEO v22.7) - https:\/\/yoast.com\/wordpress\/plugins\/seo\/ -->\n<title>MARING\u00c1 - Arrancada do Paran\u00e1 volta a ter p\u00fablico em Toledo - Orlando Gonzalez<\/title>\n<meta name=\"robots\" content=\"index, follow, max-snippet:-1, max-image-preview:large, max-video-preview:-1\" \/>\n<link rel=\"canonical\" href=\"https:\/\/maringapost.com.br\/orlandogonzalez\/2022\/04\/21\/maringa-arrancada-do-parana-volta-a-ter-publico-em-toledo\/\" \/>\n<meta property=\"og:locale\" content=\"pt_BR\" \/>\n<meta property=\"og:type\" content=\"article\" \/>\n<meta property=\"og:title\" content=\"MARING\u00c1 - Arrancada do Paran\u00e1 volta a ter p\u00fablico em Toledo\" \/>\n<meta property=\"og:description\" content=\"Campeonato Estadual de 201 Metros ser\u00e1 disputada s\u00e1bado e domingo na pista do Aut\u00f3dromo Rafael Sperafico, em Toledo, regi\u00e3o Oeste do Estado. A promo\u00e7\u00e3o e organiza\u00e7\u00e3o ser\u00e3o do Autom\u00f3vel Clube de Toledo, com supervis\u00e3o da Federa\u00e7\u00e3o paranaense de Automobilismo (FPrA). \u00a0 A programa\u00e7\u00e3o come\u00e7a nesta sexta-feira, com treinos das 10 \u00e0s 18 horas. No s\u00e1bado, [&hellip;]\" \/>\n<meta property=\"og:url\" content=\"https:\/\/maringapost.com.br\/orlandogonzalez\/2022\/04\/21\/maringa-arrancada-do-parana-volta-a-ter-publico-em-toledo\/\" \/>\n<meta property=\"og:site_name\" content=\"Orlando Gonzalez\" \/>\n<meta property=\"article:author\" content=\"https:\/\/www.facebook.com\/profile.php?id=100011095815065\" \/>\n<meta property=\"article:published_time\" content=\"2022-04-21T21:57:07+00:00\" \/>\n<meta property=\"article:modified_time\" content=\"2022-04-21T22:02:16+00:00\" \/>\n<meta property=\"og:image\" content=\"https:\/\/maringapost.com.br\/orlandogonzalez\/wp-content\/uploads\/sites\/17\/2022\/04\/Arrancada-Toledo03-Mauro-Bianchi.jpg\" \/>\n\t<meta property=\"og:image:width\" content=\"828\" \/>\n\t<meta property=\"og:image:height\" content=\"662\" \/>\n\t<meta property=\"og:image:type\" content=\"image\/jpeg\" \/>\n<meta name=\"author\" content=\"Orlando Gonzalez\" \/>\n<meta name=\"twitter:card\" content=\"summary_large_image\" \/>\n<meta name=\"twitter:creator\" content=\"@gonzalezorlando\" \/>\n<meta name=\"twitter:label1\" content=\"Escrito por\" \/>\n\t<meta name=\"twitter:data1\" content=\"\" \/>\n\t<meta name=\"twitter:label2\" content=\"Est. tempo de leitura\" \/>\n\t<meta name=\"twitter:data2\" content=\"1 minuto\" \/>\n<script type=\"application\/ld+json\" class=\"yoast-schema-graph\">{\"@context\":\"https:\/\/schema.org\",\"@graph\":[{\"@type\":\"WebPage\",\"@id\":\"https:\/\/maringapost.com.br\/orlandogonzalez\/2022\/04\/21\/maringa-arrancada-do-parana-volta-a-ter-publico-em-toledo\/\",\"url\":\"https:\/\/maringapost.com.br\/orlandogonzalez\/2022\/04\/21\/maringa-arrancada-do-parana-volta-a-ter-publico-em-toledo\/\",\"name\":\"MARING\u00c1 - Arrancada do Paran\u00e1 volta a ter p\u00fablico em Toledo - Orlando Gonzalez\",\"isPartOf\":{\"@id\":\"https:\/\/maringapost.com.br\/orlandogonzalez\/#website\"},\"primaryImageOfPage\":{\"@id\":\"https:\/\/maringapost.com.br\/orlandogonzalez\/2022\/04\/21\/maringa-arrancada-do-parana-volta-a-ter-publico-em-toledo\/#primaryimage\"},\"image\":{\"@id\":\"https:\/\/maringapost.com.br\/orlandogonzalez\/2022\/04\/21\/maringa-arrancada-do-parana-volta-a-ter-publico-em-toledo\/#primaryimage\"},\"thumbnailUrl\":\"https:\/\/maringapost.com.br\/orlandogonzalez\/wp-content\/uploads\/sites\/17\/2022\/04\/Arrancada-Toledo03-Mauro-Bianchi.jpg\",\"datePublished\":\"2022-04-21T21:57:07+00:00\",\"dateModified\":\"2022-04-21T22:02:16+00:00\",\"author\":{\"@id\":\"https:\/\/maringapost.com.br\/orlandogonzalez\/#\/schema\/person\/5cbe6257d08edea6afc9ebaa613b0633\"},\"inLanguage\":\"pt-BR\",\"potentialAction\":[{\"@type\":\"ReadAction\",\"target\":[\"https:\/\/maringapost.com.br\/orlandogonzalez\/2022\/04\/21\/maringa-arrancada-do-parana-volta-a-ter-publico-em-toledo\/\"]}]},{\"@type\":\"ImageObject\",\"inLanguage\":\"pt-BR\",\"@id\":\"https:\/\/maringapost.com.br\/orlandogonzalez\/2022\/04\/21\/maringa-arrancada-do-parana-volta-a-ter-publico-em-toledo\/#primaryimage\",\"url\":\"https:\/\/maringapost.com.br\/orlandogonzalez\/wp-content\/uploads\/sites\/17\/2022\/04\/Arrancada-Toledo03-Mauro-Bianchi.jpg\",\"contentUrl\":\"https:\/\/maringapost.com.br\/orlandogonzalez\/wp-content\/uploads\/sites\/17\/2022\/04\/Arrancada-Toledo03-Mauro-Bianchi.jpg\",\"width\":828,\"height\":662},{\"@type\":\"WebSite\",\"@id\":\"https:\/\/maringapost.com.br\/orlandogonzalez\/#website\",\"url\":\"https:\/\/maringapost.com.br\/orlandogonzalez\/\",\"name\":\"Orlando Gonzalez\",\"description\":\"Destaca o esporte de Maring\u00e1! Destaca o esporte do Paran\u00e1! Destaca o esporte do Brasil!\",\"potentialAction\":[{\"@type\":\"SearchAction\",\"target\":{\"@type\":\"EntryPoint\",\"urlTemplate\":\"https:\/\/maringapost.com.br\/orlandogonzalez\/?s={search_term_string}\"},\"query-input\":\"required name=search_term_string\"}],\"inLanguage\":\"pt-BR\"},{\"@type\":\"Person\",\"@id\":\"https:\/\/maringapost.com.br\/orlandogonzalez\/#\/schema\/person\/5cbe6257d08edea6afc9ebaa613b0633\",\"name\":\"Orlando Gonzalez\",\"image\":{\"@type\":\"ImageObject\",\"inLanguage\":\"pt-BR\",\"@id\":\"https:\/\/maringapost.com.br\/orlandogonzalez\/#\/schema\/person\/image\/\",\"url\":\"https:\/\/secure.gravatar.com\/avatar\/ecef9d1c9afe5ebdafadde8369065ba5?s=96&d=mm&r=g\",\"contentUrl\":\"https:\/\/secure.gravatar.com\/avatar\/ecef9d1c9afe5ebdafadde8369065ba5?s=96&d=mm&r=g\",\"caption\":\"Orlando Gonzalez\"},\"description\":\"H\u00e1 29 anos na cobertura do esporte de Maring\u00e1. Plant\u00e3o e narrador esportivo. Presta\u00e7\u00e3o de assessoria de imprensa esportiva, cobertura e transmiss\u00f5es ao vivo de eventos esportivos. E-mail: orlandogonzalez.assessoria@gmail.com WhatsApp: (44) 9 9126-6119\",\"sameAs\":[\"http:\/\/www.radiomaringa.com.br\/\",\"https:\/\/www.facebook.com\/profile.php?id=100011095815065\",\"https:\/\/www.instagram.com\/orlandomgonzalez\/\",\"https:\/\/br.pinterest.com\/ogonzalez0530\/\",\"https:\/\/x.com\/gonzalezorlando\",\"https:\/\/www.youtube.com\/channel\/UCvFpl55btth8wjnKiSS1ibA\",\"https:\/\/radiomaringaweb.tumblr.com\/\"],\"url\":\"https:\/\/maringapost.com.br\/orlandogonzalez\/author\/orlando\/\"}]}<\/script>\n<!-- \/ Yoast SEO Premium plugin. -->","yoast_head_json":{"title":"MARING\u00c1 - Arrancada do Paran\u00e1 volta a ter p\u00fablico em Toledo - Orlando Gonzalez","robots":{"index":"index","follow":"follow","max-snippet":"max-snippet:-1","max-image-preview":"max-image-preview:large","max-video-preview":"max-video-preview:-1"},"canonical":"https:\/\/maringapost.com.br\/orlandogonzalez\/2022\/04\/21\/maringa-arrancada-do-parana-volta-a-ter-publico-em-toledo\/","og_locale":"pt_BR","og_type":"article","og_title":"MARING\u00c1 - Arrancada do Paran\u00e1 volta a ter p\u00fablico em Toledo","og_description":"Campeonato Estadual de 201 Metros ser\u00e1 disputada s\u00e1bado e domingo na pista do Aut\u00f3dromo Rafael Sperafico, em Toledo, regi\u00e3o Oeste do Estado. A promo\u00e7\u00e3o e organiza\u00e7\u00e3o ser\u00e3o do Autom\u00f3vel Clube de Toledo, com supervis\u00e3o da Federa\u00e7\u00e3o paranaense de Automobilismo (FPrA). \u00a0 A programa\u00e7\u00e3o come\u00e7a nesta sexta-feira, com treinos das 10 \u00e0s 18 horas. No s\u00e1bado, [&hellip;]","og_url":"https:\/\/maringapost.com.br\/orlandogonzalez\/2022\/04\/21\/maringa-arrancada-do-parana-volta-a-ter-publico-em-toledo\/","og_site_name":"Orlando Gonzalez","article_author":"https:\/\/www.facebook.com\/profile.php?id=100011095815065","article_published_time":"2022-04-21T21:57:07+00:00","article_modified_time":"2022-04-21T22:02:16+00:00","og_image":[{"width":828,"height":662,"url":"https:\/\/maringapost.com.br\/orlandogonzalez\/wp-content\/uploads\/sites\/17\/2022\/04\/Arrancada-Toledo03-Mauro-Bianchi.jpg","type":"image\/jpeg"}],"author":"Orlando Gonzalez","twitter_card":"summary_large_image","twitter_creator":"@gonzalezorlando","twitter_misc":{"Escrito por":false,"Est. tempo de leitura":"1 minuto"},"schema":{"@context":"https:\/\/schema.org","@graph":[{"@type":"WebPage","@id":"https:\/\/maringapost.com.br\/orlandogonzalez\/2022\/04\/21\/maringa-arrancada-do-parana-volta-a-ter-publico-em-toledo\/","url":"https:\/\/maringapost.com.br\/orlandogonzalez\/2022\/04\/21\/maringa-arrancada-do-parana-volta-a-ter-publico-em-toledo\/","name":"MARING\u00c1 - Arrancada do Paran\u00e1 volta a ter p\u00fablico em Toledo - Orlando Gonzalez","isPartOf":{"@id":"https:\/\/maringapost.com.br\/orlandogonzalez\/#website"},"primaryImageOfPage":{"@id":"https:\/\/maringapost.com.br\/orlandogonzalez\/2022\/04\/21\/maringa-arrancada-do-parana-volta-a-ter-publico-em-toledo\/#primaryimage"},"image":{"@id":"https:\/\/maringapost.com.br\/orlandogonzalez\/2022\/04\/21\/maringa-arrancada-do-parana-volta-a-ter-publico-em-toledo\/#primaryimage"},"thumbnailUrl":"https:\/\/maringapost.com.br\/orlandogonzalez\/wp-content\/uploads\/sites\/17\/2022\/04\/Arrancada-Toledo03-Mauro-Bianchi.jpg","datePublished":"2022-04-21T21:57:07+00:00","dateModified":"2022-04-21T22:02:16+00:00","author":{"@id":"https:\/\/maringapost.com.br\/orlandogonzalez\/#\/schema\/person\/5cbe6257d08edea6afc9ebaa613b0633"},"inLanguage":"pt-BR","potentialAction":[{"@type":"ReadAction","target":["https:\/\/maringapost.com.br\/orlandogonzalez\/2022\/04\/21\/maringa-arrancada-do-parana-volta-a-ter-publico-em-toledo\/"]}]},{"@type":"ImageObject","inLanguage":"pt-BR","@id":"https:\/\/maringapost.com.br\/orlandogonzalez\/2022\/04\/21\/maringa-arrancada-do-parana-volta-a-ter-publico-em-toledo\/#primaryimage","url":"https:\/\/maringapost.com.br\/orlandogonzalez\/wp-content\/uploads\/sites\/17\/2022\/04\/Arrancada-Toledo03-Mauro-Bianchi.jpg","contentUrl":"https:\/\/maringapost.com.br\/orlandogonzalez\/wp-content\/uploads\/sites\/17\/2022\/04\/Arrancada-Toledo03-Mauro-Bianchi.jpg","width":828,"height":662},{"@type":"WebSite","@id":"https:\/\/maringapost.com.br\/orlandogonzalez\/#website","url":"https:\/\/maringapost.com.br\/orlandogonzalez\/","name":"Orlando Gonzalez","description":"Destaca o esporte de Maring\u00e1! Destaca o esporte do Paran\u00e1! Destaca o esporte do Brasil!","potentialAction":[{"@type":"SearchAction","target":{"@type":"EntryPoint","urlTemplate":"https:\/\/maringapost.com.br\/orlandogonzalez\/?s={search_term_string}"},"query-input":"required name=search_term_string"}],"inLanguage":"pt-BR"},{"@type":"Person","@id":"https:\/\/maringapost.com.br\/orlandogonzalez\/#\/schema\/person\/5cbe6257d08edea6afc9ebaa613b0633","name":"Orlando Gonzalez","image":{"@type":"ImageObject","inLanguage":"pt-BR","@id":"https:\/\/maringapost.com.br\/orlandogonzalez\/#\/schema\/person\/image\/","url":"https:\/\/secure.gravatar.com\/avatar\/ecef9d1c9afe5ebdafadde8369065ba5?s=96&d=mm&r=g","contentUrl":"https:\/\/secure.gravatar.com\/avatar\/ecef9d1c9afe5ebdafadde8369065ba5?s=96&d=mm&r=g","caption":"Orlando Gonzalez"},"description":"H\u00e1 29 anos na cobertura do esporte de Maring\u00e1. Plant\u00e3o e narrador esportivo. Presta\u00e7\u00e3o de assessoria de imprensa esportiva, cobertura e transmiss\u00f5es ao vivo de eventos esportivos. E-mail: orlandogonzalez.assessoria@gmail.com WhatsApp: (44) 9 9126-6119","sameAs":["http:\/\/www.radiomaringa.com.br\/","https:\/\/www.facebook.com\/profile.php?id=100011095815065","https:\/\/www.instagram.com\/orlandomgonzalez\/","https:\/\/br.pinterest.com\/ogonzalez0530\/","https:\/\/x.com\/gonzalezorlando","https:\/\/www.youtube.com\/channel\/UCvFpl55btth8wjnKiSS1ibA","https:\/\/radiomaringaweb.tumblr.com\/"],"url":"https:\/\/maringapost.com.br\/orlandogonzalez\/author\/orlando\/"}]}},"_links":{"self":[{"href":"https:\/\/maringapost.com.br\/orlandogonzalez\/wp-json\/wp\/v2\/posts\/54201"}],"collection":[{"href":"https:\/\/maringapost.com.br\/orlandogonzalez\/wp-json\/wp\/v2\/posts"}],"about":[{"href":"https:\/\/maringapost.com.br\/orlandogonzalez\/wp-json\/wp\/v2\/types\/post"}],"author":[{"embeddable":true,"href":"https:\/\/maringapost.com.br\/orlandogonzalez\/wp-json\/wp\/v2\/users\/6307"}],"replies":[{"embeddable":true,"href":"https:\/\/maringapost.com.br\/orlandogonzalez\/wp-json\/wp\/v2\/comments?post=54201"}],"version-history":[{"count":2,"href":"https:\/\/maringapost.com.br\/orlandogonzalez\/wp-json\/wp\/v2\/posts\/54201\/revisions"}],"predecessor-version":[{"id":54204,"href":"https:\/\/maringapost.com.br\/orlandogonzalez\/wp-json\/wp\/v2\/posts\/54201\/revisions\/54204"}],"wp:featuredmedia":[{"embeddable":true,"href":"https:\/\/maringapost.com.br\/orlandogonzalez\/wp-json\/wp\/v2\/media\/54202"}],"wp:attachment":[{"href":"https:\/\/maringapost.com.br\/orlandogonzalez\/wp-json\/wp\/v2\/media?parent=54201"}],"wp:term":[{"taxonomy":"category","embeddable":true,"href":"https:\/\/maringapost.com.br\/orlandogonzalez\/wp-json\/wp\/v2\/categories?post=54201"},{"taxonomy":"post_tag","embeddable":true,"href":"https:\/\/maringapost.com.br\/orlandogonzalez\/wp-json\/wp\/v2\/tags?post=54201"}],"curies":[{"name":"wp","href":"https:\/\/api.w.org\/{rel}","templated":true}]}}